{"id":17558,"date":"2025-08-17T13:05:03","date_gmt":"2025-08-17T16:05:03","guid":{"rendered":"https:\/\/fmpatagoniamadryn.com.ar\/?p=17558"},"modified":"2025-08-17T13:05:03","modified_gmt":"2025-08-17T16:05:03","slug":"dia-de-la-ninez-torres-celebro-con-estudiantes-de-la-meseta-a-llamo-a-seguir-construyendo-una-provincia-unida-fuerte-e-integrada","status":"publish","type":"post","link":"https:\/\/fmpatagoniamadryn.com.ar\/?p=17558","title":{"rendered":"D\u00eda de la Ni\u00f1ez: Torres celebr\u00f3 con estudiantes de la Meseta a llam\u00f3 a \u00abseguir construyendo una provincia unida, fuerte e integrada\u00bb"},"content":{"rendered":"\n<p><\/p>\n\n\n\n<p><em>El mandatario provincial particip\u00f3 de diversas actividades junto a alumnos de Gastre y Blancuntre, y remarc\u00f3 que \u00abnos enorgullece ver que en cada sonrisa de un ni\u00f1o, se refleja la verdadera identidad chubutense\u00bb. Con el acompa\u00f1amiento de la Fundaci\u00f3n Banco del Chubut y el IAS Loter\u00eda del Chubut, los estudiantes disfrutaron de una jornada de actividades, juegos y regalos. \u00abVamos a seguir trabajando para que los chicos del presente y del futuro puedan desarrollarse en un entorno de equidad, progreso y felicidad\u00bb, asegur\u00f3 Torres.<\/em><\/p>\n\n\n\n<p>En el marco del D\u00eda de la Ni\u00f1ez, el gobernador de Chubut, Ignacio \u00abNacho\u00bb Torres, visit\u00f3 la Escuela N\u00b0 128 de Blancuntre y mantuvo un encuentro con m\u00e1s de 40 alumnos, del cual tambi\u00e9n participaron estudiantes de la Escuela N\u00b0 30 de Gastre, en el marco del cual entreg\u00f3 tambi\u00e9n 20 notebooks, tres kits de rob\u00f3tica y equipamiento inform\u00e1tico de \u00faltima tecnolog\u00eda a los alumnos de ambas instituciones.<\/p>\n\n\n\n<p>Acompa\u00f1aron al mandatario, el vicegobernador Gustavo Menna; la diputada nacional Ana Clara Romero; la ministra de Desarrollo Humano y Familia, Florencia Papaiani; la subsecretaria de Gobierno, Agustina Morales; el subsecretario de Cultura, Osvaldo Labasti\u00e9; y el director de la Escuela N\u00b0 128, Oscar Contreras.<\/p>\n\n\n\n<p>Durante el emotivo encuentro, los ni\u00f1os recibieron tambi\u00e9n regalos de parte del Instituto de Asistencia Social (IAS) Loter\u00eda del Chubut, y de la Fundaci\u00f3n Banco del Chubut.<\/p>\n\n\n\n<p>Ademas, el Gobernador particip\u00f3 de diversas actividades recreativas con los estudiantes e incluso de un \u00abpicadito\u00bb en la cancha del establecimiento educativo, dialog\u00f3 con los presentes y ratific\u00f3 el compromiso de la gesti\u00f3n \u00abpara que los j\u00f3venes cuenten con las mismas oportunidades en todo el territorio provincial\u00bb.<\/p>\n\n\n\n<p><em>\u00abProtagonistas del futuro\u00bb<\/em><\/p>\n\n\n\n<p>Al respecto, Torres expres\u00f3 que \u00abnos llena de alegr\u00eda celebrar este d\u00eda junto a los verdaderos protagonistas del futuro, que son nuestros chicos\u00bb y se\u00f1al\u00f3 que \u00abuna de las premisas que asumimos el primer d\u00eda de gobierno, fue la de trabajar para que la salud y la educaci\u00f3n sean el nuevo estandarte de una provincia en la que cada ni\u00f1o cuente con las mismas oportunidades para crecer y desarrollarse, independientemente del pueblo en el que nazca\u00bb.<\/p>\n\n\n\n<p>\u00abCon tecnolog\u00eda, conectividad, mucho esfuerzo y un compromiso inquebrantable, hoy podemos garantizar que acompa\u00f1amos a cada joven de nuestra provincia para que la educaci\u00f3n de calidad, la salud integral y la formaci\u00f3n ciudadana les permitan seguir construyendo futuro, sin importar en qu\u00e9 ciudad vivan\u00bb, asegur\u00f3 el titular del Ejecutivo, agregando que \u00abhoy, nuestra provincia est\u00e1 m\u00e1s unida que nunca a trav\u00e9s de sus pueblos, y nos enorgullece ver que en cada sonrisa de un ni\u00f1o, se refleja la verdadera identidad chubutense\u00bb.<\/p>\n\n\n\n<p>\u00abVamos a seguir trabajando para que los chicos del presente y del futuro puedan desarrollarse en un entorno de equidad, progreso y desarrollo, con verdadera igualdad de oportunidades, para que nadie vuelva a robarles sus sue\u00f1os y, fundamentalmente, para construir generaciones fuertes, capacitadas y comprometidas con la provincia\u00bb, concluy\u00f3 Torres.<\/p>\n","protected":false},"excerpt":{"rendered":"<p>El mandatario provincial particip\u00f3 de diversas actividades junto a alumnos de Gastre y Blancuntre, y remarc\u00f3 que \u00abnos enorgullece ver que en cada sonrisa de un ni\u00f1o, se refleja la&hellip; <\/p>\n","protected":false},"author":2,"featured_media":17557,"comment_status":"closed","ping_status":"closed","sticky":false,"template":"","format":"standard","meta":{"footnotes":""},"categories":[15],"tags":[],"class_list":["post-17558","post","type-post","status-publish","format-standard","has-post-thumbnail","hentry","category-locales"],"yoast_head":"<!-- This site is optimized with the Yoast SEO plugin v27.5 - https:\/\/yoast.com\/product\/yoast-seo-wordpress\/ -->\n<title>D\u00eda de la Ni\u00f1ez: Torres celebr\u00f3 con estudiantes de la Meseta a llam\u00f3 a &quot;seguir construyendo una provincia unida, fuerte e integrada&quot; - FM Patagonia Madryn<\/title>\n<meta name=\"robots\" content=\"index, follow, max-snippet:-1, max-image-preview:large, max-video-preview:-1\" \/>\n<link rel=\"canonical\" href=\"https:\/\/fmpatagoniamadryn.com.ar\/?p=17558\" \/>\n<meta property=\"og:locale\" content=\"es_ES\" \/>\n<meta property=\"og:type\" content=\"article\" \/>\n<meta property=\"og:title\" content=\"D\u00eda de la Ni\u00f1ez: Torres celebr\u00f3 con estudiantes de la Meseta a llam\u00f3 a &quot;seguir construyendo una provincia unida, fuerte e integrada&quot; - FM Patagonia Madryn\" \/>\n<meta property=\"og:description\" content=\"El mandatario provincial particip\u00f3 de diversas actividades junto a alumnos de Gastre y Blancuntre, y remarc\u00f3 que \u00abnos enorgullece ver que en cada sonrisa de un ni\u00f1o, se refleja la&hellip;\" \/>\n<meta property=\"og:url\" content=\"https:\/\/fmpatagoniamadryn.com.ar\/?p=17558\" \/>\n<meta property=\"og:site_name\" content=\"FM Patagonia Madryn\" \/>\n<meta property=\"article:published_time\" content=\"2025-08-17T16:05:03+00:00\" \/>\n<meta property=\"og:image\" content=\"https:\/\/fmpatagoniamadryn.com.ar\/wp-content\/uploads\/2025\/08\/3ab989a2-e02b-4a49-9da8-5ffd383e2fa8.jpg\" \/>\n\t<meta property=\"og:image:width\" content=\"2000\" \/>\n\t<meta property=\"og:image:height\" content=\"1366\" \/>\n\t<meta property=\"og:image:type\" content=\"image\/jpeg\" \/>\n<meta name=\"author\" content=\"FM Patagonia\" \/>\n<meta name=\"twitter:card\" content=\"summary_large_image\" \/>\n<meta name=\"twitter:label1\" content=\"Escrito por\" \/>\n\t<meta name=\"twitter:data1\" content=\"FM Patagonia\" \/>\n\t<meta name=\"twitter:label2\" content=\"Tiempo de lectura\" \/>\n\t<meta name=\"twitter:data2\" content=\"3 minutos\" \/>\n<script type=\"application\/ld+json\" class=\"yoast-schema-graph\">{\"@context\":\"https:\\\/\\\/schema.org\",\"@graph\":[{\"@type\":\"Article\",\"@id\":\"https:\\\/\\\/fmpatagoniamadryn.com.ar\\\/?p=17558#article\",\"isPartOf\":{\"@id\":\"https:\\\/\\\/fmpatagoniamadryn.com.ar\\\/?p=17558\"},\"author\":{\"name\":\"FM Patagonia\",\"@id\":\"https:\\\/\\\/fmpatagoniamadryn.com.ar\\\/#\\\/schema\\\/person\\\/8a3de4ad7efceacab06c1641c50303b7\"},\"headline\":\"D\u00eda de la Ni\u00f1ez: Torres celebr\u00f3 con estudiantes de la Meseta a llam\u00f3 a \u00abseguir construyendo una provincia unida, fuerte e integrada\u00bb\",\"datePublished\":\"2025-08-17T16:05:03+00:00\",\"mainEntityOfPage\":{\"@id\":\"https:\\\/\\\/fmpatagoniamadryn.com.ar\\\/?p=17558\"},\"wordCount\":532,\"publisher\":{\"@id\":\"https:\\\/\\\/fmpatagoniamadryn.com.ar\\\/#organization\"},\"image\":{\"@id\":\"https:\\\/\\\/fmpatagoniamadryn.com.ar\\\/?p=17558#primaryimage\"},\"thumbnailUrl\":\"https:\\\/\\\/fmpatagoniamadryn.com.ar\\\/wp-content\\\/uploads\\\/2025\\\/08\\\/3ab989a2-e02b-4a49-9da8-5ffd383e2fa8.jpg\",\"articleSection\":[\"Locales\"],\"inLanguage\":\"es\"},{\"@type\":\"WebPage\",\"@id\":\"https:\\\/\\\/fmpatagoniamadryn.com.ar\\\/?p=17558\",\"url\":\"https:\\\/\\\/fmpatagoniamadryn.com.ar\\\/?p=17558\",\"name\":\"D\u00eda de la Ni\u00f1ez: Torres celebr\u00f3 con estudiantes de la Meseta a llam\u00f3 a \\\"seguir construyendo una provincia unida, fuerte e integrada\\\" - FM Patagonia Madryn\",\"isPartOf\":{\"@id\":\"https:\\\/\\\/fmpatagoniamadryn.com.ar\\\/#website\"},\"primaryImageOfPage\":{\"@id\":\"https:\\\/\\\/fmpatagoniamadryn.com.ar\\\/?p=17558#primaryimage\"},\"image\":{\"@id\":\"https:\\\/\\\/fmpatagoniamadryn.com.ar\\\/?p=17558#primaryimage\"},\"thumbnailUrl\":\"https:\\\/\\\/fmpatagoniamadryn.com.ar\\\/wp-content\\\/uploads\\\/2025\\\/08\\\/3ab989a2-e02b-4a49-9da8-5ffd383e2fa8.jpg\",\"datePublished\":\"2025-08-17T16:05:03+00:00\",\"breadcrumb\":{\"@id\":\"https:\\\/\\\/fmpatagoniamadryn.com.ar\\\/?p=17558#breadcrumb\"},\"inLanguage\":\"es\",\"potentialAction\":[{\"@type\":\"ReadAction\",\"target\":[\"https:\\\/\\\/fmpatagoniamadryn.com.ar\\\/?p=17558\"]}]},{\"@type\":\"ImageObject\",\"inLanguage\":\"es\",\"@id\":\"https:\\\/\\\/fmpatagoniamadryn.com.ar\\\/?p=17558#primaryimage\",\"url\":\"https:\\\/\\\/fmpatagoniamadryn.com.ar\\\/wp-content\\\/uploads\\\/2025\\\/08\\\/3ab989a2-e02b-4a49-9da8-5ffd383e2fa8.jpg\",\"contentUrl\":\"https:\\\/\\\/fmpatagoniamadryn.com.ar\\\/wp-content\\\/uploads\\\/2025\\\/08\\\/3ab989a2-e02b-4a49-9da8-5ffd383e2fa8.jpg\",\"width\":2000,\"height\":1366},{\"@type\":\"BreadcrumbList\",\"@id\":\"https:\\\/\\\/fmpatagoniamadryn.com.ar\\\/?p=17558#breadcrumb\",\"itemListElement\":[{\"@type\":\"ListItem\",\"position\":1,\"name\":\"Portada\",\"item\":\"https:\\\/\\\/fmpatagoniamadryn.com.ar\\\/\"},{\"@type\":\"ListItem\",\"position\":2,\"name\":\"D\u00eda de la Ni\u00f1ez: Torres celebr\u00f3 con estudiantes de la Meseta a llam\u00f3 a \u00abseguir construyendo una provincia unida, fuerte e integrada\u00bb\"}]},{\"@type\":\"WebSite\",\"@id\":\"https:\\\/\\\/fmpatagoniamadryn.com.ar\\\/#website\",\"url\":\"https:\\\/\\\/fmpatagoniamadryn.com.ar\\\/\",\"name\":\"FM Patagonia Madryn\",\"description\":\"Radio Patagonia 105.5\",\"publisher\":{\"@id\":\"https:\\\/\\\/fmpatagoniamadryn.com.ar\\\/#organization\"},\"potentialAction\":[{\"@type\":\"SearchAction\",\"target\":{\"@type\":\"EntryPoint\",\"urlTemplate\":\"https:\\\/\\\/fmpatagoniamadryn.com.ar\\\/?s={search_term_string}\"},\"query-input\":{\"@type\":\"PropertyValueSpecification\",\"valueRequired\":true,\"valueName\":\"search_term_string\"}}],\"inLanguage\":\"es\"},{\"@type\":\"Organization\",\"@id\":\"https:\\\/\\\/fmpatagoniamadryn.com.ar\\\/#organization\",\"name\":\"FM Patagonia Madryn\",\"url\":\"https:\\\/\\\/fmpatagoniamadryn.com.ar\\\/\",\"logo\":{\"@type\":\"ImageObject\",\"inLanguage\":\"es\",\"@id\":\"https:\\\/\\\/fmpatagoniamadryn.com.ar\\\/#\\\/schema\\\/logo\\\/image\\\/\",\"url\":\"https:\\\/\\\/fmpatagoniamadryn.com.ar\\\/wp-content\\\/uploads\\\/2023\\\/01\\\/cropped-Diseno-sin-titulo.png\",\"contentUrl\":\"https:\\\/\\\/fmpatagoniamadryn.com.ar\\\/wp-content\\\/uploads\\\/2023\\\/01\\\/cropped-Diseno-sin-titulo.png\",\"width\":6911,\"height\":2657,\"caption\":\"FM Patagonia Madryn\"},\"image\":{\"@id\":\"https:\\\/\\\/fmpatagoniamadryn.com.ar\\\/#\\\/schema\\\/logo\\\/image\\\/\"}},{\"@type\":\"Person\",\"@id\":\"https:\\\/\\\/fmpatagoniamadryn.com.ar\\\/#\\\/schema\\\/person\\\/8a3de4ad7efceacab06c1641c50303b7\",\"name\":\"FM Patagonia\",\"url\":\"https:\\\/\\\/fmpatagoniamadryn.com.ar\\\/?author=2\"}]}<\/script>\n<!-- \/ Yoast SEO plugin. -->","yoast_head_json":{"title":"D\u00eda de la Ni\u00f1ez: Torres celebr\u00f3 con estudiantes de la Meseta a llam\u00f3 a \"seguir construyendo una provincia unida, fuerte e integrada\" - FM Patagonia Madryn","robots":{"index":"index","follow":"follow","max-snippet":"max-snippet:-1","max-image-preview":"max-image-preview:large","max-video-preview":"max-video-preview:-1"},"canonical":"https:\/\/fmpatagoniamadryn.com.ar\/?p=17558","og_locale":"es_ES","og_type":"article","og_title":"D\u00eda de la Ni\u00f1ez: Torres celebr\u00f3 con estudiantes de la Meseta a llam\u00f3 a \"seguir construyendo una provincia unida, fuerte e integrada\" - FM Patagonia Madryn","og_description":"El mandatario provincial particip\u00f3 de diversas actividades junto a alumnos de Gastre y Blancuntre, y remarc\u00f3 que \u00abnos enorgullece ver que en cada sonrisa de un ni\u00f1o, se refleja la&hellip;","og_url":"https:\/\/fmpatagoniamadryn.com.ar\/?p=17558","og_site_name":"FM Patagonia Madryn","article_published_time":"2025-08-17T16:05:03+00:00","og_image":[{"width":2000,"height":1366,"url":"https:\/\/fmpatagoniamadryn.com.ar\/wp-content\/uploads\/2025\/08\/3ab989a2-e02b-4a49-9da8-5ffd383e2fa8.jpg","type":"image\/jpeg"}],"author":"FM Patagonia","twitter_card":"summary_large_image","twitter_misc":{"Escrito por":"FM Patagonia","Tiempo de lectura":"3 minutos"},"schema":{"@context":"https:\/\/schema.org","@graph":[{"@type":"Article","@id":"https:\/\/fmpatagoniamadryn.com.ar\/?p=17558#article","isPartOf":{"@id":"https:\/\/fmpatagoniamadryn.com.ar\/?p=17558"},"author":{"name":"FM Patagonia","@id":"https:\/\/fmpatagoniamadryn.com.ar\/#\/schema\/person\/8a3de4ad7efceacab06c1641c50303b7"},"headline":"D\u00eda de la Ni\u00f1ez: Torres celebr\u00f3 con estudiantes de la Meseta a llam\u00f3 a \u00abseguir construyendo una provincia unida, fuerte e integrada\u00bb","datePublished":"2025-08-17T16:05:03+00:00","mainEntityOfPage":{"@id":"https:\/\/fmpatagoniamadryn.com.ar\/?p=17558"},"wordCount":532,"publisher":{"@id":"https:\/\/fmpatagoniamadryn.com.ar\/#organization"},"image":{"@id":"https:\/\/fmpatagoniamadryn.com.ar\/?p=17558#primaryimage"},"thumbnailUrl":"https:\/\/fmpatagoniamadryn.com.ar\/wp-content\/uploads\/2025\/08\/3ab989a2-e02b-4a49-9da8-5ffd383e2fa8.jpg","articleSection":["Locales"],"inLanguage":"es"},{"@type":"WebPage","@id":"https:\/\/fmpatagoniamadryn.com.ar\/?p=17558","url":"https:\/\/fmpatagoniamadryn.com.ar\/?p=17558","name":"D\u00eda de la Ni\u00f1ez: Torres celebr\u00f3 con estudiantes de la Meseta a llam\u00f3 a \"seguir construyendo una provincia unida, fuerte e integrada\" - FM Patagonia Madryn","isPartOf":{"@id":"https:\/\/fmpatagoniamadryn.com.ar\/#website"},"primaryImageOfPage":{"@id":"https:\/\/fmpatagoniamadryn.com.ar\/?p=17558#primaryimage"},"image":{"@id":"https:\/\/fmpatagoniamadryn.com.ar\/?p=17558#primaryimage"},"thumbnailUrl":"https:\/\/fmpatagoniamadryn.com.ar\/wp-content\/uploads\/2025\/08\/3ab989a2-e02b-4a49-9da8-5ffd383e2fa8.jpg","datePublished":"2025-08-17T16:05:03+00:00","breadcrumb":{"@id":"https:\/\/fmpatagoniamadryn.com.ar\/?p=17558#breadcrumb"},"inLanguage":"es","potentialAction":[{"@type":"ReadAction","target":["https:\/\/fmpatagoniamadryn.com.ar\/?p=17558"]}]},{"@type":"ImageObject","inLanguage":"es","@id":"https:\/\/fmpatagoniamadryn.com.ar\/?p=17558#primaryimage","url":"https:\/\/fmpatagoniamadryn.com.ar\/wp-content\/uploads\/2025\/08\/3ab989a2-e02b-4a49-9da8-5ffd383e2fa8.jpg","contentUrl":"https:\/\/fmpatagoniamadryn.com.ar\/wp-content\/uploads\/2025\/08\/3ab989a2-e02b-4a49-9da8-5ffd383e2fa8.jpg","width":2000,"height":1366},{"@type":"BreadcrumbList","@id":"https:\/\/fmpatagoniamadryn.com.ar\/?p=17558#breadcrumb","itemListElement":[{"@type":"ListItem","position":1,"name":"Portada","item":"https:\/\/fmpatagoniamadryn.com.ar\/"},{"@type":"ListItem","position":2,"name":"D\u00eda de la Ni\u00f1ez: Torres celebr\u00f3 con estudiantes de la Meseta a llam\u00f3 a \u00abseguir construyendo una provincia unida, fuerte e integrada\u00bb"}]},{"@type":"WebSite","@id":"https:\/\/fmpatagoniamadryn.com.ar\/#website","url":"https:\/\/fmpatagoniamadryn.com.ar\/","name":"FM Patagonia Madryn","description":"Radio Patagonia 105.5","publisher":{"@id":"https:\/\/fmpatagoniamadryn.com.ar\/#organization"},"potentialAction":[{"@type":"SearchAction","target":{"@type":"EntryPoint","urlTemplate":"https:\/\/fmpatagoniamadryn.com.ar\/?s={search_term_string}"},"query-input":{"@type":"PropertyValueSpecification","valueRequired":true,"valueName":"search_term_string"}}],"inLanguage":"es"},{"@type":"Organization","@id":"https:\/\/fmpatagoniamadryn.com.ar\/#organization","name":"FM Patagonia Madryn","url":"https:\/\/fmpatagoniamadryn.com.ar\/","logo":{"@type":"ImageObject","inLanguage":"es","@id":"https:\/\/fmpatagoniamadryn.com.ar\/#\/schema\/logo\/image\/","url":"https:\/\/fmpatagoniamadryn.com.ar\/wp-content\/uploads\/2023\/01\/cropped-Diseno-sin-titulo.png","contentUrl":"https:\/\/fmpatagoniamadryn.com.ar\/wp-content\/uploads\/2023\/01\/cropped-Diseno-sin-titulo.png","width":6911,"height":2657,"caption":"FM Patagonia Madryn"},"image":{"@id":"https:\/\/fmpatagoniamadryn.com.ar\/#\/schema\/logo\/image\/"}},{"@type":"Person","@id":"https:\/\/fmpatagoniamadryn.com.ar\/#\/schema\/person\/8a3de4ad7efceacab06c1641c50303b7","name":"FM Patagonia","url":"https:\/\/fmpatagoniamadryn.com.ar\/?author=2"}]}},"jetpack_featured_media_url":"https:\/\/fmpatagoniamadryn.com.ar\/wp-content\/uploads\/2025\/08\/3ab989a2-e02b-4a49-9da8-5ffd383e2fa8.jpg","_links":{"self":[{"href":"https:\/\/fmpatagoniamadryn.com.ar\/index.php?rest_route=\/wp\/v2\/posts\/17558","targetHints":{"allow":["GET"]}}],"collection":[{"href":"https:\/\/fmpatagoniamadryn.com.ar\/index.php?rest_route=\/wp\/v2\/posts"}],"about":[{"href":"https:\/\/fmpatagoniamadryn.com.ar\/index.php?rest_route=\/wp\/v2\/types\/post"}],"author":[{"embeddable":true,"href":"https:\/\/fmpatagoniamadryn.com.ar\/index.php?rest_route=\/wp\/v2\/users\/2"}],"replies":[{"embeddable":true,"href":"https:\/\/fmpatagoniamadryn.com.ar\/index.php?rest_route=%2Fwp%2Fv2%2Fcomments&post=17558"}],"version-history":[{"count":1,"href":"https:\/\/fmpatagoniamadryn.com.ar\/index.php?rest_route=\/wp\/v2\/posts\/17558\/revisions"}],"predecessor-version":[{"id":17559,"href":"https:\/\/fmpatagoniamadryn.com.ar\/index.php?rest_route=\/wp\/v2\/posts\/17558\/revisions\/17559"}],"wp:featuredmedia":[{"embeddable":true,"href":"https:\/\/fmpatagoniamadryn.com.ar\/index.php?rest_route=\/wp\/v2\/media\/17557"}],"wp:attachment":[{"href":"https:\/\/fmpatagoniamadryn.com.ar\/index.php?rest_route=%2Fwp%2Fv2%2Fmedia&parent=17558"}],"wp:term":[{"taxonomy":"category","embeddable":true,"href":"https:\/\/fmpatagoniamadryn.com.ar\/index.php?rest_route=%2Fwp%2Fv2%2Fcategories&post=17558"},{"taxonomy":"post_tag","embeddable":true,"href":"https:\/\/fmpatagoniamadryn.com.ar\/index.php?rest_route=%2Fwp%2Fv2%2Ftags&post=17558"}],"curies":[{"name":"wp","href":"https:\/\/api.w.org\/{rel}","templated":true}]}}