{"id":17605,"date":"2025-08-20T13:43:08","date_gmt":"2025-08-20T16:43:08","guid":{"rendered":"https:\/\/fmpatagoniamadryn.com.ar\/?p=17605"},"modified":"2025-08-20T13:43:08","modified_gmt":"2025-08-20T16:43:08","slug":"salud-39-nuevos-residentes-se-suman-al-sistema-sanitario-publico-chubutense","status":"publish","type":"post","link":"https:\/\/fmpatagoniamadryn.com.ar\/?p=17605","title":{"rendered":"Salud: 39 nuevos residentes se suman al sistema sanitario p\u00fablico chubutense"},"content":{"rendered":"\n<p><\/p>\n\n\n\n<p><em>Son profesionales que rindieron y aprobaron el examen en el mes de julio, y ahora pasar\u00e1n a formar parte de los hospitales cabecera de Comodoro Rivadavia, Trelew, Puerto Madryn, Esquel, Rawson y Sarmiento.<\/em><br \/>En el marco del constante trabajo que la gesti\u00f3n del gobernador Ignacio \u00abNacho\u00bb Torres &nbsp;promueve para la formaci\u00f3n y jerarquizaci\u00f3n del recurso humano sanitario, el Gobierno del Chubut, a trav\u00e9s de la Secretar\u00eda de Salud, destac\u00f3 que 39 nuevos residentes se sumar\u00e1n a los hospitales cabecera de toda la Provincia.<\/p>\n\n\n\n<p>La instancia evaluativa para cubrir los cargos vacantes de las \u201cResidencias del Equipo de Salud 2025\u201d se efectu\u00f3 en Rawson en el mes de julio, mediante el Examen \u00danico nacional.<\/p>\n\n\n\n<p>De esa forma, los nuevos residentes comenzar\u00e1n su formaci\u00f3n en diversas especialidades m\u00e9dicas y no m\u00e9dicas, prestando servicios en los hospitales cabecera de Comodoro Rivadavia, Trelew, Puerto Madryn, Esquel, Rawson y Sarmiento.<\/p>\n\n\n\n<p>Es importante mencionar que el Gobierno del Chubut facilita que los residentes accedan a una formaci\u00f3n s\u00f3lida, garantizando derechos laborales, obra social, aportes jubilatorios, posibilidad de ingreso y permanencia en el sistema sanitario, y vivienda, entre otros beneficios.<\/p>\n\n\n\n<p><strong>Residentes<\/strong><\/p>\n\n\n\n<p>En esta instancia, ingresar\u00e1n el 1\u00b0 de&nbsp;septiembre 26&nbsp;m\u00e9dicos, de los cuales se destaca que 8 de ellos se formar\u00e1n en Cl\u00ednica M\u00e9dica y 6 en Pediatr\u00eda; 9 licenciados en Psicolog\u00eda y uno en Trabajo Social realizar\u00e1n la residencia en Salud Mental Comunitaria; 2 licenciados en Enfermer\u00eda la residencia en Salud P\u00fablica y una la residencia de Bioqu\u00edmica.<\/p>\n\n\n\n<p>Asimismo, desde la cartera sanitaria chubutense se indic\u00f3 que los profesionales de todo el pa\u00eds que rindieron el Examen \u00danico y no accedieron a un cargo en esta instancia, podr\u00e1n participar de las readjudicaciones a otra especialidad u otra jurisdicci\u00f3n, inscribi\u00e9ndose en el SISA (<a href=\"https:\/\/sisa.msal.gov.ar\/sisa\/\" target=\"_blank\" rel=\"noreferrer noopener\">https:\/\/sisa.msal.gov.ar\/sisa\/<\/a>)&nbsp;del 15 al 16 de septiembre.<\/p>\n\n\n\n<p>En tal sentido,&nbsp;entre el 11 y el 15 de septiembre&nbsp;se publicar\u00e1n las vacantes disponibles en la p\u00e1gina web de la Secretar\u00eda de Salud provincial, y quienes readjudiquen tomar\u00e1n el cargo el 1\u00ba de octubre.<\/p>\n\n\n\n<p><strong>Examen Provincial<\/strong><\/p>\n\n\n\n<p>En este contexto, adem\u00e1s, se adelant\u00f3 que el Examen Provincial para las \u201cResidencias del Equipo de Salud 2025\u201d ser\u00e1&nbsp;el 2 de octubre, y para esa instancia las autoridades sanitarias se encuentran ultimando el cronograma y las fechas de inscripci\u00f3n.<\/p>\n","protected":false},"excerpt":{"rendered":"<p>Son profesionales que rindieron y aprobaron el examen en el mes de julio, y ahora pasar\u00e1n a formar parte de los hospitales cabecera de Comodoro Rivadavia, Trelew, Puerto Madryn, Esquel,&hellip; <\/p>\n","protected":false},"author":2,"featured_media":17604,"comment_status":"closed","ping_status":"closed","sticky":false,"template":"","format":"standard","meta":{"footnotes":""},"categories":[15],"tags":[],"class_list":["post-17605","post","type-post","status-publish","format-standard","has-post-thumbnail","hentry","category-locales"],"yoast_head":"<!-- This site is optimized with the Yoast SEO plugin v27.5 - https:\/\/yoast.com\/product\/yoast-seo-wordpress\/ -->\n<title>Salud: 39 nuevos residentes se suman al sistema sanitario p\u00fablico chubutense - FM Patagonia Madryn<\/title>\n<meta name=\"robots\" content=\"index, follow, max-snippet:-1, max-image-preview:large, max-video-preview:-1\" \/>\n<link rel=\"canonical\" href=\"https:\/\/fmpatagoniamadryn.com.ar\/?p=17605\" \/>\n<meta property=\"og:locale\" content=\"es_ES\" \/>\n<meta property=\"og:type\" content=\"article\" \/>\n<meta property=\"og:title\" content=\"Salud: 39 nuevos residentes se suman al sistema sanitario p\u00fablico chubutense - FM Patagonia Madryn\" \/>\n<meta property=\"og:description\" content=\"Son profesionales que rindieron y aprobaron el examen en el mes de julio, y ahora pasar\u00e1n a formar parte de los hospitales cabecera de Comodoro Rivadavia, Trelew, Puerto Madryn, Esquel,&hellip;\" \/>\n<meta property=\"og:url\" content=\"https:\/\/fmpatagoniamadryn.com.ar\/?p=17605\" \/>\n<meta property=\"og:site_name\" content=\"FM Patagonia Madryn\" \/>\n<meta property=\"article:published_time\" content=\"2025-08-20T16:43:08+00:00\" \/>\n<meta property=\"og:image\" content=\"https:\/\/fmpatagoniamadryn.com.ar\/wp-content\/uploads\/2025\/08\/img_2798.jpg\" \/>\n\t<meta property=\"og:image:width\" content=\"2000\" \/>\n\t<meta property=\"og:image:height\" content=\"1939\" \/>\n\t<meta property=\"og:image:type\" content=\"image\/jpeg\" \/>\n<meta name=\"author\" content=\"FM Patagonia\" \/>\n<meta name=\"twitter:card\" content=\"summary_large_image\" \/>\n<meta name=\"twitter:label1\" content=\"Escrito por\" \/>\n\t<meta name=\"twitter:data1\" content=\"FM Patagonia\" \/>\n\t<meta name=\"twitter:label2\" content=\"Tiempo de lectura\" \/>\n\t<meta name=\"twitter:data2\" content=\"2 minutos\" \/>\n<script type=\"application\/ld+json\" class=\"yoast-schema-graph\">{\"@context\":\"https:\\\/\\\/schema.org\",\"@graph\":[{\"@type\":\"Article\",\"@id\":\"https:\\\/\\\/fmpatagoniamadryn.com.ar\\\/?p=17605#article\",\"isPartOf\":{\"@id\":\"https:\\\/\\\/fmpatagoniamadryn.com.ar\\\/?p=17605\"},\"author\":{\"name\":\"FM Patagonia\",\"@id\":\"https:\\\/\\\/fmpatagoniamadryn.com.ar\\\/#\\\/schema\\\/person\\\/8a3de4ad7efceacab06c1641c50303b7\"},\"headline\":\"Salud: 39 nuevos residentes se suman al sistema sanitario p\u00fablico chubutense\",\"datePublished\":\"2025-08-20T16:43:08+00:00\",\"mainEntityOfPage\":{\"@id\":\"https:\\\/\\\/fmpatagoniamadryn.com.ar\\\/?p=17605\"},\"wordCount\":414,\"publisher\":{\"@id\":\"https:\\\/\\\/fmpatagoniamadryn.com.ar\\\/#organization\"},\"image\":{\"@id\":\"https:\\\/\\\/fmpatagoniamadryn.com.ar\\\/?p=17605#primaryimage\"},\"thumbnailUrl\":\"https:\\\/\\\/fmpatagoniamadryn.com.ar\\\/wp-content\\\/uploads\\\/2025\\\/08\\\/img_2798.jpg\",\"articleSection\":[\"Locales\"],\"inLanguage\":\"es\"},{\"@type\":\"WebPage\",\"@id\":\"https:\\\/\\\/fmpatagoniamadryn.com.ar\\\/?p=17605\",\"url\":\"https:\\\/\\\/fmpatagoniamadryn.com.ar\\\/?p=17605\",\"name\":\"Salud: 39 nuevos residentes se suman al sistema sanitario p\u00fablico chubutense - FM Patagonia Madryn\",\"isPartOf\":{\"@id\":\"https:\\\/\\\/fmpatagoniamadryn.com.ar\\\/#website\"},\"primaryImageOfPage\":{\"@id\":\"https:\\\/\\\/fmpatagoniamadryn.com.ar\\\/?p=17605#primaryimage\"},\"image\":{\"@id\":\"https:\\\/\\\/fmpatagoniamadryn.com.ar\\\/?p=17605#primaryimage\"},\"thumbnailUrl\":\"https:\\\/\\\/fmpatagoniamadryn.com.ar\\\/wp-content\\\/uploads\\\/2025\\\/08\\\/img_2798.jpg\",\"datePublished\":\"2025-08-20T16:43:08+00:00\",\"breadcrumb\":{\"@id\":\"https:\\\/\\\/fmpatagoniamadryn.com.ar\\\/?p=17605#breadcrumb\"},\"inLanguage\":\"es\",\"potentialAction\":[{\"@type\":\"ReadAction\",\"target\":[\"https:\\\/\\\/fmpatagoniamadryn.com.ar\\\/?p=17605\"]}]},{\"@type\":\"ImageObject\",\"inLanguage\":\"es\",\"@id\":\"https:\\\/\\\/fmpatagoniamadryn.com.ar\\\/?p=17605#primaryimage\",\"url\":\"https:\\\/\\\/fmpatagoniamadryn.com.ar\\\/wp-content\\\/uploads\\\/2025\\\/08\\\/img_2798.jpg\",\"contentUrl\":\"https:\\\/\\\/fmpatagoniamadryn.com.ar\\\/wp-content\\\/uploads\\\/2025\\\/08\\\/img_2798.jpg\",\"width\":2000,\"height\":1939},{\"@type\":\"BreadcrumbList\",\"@id\":\"https:\\\/\\\/fmpatagoniamadryn.com.ar\\\/?p=17605#breadcrumb\",\"itemListElement\":[{\"@type\":\"ListItem\",\"position\":1,\"name\":\"Portada\",\"item\":\"https:\\\/\\\/fmpatagoniamadryn.com.ar\\\/\"},{\"@type\":\"ListItem\",\"position\":2,\"name\":\"Salud: 39 nuevos residentes se suman al sistema sanitario p\u00fablico chubutense\"}]},{\"@type\":\"WebSite\",\"@id\":\"https:\\\/\\\/fmpatagoniamadryn.com.ar\\\/#website\",\"url\":\"https:\\\/\\\/fmpatagoniamadryn.com.ar\\\/\",\"name\":\"FM Patagonia Madryn\",\"description\":\"Radio Patagonia 105.5\",\"publisher\":{\"@id\":\"https:\\\/\\\/fmpatagoniamadryn.com.ar\\\/#organization\"},\"potentialAction\":[{\"@type\":\"SearchAction\",\"target\":{\"@type\":\"EntryPoint\",\"urlTemplate\":\"https:\\\/\\\/fmpatagoniamadryn.com.ar\\\/?s={search_term_string}\"},\"query-input\":{\"@type\":\"PropertyValueSpecification\",\"valueRequired\":true,\"valueName\":\"search_term_string\"}}],\"inLanguage\":\"es\"},{\"@type\":\"Organization\",\"@id\":\"https:\\\/\\\/fmpatagoniamadryn.com.ar\\\/#organization\",\"name\":\"FM Patagonia Madryn\",\"url\":\"https:\\\/\\\/fmpatagoniamadryn.com.ar\\\/\",\"logo\":{\"@type\":\"ImageObject\",\"inLanguage\":\"es\",\"@id\":\"https:\\\/\\\/fmpatagoniamadryn.com.ar\\\/#\\\/schema\\\/logo\\\/image\\\/\",\"url\":\"https:\\\/\\\/fmpatagoniamadryn.com.ar\\\/wp-content\\\/uploads\\\/2023\\\/01\\\/cropped-Diseno-sin-titulo.png\",\"contentUrl\":\"https:\\\/\\\/fmpatagoniamadryn.com.ar\\\/wp-content\\\/uploads\\\/2023\\\/01\\\/cropped-Diseno-sin-titulo.png\",\"width\":6911,\"height\":2657,\"caption\":\"FM Patagonia Madryn\"},\"image\":{\"@id\":\"https:\\\/\\\/fmpatagoniamadryn.com.ar\\\/#\\\/schema\\\/logo\\\/image\\\/\"}},{\"@type\":\"Person\",\"@id\":\"https:\\\/\\\/fmpatagoniamadryn.com.ar\\\/#\\\/schema\\\/person\\\/8a3de4ad7efceacab06c1641c50303b7\",\"name\":\"FM Patagonia\",\"url\":\"https:\\\/\\\/fmpatagoniamadryn.com.ar\\\/?author=2\"}]}<\/script>\n<!-- \/ Yoast SEO plugin. -->","yoast_head_json":{"title":"Salud: 39 nuevos residentes se suman al sistema sanitario p\u00fablico chubutense - FM Patagonia Madryn","robots":{"index":"index","follow":"follow","max-snippet":"max-snippet:-1","max-image-preview":"max-image-preview:large","max-video-preview":"max-video-preview:-1"},"canonical":"https:\/\/fmpatagoniamadryn.com.ar\/?p=17605","og_locale":"es_ES","og_type":"article","og_title":"Salud: 39 nuevos residentes se suman al sistema sanitario p\u00fablico chubutense - FM Patagonia Madryn","og_description":"Son profesionales que rindieron y aprobaron el examen en el mes de julio, y ahora pasar\u00e1n a formar parte de los hospitales cabecera de Comodoro Rivadavia, Trelew, Puerto Madryn, Esquel,&hellip;","og_url":"https:\/\/fmpatagoniamadryn.com.ar\/?p=17605","og_site_name":"FM Patagonia Madryn","article_published_time":"2025-08-20T16:43:08+00:00","og_image":[{"width":2000,"height":1939,"url":"https:\/\/fmpatagoniamadryn.com.ar\/wp-content\/uploads\/2025\/08\/img_2798.jpg","type":"image\/jpeg"}],"author":"FM Patagonia","twitter_card":"summary_large_image","twitter_misc":{"Escrito por":"FM Patagonia","Tiempo de lectura":"2 minutos"},"schema":{"@context":"https:\/\/schema.org","@graph":[{"@type":"Article","@id":"https:\/\/fmpatagoniamadryn.com.ar\/?p=17605#article","isPartOf":{"@id":"https:\/\/fmpatagoniamadryn.com.ar\/?p=17605"},"author":{"name":"FM Patagonia","@id":"https:\/\/fmpatagoniamadryn.com.ar\/#\/schema\/person\/8a3de4ad7efceacab06c1641c50303b7"},"headline":"Salud: 39 nuevos residentes se suman al sistema sanitario p\u00fablico chubutense","datePublished":"2025-08-20T16:43:08+00:00","mainEntityOfPage":{"@id":"https:\/\/fmpatagoniamadryn.com.ar\/?p=17605"},"wordCount":414,"publisher":{"@id":"https:\/\/fmpatagoniamadryn.com.ar\/#organization"},"image":{"@id":"https:\/\/fmpatagoniamadryn.com.ar\/?p=17605#primaryimage"},"thumbnailUrl":"https:\/\/fmpatagoniamadryn.com.ar\/wp-content\/uploads\/2025\/08\/img_2798.jpg","articleSection":["Locales"],"inLanguage":"es"},{"@type":"WebPage","@id":"https:\/\/fmpatagoniamadryn.com.ar\/?p=17605","url":"https:\/\/fmpatagoniamadryn.com.ar\/?p=17605","name":"Salud: 39 nuevos residentes se suman al sistema sanitario p\u00fablico chubutense - FM Patagonia Madryn","isPartOf":{"@id":"https:\/\/fmpatagoniamadryn.com.ar\/#website"},"primaryImageOfPage":{"@id":"https:\/\/fmpatagoniamadryn.com.ar\/?p=17605#primaryimage"},"image":{"@id":"https:\/\/fmpatagoniamadryn.com.ar\/?p=17605#primaryimage"},"thumbnailUrl":"https:\/\/fmpatagoniamadryn.com.ar\/wp-content\/uploads\/2025\/08\/img_2798.jpg","datePublished":"2025-08-20T16:43:08+00:00","breadcrumb":{"@id":"https:\/\/fmpatagoniamadryn.com.ar\/?p=17605#breadcrumb"},"inLanguage":"es","potentialAction":[{"@type":"ReadAction","target":["https:\/\/fmpatagoniamadryn.com.ar\/?p=17605"]}]},{"@type":"ImageObject","inLanguage":"es","@id":"https:\/\/fmpatagoniamadryn.com.ar\/?p=17605#primaryimage","url":"https:\/\/fmpatagoniamadryn.com.ar\/wp-content\/uploads\/2025\/08\/img_2798.jpg","contentUrl":"https:\/\/fmpatagoniamadryn.com.ar\/wp-content\/uploads\/2025\/08\/img_2798.jpg","width":2000,"height":1939},{"@type":"BreadcrumbList","@id":"https:\/\/fmpatagoniamadryn.com.ar\/?p=17605#breadcrumb","itemListElement":[{"@type":"ListItem","position":1,"name":"Portada","item":"https:\/\/fmpatagoniamadryn.com.ar\/"},{"@type":"ListItem","position":2,"name":"Salud: 39 nuevos residentes se suman al sistema sanitario p\u00fablico chubutense"}]},{"@type":"WebSite","@id":"https:\/\/fmpatagoniamadryn.com.ar\/#website","url":"https:\/\/fmpatagoniamadryn.com.ar\/","name":"FM Patagonia Madryn","description":"Radio Patagonia 105.5","publisher":{"@id":"https:\/\/fmpatagoniamadryn.com.ar\/#organization"},"potentialAction":[{"@type":"SearchAction","target":{"@type":"EntryPoint","urlTemplate":"https:\/\/fmpatagoniamadryn.com.ar\/?s={search_term_string}"},"query-input":{"@type":"PropertyValueSpecification","valueRequired":true,"valueName":"search_term_string"}}],"inLanguage":"es"},{"@type":"Organization","@id":"https:\/\/fmpatagoniamadryn.com.ar\/#organization","name":"FM Patagonia Madryn","url":"https:\/\/fmpatagoniamadryn.com.ar\/","logo":{"@type":"ImageObject","inLanguage":"es","@id":"https:\/\/fmpatagoniamadryn.com.ar\/#\/schema\/logo\/image\/","url":"https:\/\/fmpatagoniamadryn.com.ar\/wp-content\/uploads\/2023\/01\/cropped-Diseno-sin-titulo.png","contentUrl":"https:\/\/fmpatagoniamadryn.com.ar\/wp-content\/uploads\/2023\/01\/cropped-Diseno-sin-titulo.png","width":6911,"height":2657,"caption":"FM Patagonia Madryn"},"image":{"@id":"https:\/\/fmpatagoniamadryn.com.ar\/#\/schema\/logo\/image\/"}},{"@type":"Person","@id":"https:\/\/fmpatagoniamadryn.com.ar\/#\/schema\/person\/8a3de4ad7efceacab06c1641c50303b7","name":"FM Patagonia","url":"https:\/\/fmpatagoniamadryn.com.ar\/?author=2"}]}},"jetpack_featured_media_url":"https:\/\/fmpatagoniamadryn.com.ar\/wp-content\/uploads\/2025\/08\/img_2798.jpg","_links":{"self":[{"href":"https:\/\/fmpatagoniamadryn.com.ar\/index.php?rest_route=\/wp\/v2\/posts\/17605","targetHints":{"allow":["GET"]}}],"collection":[{"href":"https:\/\/fmpatagoniamadryn.com.ar\/index.php?rest_route=\/wp\/v2\/posts"}],"about":[{"href":"https:\/\/fmpatagoniamadryn.com.ar\/index.php?rest_route=\/wp\/v2\/types\/post"}],"author":[{"embeddable":true,"href":"https:\/\/fmpatagoniamadryn.com.ar\/index.php?rest_route=\/wp\/v2\/users\/2"}],"replies":[{"embeddable":true,"href":"https:\/\/fmpatagoniamadryn.com.ar\/index.php?rest_route=%2Fwp%2Fv2%2Fcomments&post=17605"}],"version-history":[{"count":1,"href":"https:\/\/fmpatagoniamadryn.com.ar\/index.php?rest_route=\/wp\/v2\/posts\/17605\/revisions"}],"predecessor-version":[{"id":17606,"href":"https:\/\/fmpatagoniamadryn.com.ar\/index.php?rest_route=\/wp\/v2\/posts\/17605\/revisions\/17606"}],"wp:featuredmedia":[{"embeddable":true,"href":"https:\/\/fmpatagoniamadryn.com.ar\/index.php?rest_route=\/wp\/v2\/media\/17604"}],"wp:attachment":[{"href":"https:\/\/fmpatagoniamadryn.com.ar\/index.php?rest_route=%2Fwp%2Fv2%2Fmedia&parent=17605"}],"wp:term":[{"taxonomy":"category","embeddable":true,"href":"https:\/\/fmpatagoniamadryn.com.ar\/index.php?rest_route=%2Fwp%2Fv2%2Fcategories&post=17605"},{"taxonomy":"post_tag","embeddable":true,"href":"https:\/\/fmpatagoniamadryn.com.ar\/index.php?rest_route=%2Fwp%2Fv2%2Ftags&post=17605"}],"curies":[{"name":"wp","href":"https:\/\/api.w.org\/{rel}","templated":true}]}}