{"id":17629,"date":"2025-08-21T14:43:36","date_gmt":"2025-08-21T17:43:36","guid":{"rendered":"https:\/\/fmpatagoniamadryn.com.ar\/?p=17629"},"modified":"2025-08-21T14:43:36","modified_gmt":"2025-08-21T17:43:36","slug":"marcha-al-congreso-jubilados-y-colectivos-por-la-discapacidad-exigieron-frenar-los-vetos-de-milei","status":"publish","type":"post","link":"https:\/\/fmpatagoniamadryn.com.ar\/?p=17629","title":{"rendered":"Marcha al Congreso: jubilados y colectivos por la discapacidad exigieron frenar los vetos de Milei"},"content":{"rendered":"\n<h1 class=\"wp-block-heading\"><\/h1>\n\n\n\n<h2 class=\"wp-block-heading h3 ff-20px-w400\">La manifestaci\u00f3n fue en reclamo a los diputados para que reviertan los vetos a las leyes de emergencia en discapacidad y aumento jubilatorio.<\/h2>\n\n\n\n<p><\/p>\n\n\n\n<p><strong>El Congreso amaneci\u00f3 rodeado de vallas altas, polic\u00edas con escudos y m\u00f3viles blindados.<\/strong>&nbsp;Del otro lado, en la plaza, empezaron a llegar jubilados con bastones, madres empujando sillas de ruedas, militantes sindicales y vecinos de a pie. Todos con la misma consigna<strong>: pedir a la C\u00e1mara de Diputados que rechace los vetos de Javier Milei&nbsp;<\/strong>a la&nbsp;<strong>ley de emergencia en discapacidad<\/strong>&nbsp;y a la&nbsp;<strong>mejora para las jubilaciones m\u00ednimas.&nbsp;<\/strong>La jornada arranc\u00f3 con un rev\u00e9s para el oficialismo al lograr los dos tercios para revertir ladecisi\u00f3n presidencial en discapacidad, pero cuando lleg\u00f3 el turno de tratar el aumento y el bono a los adultos mayores, la normativa no consigui\u00f3 respaldo en la C\u00e1mara Baja.<\/p>\n\n\n\n<p>La vigilia hab\u00eda comenzado la noche anterior en Plaza de Mayo.&nbsp;<strong>Bajo la lluvia, familiares y personas con discapacidad&nbsp;<\/strong>encendieron velas y desplegaron pancartas que dec\u00edan \u201cNo al ajuste\u201d y \u201cEl veto nos condena\u201d.&nbsp;<\/p>\n\n\n\n<p>Frente a la Casa Rosada, colocaron quince sillas de ruedas vac\u00edas como s\u00edmbolo de la exclusi\u00f3n que provoca el recorte. \u201cEstamos sufriendo mucho las familias que tenemos hijos con discapacidad. No se trata de n\u00fameros, se trata de dignidad\u201d, dijo a P\u00e1gina\/12 D\u00e9bora Ferrilli, madre de una adolescente y referente de la asociaci\u00f3n Unidos por la Alegr\u00eda.<\/p>\n\n\n\n<h2 class=\"wp-block-heading\">Una cita que se repite cada mi\u00e9rcoles<\/h2>\n\n\n\n<p><strong>Los jubilados volvieron a ser protagonistas<\/strong>. Desde hace meses se concentran frente al Congreso para reclamar aumentos que superen la l\u00ednea de pobreza.&nbsp;<strong>\u201cNi siquiera pedimos lujos, pedimos comer sin elegir entre remedios o comida\u201d,<\/strong>&nbsp;resumi\u00f3 un hombre que se present\u00f3 como Juan, de 72 a\u00f1os. A su lado, organizaciones sociales y gremiales acompa\u00f1aron el reclamo con banderas y c\u00e1nticos.<\/p>\n\n\n\n<p>ATE, adem\u00e1s, convoc\u00f3 a un paro nacional de 24 horas con movilizaciones en todo el pa\u00eds. Las dos CTA marcharon desde el mediod\u00eda, sumando fuerza a una protesta que, semana tras semana, gana volumen en la calle.<\/p>\n\n\n\n<h2 class=\"wp-block-heading\">El ajuste y sus consecuencias<\/h2>\n\n\n\n<p><strong>\u201cEl Gobierno habla de equilibrio fiscal, pero lo que est\u00e1 en juego es la vida de las personas\u201d<\/strong>, advirti\u00f3 Silvia, trabajadora del programa Incluir Salud. Explic\u00f3 que muchos padres perdieron su empleo y, con \u00e9l, la cobertura de terapias y prestaciones b\u00e1sicas.&nbsp;<strong>\u201cNo hay derecho a que un ni\u00f1o quede sin atenci\u00f3n por un decreto\u201d<\/strong>, sostuvo.<\/p>\n\n\n\n<p>El oficialismo insiste con que<strong>&nbsp;\u201cno hay plata\u201d,&nbsp;<\/strong>aunque las exenciones impositivas a los sectores m\u00e1s ricos y la creaci\u00f3n de cargos estrat\u00e9gicos muestran otra cara del ajuste:&nbsp;<strong>no es para todos, es para los de abajo.<\/strong><\/p>\n\n\n\n<p>Fuente p\u00e1ginas 12<\/p>\n\n\n\n<p><\/p>\n","protected":false},"excerpt":{"rendered":"<p>La manifestaci\u00f3n fue en reclamo a los diputados para que reviertan los vetos a las leyes de emergencia en discapacidad y aumento jubilatorio. El Congreso amaneci\u00f3 rodeado de vallas altas,&hellip; <\/p>\n","protected":false},"author":2,"featured_media":17628,"comment_status":"closed","ping_status":"closed","sticky":false,"template":"","format":"standard","meta":{"footnotes":""},"categories":[13],"tags":[],"class_list":["post-17629","post","type-post","status-publish","format-standard","has-post-thumbnail","hentry","category-nacionales"],"yoast_head":"<!-- This site is optimized with the Yoast SEO plugin v27.5 - https:\/\/yoast.com\/product\/yoast-seo-wordpress\/ -->\n<title>Marcha al Congreso: jubilados y colectivos por la discapacidad exigieron frenar los vetos de Milei - FM Patagonia Madryn<\/title>\n<meta name=\"robots\" content=\"index, follow, max-snippet:-1, max-image-preview:large, max-video-preview:-1\" \/>\n<link rel=\"canonical\" href=\"https:\/\/fmpatagoniamadryn.com.ar\/?p=17629\" \/>\n<meta property=\"og:locale\" content=\"es_ES\" \/>\n<meta property=\"og:type\" content=\"article\" \/>\n<meta property=\"og:title\" content=\"Marcha al Congreso: jubilados y colectivos por la discapacidad exigieron frenar los vetos de Milei - FM Patagonia Madryn\" \/>\n<meta property=\"og:description\" content=\"La manifestaci\u00f3n fue en reclamo a los diputados para que reviertan los vetos a las leyes de emergencia en discapacidad y aumento jubilatorio. El Congreso amaneci\u00f3 rodeado de vallas altas,&hellip;\" \/>\n<meta property=\"og:url\" content=\"https:\/\/fmpatagoniamadryn.com.ar\/?p=17629\" \/>\n<meta property=\"og:site_name\" content=\"FM Patagonia Madryn\" \/>\n<meta property=\"article:published_time\" content=\"2025-08-21T17:43:36+00:00\" \/>\n<meta property=\"og:image\" content=\"https:\/\/fmpatagoniamadryn.com.ar\/wp-content\/uploads\/2025\/08\/img_2910.jpg\" \/>\n\t<meta property=\"og:image:width\" content=\"470\" \/>\n\t<meta property=\"og:image:height\" content=\"313\" \/>\n\t<meta property=\"og:image:type\" content=\"image\/jpeg\" \/>\n<meta name=\"author\" content=\"FM Patagonia\" \/>\n<meta name=\"twitter:card\" content=\"summary_large_image\" \/>\n<meta name=\"twitter:label1\" content=\"Escrito por\" \/>\n\t<meta name=\"twitter:data1\" content=\"FM Patagonia\" \/>\n\t<meta name=\"twitter:label2\" content=\"Tiempo de lectura\" \/>\n\t<meta name=\"twitter:data2\" content=\"2 minutos\" \/>\n<script type=\"application\/ld+json\" class=\"yoast-schema-graph\">{\"@context\":\"https:\\\/\\\/schema.org\",\"@graph\":[{\"@type\":\"Article\",\"@id\":\"https:\\\/\\\/fmpatagoniamadryn.com.ar\\\/?p=17629#article\",\"isPartOf\":{\"@id\":\"https:\\\/\\\/fmpatagoniamadryn.com.ar\\\/?p=17629\"},\"author\":{\"name\":\"FM Patagonia\",\"@id\":\"https:\\\/\\\/fmpatagoniamadryn.com.ar\\\/#\\\/schema\\\/person\\\/8a3de4ad7efceacab06c1641c50303b7\"},\"headline\":\"Marcha al Congreso: jubilados y colectivos por la discapacidad exigieron frenar los vetos de Milei\",\"datePublished\":\"2025-08-21T17:43:36+00:00\",\"mainEntityOfPage\":{\"@id\":\"https:\\\/\\\/fmpatagoniamadryn.com.ar\\\/?p=17629\"},\"wordCount\":494,\"publisher\":{\"@id\":\"https:\\\/\\\/fmpatagoniamadryn.com.ar\\\/#organization\"},\"image\":{\"@id\":\"https:\\\/\\\/fmpatagoniamadryn.com.ar\\\/?p=17629#primaryimage\"},\"thumbnailUrl\":\"https:\\\/\\\/fmpatagoniamadryn.com.ar\\\/wp-content\\\/uploads\\\/2025\\\/08\\\/img_2910.jpg\",\"articleSection\":[\"Nacionales\"],\"inLanguage\":\"es\"},{\"@type\":\"WebPage\",\"@id\":\"https:\\\/\\\/fmpatagoniamadryn.com.ar\\\/?p=17629\",\"url\":\"https:\\\/\\\/fmpatagoniamadryn.com.ar\\\/?p=17629\",\"name\":\"Marcha al Congreso: jubilados y colectivos por la discapacidad exigieron frenar los vetos de Milei - FM Patagonia Madryn\",\"isPartOf\":{\"@id\":\"https:\\\/\\\/fmpatagoniamadryn.com.ar\\\/#website\"},\"primaryImageOfPage\":{\"@id\":\"https:\\\/\\\/fmpatagoniamadryn.com.ar\\\/?p=17629#primaryimage\"},\"image\":{\"@id\":\"https:\\\/\\\/fmpatagoniamadryn.com.ar\\\/?p=17629#primaryimage\"},\"thumbnailUrl\":\"https:\\\/\\\/fmpatagoniamadryn.com.ar\\\/wp-content\\\/uploads\\\/2025\\\/08\\\/img_2910.jpg\",\"datePublished\":\"2025-08-21T17:43:36+00:00\",\"breadcrumb\":{\"@id\":\"https:\\\/\\\/fmpatagoniamadryn.com.ar\\\/?p=17629#breadcrumb\"},\"inLanguage\":\"es\",\"potentialAction\":[{\"@type\":\"ReadAction\",\"target\":[\"https:\\\/\\\/fmpatagoniamadryn.com.ar\\\/?p=17629\"]}]},{\"@type\":\"ImageObject\",\"inLanguage\":\"es\",\"@id\":\"https:\\\/\\\/fmpatagoniamadryn.com.ar\\\/?p=17629#primaryimage\",\"url\":\"https:\\\/\\\/fmpatagoniamadryn.com.ar\\\/wp-content\\\/uploads\\\/2025\\\/08\\\/img_2910.jpg\",\"contentUrl\":\"https:\\\/\\\/fmpatagoniamadryn.com.ar\\\/wp-content\\\/uploads\\\/2025\\\/08\\\/img_2910.jpg\",\"width\":470,\"height\":313},{\"@type\":\"BreadcrumbList\",\"@id\":\"https:\\\/\\\/fmpatagoniamadryn.com.ar\\\/?p=17629#breadcrumb\",\"itemListElement\":[{\"@type\":\"ListItem\",\"position\":1,\"name\":\"Portada\",\"item\":\"https:\\\/\\\/fmpatagoniamadryn.com.ar\\\/\"},{\"@type\":\"ListItem\",\"position\":2,\"name\":\"Marcha al Congreso: jubilados y colectivos por la discapacidad exigieron frenar los vetos de Milei\"}]},{\"@type\":\"WebSite\",\"@id\":\"https:\\\/\\\/fmpatagoniamadryn.com.ar\\\/#website\",\"url\":\"https:\\\/\\\/fmpatagoniamadryn.com.ar\\\/\",\"name\":\"FM Patagonia Madryn\",\"description\":\"Radio Patagonia 105.5\",\"publisher\":{\"@id\":\"https:\\\/\\\/fmpatagoniamadryn.com.ar\\\/#organization\"},\"potentialAction\":[{\"@type\":\"SearchAction\",\"target\":{\"@type\":\"EntryPoint\",\"urlTemplate\":\"https:\\\/\\\/fmpatagoniamadryn.com.ar\\\/?s={search_term_string}\"},\"query-input\":{\"@type\":\"PropertyValueSpecification\",\"valueRequired\":true,\"valueName\":\"search_term_string\"}}],\"inLanguage\":\"es\"},{\"@type\":\"Organization\",\"@id\":\"https:\\\/\\\/fmpatagoniamadryn.com.ar\\\/#organization\",\"name\":\"FM Patagonia Madryn\",\"url\":\"https:\\\/\\\/fmpatagoniamadryn.com.ar\\\/\",\"logo\":{\"@type\":\"ImageObject\",\"inLanguage\":\"es\",\"@id\":\"https:\\\/\\\/fmpatagoniamadryn.com.ar\\\/#\\\/schema\\\/logo\\\/image\\\/\",\"url\":\"https:\\\/\\\/fmpatagoniamadryn.com.ar\\\/wp-content\\\/uploads\\\/2023\\\/01\\\/cropped-Diseno-sin-titulo.png\",\"contentUrl\":\"https:\\\/\\\/fmpatagoniamadryn.com.ar\\\/wp-content\\\/uploads\\\/2023\\\/01\\\/cropped-Diseno-sin-titulo.png\",\"width\":6911,\"height\":2657,\"caption\":\"FM Patagonia Madryn\"},\"image\":{\"@id\":\"https:\\\/\\\/fmpatagoniamadryn.com.ar\\\/#\\\/schema\\\/logo\\\/image\\\/\"}},{\"@type\":\"Person\",\"@id\":\"https:\\\/\\\/fmpatagoniamadryn.com.ar\\\/#\\\/schema\\\/person\\\/8a3de4ad7efceacab06c1641c50303b7\",\"name\":\"FM Patagonia\",\"url\":\"https:\\\/\\\/fmpatagoniamadryn.com.ar\\\/?author=2\"}]}<\/script>\n<!-- \/ Yoast SEO plugin. -->","yoast_head_json":{"title":"Marcha al Congreso: jubilados y colectivos por la discapacidad exigieron frenar los vetos de Milei - FM Patagonia Madryn","robots":{"index":"index","follow":"follow","max-snippet":"max-snippet:-1","max-image-preview":"max-image-preview:large","max-video-preview":"max-video-preview:-1"},"canonical":"https:\/\/fmpatagoniamadryn.com.ar\/?p=17629","og_locale":"es_ES","og_type":"article","og_title":"Marcha al Congreso: jubilados y colectivos por la discapacidad exigieron frenar los vetos de Milei - FM Patagonia Madryn","og_description":"La manifestaci\u00f3n fue en reclamo a los diputados para que reviertan los vetos a las leyes de emergencia en discapacidad y aumento jubilatorio. El Congreso amaneci\u00f3 rodeado de vallas altas,&hellip;","og_url":"https:\/\/fmpatagoniamadryn.com.ar\/?p=17629","og_site_name":"FM Patagonia Madryn","article_published_time":"2025-08-21T17:43:36+00:00","og_image":[{"width":470,"height":313,"url":"https:\/\/fmpatagoniamadryn.com.ar\/wp-content\/uploads\/2025\/08\/img_2910.jpg","type":"image\/jpeg"}],"author":"FM Patagonia","twitter_card":"summary_large_image","twitter_misc":{"Escrito por":"FM Patagonia","Tiempo de lectura":"2 minutos"},"schema":{"@context":"https:\/\/schema.org","@graph":[{"@type":"Article","@id":"https:\/\/fmpatagoniamadryn.com.ar\/?p=17629#article","isPartOf":{"@id":"https:\/\/fmpatagoniamadryn.com.ar\/?p=17629"},"author":{"name":"FM Patagonia","@id":"https:\/\/fmpatagoniamadryn.com.ar\/#\/schema\/person\/8a3de4ad7efceacab06c1641c50303b7"},"headline":"Marcha al Congreso: jubilados y colectivos por la discapacidad exigieron frenar los vetos de Milei","datePublished":"2025-08-21T17:43:36+00:00","mainEntityOfPage":{"@id":"https:\/\/fmpatagoniamadryn.com.ar\/?p=17629"},"wordCount":494,"publisher":{"@id":"https:\/\/fmpatagoniamadryn.com.ar\/#organization"},"image":{"@id":"https:\/\/fmpatagoniamadryn.com.ar\/?p=17629#primaryimage"},"thumbnailUrl":"https:\/\/fmpatagoniamadryn.com.ar\/wp-content\/uploads\/2025\/08\/img_2910.jpg","articleSection":["Nacionales"],"inLanguage":"es"},{"@type":"WebPage","@id":"https:\/\/fmpatagoniamadryn.com.ar\/?p=17629","url":"https:\/\/fmpatagoniamadryn.com.ar\/?p=17629","name":"Marcha al Congreso: jubilados y colectivos por la discapacidad exigieron frenar los vetos de Milei - FM Patagonia Madryn","isPartOf":{"@id":"https:\/\/fmpatagoniamadryn.com.ar\/#website"},"primaryImageOfPage":{"@id":"https:\/\/fmpatagoniamadryn.com.ar\/?p=17629#primaryimage"},"image":{"@id":"https:\/\/fmpatagoniamadryn.com.ar\/?p=17629#primaryimage"},"thumbnailUrl":"https:\/\/fmpatagoniamadryn.com.ar\/wp-content\/uploads\/2025\/08\/img_2910.jpg","datePublished":"2025-08-21T17:43:36+00:00","breadcrumb":{"@id":"https:\/\/fmpatagoniamadryn.com.ar\/?p=17629#breadcrumb"},"inLanguage":"es","potentialAction":[{"@type":"ReadAction","target":["https:\/\/fmpatagoniamadryn.com.ar\/?p=17629"]}]},{"@type":"ImageObject","inLanguage":"es","@id":"https:\/\/fmpatagoniamadryn.com.ar\/?p=17629#primaryimage","url":"https:\/\/fmpatagoniamadryn.com.ar\/wp-content\/uploads\/2025\/08\/img_2910.jpg","contentUrl":"https:\/\/fmpatagoniamadryn.com.ar\/wp-content\/uploads\/2025\/08\/img_2910.jpg","width":470,"height":313},{"@type":"BreadcrumbList","@id":"https:\/\/fmpatagoniamadryn.com.ar\/?p=17629#breadcrumb","itemListElement":[{"@type":"ListItem","position":1,"name":"Portada","item":"https:\/\/fmpatagoniamadryn.com.ar\/"},{"@type":"ListItem","position":2,"name":"Marcha al Congreso: jubilados y colectivos por la discapacidad exigieron frenar los vetos de Milei"}]},{"@type":"WebSite","@id":"https:\/\/fmpatagoniamadryn.com.ar\/#website","url":"https:\/\/fmpatagoniamadryn.com.ar\/","name":"FM Patagonia Madryn","description":"Radio Patagonia 105.5","publisher":{"@id":"https:\/\/fmpatagoniamadryn.com.ar\/#organization"},"potentialAction":[{"@type":"SearchAction","target":{"@type":"EntryPoint","urlTemplate":"https:\/\/fmpatagoniamadryn.com.ar\/?s={search_term_string}"},"query-input":{"@type":"PropertyValueSpecification","valueRequired":true,"valueName":"search_term_string"}}],"inLanguage":"es"},{"@type":"Organization","@id":"https:\/\/fmpatagoniamadryn.com.ar\/#organization","name":"FM Patagonia Madryn","url":"https:\/\/fmpatagoniamadryn.com.ar\/","logo":{"@type":"ImageObject","inLanguage":"es","@id":"https:\/\/fmpatagoniamadryn.com.ar\/#\/schema\/logo\/image\/","url":"https:\/\/fmpatagoniamadryn.com.ar\/wp-content\/uploads\/2023\/01\/cropped-Diseno-sin-titulo.png","contentUrl":"https:\/\/fmpatagoniamadryn.com.ar\/wp-content\/uploads\/2023\/01\/cropped-Diseno-sin-titulo.png","width":6911,"height":2657,"caption":"FM Patagonia Madryn"},"image":{"@id":"https:\/\/fmpatagoniamadryn.com.ar\/#\/schema\/logo\/image\/"}},{"@type":"Person","@id":"https:\/\/fmpatagoniamadryn.com.ar\/#\/schema\/person\/8a3de4ad7efceacab06c1641c50303b7","name":"FM Patagonia","url":"https:\/\/fmpatagoniamadryn.com.ar\/?author=2"}]}},"jetpack_featured_media_url":"https:\/\/fmpatagoniamadryn.com.ar\/wp-content\/uploads\/2025\/08\/img_2910.jpg","_links":{"self":[{"href":"https:\/\/fmpatagoniamadryn.com.ar\/index.php?rest_route=\/wp\/v2\/posts\/17629","targetHints":{"allow":["GET"]}}],"collection":[{"href":"https:\/\/fmpatagoniamadryn.com.ar\/index.php?rest_route=\/wp\/v2\/posts"}],"about":[{"href":"https:\/\/fmpatagoniamadryn.com.ar\/index.php?rest_route=\/wp\/v2\/types\/post"}],"author":[{"embeddable":true,"href":"https:\/\/fmpatagoniamadryn.com.ar\/index.php?rest_route=\/wp\/v2\/users\/2"}],"replies":[{"embeddable":true,"href":"https:\/\/fmpatagoniamadryn.com.ar\/index.php?rest_route=%2Fwp%2Fv2%2Fcomments&post=17629"}],"version-history":[{"count":1,"href":"https:\/\/fmpatagoniamadryn.com.ar\/index.php?rest_route=\/wp\/v2\/posts\/17629\/revisions"}],"predecessor-version":[{"id":17630,"href":"https:\/\/fmpatagoniamadryn.com.ar\/index.php?rest_route=\/wp\/v2\/posts\/17629\/revisions\/17630"}],"wp:featuredmedia":[{"embeddable":true,"href":"https:\/\/fmpatagoniamadryn.com.ar\/index.php?rest_route=\/wp\/v2\/media\/17628"}],"wp:attachment":[{"href":"https:\/\/fmpatagoniamadryn.com.ar\/index.php?rest_route=%2Fwp%2Fv2%2Fmedia&parent=17629"}],"wp:term":[{"taxonomy":"category","embeddable":true,"href":"https:\/\/fmpatagoniamadryn.com.ar\/index.php?rest_route=%2Fwp%2Fv2%2Fcategories&post=17629"},{"taxonomy":"post_tag","embeddable":true,"href":"https:\/\/fmpatagoniamadryn.com.ar\/index.php?rest_route=%2Fwp%2Fv2%2Ftags&post=17629"}],"curies":[{"name":"wp","href":"https:\/\/api.w.org\/{rel}","templated":true}]}}