{"id":17650,"date":"2025-08-22T17:09:14","date_gmt":"2025-08-22T20:09:14","guid":{"rendered":"https:\/\/fmpatagoniamadryn.com.ar\/?p=17650"},"modified":"2025-08-22T17:09:14","modified_gmt":"2025-08-22T20:09:14","slug":"torres-inauguro-el-centro-de-dia-del-hospital-alvear-entrego-una-ambulancia-y-una-torre-de-laparoscopia-la-salud-publica-no-tiene-color-partidario-ni-banderia-politica","status":"publish","type":"post","link":"https:\/\/fmpatagoniamadryn.com.ar\/?p=17650","title":{"rendered":"Torres inaugur\u00f3 el Centro de D\u00eda del Hospital Alvear, entreg\u00f3 una ambulancia y una torre de laparoscop\u00eda: \u201cLa salud p\u00fablica no tiene color partidario ni bander\u00eda pol\u00edtica\u201d"},"content":{"rendered":"\n<p class=\"MsoNormal\"><\/p>\n\n\n\n<p class=\"MsoNormal\">&nbsp;<\/p>\n\n\n\n<p class=\"MsoNormal\"><em>Se trata de la primera vez en toda la historia del establecimiento sanitario provincial, que el nosocomio recibe una ambulancia propia. Durante el emotivo acto, el mandatario destac\u00f3 tambi\u00e9n que el Centro de D\u00eda permitir\u00e1 descomprimir la demanda de atenci\u00f3n en otros sectores del hospital, y se\u00f1al\u00f3: \u201cEn un momento dif\u00edcil, donde la salud p\u00fablica tiene que recibir cada vez m\u00e1s pacientes, es necesario destacar el compromiso de los trabajadores sanitarios, que d\u00eda a d\u00eda hacen que la matriz sanitaria funcione\u201d. Adem\u00e1s, confirm\u00f3 la pr\u00f3xima inauguraci\u00f3n de la Sala de Diagn\u00f3stico por Im\u00e1genes, cuya obra finalizar\u00e1 a mediados de septiembre. \u201cNo hay distinciones ni divisiones de ning\u00fan tipo cuando hablamos de salud p\u00fablica\u201d, expres\u00f3.<\/em><\/p>\n\n\n\n<p class=\"MsoNormal\">&nbsp;<\/p>\n\n\n\n<p class=\"MsoNormal\">El gobernador de Chubut, Ignacio \u201cNacho\u201d Torres, encabez\u00f3 un emotivo acto en el Hospital Zonal Alvear de Comodoro Rivadavia, en el marco del cual realiz\u00f3 la entrega de la primera ambulancia propia en toda la historia del establecimiento y recorri\u00f3 tambi\u00e9n el avance de obra de la Sala de Diagn\u00f3stico por Im\u00e1genes, que ser\u00e1 inaugurada a mediados de septiembre.<\/p>\n\n\n\n<p class=\"MsoNormal\">&nbsp;<\/p>\n\n\n\n<p class=\"MsoNormal\">Asimismo, el mandatario entreg\u00f3 una Torre de Laparoscop\u00eda, la primera recibida por el hospital en 15 a\u00f1os luego de reiterados pedidos sin respuesta efectuados durante las anteriores gestiones provinciales, y recorri\u00f3 los distintos espacios del edificio, destacando la recuperaci\u00f3n en materia de infraestructura y el compromiso con la inversi\u00f3n y la generaci\u00f3n de recursos para fortalecer el sistema p\u00fablico de salud.<\/p>\n\n\n\n<p class=\"MsoNormal\">&nbsp;<\/p>\n\n\n\n<p class=\"MsoNormal\">Durante la recorrida, Torres inaugur\u00f3 el Centro de D\u00eda, que sum\u00f3 seis nuevas camas para pacientes ambulatorios, descomprimiendo la demanda en otras \u00e1reas del hospital. En tal sentido, resalt\u00f3 la importancia de mejorar permanentemente la calidad asistencial, la capacidad de respuesta y la incorporaci\u00f3n de nuevo equipamiento que beneficiar\u00e1 tanto al personal de Salud como a los pacientes.<\/p>\n\n\n\n<p class=\"MsoNormal\">&nbsp;<\/p>\n\n\n\n<p class=\"MsoNormal\"><strong>Obras para mejorar la matriz sanitaria<\/strong><\/p>\n\n\n\n<p class=\"MsoNormal\">&nbsp;<\/p>\n\n\n\n<p class=\"MsoNormal\">En su discurso, Torres record\u00f3 que \u201ca poco de haber asumido, vinimos a este hospital que tiene tanta historia, que cuid\u00f3 y cuida a los m\u00e1s vulnerables y a quienes m\u00e1s atenci\u00f3n necesitan, los adultos mayores\u201d, y agreg\u00f3: \u201cCuando vinimos vimos obras paradas, sin partidas presupuestarias, y era condici\u00f3n necesaria reactivarlas para poder brindar atenci\u00f3n a m\u00e1s gente\u201d.<\/p>\n\n\n\n<p class=\"MsoNormal\">&nbsp;<\/p>\n\n\n\n<p class=\"MsoNormal\">\u201cEl sistema hoy recibe cada vez m\u00e1s pacientes y es fundamental mantener esa prioridad a flor de piel, dedicar las partidas correspondientes y administrar con austeridad, porque los recursos son limitados y hay que definir prioridades. En este caso, las definimos el primer d\u00eda y con mucho esfuerzo logramos conseguir la ambulancia\u201d, se\u00f1al\u00f3.<\/p>\n\n\n\n<p class=\"MsoNormal\">&nbsp;<\/p>\n\n\n\n<p class=\"MsoNormal\">Ademas, el gobernador subray\u00f3: \u201cDesde que este hospital pas\u00f3 a la \u00f3rbita provincial nunca tuvo una ambulancia propia, y hoy la tiene\u201d, a\u00f1adiendo que \u201cen gran parte, esto se debe a la gesti\u00f3n de nuestro querido Centro de Jubilados, que trabaj\u00f3 conjuntamente con nosotros para poder hace realidad este sue\u00f1o\u201d.<\/p>\n\n\n\n<p class=\"MsoNormal\">&nbsp;<\/p>\n\n\n\n<p class=\"MsoNormal\">\u201cPor supuesto, falta mucho \u2014continu\u00f3\u2014, pero con responsabilidad, decisi\u00f3n y vocaci\u00f3n vamos a concretar muy pronto la inauguraci\u00f3n de la Sala de Diagn\u00f3stico por Im\u00e1genes, que va a estar terminada y completamente equipada en el mes de septiembre, y que es sumamente necesaria para toda la comunidad de Comodoro\u201d.<\/p>\n\n\n\n<p class=\"MsoNormal\">&nbsp;<\/p>\n\n\n\n<p class=\"MsoNormal\">De igual manera, Torres tambi\u00e9n llam\u00f3 a \u201creconocer el trabajo del equipo de Salud, que en todo momento prioriza a los chubutenses, algo fundamental para que la matriz sanitaria funcione\u201d, y resalt\u00f3 la importancia de la articulaci\u00f3n con el sector privado.<\/p>\n\n\n\n<p class=\"MsoNormal\">&nbsp;<\/p>\n\n\n\n<p class=\"MsoNormal\">\u201cEl famoso resonador, que se iba a ir a Buenos Aires, pudimos incorporarlo gracias a que r\u00e1pidamente golpeamos las puertas de Naci\u00f3n e hicimos en tiempo r\u00e9cord una obra civil indispensable. En pocos d\u00edas vamos a poder estar inaugur\u00e1ndolo tambi\u00e9n\u201d, anticip\u00f3.<\/p>\n\n\n\n<p class=\"MsoNormal\">&nbsp;<\/p>\n\n\n\n<p class=\"MsoNormal\"><strong>Salud e impacto social<\/strong><\/p>\n\n\n\n<p class=\"MsoNormal\">&nbsp;<\/p>\n\n\n\n<p class=\"MsoNormal\">En otro pasaje de su discurso, el mandatario expres\u00f3: \u201cSon muchas las gestiones que se est\u00e1n haciendo y hay que concretarlas sin mezquindades, porque la salud p\u00fablica no tiene color partidario. Nunca vamos a prometer cosas que no se pueden cumplir: siempre vamos a escuchar a todos y a empujar para la provincia, pero nunca vamos a hacer de la salud una cuesti\u00f3n pol\u00edtico-partidaria\u201d.<\/p>\n\n\n\n<p class=\"MsoNormal\">&nbsp;<\/p>\n\n\n\n<p class=\"MsoNormal\">Respecto de la habilitaci\u00f3n de la Guardia del Hospital Militar de Comodoro Rivadavia, gestionada esta semana junto al ministro de Defensa Luis Petri, Torres destac\u00f3: \u201cEs un reclamo de a\u00f1os de dirigentes como Omar Lattanzio, Ana Clara Romero y Carlos Linares\u201d, y a\u00f1adi\u00f3: \u201cCuando estaba a cargo del PAMI en Chubut, ya nos dec\u00edan que iniciaban gestiones y nadie los atend\u00eda. Ahora, nos atendieron, explicamos la necesidad y el impacto social, y finalmente esa guardia va a abrir sus puertas a toda la comunidad\u201d.<\/p>\n\n\n\n<p class=\"MsoNormal\">&nbsp;<\/p>\n\n\n\n<p class=\"MsoNormal\"><strong>\u201cSigamos trabajando unidos\u201d<\/strong><\/p>\n\n\n\n<p class=\"MsoNormal\">&nbsp;<\/p>\n\n\n\n<p class=\"MsoNormal\">Para finalizar, Torres indic\u00f3 que \u201choy existe una situaci\u00f3n compleja con PAMI, y aunque no es jurisdicci\u00f3n provincial, tenemos que hacer todo lo posible para darle a esos abuelos una mejor calidad de vida. Estas inversiones no son para los \u2018jubilados provinciales\u2019: no hay distinciones jurisdiccionales cuando hablamos de salud p\u00fablica. Si seguimos entendiendo que cuando trabajamos juntos las cosas suceden, independientemente del color pol\u00edtico, vamos a lograr lo que hace d\u00e9cadas no suced\u00eda\u201d.<\/p>\n\n\n\n<p class=\"MsoNormal\">&nbsp;<\/p>\n\n\n\n<p class=\"MsoNormal\">\u201cChubut nos necesita unidos, sin escuchar los cantos de sirena de quienes quieren hacer de la necesidad un motivo de enfrentamiento. Sigamos trabajando juntos, que muchas de las cosas que hace d\u00e9cadas se reclaman vamos a poder concretarlas como corresponde: con responsabilidad y siempre diciendo la verdad\u201d, concluy\u00f3 el titular del ejecutivo chubutense.<\/p>\n\n\n\n<p class=\"MsoNormal\">&nbsp;<\/p>\n\n\n\n<p class=\"MsoNormal\"><strong>Testimonios<\/strong><\/p>\n\n\n\n<p class=\"MsoNormal\">&nbsp;<\/p>\n\n\n\n<p class=\"MsoNormal\">Por su parte, la directora del hospital, Maite Mu\u00f1oz, expres\u00f3: \u201cHoy es un d\u00eda hist\u00f3rico: recibimos la primera ambulancia propia. Hasta ahora hab\u00edamos trabajado con unidades prestadas o descartadas por otros hospitales. Agradecemos al Gobernador y a la Secretar\u00eda de Salud por esta ambulancia que servir\u00e1 durante muchos a\u00f1os\u201d.<\/p>\n\n\n\n<p class=\"MsoNormal\">&nbsp;<\/p>\n\n\n\n<p class=\"MsoNormal\">Adem\u00e1s, valor\u00f3 los avances en infraestructura: \u201cEn pocos d\u00edas inauguraremos la Sala de Diagn\u00f3stico por Im\u00e1genes, una prestaci\u00f3n enorme para Comodoro. Ya comenzamos a utilizar el Centro de D\u00eda, que era una ex Terapia Intensiva recuperada; se llen\u00f3 el primer d\u00eda y descomprime cl\u00ednica m\u00e9dica\u201d.<\/p>\n\n\n\n<p class=\"MsoNormal\">&nbsp;<\/p>\n\n\n\n<p class=\"MsoNormal\">A su turno, Mario \u201cChorizo\u201d Quinteros, presidente del Centro de Jubilados y Pensionados del Petr\u00f3leo, destac\u00f3: \u201cFueron muchos a\u00f1os de lucha, pero cuando hay un gobernador que escucha, entiende y razona, estas cosas se pueden concretar. Todos estos logros est\u00e1n al servicio de la comunidad\u201d.<\/p>\n\n\n\n<p class=\"MsoNormal\">&nbsp;<\/p>\n\n\n\n<p class=\"MsoNormal\">Finalmente, durante el acto tambi\u00e9n se inaugur\u00f3 el Aula de Simulaci\u00f3n del hospital, que llevar\u00e1 el nombre \u201cMag\u00edster Raquel Mendieta\u201d en homenaje a una trabajadora de trayectoria ejemplar dentro de la instituci\u00f3n.<\/p>\n","protected":false},"excerpt":{"rendered":"<p>&nbsp; Se trata de la primera vez en toda la historia del establecimiento sanitario provincial, que el nosocomio recibe una ambulancia propia. Durante el emotivo acto, el mandatario destac\u00f3 tambi\u00e9n&hellip; <\/p>\n","protected":false},"author":2,"featured_media":17649,"comment_status":"closed","ping_status":"closed","sticky":false,"template":"","format":"standard","meta":{"footnotes":""},"categories":[14],"tags":[],"class_list":["post-17650","post","type-post","status-publish","format-standard","has-post-thumbnail","hentry","category-provinciales"],"yoast_head":"<!-- This site is optimized with the Yoast SEO plugin v27.4 - https:\/\/yoast.com\/product\/yoast-seo-wordpress\/ -->\n<title>Torres inaugur\u00f3 el Centro de D\u00eda del Hospital Alvear, entreg\u00f3 una ambulancia y una torre de laparoscop\u00eda: \u201cLa salud p\u00fablica no tiene color partidario ni bander\u00eda pol\u00edtica\u201d - FM Patagonia Madryn<\/title>\n<meta name=\"robots\" content=\"index, follow, max-snippet:-1, max-image-preview:large, max-video-preview:-1\" \/>\n<link rel=\"canonical\" href=\"https:\/\/fmpatagoniamadryn.com.ar\/?p=17650\" \/>\n<meta property=\"og:locale\" content=\"es_ES\" \/>\n<meta property=\"og:type\" content=\"article\" \/>\n<meta property=\"og:title\" content=\"Torres inaugur\u00f3 el Centro de D\u00eda del Hospital Alvear, entreg\u00f3 una ambulancia y una torre de laparoscop\u00eda: \u201cLa salud p\u00fablica no tiene color partidario ni bander\u00eda pol\u00edtica\u201d - FM Patagonia Madryn\" \/>\n<meta property=\"og:description\" content=\"&nbsp; Se trata de la primera vez en toda la historia del establecimiento sanitario provincial, que el nosocomio recibe una ambulancia propia. Durante el emotivo acto, el mandatario destac\u00f3 tambi\u00e9n&hellip;\" \/>\n<meta property=\"og:url\" content=\"https:\/\/fmpatagoniamadryn.com.ar\/?p=17650\" \/>\n<meta property=\"og:site_name\" content=\"FM Patagonia Madryn\" \/>\n<meta property=\"article:published_time\" content=\"2025-08-22T20:09:14+00:00\" \/>\n<meta property=\"og:image\" content=\"https:\/\/fmpatagoniamadryn.com.ar\/wp-content\/uploads\/2025\/08\/img_2966.jpg\" \/>\n\t<meta property=\"og:image:width\" content=\"2000\" \/>\n\t<meta property=\"og:image:height\" content=\"1330\" \/>\n\t<meta property=\"og:image:type\" content=\"image\/jpeg\" \/>\n<meta name=\"author\" content=\"FM Patagonia\" \/>\n<meta name=\"twitter:card\" content=\"summary_large_image\" \/>\n<meta name=\"twitter:label1\" content=\"Escrito por\" \/>\n\t<meta name=\"twitter:data1\" content=\"FM Patagonia\" \/>\n\t<meta name=\"twitter:label2\" content=\"Tiempo de lectura\" \/>\n\t<meta name=\"twitter:data2\" content=\"6 minutos\" \/>\n<script type=\"application\/ld+json\" class=\"yoast-schema-graph\">{\"@context\":\"https:\\\/\\\/schema.org\",\"@graph\":[{\"@type\":\"Article\",\"@id\":\"https:\\\/\\\/fmpatagoniamadryn.com.ar\\\/?p=17650#article\",\"isPartOf\":{\"@id\":\"https:\\\/\\\/fmpatagoniamadryn.com.ar\\\/?p=17650\"},\"author\":{\"name\":\"FM Patagonia\",\"@id\":\"https:\\\/\\\/fmpatagoniamadryn.com.ar\\\/#\\\/schema\\\/person\\\/8a3de4ad7efceacab06c1641c50303b7\"},\"headline\":\"Torres inaugur\u00f3 el Centro de D\u00eda del Hospital Alvear, entreg\u00f3 una ambulancia y una torre de laparoscop\u00eda: \u201cLa salud p\u00fablica no tiene color partidario ni bander\u00eda pol\u00edtica\u201d\",\"datePublished\":\"2025-08-22T20:09:14+00:00\",\"mainEntityOfPage\":{\"@id\":\"https:\\\/\\\/fmpatagoniamadryn.com.ar\\\/?p=17650\"},\"wordCount\":1187,\"publisher\":{\"@id\":\"https:\\\/\\\/fmpatagoniamadryn.com.ar\\\/#organization\"},\"image\":{\"@id\":\"https:\\\/\\\/fmpatagoniamadryn.com.ar\\\/?p=17650#primaryimage\"},\"thumbnailUrl\":\"https:\\\/\\\/fmpatagoniamadryn.com.ar\\\/wp-content\\\/uploads\\\/2025\\\/08\\\/img_2966.jpg\",\"articleSection\":[\"Provinciales\"],\"inLanguage\":\"es\"},{\"@type\":\"WebPage\",\"@id\":\"https:\\\/\\\/fmpatagoniamadryn.com.ar\\\/?p=17650\",\"url\":\"https:\\\/\\\/fmpatagoniamadryn.com.ar\\\/?p=17650\",\"name\":\"Torres inaugur\u00f3 el Centro de D\u00eda del Hospital Alvear, entreg\u00f3 una ambulancia y una torre de laparoscop\u00eda: \u201cLa salud p\u00fablica no tiene color partidario ni bander\u00eda pol\u00edtica\u201d - FM Patagonia Madryn\",\"isPartOf\":{\"@id\":\"https:\\\/\\\/fmpatagoniamadryn.com.ar\\\/#website\"},\"primaryImageOfPage\":{\"@id\":\"https:\\\/\\\/fmpatagoniamadryn.com.ar\\\/?p=17650#primaryimage\"},\"image\":{\"@id\":\"https:\\\/\\\/fmpatagoniamadryn.com.ar\\\/?p=17650#primaryimage\"},\"thumbnailUrl\":\"https:\\\/\\\/fmpatagoniamadryn.com.ar\\\/wp-content\\\/uploads\\\/2025\\\/08\\\/img_2966.jpg\",\"datePublished\":\"2025-08-22T20:09:14+00:00\",\"breadcrumb\":{\"@id\":\"https:\\\/\\\/fmpatagoniamadryn.com.ar\\\/?p=17650#breadcrumb\"},\"inLanguage\":\"es\",\"potentialAction\":[{\"@type\":\"ReadAction\",\"target\":[\"https:\\\/\\\/fmpatagoniamadryn.com.ar\\\/?p=17650\"]}]},{\"@type\":\"ImageObject\",\"inLanguage\":\"es\",\"@id\":\"https:\\\/\\\/fmpatagoniamadryn.com.ar\\\/?p=17650#primaryimage\",\"url\":\"https:\\\/\\\/fmpatagoniamadryn.com.ar\\\/wp-content\\\/uploads\\\/2025\\\/08\\\/img_2966.jpg\",\"contentUrl\":\"https:\\\/\\\/fmpatagoniamadryn.com.ar\\\/wp-content\\\/uploads\\\/2025\\\/08\\\/img_2966.jpg\",\"width\":2000,\"height\":1330},{\"@type\":\"BreadcrumbList\",\"@id\":\"https:\\\/\\\/fmpatagoniamadryn.com.ar\\\/?p=17650#breadcrumb\",\"itemListElement\":[{\"@type\":\"ListItem\",\"position\":1,\"name\":\"Portada\",\"item\":\"https:\\\/\\\/fmpatagoniamadryn.com.ar\\\/\"},{\"@type\":\"ListItem\",\"position\":2,\"name\":\"Torres inaugur\u00f3 el Centro de D\u00eda del Hospital Alvear, entreg\u00f3 una ambulancia y una torre de laparoscop\u00eda: \u201cLa salud p\u00fablica no tiene color partidario ni bander\u00eda pol\u00edtica\u201d\"}]},{\"@type\":\"WebSite\",\"@id\":\"https:\\\/\\\/fmpatagoniamadryn.com.ar\\\/#website\",\"url\":\"https:\\\/\\\/fmpatagoniamadryn.com.ar\\\/\",\"name\":\"FM Patagonia Madryn\",\"description\":\"Radio Patagonia 105.5\",\"publisher\":{\"@id\":\"https:\\\/\\\/fmpatagoniamadryn.com.ar\\\/#organization\"},\"potentialAction\":[{\"@type\":\"SearchAction\",\"target\":{\"@type\":\"EntryPoint\",\"urlTemplate\":\"https:\\\/\\\/fmpatagoniamadryn.com.ar\\\/?s={search_term_string}\"},\"query-input\":{\"@type\":\"PropertyValueSpecification\",\"valueRequired\":true,\"valueName\":\"search_term_string\"}}],\"inLanguage\":\"es\"},{\"@type\":\"Organization\",\"@id\":\"https:\\\/\\\/fmpatagoniamadryn.com.ar\\\/#organization\",\"name\":\"FM Patagonia Madryn\",\"url\":\"https:\\\/\\\/fmpatagoniamadryn.com.ar\\\/\",\"logo\":{\"@type\":\"ImageObject\",\"inLanguage\":\"es\",\"@id\":\"https:\\\/\\\/fmpatagoniamadryn.com.ar\\\/#\\\/schema\\\/logo\\\/image\\\/\",\"url\":\"https:\\\/\\\/fmpatagoniamadryn.com.ar\\\/wp-content\\\/uploads\\\/2023\\\/01\\\/cropped-Diseno-sin-titulo.png\",\"contentUrl\":\"https:\\\/\\\/fmpatagoniamadryn.com.ar\\\/wp-content\\\/uploads\\\/2023\\\/01\\\/cropped-Diseno-sin-titulo.png\",\"width\":6911,\"height\":2657,\"caption\":\"FM Patagonia Madryn\"},\"image\":{\"@id\":\"https:\\\/\\\/fmpatagoniamadryn.com.ar\\\/#\\\/schema\\\/logo\\\/image\\\/\"}},{\"@type\":\"Person\",\"@id\":\"https:\\\/\\\/fmpatagoniamadryn.com.ar\\\/#\\\/schema\\\/person\\\/8a3de4ad7efceacab06c1641c50303b7\",\"name\":\"FM Patagonia\",\"url\":\"https:\\\/\\\/fmpatagoniamadryn.com.ar\\\/?author=2\"}]}<\/script>\n<!-- \/ Yoast SEO plugin. -->","yoast_head_json":{"title":"Torres inaugur\u00f3 el Centro de D\u00eda del Hospital Alvear, entreg\u00f3 una ambulancia y una torre de laparoscop\u00eda: \u201cLa salud p\u00fablica no tiene color partidario ni bander\u00eda pol\u00edtica\u201d - FM Patagonia Madryn","robots":{"index":"index","follow":"follow","max-snippet":"max-snippet:-1","max-image-preview":"max-image-preview:large","max-video-preview":"max-video-preview:-1"},"canonical":"https:\/\/fmpatagoniamadryn.com.ar\/?p=17650","og_locale":"es_ES","og_type":"article","og_title":"Torres inaugur\u00f3 el Centro de D\u00eda del Hospital Alvear, entreg\u00f3 una ambulancia y una torre de laparoscop\u00eda: \u201cLa salud p\u00fablica no tiene color partidario ni bander\u00eda pol\u00edtica\u201d - FM Patagonia Madryn","og_description":"&nbsp; Se trata de la primera vez en toda la historia del establecimiento sanitario provincial, que el nosocomio recibe una ambulancia propia. Durante el emotivo acto, el mandatario destac\u00f3 tambi\u00e9n&hellip;","og_url":"https:\/\/fmpatagoniamadryn.com.ar\/?p=17650","og_site_name":"FM Patagonia Madryn","article_published_time":"2025-08-22T20:09:14+00:00","og_image":[{"width":2000,"height":1330,"url":"https:\/\/fmpatagoniamadryn.com.ar\/wp-content\/uploads\/2025\/08\/img_2966.jpg","type":"image\/jpeg"}],"author":"FM Patagonia","twitter_card":"summary_large_image","twitter_misc":{"Escrito por":"FM Patagonia","Tiempo de lectura":"6 minutos"},"schema":{"@context":"https:\/\/schema.org","@graph":[{"@type":"Article","@id":"https:\/\/fmpatagoniamadryn.com.ar\/?p=17650#article","isPartOf":{"@id":"https:\/\/fmpatagoniamadryn.com.ar\/?p=17650"},"author":{"name":"FM Patagonia","@id":"https:\/\/fmpatagoniamadryn.com.ar\/#\/schema\/person\/8a3de4ad7efceacab06c1641c50303b7"},"headline":"Torres inaugur\u00f3 el Centro de D\u00eda del Hospital Alvear, entreg\u00f3 una ambulancia y una torre de laparoscop\u00eda: \u201cLa salud p\u00fablica no tiene color partidario ni bander\u00eda pol\u00edtica\u201d","datePublished":"2025-08-22T20:09:14+00:00","mainEntityOfPage":{"@id":"https:\/\/fmpatagoniamadryn.com.ar\/?p=17650"},"wordCount":1187,"publisher":{"@id":"https:\/\/fmpatagoniamadryn.com.ar\/#organization"},"image":{"@id":"https:\/\/fmpatagoniamadryn.com.ar\/?p=17650#primaryimage"},"thumbnailUrl":"https:\/\/fmpatagoniamadryn.com.ar\/wp-content\/uploads\/2025\/08\/img_2966.jpg","articleSection":["Provinciales"],"inLanguage":"es"},{"@type":"WebPage","@id":"https:\/\/fmpatagoniamadryn.com.ar\/?p=17650","url":"https:\/\/fmpatagoniamadryn.com.ar\/?p=17650","name":"Torres inaugur\u00f3 el Centro de D\u00eda del Hospital Alvear, entreg\u00f3 una ambulancia y una torre de laparoscop\u00eda: \u201cLa salud p\u00fablica no tiene color partidario ni bander\u00eda pol\u00edtica\u201d - FM Patagonia Madryn","isPartOf":{"@id":"https:\/\/fmpatagoniamadryn.com.ar\/#website"},"primaryImageOfPage":{"@id":"https:\/\/fmpatagoniamadryn.com.ar\/?p=17650#primaryimage"},"image":{"@id":"https:\/\/fmpatagoniamadryn.com.ar\/?p=17650#primaryimage"},"thumbnailUrl":"https:\/\/fmpatagoniamadryn.com.ar\/wp-content\/uploads\/2025\/08\/img_2966.jpg","datePublished":"2025-08-22T20:09:14+00:00","breadcrumb":{"@id":"https:\/\/fmpatagoniamadryn.com.ar\/?p=17650#breadcrumb"},"inLanguage":"es","potentialAction":[{"@type":"ReadAction","target":["https:\/\/fmpatagoniamadryn.com.ar\/?p=17650"]}]},{"@type":"ImageObject","inLanguage":"es","@id":"https:\/\/fmpatagoniamadryn.com.ar\/?p=17650#primaryimage","url":"https:\/\/fmpatagoniamadryn.com.ar\/wp-content\/uploads\/2025\/08\/img_2966.jpg","contentUrl":"https:\/\/fmpatagoniamadryn.com.ar\/wp-content\/uploads\/2025\/08\/img_2966.jpg","width":2000,"height":1330},{"@type":"BreadcrumbList","@id":"https:\/\/fmpatagoniamadryn.com.ar\/?p=17650#breadcrumb","itemListElement":[{"@type":"ListItem","position":1,"name":"Portada","item":"https:\/\/fmpatagoniamadryn.com.ar\/"},{"@type":"ListItem","position":2,"name":"Torres inaugur\u00f3 el Centro de D\u00eda del Hospital Alvear, entreg\u00f3 una ambulancia y una torre de laparoscop\u00eda: \u201cLa salud p\u00fablica no tiene color partidario ni bander\u00eda pol\u00edtica\u201d"}]},{"@type":"WebSite","@id":"https:\/\/fmpatagoniamadryn.com.ar\/#website","url":"https:\/\/fmpatagoniamadryn.com.ar\/","name":"FM Patagonia Madryn","description":"Radio Patagonia 105.5","publisher":{"@id":"https:\/\/fmpatagoniamadryn.com.ar\/#organization"},"potentialAction":[{"@type":"SearchAction","target":{"@type":"EntryPoint","urlTemplate":"https:\/\/fmpatagoniamadryn.com.ar\/?s={search_term_string}"},"query-input":{"@type":"PropertyValueSpecification","valueRequired":true,"valueName":"search_term_string"}}],"inLanguage":"es"},{"@type":"Organization","@id":"https:\/\/fmpatagoniamadryn.com.ar\/#organization","name":"FM Patagonia Madryn","url":"https:\/\/fmpatagoniamadryn.com.ar\/","logo":{"@type":"ImageObject","inLanguage":"es","@id":"https:\/\/fmpatagoniamadryn.com.ar\/#\/schema\/logo\/image\/","url":"https:\/\/fmpatagoniamadryn.com.ar\/wp-content\/uploads\/2023\/01\/cropped-Diseno-sin-titulo.png","contentUrl":"https:\/\/fmpatagoniamadryn.com.ar\/wp-content\/uploads\/2023\/01\/cropped-Diseno-sin-titulo.png","width":6911,"height":2657,"caption":"FM Patagonia Madryn"},"image":{"@id":"https:\/\/fmpatagoniamadryn.com.ar\/#\/schema\/logo\/image\/"}},{"@type":"Person","@id":"https:\/\/fmpatagoniamadryn.com.ar\/#\/schema\/person\/8a3de4ad7efceacab06c1641c50303b7","name":"FM Patagonia","url":"https:\/\/fmpatagoniamadryn.com.ar\/?author=2"}]}},"jetpack_featured_media_url":"https:\/\/fmpatagoniamadryn.com.ar\/wp-content\/uploads\/2025\/08\/img_2966.jpg","_links":{"self":[{"href":"https:\/\/fmpatagoniamadryn.com.ar\/index.php?rest_route=\/wp\/v2\/posts\/17650","targetHints":{"allow":["GET"]}}],"collection":[{"href":"https:\/\/fmpatagoniamadryn.com.ar\/index.php?rest_route=\/wp\/v2\/posts"}],"about":[{"href":"https:\/\/fmpatagoniamadryn.com.ar\/index.php?rest_route=\/wp\/v2\/types\/post"}],"author":[{"embeddable":true,"href":"https:\/\/fmpatagoniamadryn.com.ar\/index.php?rest_route=\/wp\/v2\/users\/2"}],"replies":[{"embeddable":true,"href":"https:\/\/fmpatagoniamadryn.com.ar\/index.php?rest_route=%2Fwp%2Fv2%2Fcomments&post=17650"}],"version-history":[{"count":1,"href":"https:\/\/fmpatagoniamadryn.com.ar\/index.php?rest_route=\/wp\/v2\/posts\/17650\/revisions"}],"predecessor-version":[{"id":17651,"href":"https:\/\/fmpatagoniamadryn.com.ar\/index.php?rest_route=\/wp\/v2\/posts\/17650\/revisions\/17651"}],"wp:featuredmedia":[{"embeddable":true,"href":"https:\/\/fmpatagoniamadryn.com.ar\/index.php?rest_route=\/wp\/v2\/media\/17649"}],"wp:attachment":[{"href":"https:\/\/fmpatagoniamadryn.com.ar\/index.php?rest_route=%2Fwp%2Fv2%2Fmedia&parent=17650"}],"wp:term":[{"taxonomy":"category","embeddable":true,"href":"https:\/\/fmpatagoniamadryn.com.ar\/index.php?rest_route=%2Fwp%2Fv2%2Fcategories&post=17650"},{"taxonomy":"post_tag","embeddable":true,"href":"https:\/\/fmpatagoniamadryn.com.ar\/index.php?rest_route=%2Fwp%2Fv2%2Ftags&post=17650"}],"curies":[{"name":"wp","href":"https:\/\/api.w.org\/{rel}","templated":true}]}}