{"id":17653,"date":"2025-08-24T11:57:37","date_gmt":"2025-08-24T14:57:37","guid":{"rendered":"https:\/\/fmpatagoniamadryn.com.ar\/?p=17653"},"modified":"2025-08-24T11:57:37","modified_gmt":"2025-08-24T14:57:37","slug":"sastre-el-minihogar-es-un-simbolo-de-puerto-madryn","status":"publish","type":"post","link":"https:\/\/fmpatagoniamadryn.com.ar\/?p=17653","title":{"rendered":"SASTRE: \u201cEL MINIHOGAR ES UN S\u00cdMBOLO DE PUERTO MADRYN\u201d"},"content":{"rendered":"\n<p><\/p>\n\n\n\n<p><em>El Intendente particip\u00f3 del acto de conmemoraci\u00f3n del nuevo aniversario del ahora denominado Centro Integral de la Ni\u00f1ez<\/em><\/p>\n\n\n\n<p>El intendente de Puerto Madryn, Gustavo Sastre, particip\u00f3 del acto aniversario por el 46\u00ba aniversario del Centro Integral de la Ni\u00f1ez, hist\u00f3ricamente conocido como Minihogar.&nbsp;<\/p>\n\n\n\n<p>La celebraci\u00f3n inici\u00f3 en horas&nbsp;de la ma\u00f1ana&nbsp;y se extendi\u00f3 hasta la tarde, con un cierre a cargo del grupo \u201cLas abuelas leen cuentos\u201d, quienes compartir\u00e1n lecturas especialmente seleccionadas para las ni\u00f1as y los ni\u00f1os.&nbsp;<\/p>\n\n\n\n<p>Vale recordar que este espacio es un sitio de cuidado y contenci\u00f3n para ni\u00f1os y ni\u00f1as sin v\u00ednculos familiares. Actualmente, se consolida como un \u00e1mbito de protecci\u00f3n, respeto y acompa\u00f1amiento con una mirada integral de derechos.<\/p>\n\n\n\n<p><strong>S\u00edmbolo de la ciudad<\/strong><\/p>\n\n\n\n<p>Al respecto, el Intendente dijo: \u201cEl Centro Integral de la Ni\u00f1ez, que hist\u00f3ricamente conocimos como Minihogar, es un s\u00edmbolo de Puerto Madryn. En este nuevo aniversario, quiero resaltar el orgullo que siento por el gran equipo de trabajo que tenemos, que cumplen una labor important\u00edsima\u201d.&nbsp;<\/p>\n\n\n\n<p>\u201cEn nuestra ciudad seguimos fortaleciendo las pol\u00edticas que nos permitan avanzar en la protecci\u00f3n integral de la infancia, con una mirada integradora\u201d, agreg\u00f3 el Jefe Comunal.<\/p>\n","protected":false},"excerpt":{"rendered":"<p>El Intendente particip\u00f3 del acto de conmemoraci\u00f3n del nuevo aniversario del ahora denominado Centro Integral de la Ni\u00f1ez El intendente de Puerto Madryn, Gustavo Sastre, particip\u00f3 del acto aniversario por&hellip; <\/p>\n","protected":false},"author":2,"featured_media":0,"comment_status":"closed","ping_status":"closed","sticky":false,"template":"","format":"standard","meta":{"footnotes":""},"categories":[15],"tags":[],"class_list":["post-17653","post","type-post","status-publish","format-standard","hentry","category-locales"],"yoast_head":"<!-- This site is optimized with the Yoast SEO plugin v27.4 - https:\/\/yoast.com\/product\/yoast-seo-wordpress\/ -->\n<title>SASTRE: \u201cEL MINIHOGAR ES UN S\u00cdMBOLO DE PUERTO MADRYN\u201d - FM Patagonia Madryn<\/title>\n<meta name=\"robots\" content=\"index, follow, max-snippet:-1, max-image-preview:large, max-video-preview:-1\" \/>\n<link rel=\"canonical\" href=\"https:\/\/fmpatagoniamadryn.com.ar\/?p=17653\" \/>\n<meta property=\"og:locale\" content=\"es_ES\" \/>\n<meta property=\"og:type\" content=\"article\" \/>\n<meta property=\"og:title\" content=\"SASTRE: \u201cEL MINIHOGAR ES UN S\u00cdMBOLO DE PUERTO MADRYN\u201d - FM Patagonia Madryn\" \/>\n<meta property=\"og:description\" content=\"El Intendente particip\u00f3 del acto de conmemoraci\u00f3n del nuevo aniversario del ahora denominado Centro Integral de la Ni\u00f1ez El intendente de Puerto Madryn, Gustavo Sastre, particip\u00f3 del acto aniversario por&hellip;\" \/>\n<meta property=\"og:url\" content=\"https:\/\/fmpatagoniamadryn.com.ar\/?p=17653\" \/>\n<meta property=\"og:site_name\" content=\"FM Patagonia Madryn\" \/>\n<meta property=\"article:published_time\" content=\"2025-08-24T14:57:37+00:00\" \/>\n<meta name=\"author\" content=\"FM Patagonia\" \/>\n<meta name=\"twitter:card\" content=\"summary_large_image\" \/>\n<meta name=\"twitter:label1\" content=\"Escrito por\" \/>\n\t<meta name=\"twitter:data1\" content=\"FM Patagonia\" \/>\n\t<meta name=\"twitter:label2\" content=\"Tiempo de lectura\" \/>\n\t<meta name=\"twitter:data2\" content=\"1 minuto\" \/>\n<script type=\"application\/ld+json\" class=\"yoast-schema-graph\">{\"@context\":\"https:\\\/\\\/schema.org\",\"@graph\":[{\"@type\":\"Article\",\"@id\":\"https:\\\/\\\/fmpatagoniamadryn.com.ar\\\/?p=17653#article\",\"isPartOf\":{\"@id\":\"https:\\\/\\\/fmpatagoniamadryn.com.ar\\\/?p=17653\"},\"author\":{\"name\":\"FM Patagonia\",\"@id\":\"https:\\\/\\\/fmpatagoniamadryn.com.ar\\\/#\\\/schema\\\/person\\\/8a3de4ad7efceacab06c1641c50303b7\"},\"headline\":\"SASTRE: \u201cEL MINIHOGAR ES UN S\u00cdMBOLO DE PUERTO MADRYN\u201d\",\"datePublished\":\"2025-08-24T14:57:37+00:00\",\"mainEntityOfPage\":{\"@id\":\"https:\\\/\\\/fmpatagoniamadryn.com.ar\\\/?p=17653\"},\"wordCount\":226,\"publisher\":{\"@id\":\"https:\\\/\\\/fmpatagoniamadryn.com.ar\\\/#organization\"},\"articleSection\":[\"Locales\"],\"inLanguage\":\"es\"},{\"@type\":\"WebPage\",\"@id\":\"https:\\\/\\\/fmpatagoniamadryn.com.ar\\\/?p=17653\",\"url\":\"https:\\\/\\\/fmpatagoniamadryn.com.ar\\\/?p=17653\",\"name\":\"SASTRE: \u201cEL MINIHOGAR ES UN S\u00cdMBOLO DE PUERTO MADRYN\u201d - FM Patagonia Madryn\",\"isPartOf\":{\"@id\":\"https:\\\/\\\/fmpatagoniamadryn.com.ar\\\/#website\"},\"datePublished\":\"2025-08-24T14:57:37+00:00\",\"breadcrumb\":{\"@id\":\"https:\\\/\\\/fmpatagoniamadryn.com.ar\\\/?p=17653#breadcrumb\"},\"inLanguage\":\"es\",\"potentialAction\":[{\"@type\":\"ReadAction\",\"target\":[\"https:\\\/\\\/fmpatagoniamadryn.com.ar\\\/?p=17653\"]}]},{\"@type\":\"BreadcrumbList\",\"@id\":\"https:\\\/\\\/fmpatagoniamadryn.com.ar\\\/?p=17653#breadcrumb\",\"itemListElement\":[{\"@type\":\"ListItem\",\"position\":1,\"name\":\"Portada\",\"item\":\"https:\\\/\\\/fmpatagoniamadryn.com.ar\\\/\"},{\"@type\":\"ListItem\",\"position\":2,\"name\":\"SASTRE: \u201cEL MINIHOGAR ES UN S\u00cdMBOLO DE PUERTO MADRYN\u201d\"}]},{\"@type\":\"WebSite\",\"@id\":\"https:\\\/\\\/fmpatagoniamadryn.com.ar\\\/#website\",\"url\":\"https:\\\/\\\/fmpatagoniamadryn.com.ar\\\/\",\"name\":\"FM Patagonia Madryn\",\"description\":\"Radio Patagonia 105.5\",\"publisher\":{\"@id\":\"https:\\\/\\\/fmpatagoniamadryn.com.ar\\\/#organization\"},\"potentialAction\":[{\"@type\":\"SearchAction\",\"target\":{\"@type\":\"EntryPoint\",\"urlTemplate\":\"https:\\\/\\\/fmpatagoniamadryn.com.ar\\\/?s={search_term_string}\"},\"query-input\":{\"@type\":\"PropertyValueSpecification\",\"valueRequired\":true,\"valueName\":\"search_term_string\"}}],\"inLanguage\":\"es\"},{\"@type\":\"Organization\",\"@id\":\"https:\\\/\\\/fmpatagoniamadryn.com.ar\\\/#organization\",\"name\":\"FM Patagonia Madryn\",\"url\":\"https:\\\/\\\/fmpatagoniamadryn.com.ar\\\/\",\"logo\":{\"@type\":\"ImageObject\",\"inLanguage\":\"es\",\"@id\":\"https:\\\/\\\/fmpatagoniamadryn.com.ar\\\/#\\\/schema\\\/logo\\\/image\\\/\",\"url\":\"https:\\\/\\\/fmpatagoniamadryn.com.ar\\\/wp-content\\\/uploads\\\/2023\\\/01\\\/cropped-Diseno-sin-titulo.png\",\"contentUrl\":\"https:\\\/\\\/fmpatagoniamadryn.com.ar\\\/wp-content\\\/uploads\\\/2023\\\/01\\\/cropped-Diseno-sin-titulo.png\",\"width\":6911,\"height\":2657,\"caption\":\"FM Patagonia Madryn\"},\"image\":{\"@id\":\"https:\\\/\\\/fmpatagoniamadryn.com.ar\\\/#\\\/schema\\\/logo\\\/image\\\/\"}},{\"@type\":\"Person\",\"@id\":\"https:\\\/\\\/fmpatagoniamadryn.com.ar\\\/#\\\/schema\\\/person\\\/8a3de4ad7efceacab06c1641c50303b7\",\"name\":\"FM Patagonia\",\"url\":\"https:\\\/\\\/fmpatagoniamadryn.com.ar\\\/?author=2\"}]}<\/script>\n<!-- \/ Yoast SEO plugin. -->","yoast_head_json":{"title":"SASTRE: \u201cEL MINIHOGAR ES UN S\u00cdMBOLO DE PUERTO MADRYN\u201d - FM Patagonia Madryn","robots":{"index":"index","follow":"follow","max-snippet":"max-snippet:-1","max-image-preview":"max-image-preview:large","max-video-preview":"max-video-preview:-1"},"canonical":"https:\/\/fmpatagoniamadryn.com.ar\/?p=17653","og_locale":"es_ES","og_type":"article","og_title":"SASTRE: \u201cEL MINIHOGAR ES UN S\u00cdMBOLO DE PUERTO MADRYN\u201d - FM Patagonia Madryn","og_description":"El Intendente particip\u00f3 del acto de conmemoraci\u00f3n del nuevo aniversario del ahora denominado Centro Integral de la Ni\u00f1ez El intendente de Puerto Madryn, Gustavo Sastre, particip\u00f3 del acto aniversario por&hellip;","og_url":"https:\/\/fmpatagoniamadryn.com.ar\/?p=17653","og_site_name":"FM Patagonia Madryn","article_published_time":"2025-08-24T14:57:37+00:00","author":"FM Patagonia","twitter_card":"summary_large_image","twitter_misc":{"Escrito por":"FM Patagonia","Tiempo de lectura":"1 minuto"},"schema":{"@context":"https:\/\/schema.org","@graph":[{"@type":"Article","@id":"https:\/\/fmpatagoniamadryn.com.ar\/?p=17653#article","isPartOf":{"@id":"https:\/\/fmpatagoniamadryn.com.ar\/?p=17653"},"author":{"name":"FM Patagonia","@id":"https:\/\/fmpatagoniamadryn.com.ar\/#\/schema\/person\/8a3de4ad7efceacab06c1641c50303b7"},"headline":"SASTRE: \u201cEL MINIHOGAR ES UN S\u00cdMBOLO DE PUERTO MADRYN\u201d","datePublished":"2025-08-24T14:57:37+00:00","mainEntityOfPage":{"@id":"https:\/\/fmpatagoniamadryn.com.ar\/?p=17653"},"wordCount":226,"publisher":{"@id":"https:\/\/fmpatagoniamadryn.com.ar\/#organization"},"articleSection":["Locales"],"inLanguage":"es"},{"@type":"WebPage","@id":"https:\/\/fmpatagoniamadryn.com.ar\/?p=17653","url":"https:\/\/fmpatagoniamadryn.com.ar\/?p=17653","name":"SASTRE: \u201cEL MINIHOGAR ES UN S\u00cdMBOLO DE PUERTO MADRYN\u201d - FM Patagonia Madryn","isPartOf":{"@id":"https:\/\/fmpatagoniamadryn.com.ar\/#website"},"datePublished":"2025-08-24T14:57:37+00:00","breadcrumb":{"@id":"https:\/\/fmpatagoniamadryn.com.ar\/?p=17653#breadcrumb"},"inLanguage":"es","potentialAction":[{"@type":"ReadAction","target":["https:\/\/fmpatagoniamadryn.com.ar\/?p=17653"]}]},{"@type":"BreadcrumbList","@id":"https:\/\/fmpatagoniamadryn.com.ar\/?p=17653#breadcrumb","itemListElement":[{"@type":"ListItem","position":1,"name":"Portada","item":"https:\/\/fmpatagoniamadryn.com.ar\/"},{"@type":"ListItem","position":2,"name":"SASTRE: \u201cEL MINIHOGAR ES UN S\u00cdMBOLO DE PUERTO MADRYN\u201d"}]},{"@type":"WebSite","@id":"https:\/\/fmpatagoniamadryn.com.ar\/#website","url":"https:\/\/fmpatagoniamadryn.com.ar\/","name":"FM Patagonia Madryn","description":"Radio Patagonia 105.5","publisher":{"@id":"https:\/\/fmpatagoniamadryn.com.ar\/#organization"},"potentialAction":[{"@type":"SearchAction","target":{"@type":"EntryPoint","urlTemplate":"https:\/\/fmpatagoniamadryn.com.ar\/?s={search_term_string}"},"query-input":{"@type":"PropertyValueSpecification","valueRequired":true,"valueName":"search_term_string"}}],"inLanguage":"es"},{"@type":"Organization","@id":"https:\/\/fmpatagoniamadryn.com.ar\/#organization","name":"FM Patagonia Madryn","url":"https:\/\/fmpatagoniamadryn.com.ar\/","logo":{"@type":"ImageObject","inLanguage":"es","@id":"https:\/\/fmpatagoniamadryn.com.ar\/#\/schema\/logo\/image\/","url":"https:\/\/fmpatagoniamadryn.com.ar\/wp-content\/uploads\/2023\/01\/cropped-Diseno-sin-titulo.png","contentUrl":"https:\/\/fmpatagoniamadryn.com.ar\/wp-content\/uploads\/2023\/01\/cropped-Diseno-sin-titulo.png","width":6911,"height":2657,"caption":"FM Patagonia Madryn"},"image":{"@id":"https:\/\/fmpatagoniamadryn.com.ar\/#\/schema\/logo\/image\/"}},{"@type":"Person","@id":"https:\/\/fmpatagoniamadryn.com.ar\/#\/schema\/person\/8a3de4ad7efceacab06c1641c50303b7","name":"FM Patagonia","url":"https:\/\/fmpatagoniamadryn.com.ar\/?author=2"}]}},"jetpack_featured_media_url":"","_links":{"self":[{"href":"https:\/\/fmpatagoniamadryn.com.ar\/index.php?rest_route=\/wp\/v2\/posts\/17653","targetHints":{"allow":["GET"]}}],"collection":[{"href":"https:\/\/fmpatagoniamadryn.com.ar\/index.php?rest_route=\/wp\/v2\/posts"}],"about":[{"href":"https:\/\/fmpatagoniamadryn.com.ar\/index.php?rest_route=\/wp\/v2\/types\/post"}],"author":[{"embeddable":true,"href":"https:\/\/fmpatagoniamadryn.com.ar\/index.php?rest_route=\/wp\/v2\/users\/2"}],"replies":[{"embeddable":true,"href":"https:\/\/fmpatagoniamadryn.com.ar\/index.php?rest_route=%2Fwp%2Fv2%2Fcomments&post=17653"}],"version-history":[{"count":1,"href":"https:\/\/fmpatagoniamadryn.com.ar\/index.php?rest_route=\/wp\/v2\/posts\/17653\/revisions"}],"predecessor-version":[{"id":17654,"href":"https:\/\/fmpatagoniamadryn.com.ar\/index.php?rest_route=\/wp\/v2\/posts\/17653\/revisions\/17654"}],"wp:attachment":[{"href":"https:\/\/fmpatagoniamadryn.com.ar\/index.php?rest_route=%2Fwp%2Fv2%2Fmedia&parent=17653"}],"wp:term":[{"taxonomy":"category","embeddable":true,"href":"https:\/\/fmpatagoniamadryn.com.ar\/index.php?rest_route=%2Fwp%2Fv2%2Fcategories&post=17653"},{"taxonomy":"post_tag","embeddable":true,"href":"https:\/\/fmpatagoniamadryn.com.ar\/index.php?rest_route=%2Fwp%2Fv2%2Ftags&post=17653"}],"curies":[{"name":"wp","href":"https:\/\/api.w.org\/{rel}","templated":true}]}}