{"id":17656,"date":"2025-08-24T12:03:07","date_gmt":"2025-08-24T15:03:07","guid":{"rendered":"https:\/\/fmpatagoniamadryn.com.ar\/?p=17656"},"modified":"2025-08-24T12:03:07","modified_gmt":"2025-08-24T15:03:07","slug":"provincia-recuerda-que-hasta-el-31-de-agosto-estara-vigente-la-campana-de-vacunacion-contra-el-virus-sincicial-respiratorio","status":"publish","type":"post","link":"https:\/\/fmpatagoniamadryn.com.ar\/?p=17656","title":{"rendered":"Provincia recuerda que\u00a0hasta el 31 de agosto\u00a0estar\u00e1 vigente la Campa\u00f1a de Vacunaci\u00f3n contra el Virus Sincicial Respiratorio"},"content":{"rendered":"\n<p><\/p>\n\n\n\n<p><em>La estrategia est\u00e1 dirigida a embarazadas que se encuentran cursando el octavo mes. Ya se vacunaron un total de 2.140 personas gestantes en toda la provincia.<\/em><\/p>\n\n\n\n<p>El Gobierno del Chubut, a trav\u00e9s de la Secretar\u00eda de Salud, indic\u00f3 que la Campa\u00f1a de Vacunaci\u00f3n contra el Virus Sincicial Respiratorio (VSR), que est\u00e1 destinada a embarazadas que se encuentran en el octavo mes, culminar\u00e1&nbsp;el 31 de agosto.<\/p>\n\n\n\n<p>En ese sentido, se recuerda a las mujeres gestantes la importancia de vacunarse para proteger a sus beb\u00e9s de la Bronquiolitis y la Neumon\u00eda, convoc\u00e1ndolas a acercarse a los diferentes vacunatorios que funcionan en toda la provincia, para aplicarse la dosis de manera gratuita, teniendo en cuenta que no se necesita indicaci\u00f3n m\u00e9dica.<\/p>\n\n\n\n<p><strong>Dosis aplicadas<\/strong><\/p>\n\n\n\n<p>En ese marco, desde la cartera sanitaria chubutense se detall\u00f3 que hasta el momento se vacunaron contra el Virus Sincicial Respiratorio un total de 2.140 embarazadas de distintos lugares de la provincia.<\/p>\n\n\n\n<p>Cabe recordar que el VSR es el principal causante de la Bronquiolitis, la Neumon\u00eda y otras Infecciones Respiratorias Agudas Bajas (IRAB) en beb\u00e9s menores de un a\u00f1o, y tiene una importante repercusi\u00f3n en el sistema sanitario durante la \u00e9poca invernal, por eso es relevante que todas las embarazadas se apliquen la vacuna, ya que se ha demostrado una eficacia elevada en la disminuci\u00f3n de las internaciones graves.<\/p>\n\n\n\n<p><strong>Vacuna<\/strong><\/p>\n\n\n\n<p>Desde la Secretar\u00eda de Salud del Chubut se record\u00f3 que la vacuna est\u00e1 indicada a todas las personas gestantes durante el octavo mes de embarazo (entre las semanas 32 y 36) y, de esta manera, los beb\u00e9s quedan protegidos desde el nacimiento hasta los 6 meses de vida.<\/p>\n\n\n\n<p>Adem\u00e1s, esta dosis puede aplicarse junto con cualquiera de las otras vacunas indicadas durante el embarazo, como la Triple Bacteriana Acelular, la antigripal y la vacuna contra el Covid-19.<\/p>\n","protected":false},"excerpt":{"rendered":"<p>La estrategia est\u00e1 dirigida a embarazadas que se encuentran cursando el octavo mes. Ya se vacunaron un total de 2.140 personas gestantes en toda la provincia. El Gobierno del Chubut,&hellip; <\/p>\n","protected":false},"author":2,"featured_media":17655,"comment_status":"closed","ping_status":"closed","sticky":false,"template":"","format":"standard","meta":{"footnotes":""},"categories":[14],"tags":[],"class_list":["post-17656","post","type-post","status-publish","format-standard","has-post-thumbnail","hentry","category-provinciales"],"yoast_head":"<!-- This site is optimized with the Yoast SEO plugin v27.4 - https:\/\/yoast.com\/product\/yoast-seo-wordpress\/ -->\n<title>Provincia recuerda que\u00a0hasta el 31 de agosto\u00a0estar\u00e1 vigente la Campa\u00f1a de Vacunaci\u00f3n contra el Virus Sincicial Respiratorio - FM Patagonia Madryn<\/title>\n<meta name=\"robots\" content=\"index, follow, max-snippet:-1, max-image-preview:large, max-video-preview:-1\" \/>\n<link rel=\"canonical\" href=\"https:\/\/fmpatagoniamadryn.com.ar\/?p=17656\" \/>\n<meta property=\"og:locale\" content=\"es_ES\" \/>\n<meta property=\"og:type\" content=\"article\" \/>\n<meta property=\"og:title\" content=\"Provincia recuerda que\u00a0hasta el 31 de agosto\u00a0estar\u00e1 vigente la Campa\u00f1a de Vacunaci\u00f3n contra el Virus Sincicial Respiratorio - FM Patagonia Madryn\" \/>\n<meta property=\"og:description\" content=\"La estrategia est\u00e1 dirigida a embarazadas que se encuentran cursando el octavo mes. Ya se vacunaron un total de 2.140 personas gestantes en toda la provincia. El Gobierno del Chubut,&hellip;\" \/>\n<meta property=\"og:url\" content=\"https:\/\/fmpatagoniamadryn.com.ar\/?p=17656\" \/>\n<meta property=\"og:site_name\" content=\"FM Patagonia Madryn\" \/>\n<meta property=\"article:published_time\" content=\"2025-08-24T15:03:07+00:00\" \/>\n<meta property=\"og:image\" content=\"https:\/\/fmpatagoniamadryn.com.ar\/wp-content\/uploads\/2025\/08\/img_3044.jpg\" \/>\n\t<meta property=\"og:image:width\" content=\"901\" \/>\n\t<meta property=\"og:image:height\" content=\"1600\" \/>\n\t<meta property=\"og:image:type\" content=\"image\/jpeg\" \/>\n<meta name=\"author\" content=\"FM Patagonia\" \/>\n<meta name=\"twitter:card\" content=\"summary_large_image\" \/>\n<meta name=\"twitter:label1\" content=\"Escrito por\" \/>\n\t<meta name=\"twitter:data1\" content=\"FM Patagonia\" \/>\n\t<meta name=\"twitter:label2\" content=\"Tiempo de lectura\" \/>\n\t<meta name=\"twitter:data2\" content=\"2 minutos\" \/>\n<script type=\"application\/ld+json\" class=\"yoast-schema-graph\">{\"@context\":\"https:\\\/\\\/schema.org\",\"@graph\":[{\"@type\":\"Article\",\"@id\":\"https:\\\/\\\/fmpatagoniamadryn.com.ar\\\/?p=17656#article\",\"isPartOf\":{\"@id\":\"https:\\\/\\\/fmpatagoniamadryn.com.ar\\\/?p=17656\"},\"author\":{\"name\":\"FM Patagonia\",\"@id\":\"https:\\\/\\\/fmpatagoniamadryn.com.ar\\\/#\\\/schema\\\/person\\\/8a3de4ad7efceacab06c1641c50303b7\"},\"headline\":\"Provincia recuerda que\u00a0hasta el 31 de agosto\u00a0estar\u00e1 vigente la Campa\u00f1a de Vacunaci\u00f3n contra el Virus Sincicial Respiratorio\",\"datePublished\":\"2025-08-24T15:03:07+00:00\",\"mainEntityOfPage\":{\"@id\":\"https:\\\/\\\/fmpatagoniamadryn.com.ar\\\/?p=17656\"},\"wordCount\":330,\"publisher\":{\"@id\":\"https:\\\/\\\/fmpatagoniamadryn.com.ar\\\/#organization\"},\"image\":{\"@id\":\"https:\\\/\\\/fmpatagoniamadryn.com.ar\\\/?p=17656#primaryimage\"},\"thumbnailUrl\":\"https:\\\/\\\/fmpatagoniamadryn.com.ar\\\/wp-content\\\/uploads\\\/2025\\\/08\\\/img_3044.jpg\",\"articleSection\":[\"Provinciales\"],\"inLanguage\":\"es\"},{\"@type\":\"WebPage\",\"@id\":\"https:\\\/\\\/fmpatagoniamadryn.com.ar\\\/?p=17656\",\"url\":\"https:\\\/\\\/fmpatagoniamadryn.com.ar\\\/?p=17656\",\"name\":\"Provincia recuerda que\u00a0hasta el 31 de agosto\u00a0estar\u00e1 vigente la Campa\u00f1a de Vacunaci\u00f3n contra el Virus Sincicial Respiratorio - FM Patagonia Madryn\",\"isPartOf\":{\"@id\":\"https:\\\/\\\/fmpatagoniamadryn.com.ar\\\/#website\"},\"primaryImageOfPage\":{\"@id\":\"https:\\\/\\\/fmpatagoniamadryn.com.ar\\\/?p=17656#primaryimage\"},\"image\":{\"@id\":\"https:\\\/\\\/fmpatagoniamadryn.com.ar\\\/?p=17656#primaryimage\"},\"thumbnailUrl\":\"https:\\\/\\\/fmpatagoniamadryn.com.ar\\\/wp-content\\\/uploads\\\/2025\\\/08\\\/img_3044.jpg\",\"datePublished\":\"2025-08-24T15:03:07+00:00\",\"breadcrumb\":{\"@id\":\"https:\\\/\\\/fmpatagoniamadryn.com.ar\\\/?p=17656#breadcrumb\"},\"inLanguage\":\"es\",\"potentialAction\":[{\"@type\":\"ReadAction\",\"target\":[\"https:\\\/\\\/fmpatagoniamadryn.com.ar\\\/?p=17656\"]}]},{\"@type\":\"ImageObject\",\"inLanguage\":\"es\",\"@id\":\"https:\\\/\\\/fmpatagoniamadryn.com.ar\\\/?p=17656#primaryimage\",\"url\":\"https:\\\/\\\/fmpatagoniamadryn.com.ar\\\/wp-content\\\/uploads\\\/2025\\\/08\\\/img_3044.jpg\",\"contentUrl\":\"https:\\\/\\\/fmpatagoniamadryn.com.ar\\\/wp-content\\\/uploads\\\/2025\\\/08\\\/img_3044.jpg\",\"width\":901,\"height\":1600},{\"@type\":\"BreadcrumbList\",\"@id\":\"https:\\\/\\\/fmpatagoniamadryn.com.ar\\\/?p=17656#breadcrumb\",\"itemListElement\":[{\"@type\":\"ListItem\",\"position\":1,\"name\":\"Portada\",\"item\":\"https:\\\/\\\/fmpatagoniamadryn.com.ar\\\/\"},{\"@type\":\"ListItem\",\"position\":2,\"name\":\"Provincia recuerda que\u00a0hasta el 31 de agosto\u00a0estar\u00e1 vigente la Campa\u00f1a de Vacunaci\u00f3n contra el Virus Sincicial Respiratorio\"}]},{\"@type\":\"WebSite\",\"@id\":\"https:\\\/\\\/fmpatagoniamadryn.com.ar\\\/#website\",\"url\":\"https:\\\/\\\/fmpatagoniamadryn.com.ar\\\/\",\"name\":\"FM Patagonia Madryn\",\"description\":\"Radio Patagonia 105.5\",\"publisher\":{\"@id\":\"https:\\\/\\\/fmpatagoniamadryn.com.ar\\\/#organization\"},\"potentialAction\":[{\"@type\":\"SearchAction\",\"target\":{\"@type\":\"EntryPoint\",\"urlTemplate\":\"https:\\\/\\\/fmpatagoniamadryn.com.ar\\\/?s={search_term_string}\"},\"query-input\":{\"@type\":\"PropertyValueSpecification\",\"valueRequired\":true,\"valueName\":\"search_term_string\"}}],\"inLanguage\":\"es\"},{\"@type\":\"Organization\",\"@id\":\"https:\\\/\\\/fmpatagoniamadryn.com.ar\\\/#organization\",\"name\":\"FM Patagonia Madryn\",\"url\":\"https:\\\/\\\/fmpatagoniamadryn.com.ar\\\/\",\"logo\":{\"@type\":\"ImageObject\",\"inLanguage\":\"es\",\"@id\":\"https:\\\/\\\/fmpatagoniamadryn.com.ar\\\/#\\\/schema\\\/logo\\\/image\\\/\",\"url\":\"https:\\\/\\\/fmpatagoniamadryn.com.ar\\\/wp-content\\\/uploads\\\/2023\\\/01\\\/cropped-Diseno-sin-titulo.png\",\"contentUrl\":\"https:\\\/\\\/fmpatagoniamadryn.com.ar\\\/wp-content\\\/uploads\\\/2023\\\/01\\\/cropped-Diseno-sin-titulo.png\",\"width\":6911,\"height\":2657,\"caption\":\"FM Patagonia Madryn\"},\"image\":{\"@id\":\"https:\\\/\\\/fmpatagoniamadryn.com.ar\\\/#\\\/schema\\\/logo\\\/image\\\/\"}},{\"@type\":\"Person\",\"@id\":\"https:\\\/\\\/fmpatagoniamadryn.com.ar\\\/#\\\/schema\\\/person\\\/8a3de4ad7efceacab06c1641c50303b7\",\"name\":\"FM Patagonia\",\"url\":\"https:\\\/\\\/fmpatagoniamadryn.com.ar\\\/?author=2\"}]}<\/script>\n<!-- \/ Yoast SEO plugin. -->","yoast_head_json":{"title":"Provincia recuerda que\u00a0hasta el 31 de agosto\u00a0estar\u00e1 vigente la Campa\u00f1a de Vacunaci\u00f3n contra el Virus Sincicial Respiratorio - FM Patagonia Madryn","robots":{"index":"index","follow":"follow","max-snippet":"max-snippet:-1","max-image-preview":"max-image-preview:large","max-video-preview":"max-video-preview:-1"},"canonical":"https:\/\/fmpatagoniamadryn.com.ar\/?p=17656","og_locale":"es_ES","og_type":"article","og_title":"Provincia recuerda que\u00a0hasta el 31 de agosto\u00a0estar\u00e1 vigente la Campa\u00f1a de Vacunaci\u00f3n contra el Virus Sincicial Respiratorio - FM Patagonia Madryn","og_description":"La estrategia est\u00e1 dirigida a embarazadas que se encuentran cursando el octavo mes. Ya se vacunaron un total de 2.140 personas gestantes en toda la provincia. El Gobierno del Chubut,&hellip;","og_url":"https:\/\/fmpatagoniamadryn.com.ar\/?p=17656","og_site_name":"FM Patagonia Madryn","article_published_time":"2025-08-24T15:03:07+00:00","og_image":[{"width":901,"height":1600,"url":"https:\/\/fmpatagoniamadryn.com.ar\/wp-content\/uploads\/2025\/08\/img_3044.jpg","type":"image\/jpeg"}],"author":"FM Patagonia","twitter_card":"summary_large_image","twitter_misc":{"Escrito por":"FM Patagonia","Tiempo de lectura":"2 minutos"},"schema":{"@context":"https:\/\/schema.org","@graph":[{"@type":"Article","@id":"https:\/\/fmpatagoniamadryn.com.ar\/?p=17656#article","isPartOf":{"@id":"https:\/\/fmpatagoniamadryn.com.ar\/?p=17656"},"author":{"name":"FM Patagonia","@id":"https:\/\/fmpatagoniamadryn.com.ar\/#\/schema\/person\/8a3de4ad7efceacab06c1641c50303b7"},"headline":"Provincia recuerda que\u00a0hasta el 31 de agosto\u00a0estar\u00e1 vigente la Campa\u00f1a de Vacunaci\u00f3n contra el Virus Sincicial Respiratorio","datePublished":"2025-08-24T15:03:07+00:00","mainEntityOfPage":{"@id":"https:\/\/fmpatagoniamadryn.com.ar\/?p=17656"},"wordCount":330,"publisher":{"@id":"https:\/\/fmpatagoniamadryn.com.ar\/#organization"},"image":{"@id":"https:\/\/fmpatagoniamadryn.com.ar\/?p=17656#primaryimage"},"thumbnailUrl":"https:\/\/fmpatagoniamadryn.com.ar\/wp-content\/uploads\/2025\/08\/img_3044.jpg","articleSection":["Provinciales"],"inLanguage":"es"},{"@type":"WebPage","@id":"https:\/\/fmpatagoniamadryn.com.ar\/?p=17656","url":"https:\/\/fmpatagoniamadryn.com.ar\/?p=17656","name":"Provincia recuerda que\u00a0hasta el 31 de agosto\u00a0estar\u00e1 vigente la Campa\u00f1a de Vacunaci\u00f3n contra el Virus Sincicial Respiratorio - FM Patagonia Madryn","isPartOf":{"@id":"https:\/\/fmpatagoniamadryn.com.ar\/#website"},"primaryImageOfPage":{"@id":"https:\/\/fmpatagoniamadryn.com.ar\/?p=17656#primaryimage"},"image":{"@id":"https:\/\/fmpatagoniamadryn.com.ar\/?p=17656#primaryimage"},"thumbnailUrl":"https:\/\/fmpatagoniamadryn.com.ar\/wp-content\/uploads\/2025\/08\/img_3044.jpg","datePublished":"2025-08-24T15:03:07+00:00","breadcrumb":{"@id":"https:\/\/fmpatagoniamadryn.com.ar\/?p=17656#breadcrumb"},"inLanguage":"es","potentialAction":[{"@type":"ReadAction","target":["https:\/\/fmpatagoniamadryn.com.ar\/?p=17656"]}]},{"@type":"ImageObject","inLanguage":"es","@id":"https:\/\/fmpatagoniamadryn.com.ar\/?p=17656#primaryimage","url":"https:\/\/fmpatagoniamadryn.com.ar\/wp-content\/uploads\/2025\/08\/img_3044.jpg","contentUrl":"https:\/\/fmpatagoniamadryn.com.ar\/wp-content\/uploads\/2025\/08\/img_3044.jpg","width":901,"height":1600},{"@type":"BreadcrumbList","@id":"https:\/\/fmpatagoniamadryn.com.ar\/?p=17656#breadcrumb","itemListElement":[{"@type":"ListItem","position":1,"name":"Portada","item":"https:\/\/fmpatagoniamadryn.com.ar\/"},{"@type":"ListItem","position":2,"name":"Provincia recuerda que\u00a0hasta el 31 de agosto\u00a0estar\u00e1 vigente la Campa\u00f1a de Vacunaci\u00f3n contra el Virus Sincicial Respiratorio"}]},{"@type":"WebSite","@id":"https:\/\/fmpatagoniamadryn.com.ar\/#website","url":"https:\/\/fmpatagoniamadryn.com.ar\/","name":"FM Patagonia Madryn","description":"Radio Patagonia 105.5","publisher":{"@id":"https:\/\/fmpatagoniamadryn.com.ar\/#organization"},"potentialAction":[{"@type":"SearchAction","target":{"@type":"EntryPoint","urlTemplate":"https:\/\/fmpatagoniamadryn.com.ar\/?s={search_term_string}"},"query-input":{"@type":"PropertyValueSpecification","valueRequired":true,"valueName":"search_term_string"}}],"inLanguage":"es"},{"@type":"Organization","@id":"https:\/\/fmpatagoniamadryn.com.ar\/#organization","name":"FM Patagonia Madryn","url":"https:\/\/fmpatagoniamadryn.com.ar\/","logo":{"@type":"ImageObject","inLanguage":"es","@id":"https:\/\/fmpatagoniamadryn.com.ar\/#\/schema\/logo\/image\/","url":"https:\/\/fmpatagoniamadryn.com.ar\/wp-content\/uploads\/2023\/01\/cropped-Diseno-sin-titulo.png","contentUrl":"https:\/\/fmpatagoniamadryn.com.ar\/wp-content\/uploads\/2023\/01\/cropped-Diseno-sin-titulo.png","width":6911,"height":2657,"caption":"FM Patagonia Madryn"},"image":{"@id":"https:\/\/fmpatagoniamadryn.com.ar\/#\/schema\/logo\/image\/"}},{"@type":"Person","@id":"https:\/\/fmpatagoniamadryn.com.ar\/#\/schema\/person\/8a3de4ad7efceacab06c1641c50303b7","name":"FM Patagonia","url":"https:\/\/fmpatagoniamadryn.com.ar\/?author=2"}]}},"jetpack_featured_media_url":"https:\/\/fmpatagoniamadryn.com.ar\/wp-content\/uploads\/2025\/08\/img_3044.jpg","_links":{"self":[{"href":"https:\/\/fmpatagoniamadryn.com.ar\/index.php?rest_route=\/wp\/v2\/posts\/17656","targetHints":{"allow":["GET"]}}],"collection":[{"href":"https:\/\/fmpatagoniamadryn.com.ar\/index.php?rest_route=\/wp\/v2\/posts"}],"about":[{"href":"https:\/\/fmpatagoniamadryn.com.ar\/index.php?rest_route=\/wp\/v2\/types\/post"}],"author":[{"embeddable":true,"href":"https:\/\/fmpatagoniamadryn.com.ar\/index.php?rest_route=\/wp\/v2\/users\/2"}],"replies":[{"embeddable":true,"href":"https:\/\/fmpatagoniamadryn.com.ar\/index.php?rest_route=%2Fwp%2Fv2%2Fcomments&post=17656"}],"version-history":[{"count":1,"href":"https:\/\/fmpatagoniamadryn.com.ar\/index.php?rest_route=\/wp\/v2\/posts\/17656\/revisions"}],"predecessor-version":[{"id":17657,"href":"https:\/\/fmpatagoniamadryn.com.ar\/index.php?rest_route=\/wp\/v2\/posts\/17656\/revisions\/17657"}],"wp:featuredmedia":[{"embeddable":true,"href":"https:\/\/fmpatagoniamadryn.com.ar\/index.php?rest_route=\/wp\/v2\/media\/17655"}],"wp:attachment":[{"href":"https:\/\/fmpatagoniamadryn.com.ar\/index.php?rest_route=%2Fwp%2Fv2%2Fmedia&parent=17656"}],"wp:term":[{"taxonomy":"category","embeddable":true,"href":"https:\/\/fmpatagoniamadryn.com.ar\/index.php?rest_route=%2Fwp%2Fv2%2Fcategories&post=17656"},{"taxonomy":"post_tag","embeddable":true,"href":"https:\/\/fmpatagoniamadryn.com.ar\/index.php?rest_route=%2Fwp%2Fv2%2Ftags&post=17656"}],"curies":[{"name":"wp","href":"https:\/\/api.w.org\/{rel}","templated":true}]}}