{"id":17689,"date":"2025-08-26T10:09:07","date_gmt":"2025-08-26T13:09:07","guid":{"rendered":"https:\/\/fmpatagoniamadryn.com.ar\/?p=17689"},"modified":"2025-08-26T10:09:07","modified_gmt":"2025-08-26T13:09:07","slug":"provincia-controlo-cerca-de-9-000-vehiculos-y-retiro-de-la-via-publica-a-26-conductores-durante-el-fin-de-semana","status":"publish","type":"post","link":"https:\/\/fmpatagoniamadryn.com.ar\/?p=17689","title":{"rendered":"Provincia control\u00f3 cerca de 9.000 veh\u00edculos y retir\u00f3 de la v\u00eda p\u00fablica a 26 conductores durante el fin de semana"},"content":{"rendered":"\n<p><\/p>\n\n\n\n<p><em>Se retuvieron dos rodados y se labraron 134 infracciones a la Ley Nacional de Tr\u00e1nsito.<\/em><\/p>\n\n\n\n<p>El Gobierno del Chubut, a trav\u00e9s del Ministerio de Seguridad y Justicia, desarroll\u00f3 operativos de fiscalizaci\u00f3n vial en rutas, ciudades y accesos en distintos puntos del territorio provincial.<\/p>\n\n\n\n<p>En total, la Subsecretar\u00eda de Seguridad Vial control\u00f3 8.873 veh\u00edculos, realiz\u00f3 4.485 test de alcoholemia y retir\u00f3 a 26 conductores alcoholizados de la v\u00eda p\u00fablica. Los procedimientos se llevaron adelante de manera coordinada con la Polic\u00eda del Chubut, Fuerzas Federales de Seguridad y organismos municipales de Tr\u00e1nsito.<\/p>\n\n\n\n<p><strong>Rawson y Playa Uni\u00f3n<\/strong><\/p>\n\n\n\n<p>En el despliegue en la capital provincial los controles tuvieron lugar en los ingresos a la ciudad, tanto sobre la Ruta Provincial N\u00ba 7 como en la Ruta Nacional N\u00ba 25 incluyendo los ingresos a Playa Uni\u00f3n.<\/p>\n\n\n\n<p>Durante las tareas de prevenci\u00f3n, se controlaron 1.787 veh\u00edculos, se realizaron 1.785 test de alcoholemia, hubo 6 casos positivos, se labraron 32 infracciones y no se retuvo ning\u00fan autom\u00f3vil.<\/p>\n\n\n\n<p><strong>Trelew y Gaiman<\/strong><\/p>\n\n\n\n<p>En Trelew, los operativos se llevaron adelante en distintos puntos del casco urbano y en la periferia de la ciudad como as\u00ed tambi\u00e9n en la Ruta Nacional N\u00ba 3, tanto en el ingreso norte como en el acceso sur.<\/p>\n\n\n\n<p>En total, se verificaron 662 veh\u00edculos, se efectuaron 662 test de alcoholemia, detectando a 11 conductores en estado de ebriedad. Asimismo, se registraron 17 infracciones a la Ley Nacional de Tr\u00e1nsito y no se retuvieron rodados.<\/p>\n\n\n\n<p>En Gaiman, se controlaron 341 veh\u00edculos, se llevaron a cabo 341 test de alcoholemia, se comprobaron 4 alcoholemias positivas, se efectuaron 12 infracciones y no se retuvieron autom\u00f3viles.<\/p>\n\n\n\n<p><strong>Comodoro Rivadavia<\/strong><\/p>\n\n\n\n<p>En Comodoro Rivadavia, se llevaron a cabo operativos en distintos puntos de la ciudad y la periferia en el marco de las tareas preventivas que lleva adelante el Comando Unificado de Seguridad en la regi\u00f3n.<\/p>\n\n\n\n<p>En total, se controlaron 2.806 veh\u00edculos, se realizaron 212 test de alcoholemia, se detect\u00f3 a 4 conductores en estado de ebriedad, se labraron 42 infracciones y se retuvieron 2 autom\u00f3viles.<\/p>\n\n\n\n<p><strong>Comarca Andina<\/strong><\/p>\n\n\n\n<p>Las tareas de prevenci\u00f3n tuvieron lugar sobre las rutas y accesos a Cholila, El Mait\u00e9n, Epuy\u00e9n, El Hoyo y Lago Puelo con un total de 1.444 veh\u00edculos verificados en diversos controles.<\/p>\n\n\n\n<p>En estos operativos, se efectuaron 353 test de alcoholemia y no se comprobaron casos positivos, se labraron 13 infracciones y no se retuvieron autom\u00f3viles.<\/p>\n\n\n\n<p><strong>Esquel<\/strong><\/p>\n\n\n\n<p>En Esquel, se controlaron 1.049 veh\u00edculos, se realizaron 1.042 test de alcoholemia, se comprob\u00f3 un caso positivo, se labraron 16 infracciones y no se retuvieron rodados.<\/p>\n\n\n\n<p><strong>Trevelin<\/strong><\/p>\n\n\n\n<p>Se controlaron 90 veh\u00edculos, se llevaron adelante 90 test de alcoholemia sin casos positivos ni tampoco se registraron infracciones.<\/p>\n\n\n\n<p><strong>Jos\u00e9 de San Mart\u00edn, Gobernador Costa, R\u00edo Pico y Tecka<\/strong><\/p>\n\n\n\n<p>En Jos\u00e9 de San Mart\u00edn, se controlaron 73 veh\u00edculos y no se registraron infracciones. En Gobernador Costa, se verificaron 193 veh\u00edculos, no se efectuaron test de alcoholemia, se labraron 2 infracciones y no se retuvo ning\u00fan rodado.<\/p>\n\n\n\n<p>En R\u00edo Pico, se controlaron 109 veh\u00edculos, no se efectuaron infracciones ni se retuvo ning\u00fan veh\u00edculo. Finalmente, en Tecka, se controlaron 319 rodados, no se labr\u00f3 ninguna infracci\u00f3n ni se retuvo ning\u00fan autom\u00f3vil.<\/p>\n","protected":false},"excerpt":{"rendered":"<p>Se retuvieron dos rodados y se labraron 134 infracciones a la Ley Nacional de Tr\u00e1nsito. El Gobierno del Chubut, a trav\u00e9s del Ministerio de Seguridad y Justicia, desarroll\u00f3 operativos de&hellip; <\/p>\n","protected":false},"author":2,"featured_media":17688,"comment_status":"closed","ping_status":"closed","sticky":false,"template":"","format":"standard","meta":{"footnotes":""},"categories":[14],"tags":[],"class_list":["post-17689","post","type-post","status-publish","format-standard","has-post-thumbnail","hentry","category-provinciales"],"yoast_head":"<!-- This site is optimized with the Yoast SEO plugin v27.5 - https:\/\/yoast.com\/product\/yoast-seo-wordpress\/ -->\n<title>Provincia control\u00f3 cerca de 9.000 veh\u00edculos y retir\u00f3 de la v\u00eda p\u00fablica a 26 conductores durante el fin de semana - FM Patagonia Madryn<\/title>\n<meta name=\"robots\" content=\"index, follow, max-snippet:-1, max-image-preview:large, max-video-preview:-1\" \/>\n<link rel=\"canonical\" href=\"https:\/\/fmpatagoniamadryn.com.ar\/?p=17689\" \/>\n<meta property=\"og:locale\" content=\"es_ES\" \/>\n<meta property=\"og:type\" content=\"article\" \/>\n<meta property=\"og:title\" content=\"Provincia control\u00f3 cerca de 9.000 veh\u00edculos y retir\u00f3 de la v\u00eda p\u00fablica a 26 conductores durante el fin de semana - FM Patagonia Madryn\" \/>\n<meta property=\"og:description\" content=\"Se retuvieron dos rodados y se labraron 134 infracciones a la Ley Nacional de Tr\u00e1nsito. El Gobierno del Chubut, a trav\u00e9s del Ministerio de Seguridad y Justicia, desarroll\u00f3 operativos de&hellip;\" \/>\n<meta property=\"og:url\" content=\"https:\/\/fmpatagoniamadryn.com.ar\/?p=17689\" \/>\n<meta property=\"og:site_name\" content=\"FM Patagonia Madryn\" \/>\n<meta property=\"article:published_time\" content=\"2025-08-26T13:09:07+00:00\" \/>\n<meta property=\"og:image\" content=\"https:\/\/fmpatagoniamadryn.com.ar\/wp-content\/uploads\/2025\/08\/img_3134.jpg\" \/>\n\t<meta property=\"og:image:width\" content=\"782\" \/>\n\t<meta property=\"og:image:height\" content=\"579\" \/>\n\t<meta property=\"og:image:type\" content=\"image\/jpeg\" \/>\n<meta name=\"author\" content=\"FM Patagonia\" \/>\n<meta name=\"twitter:card\" content=\"summary_large_image\" \/>\n<meta name=\"twitter:label1\" content=\"Escrito por\" \/>\n\t<meta name=\"twitter:data1\" content=\"FM Patagonia\" \/>\n\t<meta name=\"twitter:label2\" content=\"Tiempo de lectura\" \/>\n\t<meta name=\"twitter:data2\" content=\"3 minutos\" \/>\n<script type=\"application\/ld+json\" class=\"yoast-schema-graph\">{\"@context\":\"https:\\\/\\\/schema.org\",\"@graph\":[{\"@type\":\"Article\",\"@id\":\"https:\\\/\\\/fmpatagoniamadryn.com.ar\\\/?p=17689#article\",\"isPartOf\":{\"@id\":\"https:\\\/\\\/fmpatagoniamadryn.com.ar\\\/?p=17689\"},\"author\":{\"name\":\"FM Patagonia\",\"@id\":\"https:\\\/\\\/fmpatagoniamadryn.com.ar\\\/#\\\/schema\\\/person\\\/8a3de4ad7efceacab06c1641c50303b7\"},\"headline\":\"Provincia control\u00f3 cerca de 9.000 veh\u00edculos y retir\u00f3 de la v\u00eda p\u00fablica a 26 conductores durante el fin de semana\",\"datePublished\":\"2025-08-26T13:09:07+00:00\",\"mainEntityOfPage\":{\"@id\":\"https:\\\/\\\/fmpatagoniamadryn.com.ar\\\/?p=17689\"},\"wordCount\":544,\"publisher\":{\"@id\":\"https:\\\/\\\/fmpatagoniamadryn.com.ar\\\/#organization\"},\"image\":{\"@id\":\"https:\\\/\\\/fmpatagoniamadryn.com.ar\\\/?p=17689#primaryimage\"},\"thumbnailUrl\":\"https:\\\/\\\/fmpatagoniamadryn.com.ar\\\/wp-content\\\/uploads\\\/2025\\\/08\\\/img_3134.jpg\",\"articleSection\":[\"Provinciales\"],\"inLanguage\":\"es\"},{\"@type\":\"WebPage\",\"@id\":\"https:\\\/\\\/fmpatagoniamadryn.com.ar\\\/?p=17689\",\"url\":\"https:\\\/\\\/fmpatagoniamadryn.com.ar\\\/?p=17689\",\"name\":\"Provincia control\u00f3 cerca de 9.000 veh\u00edculos y retir\u00f3 de la v\u00eda p\u00fablica a 26 conductores durante el fin de semana - FM Patagonia Madryn\",\"isPartOf\":{\"@id\":\"https:\\\/\\\/fmpatagoniamadryn.com.ar\\\/#website\"},\"primaryImageOfPage\":{\"@id\":\"https:\\\/\\\/fmpatagoniamadryn.com.ar\\\/?p=17689#primaryimage\"},\"image\":{\"@id\":\"https:\\\/\\\/fmpatagoniamadryn.com.ar\\\/?p=17689#primaryimage\"},\"thumbnailUrl\":\"https:\\\/\\\/fmpatagoniamadryn.com.ar\\\/wp-content\\\/uploads\\\/2025\\\/08\\\/img_3134.jpg\",\"datePublished\":\"2025-08-26T13:09:07+00:00\",\"breadcrumb\":{\"@id\":\"https:\\\/\\\/fmpatagoniamadryn.com.ar\\\/?p=17689#breadcrumb\"},\"inLanguage\":\"es\",\"potentialAction\":[{\"@type\":\"ReadAction\",\"target\":[\"https:\\\/\\\/fmpatagoniamadryn.com.ar\\\/?p=17689\"]}]},{\"@type\":\"ImageObject\",\"inLanguage\":\"es\",\"@id\":\"https:\\\/\\\/fmpatagoniamadryn.com.ar\\\/?p=17689#primaryimage\",\"url\":\"https:\\\/\\\/fmpatagoniamadryn.com.ar\\\/wp-content\\\/uploads\\\/2025\\\/08\\\/img_3134.jpg\",\"contentUrl\":\"https:\\\/\\\/fmpatagoniamadryn.com.ar\\\/wp-content\\\/uploads\\\/2025\\\/08\\\/img_3134.jpg\",\"width\":782,\"height\":579},{\"@type\":\"BreadcrumbList\",\"@id\":\"https:\\\/\\\/fmpatagoniamadryn.com.ar\\\/?p=17689#breadcrumb\",\"itemListElement\":[{\"@type\":\"ListItem\",\"position\":1,\"name\":\"Portada\",\"item\":\"https:\\\/\\\/fmpatagoniamadryn.com.ar\\\/\"},{\"@type\":\"ListItem\",\"position\":2,\"name\":\"Provincia control\u00f3 cerca de 9.000 veh\u00edculos y retir\u00f3 de la v\u00eda p\u00fablica a 26 conductores durante el fin de semana\"}]},{\"@type\":\"WebSite\",\"@id\":\"https:\\\/\\\/fmpatagoniamadryn.com.ar\\\/#website\",\"url\":\"https:\\\/\\\/fmpatagoniamadryn.com.ar\\\/\",\"name\":\"FM Patagonia Madryn\",\"description\":\"Radio Patagonia 105.5\",\"publisher\":{\"@id\":\"https:\\\/\\\/fmpatagoniamadryn.com.ar\\\/#organization\"},\"potentialAction\":[{\"@type\":\"SearchAction\",\"target\":{\"@type\":\"EntryPoint\",\"urlTemplate\":\"https:\\\/\\\/fmpatagoniamadryn.com.ar\\\/?s={search_term_string}\"},\"query-input\":{\"@type\":\"PropertyValueSpecification\",\"valueRequired\":true,\"valueName\":\"search_term_string\"}}],\"inLanguage\":\"es\"},{\"@type\":\"Organization\",\"@id\":\"https:\\\/\\\/fmpatagoniamadryn.com.ar\\\/#organization\",\"name\":\"FM Patagonia Madryn\",\"url\":\"https:\\\/\\\/fmpatagoniamadryn.com.ar\\\/\",\"logo\":{\"@type\":\"ImageObject\",\"inLanguage\":\"es\",\"@id\":\"https:\\\/\\\/fmpatagoniamadryn.com.ar\\\/#\\\/schema\\\/logo\\\/image\\\/\",\"url\":\"https:\\\/\\\/fmpatagoniamadryn.com.ar\\\/wp-content\\\/uploads\\\/2023\\\/01\\\/cropped-Diseno-sin-titulo.png\",\"contentUrl\":\"https:\\\/\\\/fmpatagoniamadryn.com.ar\\\/wp-content\\\/uploads\\\/2023\\\/01\\\/cropped-Diseno-sin-titulo.png\",\"width\":6911,\"height\":2657,\"caption\":\"FM Patagonia Madryn\"},\"image\":{\"@id\":\"https:\\\/\\\/fmpatagoniamadryn.com.ar\\\/#\\\/schema\\\/logo\\\/image\\\/\"}},{\"@type\":\"Person\",\"@id\":\"https:\\\/\\\/fmpatagoniamadryn.com.ar\\\/#\\\/schema\\\/person\\\/8a3de4ad7efceacab06c1641c50303b7\",\"name\":\"FM Patagonia\",\"url\":\"https:\\\/\\\/fmpatagoniamadryn.com.ar\\\/?author=2\"}]}<\/script>\n<!-- \/ Yoast SEO plugin. -->","yoast_head_json":{"title":"Provincia control\u00f3 cerca de 9.000 veh\u00edculos y retir\u00f3 de la v\u00eda p\u00fablica a 26 conductores durante el fin de semana - FM Patagonia Madryn","robots":{"index":"index","follow":"follow","max-snippet":"max-snippet:-1","max-image-preview":"max-image-preview:large","max-video-preview":"max-video-preview:-1"},"canonical":"https:\/\/fmpatagoniamadryn.com.ar\/?p=17689","og_locale":"es_ES","og_type":"article","og_title":"Provincia control\u00f3 cerca de 9.000 veh\u00edculos y retir\u00f3 de la v\u00eda p\u00fablica a 26 conductores durante el fin de semana - FM Patagonia Madryn","og_description":"Se retuvieron dos rodados y se labraron 134 infracciones a la Ley Nacional de Tr\u00e1nsito. El Gobierno del Chubut, a trav\u00e9s del Ministerio de Seguridad y Justicia, desarroll\u00f3 operativos de&hellip;","og_url":"https:\/\/fmpatagoniamadryn.com.ar\/?p=17689","og_site_name":"FM Patagonia Madryn","article_published_time":"2025-08-26T13:09:07+00:00","og_image":[{"width":782,"height":579,"url":"https:\/\/fmpatagoniamadryn.com.ar\/wp-content\/uploads\/2025\/08\/img_3134.jpg","type":"image\/jpeg"}],"author":"FM Patagonia","twitter_card":"summary_large_image","twitter_misc":{"Escrito por":"FM Patagonia","Tiempo de lectura":"3 minutos"},"schema":{"@context":"https:\/\/schema.org","@graph":[{"@type":"Article","@id":"https:\/\/fmpatagoniamadryn.com.ar\/?p=17689#article","isPartOf":{"@id":"https:\/\/fmpatagoniamadryn.com.ar\/?p=17689"},"author":{"name":"FM Patagonia","@id":"https:\/\/fmpatagoniamadryn.com.ar\/#\/schema\/person\/8a3de4ad7efceacab06c1641c50303b7"},"headline":"Provincia control\u00f3 cerca de 9.000 veh\u00edculos y retir\u00f3 de la v\u00eda p\u00fablica a 26 conductores durante el fin de semana","datePublished":"2025-08-26T13:09:07+00:00","mainEntityOfPage":{"@id":"https:\/\/fmpatagoniamadryn.com.ar\/?p=17689"},"wordCount":544,"publisher":{"@id":"https:\/\/fmpatagoniamadryn.com.ar\/#organization"},"image":{"@id":"https:\/\/fmpatagoniamadryn.com.ar\/?p=17689#primaryimage"},"thumbnailUrl":"https:\/\/fmpatagoniamadryn.com.ar\/wp-content\/uploads\/2025\/08\/img_3134.jpg","articleSection":["Provinciales"],"inLanguage":"es"},{"@type":"WebPage","@id":"https:\/\/fmpatagoniamadryn.com.ar\/?p=17689","url":"https:\/\/fmpatagoniamadryn.com.ar\/?p=17689","name":"Provincia control\u00f3 cerca de 9.000 veh\u00edculos y retir\u00f3 de la v\u00eda p\u00fablica a 26 conductores durante el fin de semana - FM Patagonia Madryn","isPartOf":{"@id":"https:\/\/fmpatagoniamadryn.com.ar\/#website"},"primaryImageOfPage":{"@id":"https:\/\/fmpatagoniamadryn.com.ar\/?p=17689#primaryimage"},"image":{"@id":"https:\/\/fmpatagoniamadryn.com.ar\/?p=17689#primaryimage"},"thumbnailUrl":"https:\/\/fmpatagoniamadryn.com.ar\/wp-content\/uploads\/2025\/08\/img_3134.jpg","datePublished":"2025-08-26T13:09:07+00:00","breadcrumb":{"@id":"https:\/\/fmpatagoniamadryn.com.ar\/?p=17689#breadcrumb"},"inLanguage":"es","potentialAction":[{"@type":"ReadAction","target":["https:\/\/fmpatagoniamadryn.com.ar\/?p=17689"]}]},{"@type":"ImageObject","inLanguage":"es","@id":"https:\/\/fmpatagoniamadryn.com.ar\/?p=17689#primaryimage","url":"https:\/\/fmpatagoniamadryn.com.ar\/wp-content\/uploads\/2025\/08\/img_3134.jpg","contentUrl":"https:\/\/fmpatagoniamadryn.com.ar\/wp-content\/uploads\/2025\/08\/img_3134.jpg","width":782,"height":579},{"@type":"BreadcrumbList","@id":"https:\/\/fmpatagoniamadryn.com.ar\/?p=17689#breadcrumb","itemListElement":[{"@type":"ListItem","position":1,"name":"Portada","item":"https:\/\/fmpatagoniamadryn.com.ar\/"},{"@type":"ListItem","position":2,"name":"Provincia control\u00f3 cerca de 9.000 veh\u00edculos y retir\u00f3 de la v\u00eda p\u00fablica a 26 conductores durante el fin de semana"}]},{"@type":"WebSite","@id":"https:\/\/fmpatagoniamadryn.com.ar\/#website","url":"https:\/\/fmpatagoniamadryn.com.ar\/","name":"FM Patagonia Madryn","description":"Radio Patagonia 105.5","publisher":{"@id":"https:\/\/fmpatagoniamadryn.com.ar\/#organization"},"potentialAction":[{"@type":"SearchAction","target":{"@type":"EntryPoint","urlTemplate":"https:\/\/fmpatagoniamadryn.com.ar\/?s={search_term_string}"},"query-input":{"@type":"PropertyValueSpecification","valueRequired":true,"valueName":"search_term_string"}}],"inLanguage":"es"},{"@type":"Organization","@id":"https:\/\/fmpatagoniamadryn.com.ar\/#organization","name":"FM Patagonia Madryn","url":"https:\/\/fmpatagoniamadryn.com.ar\/","logo":{"@type":"ImageObject","inLanguage":"es","@id":"https:\/\/fmpatagoniamadryn.com.ar\/#\/schema\/logo\/image\/","url":"https:\/\/fmpatagoniamadryn.com.ar\/wp-content\/uploads\/2023\/01\/cropped-Diseno-sin-titulo.png","contentUrl":"https:\/\/fmpatagoniamadryn.com.ar\/wp-content\/uploads\/2023\/01\/cropped-Diseno-sin-titulo.png","width":6911,"height":2657,"caption":"FM Patagonia Madryn"},"image":{"@id":"https:\/\/fmpatagoniamadryn.com.ar\/#\/schema\/logo\/image\/"}},{"@type":"Person","@id":"https:\/\/fmpatagoniamadryn.com.ar\/#\/schema\/person\/8a3de4ad7efceacab06c1641c50303b7","name":"FM Patagonia","url":"https:\/\/fmpatagoniamadryn.com.ar\/?author=2"}]}},"jetpack_featured_media_url":"https:\/\/fmpatagoniamadryn.com.ar\/wp-content\/uploads\/2025\/08\/img_3134.jpg","_links":{"self":[{"href":"https:\/\/fmpatagoniamadryn.com.ar\/index.php?rest_route=\/wp\/v2\/posts\/17689","targetHints":{"allow":["GET"]}}],"collection":[{"href":"https:\/\/fmpatagoniamadryn.com.ar\/index.php?rest_route=\/wp\/v2\/posts"}],"about":[{"href":"https:\/\/fmpatagoniamadryn.com.ar\/index.php?rest_route=\/wp\/v2\/types\/post"}],"author":[{"embeddable":true,"href":"https:\/\/fmpatagoniamadryn.com.ar\/index.php?rest_route=\/wp\/v2\/users\/2"}],"replies":[{"embeddable":true,"href":"https:\/\/fmpatagoniamadryn.com.ar\/index.php?rest_route=%2Fwp%2Fv2%2Fcomments&post=17689"}],"version-history":[{"count":1,"href":"https:\/\/fmpatagoniamadryn.com.ar\/index.php?rest_route=\/wp\/v2\/posts\/17689\/revisions"}],"predecessor-version":[{"id":17690,"href":"https:\/\/fmpatagoniamadryn.com.ar\/index.php?rest_route=\/wp\/v2\/posts\/17689\/revisions\/17690"}],"wp:featuredmedia":[{"embeddable":true,"href":"https:\/\/fmpatagoniamadryn.com.ar\/index.php?rest_route=\/wp\/v2\/media\/17688"}],"wp:attachment":[{"href":"https:\/\/fmpatagoniamadryn.com.ar\/index.php?rest_route=%2Fwp%2Fv2%2Fmedia&parent=17689"}],"wp:term":[{"taxonomy":"category","embeddable":true,"href":"https:\/\/fmpatagoniamadryn.com.ar\/index.php?rest_route=%2Fwp%2Fv2%2Fcategories&post=17689"},{"taxonomy":"post_tag","embeddable":true,"href":"https:\/\/fmpatagoniamadryn.com.ar\/index.php?rest_route=%2Fwp%2Fv2%2Ftags&post=17689"}],"curies":[{"name":"wp","href":"https:\/\/api.w.org\/{rel}","templated":true}]}}