{"id":177,"date":"2023-02-21T19:42:37","date_gmt":"2023-02-21T22:42:37","guid":{"rendered":"https:\/\/fmpatagoniamadryn.com.ar\/?p=177"},"modified":"2023-02-21T19:42:57","modified_gmt":"2023-02-21T22:42:57","slug":"el-gobierno-del-chubut-avanza-con-el-desarrollo-del-plan-olivicola-provincial","status":"publish","type":"post","link":"https:\/\/fmpatagoniamadryn.com.ar\/?p=177","title":{"rendered":"El Gobierno del Chubut avanza con el desarrollo del Plan Oliv\u00edcola Provincial"},"content":{"rendered":"\n<p>El objetivo es aumentar y fortalecer de forma sustentable la producci\u00f3n, contribuyendo al desarrollo de aceite de oliva y derivados.<br><br>En el marco del Plan Oliv\u00edcola, que lleva adelante el Gobierno de la Provincia, Chubut comienza a ser un territorio de oportunidad de inversi\u00f3n por su calidad del producto y su disponibilidad de tierras y agua para riego.<br><br>Las plantaciones se pueden encontrar en el Parque Ecol\u00f3gico de El Doradillo en Puerto Madryn, en Comodoro Rivadavia, las Bardas del Valle Inferior del R\u00edo Chubut cercanas a Trelew, en el \u00e1rea de Meseta cercana a Telsen, en Rawson, y la zona de Bah\u00eda Bustamante cercana a la localidad de Camarones y Comodoro Rivadavia<br><br>Este programa provincial, impulsado por el Ministerio de Agricultura, Ganader\u00eda, Industria y Comercio, incluye pasos como seleccionar zonas de producci\u00f3n seg\u00fan las condiciones agroecol\u00f3gicas, generar capacidades t\u00e9cnicas con operarios y t\u00e9cnicos formados en olivicultura, acercar herramientas financieras y tecnol\u00f3gicas acordes a las caracter\u00edsticas provinciales y colaborar con el esfuerzo privada actual y futuro.<br><br>En este sentido el equipo de la Subsecretar\u00eda de Agricultura visit\u00f3 el Vivero El Doradillo de Puerto Madryn, que cuenta con una cantidad importante de variedades de olivos implantadas para llevar adelante el desarrollo de plantas producidas en Chubut con un grado de adaptabilidad que permitir\u00e1 a los distintos interesados en invertir en la actividad, asegurando plantas de distintas variedades producidas localmente.<br><br>Desde el ministerio pr\u00f3ximamente se estar\u00e1 avanzando en el convenio con Leandro Pe\u00f1afiel, propietario del vivero, para acordar la asistencia t\u00e9cnica y econ\u00f3mica seg\u00fan la planificaci\u00f3n que surja.<br><br>Pe\u00f1afiel se mostr\u00f3 sumamente interesado, con experiencia en el mantenimiento y comportamiento de las distintas variedades de olivos que llevan m\u00e1s de 10 a\u00f1os implantadas en el \u00e1rea de la reserva Parque Ecol\u00f3gico del Doradillo.<br><br>En ese sentido, el propietario del vivero cont\u00f3 que \u201cen 2010 comenzamos con 80 olivos, es un proyecto familiar. Elaboramos aceite extravirgen, y nos s\u00famanos a esta idea de reproducir plantas en la zona con materiales de plantas arraigadas que sabemos que van a andar bien\u201d.<br><br>El riego lo manejan por goteo, y una estacionalidad \u201ca partir de marzo empezamos a disminuir para que la planta siga creciendo y as\u00ed se endurece para el invierno. Este a\u00f1o fue el primero que hemos tenido temperaturas bajas, fuera de lo normal\u201d indic\u00f3 el productor.<br><br>Provenientes de Mendoza, tambi\u00e9n probaron con almendras y con vi\u00f1edos, \u201chacemos producci\u00f3n familiar pero los excedentes los vendemos; al momento de la cosecha elaboramos el aceite con maquinarias de un productor, antes lo hac\u00edamos en San Antonio Oeste. Reci\u00e9n este a\u00f1o un productor compr\u00f3 otra m\u00e1quina, asique tendremos m\u00e1s opciones\u201d, explic\u00f3 Pe\u00f1afiel.<br><br>Olivos en Chubut<br><br>Cabe recordar que a finales del 2022 se firm\u00f3 un convenio con Comodoro Conocimiento para generar una unidad de multiplicaci\u00f3n de plantas de olivos. Las plantas y variedades por multiplicar ser\u00e1n provistas por el Vivero El Doradillo de Puerto Madryn y as\u00ed poder lograr en un plan que llevar\u00e1 unos a\u00f1os a obtener plantas rustificadas, m\u00e1s adaptadas a las condiciones de \u00e1reas espec\u00edficas de nuestra provincia. As\u00ed se logra una cadena productiva obteniendo plantas nacidas en Patagonia sur, para esta actividad innovadora.<br><br>Las variedades de olivos Arbequina, Changlot Real, Frantoio, Hojiblanca y Manzanilla; fueron y est\u00e1n siendo estudiadas, en t\u00e9rminos de su resistencia al d\u00e9ficit h\u00eddrico y a las bajas temperaturas para determinar variedades aptas para su cultivo en la provincia.<br><br>Con ese objetivo desde la Mesa T\u00e9cnica Oliv\u00edcola del MAGIyC, se especificar\u00e1n en los pr\u00f3ximos d\u00edas los pasos para seguir fortaleciendo al vivero seleccionado, en el mantenimiento de plantas madres.<\/p>\n","protected":false},"excerpt":{"rendered":"<p>El objetivo es aumentar y fortalecer de forma sustentable la producci\u00f3n, contribuyendo al desarrollo de aceite de oliva y derivados. En el marco del Plan Oliv\u00edcola, que lleva adelante el&hellip; <\/p>\n","protected":false},"author":3,"featured_media":176,"comment_status":"closed","ping_status":"closed","sticky":false,"template":"","format":"standard","meta":{"footnotes":""},"categories":[14],"tags":[],"class_list":["post-177","post","type-post","status-publish","format-standard","has-post-thumbnail","hentry","category-provinciales"],"yoast_head":"<!-- This site is optimized with the Yoast SEO plugin v27.5 - https:\/\/yoast.com\/product\/yoast-seo-wordpress\/ -->\n<title>El Gobierno del Chubut avanza con el desarrollo del Plan Oliv\u00edcola Provincial - FM Patagonia Madryn<\/title>\n<meta name=\"robots\" content=\"index, follow, max-snippet:-1, max-image-preview:large, max-video-preview:-1\" \/>\n<link rel=\"canonical\" href=\"https:\/\/fmpatagoniamadryn.com.ar\/?p=177\" \/>\n<meta property=\"og:locale\" content=\"es_ES\" \/>\n<meta property=\"og:type\" content=\"article\" \/>\n<meta property=\"og:title\" content=\"El Gobierno del Chubut avanza con el desarrollo del Plan Oliv\u00edcola Provincial - FM Patagonia Madryn\" \/>\n<meta property=\"og:description\" content=\"El objetivo es aumentar y fortalecer de forma sustentable la producci\u00f3n, contribuyendo al desarrollo de aceite de oliva y derivados. En el marco del Plan Oliv\u00edcola, que lleva adelante el&hellip;\" \/>\n<meta property=\"og:url\" content=\"https:\/\/fmpatagoniamadryn.com.ar\/?p=177\" \/>\n<meta property=\"og:site_name\" content=\"FM Patagonia Madryn\" \/>\n<meta property=\"article:published_time\" content=\"2023-02-21T22:42:37+00:00\" \/>\n<meta property=\"article:modified_time\" content=\"2023-02-21T22:42:57+00:00\" \/>\n<meta property=\"og:image\" content=\"https:\/\/fmpatagoniamadryn.com.ar\/wp-content\/uploads\/2023\/02\/Foto-4-Plan-Olivicola.jpeg\" \/>\n\t<meta property=\"og:image:width\" content=\"1280\" \/>\n\t<meta property=\"og:image:height\" content=\"960\" \/>\n\t<meta property=\"og:image:type\" content=\"image\/jpeg\" \/>\n<meta name=\"author\" content=\"FM Patagonia\" \/>\n<meta name=\"twitter:card\" content=\"summary_large_image\" \/>\n<meta name=\"twitter:label1\" content=\"Escrito por\" \/>\n\t<meta name=\"twitter:data1\" content=\"FM Patagonia\" \/>\n\t<meta name=\"twitter:label2\" content=\"Tiempo de lectura\" \/>\n\t<meta name=\"twitter:data2\" content=\"3 minutos\" \/>\n<script type=\"application\/ld+json\" class=\"yoast-schema-graph\">{\"@context\":\"https:\\\/\\\/schema.org\",\"@graph\":[{\"@type\":\"Article\",\"@id\":\"https:\\\/\\\/fmpatagoniamadryn.com.ar\\\/?p=177#article\",\"isPartOf\":{\"@id\":\"https:\\\/\\\/fmpatagoniamadryn.com.ar\\\/?p=177\"},\"author\":{\"name\":\"FM Patagonia\",\"@id\":\"https:\\\/\\\/fmpatagoniamadryn.com.ar\\\/#\\\/schema\\\/person\\\/1d968ec613613768e14b4e6420a2b125\"},\"headline\":\"El Gobierno del Chubut avanza con el desarrollo del Plan Oliv\u00edcola Provincial\",\"datePublished\":\"2023-02-21T22:42:37+00:00\",\"dateModified\":\"2023-02-21T22:42:57+00:00\",\"mainEntityOfPage\":{\"@id\":\"https:\\\/\\\/fmpatagoniamadryn.com.ar\\\/?p=177\"},\"wordCount\":647,\"publisher\":{\"@id\":\"https:\\\/\\\/fmpatagoniamadryn.com.ar\\\/#organization\"},\"image\":{\"@id\":\"https:\\\/\\\/fmpatagoniamadryn.com.ar\\\/?p=177#primaryimage\"},\"thumbnailUrl\":\"https:\\\/\\\/fmpatagoniamadryn.com.ar\\\/wp-content\\\/uploads\\\/2023\\\/02\\\/Foto-4-Plan-Olivicola.jpeg\",\"articleSection\":[\"Provinciales\"],\"inLanguage\":\"es\"},{\"@type\":\"WebPage\",\"@id\":\"https:\\\/\\\/fmpatagoniamadryn.com.ar\\\/?p=177\",\"url\":\"https:\\\/\\\/fmpatagoniamadryn.com.ar\\\/?p=177\",\"name\":\"El Gobierno del Chubut avanza con el desarrollo del Plan Oliv\u00edcola Provincial - FM Patagonia Madryn\",\"isPartOf\":{\"@id\":\"https:\\\/\\\/fmpatagoniamadryn.com.ar\\\/#website\"},\"primaryImageOfPage\":{\"@id\":\"https:\\\/\\\/fmpatagoniamadryn.com.ar\\\/?p=177#primaryimage\"},\"image\":{\"@id\":\"https:\\\/\\\/fmpatagoniamadryn.com.ar\\\/?p=177#primaryimage\"},\"thumbnailUrl\":\"https:\\\/\\\/fmpatagoniamadryn.com.ar\\\/wp-content\\\/uploads\\\/2023\\\/02\\\/Foto-4-Plan-Olivicola.jpeg\",\"datePublished\":\"2023-02-21T22:42:37+00:00\",\"dateModified\":\"2023-02-21T22:42:57+00:00\",\"breadcrumb\":{\"@id\":\"https:\\\/\\\/fmpatagoniamadryn.com.ar\\\/?p=177#breadcrumb\"},\"inLanguage\":\"es\",\"potentialAction\":[{\"@type\":\"ReadAction\",\"target\":[\"https:\\\/\\\/fmpatagoniamadryn.com.ar\\\/?p=177\"]}]},{\"@type\":\"ImageObject\",\"inLanguage\":\"es\",\"@id\":\"https:\\\/\\\/fmpatagoniamadryn.com.ar\\\/?p=177#primaryimage\",\"url\":\"https:\\\/\\\/fmpatagoniamadryn.com.ar\\\/wp-content\\\/uploads\\\/2023\\\/02\\\/Foto-4-Plan-Olivicola.jpeg\",\"contentUrl\":\"https:\\\/\\\/fmpatagoniamadryn.com.ar\\\/wp-content\\\/uploads\\\/2023\\\/02\\\/Foto-4-Plan-Olivicola.jpeg\",\"width\":1280,\"height\":960},{\"@type\":\"BreadcrumbList\",\"@id\":\"https:\\\/\\\/fmpatagoniamadryn.com.ar\\\/?p=177#breadcrumb\",\"itemListElement\":[{\"@type\":\"ListItem\",\"position\":1,\"name\":\"Portada\",\"item\":\"https:\\\/\\\/fmpatagoniamadryn.com.ar\\\/\"},{\"@type\":\"ListItem\",\"position\":2,\"name\":\"El Gobierno del Chubut avanza con el desarrollo del Plan Oliv\u00edcola Provincial\"}]},{\"@type\":\"WebSite\",\"@id\":\"https:\\\/\\\/fmpatagoniamadryn.com.ar\\\/#website\",\"url\":\"https:\\\/\\\/fmpatagoniamadryn.com.ar\\\/\",\"name\":\"FM Patagonia Madryn\",\"description\":\"Radio Patagonia 105.5\",\"publisher\":{\"@id\":\"https:\\\/\\\/fmpatagoniamadryn.com.ar\\\/#organization\"},\"potentialAction\":[{\"@type\":\"SearchAction\",\"target\":{\"@type\":\"EntryPoint\",\"urlTemplate\":\"https:\\\/\\\/fmpatagoniamadryn.com.ar\\\/?s={search_term_string}\"},\"query-input\":{\"@type\":\"PropertyValueSpecification\",\"valueRequired\":true,\"valueName\":\"search_term_string\"}}],\"inLanguage\":\"es\"},{\"@type\":\"Organization\",\"@id\":\"https:\\\/\\\/fmpatagoniamadryn.com.ar\\\/#organization\",\"name\":\"FM Patagonia Madryn\",\"url\":\"https:\\\/\\\/fmpatagoniamadryn.com.ar\\\/\",\"logo\":{\"@type\":\"ImageObject\",\"inLanguage\":\"es\",\"@id\":\"https:\\\/\\\/fmpatagoniamadryn.com.ar\\\/#\\\/schema\\\/logo\\\/image\\\/\",\"url\":\"https:\\\/\\\/fmpatagoniamadryn.com.ar\\\/wp-content\\\/uploads\\\/2023\\\/01\\\/cropped-Diseno-sin-titulo.png\",\"contentUrl\":\"https:\\\/\\\/fmpatagoniamadryn.com.ar\\\/wp-content\\\/uploads\\\/2023\\\/01\\\/cropped-Diseno-sin-titulo.png\",\"width\":6911,\"height\":2657,\"caption\":\"FM Patagonia Madryn\"},\"image\":{\"@id\":\"https:\\\/\\\/fmpatagoniamadryn.com.ar\\\/#\\\/schema\\\/logo\\\/image\\\/\"}},{\"@type\":\"Person\",\"@id\":\"https:\\\/\\\/fmpatagoniamadryn.com.ar\\\/#\\\/schema\\\/person\\\/1d968ec613613768e14b4e6420a2b125\",\"name\":\"FM Patagonia\",\"url\":\"https:\\\/\\\/fmpatagoniamadryn.com.ar\\\/?author=3\"}]}<\/script>\n<!-- \/ Yoast SEO plugin. -->","yoast_head_json":{"title":"El Gobierno del Chubut avanza con el desarrollo del Plan Oliv\u00edcola Provincial - FM Patagonia Madryn","robots":{"index":"index","follow":"follow","max-snippet":"max-snippet:-1","max-image-preview":"max-image-preview:large","max-video-preview":"max-video-preview:-1"},"canonical":"https:\/\/fmpatagoniamadryn.com.ar\/?p=177","og_locale":"es_ES","og_type":"article","og_title":"El Gobierno del Chubut avanza con el desarrollo del Plan Oliv\u00edcola Provincial - FM Patagonia Madryn","og_description":"El objetivo es aumentar y fortalecer de forma sustentable la producci\u00f3n, contribuyendo al desarrollo de aceite de oliva y derivados. En el marco del Plan Oliv\u00edcola, que lleva adelante el&hellip;","og_url":"https:\/\/fmpatagoniamadryn.com.ar\/?p=177","og_site_name":"FM Patagonia Madryn","article_published_time":"2023-02-21T22:42:37+00:00","article_modified_time":"2023-02-21T22:42:57+00:00","og_image":[{"width":1280,"height":960,"url":"https:\/\/fmpatagoniamadryn.com.ar\/wp-content\/uploads\/2023\/02\/Foto-4-Plan-Olivicola.jpeg","type":"image\/jpeg"}],"author":"FM Patagonia","twitter_card":"summary_large_image","twitter_misc":{"Escrito por":"FM Patagonia","Tiempo de lectura":"3 minutos"},"schema":{"@context":"https:\/\/schema.org","@graph":[{"@type":"Article","@id":"https:\/\/fmpatagoniamadryn.com.ar\/?p=177#article","isPartOf":{"@id":"https:\/\/fmpatagoniamadryn.com.ar\/?p=177"},"author":{"name":"FM Patagonia","@id":"https:\/\/fmpatagoniamadryn.com.ar\/#\/schema\/person\/1d968ec613613768e14b4e6420a2b125"},"headline":"El Gobierno del Chubut avanza con el desarrollo del Plan Oliv\u00edcola Provincial","datePublished":"2023-02-21T22:42:37+00:00","dateModified":"2023-02-21T22:42:57+00:00","mainEntityOfPage":{"@id":"https:\/\/fmpatagoniamadryn.com.ar\/?p=177"},"wordCount":647,"publisher":{"@id":"https:\/\/fmpatagoniamadryn.com.ar\/#organization"},"image":{"@id":"https:\/\/fmpatagoniamadryn.com.ar\/?p=177#primaryimage"},"thumbnailUrl":"https:\/\/fmpatagoniamadryn.com.ar\/wp-content\/uploads\/2023\/02\/Foto-4-Plan-Olivicola.jpeg","articleSection":["Provinciales"],"inLanguage":"es"},{"@type":"WebPage","@id":"https:\/\/fmpatagoniamadryn.com.ar\/?p=177","url":"https:\/\/fmpatagoniamadryn.com.ar\/?p=177","name":"El Gobierno del Chubut avanza con el desarrollo del Plan Oliv\u00edcola Provincial - FM Patagonia Madryn","isPartOf":{"@id":"https:\/\/fmpatagoniamadryn.com.ar\/#website"},"primaryImageOfPage":{"@id":"https:\/\/fmpatagoniamadryn.com.ar\/?p=177#primaryimage"},"image":{"@id":"https:\/\/fmpatagoniamadryn.com.ar\/?p=177#primaryimage"},"thumbnailUrl":"https:\/\/fmpatagoniamadryn.com.ar\/wp-content\/uploads\/2023\/02\/Foto-4-Plan-Olivicola.jpeg","datePublished":"2023-02-21T22:42:37+00:00","dateModified":"2023-02-21T22:42:57+00:00","breadcrumb":{"@id":"https:\/\/fmpatagoniamadryn.com.ar\/?p=177#breadcrumb"},"inLanguage":"es","potentialAction":[{"@type":"ReadAction","target":["https:\/\/fmpatagoniamadryn.com.ar\/?p=177"]}]},{"@type":"ImageObject","inLanguage":"es","@id":"https:\/\/fmpatagoniamadryn.com.ar\/?p=177#primaryimage","url":"https:\/\/fmpatagoniamadryn.com.ar\/wp-content\/uploads\/2023\/02\/Foto-4-Plan-Olivicola.jpeg","contentUrl":"https:\/\/fmpatagoniamadryn.com.ar\/wp-content\/uploads\/2023\/02\/Foto-4-Plan-Olivicola.jpeg","width":1280,"height":960},{"@type":"BreadcrumbList","@id":"https:\/\/fmpatagoniamadryn.com.ar\/?p=177#breadcrumb","itemListElement":[{"@type":"ListItem","position":1,"name":"Portada","item":"https:\/\/fmpatagoniamadryn.com.ar\/"},{"@type":"ListItem","position":2,"name":"El Gobierno del Chubut avanza con el desarrollo del Plan Oliv\u00edcola Provincial"}]},{"@type":"WebSite","@id":"https:\/\/fmpatagoniamadryn.com.ar\/#website","url":"https:\/\/fmpatagoniamadryn.com.ar\/","name":"FM Patagonia Madryn","description":"Radio Patagonia 105.5","publisher":{"@id":"https:\/\/fmpatagoniamadryn.com.ar\/#organization"},"potentialAction":[{"@type":"SearchAction","target":{"@type":"EntryPoint","urlTemplate":"https:\/\/fmpatagoniamadryn.com.ar\/?s={search_term_string}"},"query-input":{"@type":"PropertyValueSpecification","valueRequired":true,"valueName":"search_term_string"}}],"inLanguage":"es"},{"@type":"Organization","@id":"https:\/\/fmpatagoniamadryn.com.ar\/#organization","name":"FM Patagonia Madryn","url":"https:\/\/fmpatagoniamadryn.com.ar\/","logo":{"@type":"ImageObject","inLanguage":"es","@id":"https:\/\/fmpatagoniamadryn.com.ar\/#\/schema\/logo\/image\/","url":"https:\/\/fmpatagoniamadryn.com.ar\/wp-content\/uploads\/2023\/01\/cropped-Diseno-sin-titulo.png","contentUrl":"https:\/\/fmpatagoniamadryn.com.ar\/wp-content\/uploads\/2023\/01\/cropped-Diseno-sin-titulo.png","width":6911,"height":2657,"caption":"FM Patagonia Madryn"},"image":{"@id":"https:\/\/fmpatagoniamadryn.com.ar\/#\/schema\/logo\/image\/"}},{"@type":"Person","@id":"https:\/\/fmpatagoniamadryn.com.ar\/#\/schema\/person\/1d968ec613613768e14b4e6420a2b125","name":"FM Patagonia","url":"https:\/\/fmpatagoniamadryn.com.ar\/?author=3"}]}},"jetpack_featured_media_url":"https:\/\/fmpatagoniamadryn.com.ar\/wp-content\/uploads\/2023\/02\/Foto-4-Plan-Olivicola.jpeg","_links":{"self":[{"href":"https:\/\/fmpatagoniamadryn.com.ar\/index.php?rest_route=\/wp\/v2\/posts\/177","targetHints":{"allow":["GET"]}}],"collection":[{"href":"https:\/\/fmpatagoniamadryn.com.ar\/index.php?rest_route=\/wp\/v2\/posts"}],"about":[{"href":"https:\/\/fmpatagoniamadryn.com.ar\/index.php?rest_route=\/wp\/v2\/types\/post"}],"author":[{"embeddable":true,"href":"https:\/\/fmpatagoniamadryn.com.ar\/index.php?rest_route=\/wp\/v2\/users\/3"}],"replies":[{"embeddable":true,"href":"https:\/\/fmpatagoniamadryn.com.ar\/index.php?rest_route=%2Fwp%2Fv2%2Fcomments&post=177"}],"version-history":[{"count":1,"href":"https:\/\/fmpatagoniamadryn.com.ar\/index.php?rest_route=\/wp\/v2\/posts\/177\/revisions"}],"predecessor-version":[{"id":178,"href":"https:\/\/fmpatagoniamadryn.com.ar\/index.php?rest_route=\/wp\/v2\/posts\/177\/revisions\/178"}],"wp:featuredmedia":[{"embeddable":true,"href":"https:\/\/fmpatagoniamadryn.com.ar\/index.php?rest_route=\/wp\/v2\/media\/176"}],"wp:attachment":[{"href":"https:\/\/fmpatagoniamadryn.com.ar\/index.php?rest_route=%2Fwp%2Fv2%2Fmedia&parent=177"}],"wp:term":[{"taxonomy":"category","embeddable":true,"href":"https:\/\/fmpatagoniamadryn.com.ar\/index.php?rest_route=%2Fwp%2Fv2%2Fcategories&post=177"},{"taxonomy":"post_tag","embeddable":true,"href":"https:\/\/fmpatagoniamadryn.com.ar\/index.php?rest_route=%2Fwp%2Fv2%2Ftags&post=177"}],"curies":[{"name":"wp","href":"https:\/\/api.w.org\/{rel}","templated":true}]}}