{"id":17714,"date":"2025-08-27T13:43:44","date_gmt":"2025-08-27T16:43:44","guid":{"rendered":"https:\/\/fmpatagoniamadryn.com.ar\/?p=17714"},"modified":"2025-08-27T13:43:44","modified_gmt":"2025-08-27T16:43:44","slug":"crimen-de-la-policia-marcela-tagariello-el-adn-confirmo-el-vinculo-entre-el-arma-homicidia-y-el-acusado","status":"publish","type":"post","link":"https:\/\/fmpatagoniamadryn.com.ar\/?p=17714","title":{"rendered":"CRIMEN DE LA POLIC\u00cdA MARCELA TAGARIELLO: EL ADN CONFIRM\u00d3 EL V\u00cdNCULO ENTRE EL ARMA HOMICIDIA Y EL ACUSADO"},"content":{"rendered":"\n<p><\/p>\n\n\n\n<p>La investigaci\u00f3n por el homicidio de la agente policial Marcela Tagariello sum\u00f3 una prueba determinante. Los estudios de ADN realizados sobre el rev\u00f3lver calibre .38 secuestrado en la vivienda confirmaron la presencia de rastros gen\u00e9ticos de Lucas Entraigas, el detenido en la causa.<\/p>\n\n\n\n<p>El informe pericial, incorporado recientemente al expediente, establece que las muestras levantadas del arma coinciden con el perfil gen\u00e9tico del sospechoso. Este resultado refuerza la hip\u00f3tesis de la Fiscal\u00eda respecto de la autor\u00eda material del hecho y se vincula a la pericia bal\u00edstica positiva.<\/p>\n\n\n\n<p>El crimen ocurri\u00f3 la noche del 16 de julio, cuando Entraigas ingres\u00f3 armado a una vivienda con fines de robo. En ese contexto fue sorprendido por la polic\u00eda y dispar\u00f3 en dos oportunidades contra la agente Tagariello. Uno de los proyectiles atraves\u00f3 el chaleco antibalas e impact\u00f3 en una zona vital. La mujer, que prestaba funciones en la Comisar\u00eda Cuarta de Puerto Madryn, falleci\u00f3 poco despu\u00e9s en el hospital local.<\/p>\n\n\n\n<p>El acusado enfrenta cargos por homicidio doblemente agravado en concurso real con robo agravado con arma de fuego, delitos que prev\u00e9n como \u00fanica pena la prisi\u00f3n perpetua.<\/p>\n\n\n\n<p>Adem\u00e1s de la pericia gen\u00e9tica, la Fiscal\u00eda cuenta con pruebas testimoniales, registros de c\u00e1maras de seguridad, la pericia bal\u00edstica que vincul\u00f3 el proyectil al arma incautada y la propia manifestaci\u00f3n del acusado ante una testigo, cuando reconoci\u00f3 haber disparado contra la polic\u00eda.<\/p>\n\n\n\n<p>Camino al juicio por jurados<\/p>\n\n\n\n<p>La fiscal Ivana Berazategui inform\u00f3 a la familia de la v\u00edctima los avances en la investigaci\u00f3n y anticip\u00f3 que el caso ser\u00e1 debatido en un juicio por jurados, mecanismo previsto para delitos graves en la provincia.<\/p>\n","protected":false},"excerpt":{"rendered":"<p>La investigaci\u00f3n por el homicidio de la agente policial Marcela Tagariello sum\u00f3 una prueba determinante. Los estudios de ADN realizados sobre el rev\u00f3lver calibre .38 secuestrado en la vivienda confirmaron&hellip; <\/p>\n","protected":false},"author":2,"featured_media":17713,"comment_status":"closed","ping_status":"closed","sticky":false,"template":"","format":"standard","meta":{"footnotes":""},"categories":[15],"tags":[],"class_list":["post-17714","post","type-post","status-publish","format-standard","has-post-thumbnail","hentry","category-locales"],"yoast_head":"<!-- This site is optimized with the Yoast SEO plugin v27.4 - https:\/\/yoast.com\/product\/yoast-seo-wordpress\/ -->\n<title>CRIMEN DE LA POLIC\u00cdA MARCELA TAGARIELLO: EL ADN CONFIRM\u00d3 EL V\u00cdNCULO ENTRE EL ARMA HOMICIDIA Y EL ACUSADO - FM Patagonia Madryn<\/title>\n<meta name=\"robots\" content=\"index, follow, max-snippet:-1, max-image-preview:large, max-video-preview:-1\" \/>\n<link rel=\"canonical\" href=\"https:\/\/fmpatagoniamadryn.com.ar\/?p=17714\" \/>\n<meta property=\"og:locale\" content=\"es_ES\" \/>\n<meta property=\"og:type\" content=\"article\" \/>\n<meta property=\"og:title\" content=\"CRIMEN DE LA POLIC\u00cdA MARCELA TAGARIELLO: EL ADN CONFIRM\u00d3 EL V\u00cdNCULO ENTRE EL ARMA HOMICIDIA Y EL ACUSADO - FM Patagonia Madryn\" \/>\n<meta property=\"og:description\" content=\"La investigaci\u00f3n por el homicidio de la agente policial Marcela Tagariello sum\u00f3 una prueba determinante. Los estudios de ADN realizados sobre el rev\u00f3lver calibre .38 secuestrado en la vivienda confirmaron&hellip;\" \/>\n<meta property=\"og:url\" content=\"https:\/\/fmpatagoniamadryn.com.ar\/?p=17714\" \/>\n<meta property=\"og:site_name\" content=\"FM Patagonia Madryn\" \/>\n<meta property=\"article:published_time\" content=\"2025-08-27T16:43:44+00:00\" \/>\n<meta property=\"og:image\" content=\"https:\/\/fmpatagoniamadryn.com.ar\/wp-content\/uploads\/2025\/08\/img_3266.jpg\" \/>\n\t<meta property=\"og:image:width\" content=\"1320\" \/>\n\t<meta property=\"og:image:height\" content=\"1118\" \/>\n\t<meta property=\"og:image:type\" content=\"image\/jpeg\" \/>\n<meta name=\"author\" content=\"FM Patagonia\" \/>\n<meta name=\"twitter:card\" content=\"summary_large_image\" \/>\n<meta name=\"twitter:label1\" content=\"Escrito por\" \/>\n\t<meta name=\"twitter:data1\" content=\"FM Patagonia\" \/>\n\t<meta name=\"twitter:label2\" content=\"Tiempo de lectura\" \/>\n\t<meta name=\"twitter:data2\" content=\"1 minuto\" \/>\n<script type=\"application\/ld+json\" class=\"yoast-schema-graph\">{\"@context\":\"https:\\\/\\\/schema.org\",\"@graph\":[{\"@type\":\"Article\",\"@id\":\"https:\\\/\\\/fmpatagoniamadryn.com.ar\\\/?p=17714#article\",\"isPartOf\":{\"@id\":\"https:\\\/\\\/fmpatagoniamadryn.com.ar\\\/?p=17714\"},\"author\":{\"name\":\"FM Patagonia\",\"@id\":\"https:\\\/\\\/fmpatagoniamadryn.com.ar\\\/#\\\/schema\\\/person\\\/8a3de4ad7efceacab06c1641c50303b7\"},\"headline\":\"CRIMEN DE LA POLIC\u00cdA MARCELA TAGARIELLO: EL ADN CONFIRM\u00d3 EL V\u00cdNCULO ENTRE EL ARMA HOMICIDIA Y EL ACUSADO\",\"datePublished\":\"2025-08-27T16:43:44+00:00\",\"mainEntityOfPage\":{\"@id\":\"https:\\\/\\\/fmpatagoniamadryn.com.ar\\\/?p=17714\"},\"wordCount\":307,\"publisher\":{\"@id\":\"https:\\\/\\\/fmpatagoniamadryn.com.ar\\\/#organization\"},\"image\":{\"@id\":\"https:\\\/\\\/fmpatagoniamadryn.com.ar\\\/?p=17714#primaryimage\"},\"thumbnailUrl\":\"https:\\\/\\\/fmpatagoniamadryn.com.ar\\\/wp-content\\\/uploads\\\/2025\\\/08\\\/img_3266.jpg\",\"articleSection\":[\"Locales\"],\"inLanguage\":\"es\"},{\"@type\":\"WebPage\",\"@id\":\"https:\\\/\\\/fmpatagoniamadryn.com.ar\\\/?p=17714\",\"url\":\"https:\\\/\\\/fmpatagoniamadryn.com.ar\\\/?p=17714\",\"name\":\"CRIMEN DE LA POLIC\u00cdA MARCELA TAGARIELLO: EL ADN CONFIRM\u00d3 EL V\u00cdNCULO ENTRE EL ARMA HOMICIDIA Y EL ACUSADO - FM Patagonia Madryn\",\"isPartOf\":{\"@id\":\"https:\\\/\\\/fmpatagoniamadryn.com.ar\\\/#website\"},\"primaryImageOfPage\":{\"@id\":\"https:\\\/\\\/fmpatagoniamadryn.com.ar\\\/?p=17714#primaryimage\"},\"image\":{\"@id\":\"https:\\\/\\\/fmpatagoniamadryn.com.ar\\\/?p=17714#primaryimage\"},\"thumbnailUrl\":\"https:\\\/\\\/fmpatagoniamadryn.com.ar\\\/wp-content\\\/uploads\\\/2025\\\/08\\\/img_3266.jpg\",\"datePublished\":\"2025-08-27T16:43:44+00:00\",\"breadcrumb\":{\"@id\":\"https:\\\/\\\/fmpatagoniamadryn.com.ar\\\/?p=17714#breadcrumb\"},\"inLanguage\":\"es\",\"potentialAction\":[{\"@type\":\"ReadAction\",\"target\":[\"https:\\\/\\\/fmpatagoniamadryn.com.ar\\\/?p=17714\"]}]},{\"@type\":\"ImageObject\",\"inLanguage\":\"es\",\"@id\":\"https:\\\/\\\/fmpatagoniamadryn.com.ar\\\/?p=17714#primaryimage\",\"url\":\"https:\\\/\\\/fmpatagoniamadryn.com.ar\\\/wp-content\\\/uploads\\\/2025\\\/08\\\/img_3266.jpg\",\"contentUrl\":\"https:\\\/\\\/fmpatagoniamadryn.com.ar\\\/wp-content\\\/uploads\\\/2025\\\/08\\\/img_3266.jpg\",\"width\":1320,\"height\":1118},{\"@type\":\"BreadcrumbList\",\"@id\":\"https:\\\/\\\/fmpatagoniamadryn.com.ar\\\/?p=17714#breadcrumb\",\"itemListElement\":[{\"@type\":\"ListItem\",\"position\":1,\"name\":\"Portada\",\"item\":\"https:\\\/\\\/fmpatagoniamadryn.com.ar\\\/\"},{\"@type\":\"ListItem\",\"position\":2,\"name\":\"CRIMEN DE LA POLIC\u00cdA MARCELA TAGARIELLO: EL ADN CONFIRM\u00d3 EL V\u00cdNCULO ENTRE EL ARMA HOMICIDIA Y EL ACUSADO\"}]},{\"@type\":\"WebSite\",\"@id\":\"https:\\\/\\\/fmpatagoniamadryn.com.ar\\\/#website\",\"url\":\"https:\\\/\\\/fmpatagoniamadryn.com.ar\\\/\",\"name\":\"FM Patagonia Madryn\",\"description\":\"Radio Patagonia 105.5\",\"publisher\":{\"@id\":\"https:\\\/\\\/fmpatagoniamadryn.com.ar\\\/#organization\"},\"potentialAction\":[{\"@type\":\"SearchAction\",\"target\":{\"@type\":\"EntryPoint\",\"urlTemplate\":\"https:\\\/\\\/fmpatagoniamadryn.com.ar\\\/?s={search_term_string}\"},\"query-input\":{\"@type\":\"PropertyValueSpecification\",\"valueRequired\":true,\"valueName\":\"search_term_string\"}}],\"inLanguage\":\"es\"},{\"@type\":\"Organization\",\"@id\":\"https:\\\/\\\/fmpatagoniamadryn.com.ar\\\/#organization\",\"name\":\"FM Patagonia Madryn\",\"url\":\"https:\\\/\\\/fmpatagoniamadryn.com.ar\\\/\",\"logo\":{\"@type\":\"ImageObject\",\"inLanguage\":\"es\",\"@id\":\"https:\\\/\\\/fmpatagoniamadryn.com.ar\\\/#\\\/schema\\\/logo\\\/image\\\/\",\"url\":\"https:\\\/\\\/fmpatagoniamadryn.com.ar\\\/wp-content\\\/uploads\\\/2023\\\/01\\\/cropped-Diseno-sin-titulo.png\",\"contentUrl\":\"https:\\\/\\\/fmpatagoniamadryn.com.ar\\\/wp-content\\\/uploads\\\/2023\\\/01\\\/cropped-Diseno-sin-titulo.png\",\"width\":6911,\"height\":2657,\"caption\":\"FM Patagonia Madryn\"},\"image\":{\"@id\":\"https:\\\/\\\/fmpatagoniamadryn.com.ar\\\/#\\\/schema\\\/logo\\\/image\\\/\"}},{\"@type\":\"Person\",\"@id\":\"https:\\\/\\\/fmpatagoniamadryn.com.ar\\\/#\\\/schema\\\/person\\\/8a3de4ad7efceacab06c1641c50303b7\",\"name\":\"FM Patagonia\",\"url\":\"https:\\\/\\\/fmpatagoniamadryn.com.ar\\\/?author=2\"}]}<\/script>\n<!-- \/ Yoast SEO plugin. -->","yoast_head_json":{"title":"CRIMEN DE LA POLIC\u00cdA MARCELA TAGARIELLO: EL ADN CONFIRM\u00d3 EL V\u00cdNCULO ENTRE EL ARMA HOMICIDIA Y EL ACUSADO - FM Patagonia Madryn","robots":{"index":"index","follow":"follow","max-snippet":"max-snippet:-1","max-image-preview":"max-image-preview:large","max-video-preview":"max-video-preview:-1"},"canonical":"https:\/\/fmpatagoniamadryn.com.ar\/?p=17714","og_locale":"es_ES","og_type":"article","og_title":"CRIMEN DE LA POLIC\u00cdA MARCELA TAGARIELLO: EL ADN CONFIRM\u00d3 EL V\u00cdNCULO ENTRE EL ARMA HOMICIDIA Y EL ACUSADO - FM Patagonia Madryn","og_description":"La investigaci\u00f3n por el homicidio de la agente policial Marcela Tagariello sum\u00f3 una prueba determinante. Los estudios de ADN realizados sobre el rev\u00f3lver calibre .38 secuestrado en la vivienda confirmaron&hellip;","og_url":"https:\/\/fmpatagoniamadryn.com.ar\/?p=17714","og_site_name":"FM Patagonia Madryn","article_published_time":"2025-08-27T16:43:44+00:00","og_image":[{"width":1320,"height":1118,"url":"https:\/\/fmpatagoniamadryn.com.ar\/wp-content\/uploads\/2025\/08\/img_3266.jpg","type":"image\/jpeg"}],"author":"FM Patagonia","twitter_card":"summary_large_image","twitter_misc":{"Escrito por":"FM Patagonia","Tiempo de lectura":"1 minuto"},"schema":{"@context":"https:\/\/schema.org","@graph":[{"@type":"Article","@id":"https:\/\/fmpatagoniamadryn.com.ar\/?p=17714#article","isPartOf":{"@id":"https:\/\/fmpatagoniamadryn.com.ar\/?p=17714"},"author":{"name":"FM Patagonia","@id":"https:\/\/fmpatagoniamadryn.com.ar\/#\/schema\/person\/8a3de4ad7efceacab06c1641c50303b7"},"headline":"CRIMEN DE LA POLIC\u00cdA MARCELA TAGARIELLO: EL ADN CONFIRM\u00d3 EL V\u00cdNCULO ENTRE EL ARMA HOMICIDIA Y EL ACUSADO","datePublished":"2025-08-27T16:43:44+00:00","mainEntityOfPage":{"@id":"https:\/\/fmpatagoniamadryn.com.ar\/?p=17714"},"wordCount":307,"publisher":{"@id":"https:\/\/fmpatagoniamadryn.com.ar\/#organization"},"image":{"@id":"https:\/\/fmpatagoniamadryn.com.ar\/?p=17714#primaryimage"},"thumbnailUrl":"https:\/\/fmpatagoniamadryn.com.ar\/wp-content\/uploads\/2025\/08\/img_3266.jpg","articleSection":["Locales"],"inLanguage":"es"},{"@type":"WebPage","@id":"https:\/\/fmpatagoniamadryn.com.ar\/?p=17714","url":"https:\/\/fmpatagoniamadryn.com.ar\/?p=17714","name":"CRIMEN DE LA POLIC\u00cdA MARCELA TAGARIELLO: EL ADN CONFIRM\u00d3 EL V\u00cdNCULO ENTRE EL ARMA HOMICIDIA Y EL ACUSADO - FM Patagonia Madryn","isPartOf":{"@id":"https:\/\/fmpatagoniamadryn.com.ar\/#website"},"primaryImageOfPage":{"@id":"https:\/\/fmpatagoniamadryn.com.ar\/?p=17714#primaryimage"},"image":{"@id":"https:\/\/fmpatagoniamadryn.com.ar\/?p=17714#primaryimage"},"thumbnailUrl":"https:\/\/fmpatagoniamadryn.com.ar\/wp-content\/uploads\/2025\/08\/img_3266.jpg","datePublished":"2025-08-27T16:43:44+00:00","breadcrumb":{"@id":"https:\/\/fmpatagoniamadryn.com.ar\/?p=17714#breadcrumb"},"inLanguage":"es","potentialAction":[{"@type":"ReadAction","target":["https:\/\/fmpatagoniamadryn.com.ar\/?p=17714"]}]},{"@type":"ImageObject","inLanguage":"es","@id":"https:\/\/fmpatagoniamadryn.com.ar\/?p=17714#primaryimage","url":"https:\/\/fmpatagoniamadryn.com.ar\/wp-content\/uploads\/2025\/08\/img_3266.jpg","contentUrl":"https:\/\/fmpatagoniamadryn.com.ar\/wp-content\/uploads\/2025\/08\/img_3266.jpg","width":1320,"height":1118},{"@type":"BreadcrumbList","@id":"https:\/\/fmpatagoniamadryn.com.ar\/?p=17714#breadcrumb","itemListElement":[{"@type":"ListItem","position":1,"name":"Portada","item":"https:\/\/fmpatagoniamadryn.com.ar\/"},{"@type":"ListItem","position":2,"name":"CRIMEN DE LA POLIC\u00cdA MARCELA TAGARIELLO: EL ADN CONFIRM\u00d3 EL V\u00cdNCULO ENTRE EL ARMA HOMICIDIA Y EL ACUSADO"}]},{"@type":"WebSite","@id":"https:\/\/fmpatagoniamadryn.com.ar\/#website","url":"https:\/\/fmpatagoniamadryn.com.ar\/","name":"FM Patagonia Madryn","description":"Radio Patagonia 105.5","publisher":{"@id":"https:\/\/fmpatagoniamadryn.com.ar\/#organization"},"potentialAction":[{"@type":"SearchAction","target":{"@type":"EntryPoint","urlTemplate":"https:\/\/fmpatagoniamadryn.com.ar\/?s={search_term_string}"},"query-input":{"@type":"PropertyValueSpecification","valueRequired":true,"valueName":"search_term_string"}}],"inLanguage":"es"},{"@type":"Organization","@id":"https:\/\/fmpatagoniamadryn.com.ar\/#organization","name":"FM Patagonia Madryn","url":"https:\/\/fmpatagoniamadryn.com.ar\/","logo":{"@type":"ImageObject","inLanguage":"es","@id":"https:\/\/fmpatagoniamadryn.com.ar\/#\/schema\/logo\/image\/","url":"https:\/\/fmpatagoniamadryn.com.ar\/wp-content\/uploads\/2023\/01\/cropped-Diseno-sin-titulo.png","contentUrl":"https:\/\/fmpatagoniamadryn.com.ar\/wp-content\/uploads\/2023\/01\/cropped-Diseno-sin-titulo.png","width":6911,"height":2657,"caption":"FM Patagonia Madryn"},"image":{"@id":"https:\/\/fmpatagoniamadryn.com.ar\/#\/schema\/logo\/image\/"}},{"@type":"Person","@id":"https:\/\/fmpatagoniamadryn.com.ar\/#\/schema\/person\/8a3de4ad7efceacab06c1641c50303b7","name":"FM Patagonia","url":"https:\/\/fmpatagoniamadryn.com.ar\/?author=2"}]}},"jetpack_featured_media_url":"https:\/\/fmpatagoniamadryn.com.ar\/wp-content\/uploads\/2025\/08\/img_3266.jpg","_links":{"self":[{"href":"https:\/\/fmpatagoniamadryn.com.ar\/index.php?rest_route=\/wp\/v2\/posts\/17714","targetHints":{"allow":["GET"]}}],"collection":[{"href":"https:\/\/fmpatagoniamadryn.com.ar\/index.php?rest_route=\/wp\/v2\/posts"}],"about":[{"href":"https:\/\/fmpatagoniamadryn.com.ar\/index.php?rest_route=\/wp\/v2\/types\/post"}],"author":[{"embeddable":true,"href":"https:\/\/fmpatagoniamadryn.com.ar\/index.php?rest_route=\/wp\/v2\/users\/2"}],"replies":[{"embeddable":true,"href":"https:\/\/fmpatagoniamadryn.com.ar\/index.php?rest_route=%2Fwp%2Fv2%2Fcomments&post=17714"}],"version-history":[{"count":1,"href":"https:\/\/fmpatagoniamadryn.com.ar\/index.php?rest_route=\/wp\/v2\/posts\/17714\/revisions"}],"predecessor-version":[{"id":17715,"href":"https:\/\/fmpatagoniamadryn.com.ar\/index.php?rest_route=\/wp\/v2\/posts\/17714\/revisions\/17715"}],"wp:featuredmedia":[{"embeddable":true,"href":"https:\/\/fmpatagoniamadryn.com.ar\/index.php?rest_route=\/wp\/v2\/media\/17713"}],"wp:attachment":[{"href":"https:\/\/fmpatagoniamadryn.com.ar\/index.php?rest_route=%2Fwp%2Fv2%2Fmedia&parent=17714"}],"wp:term":[{"taxonomy":"category","embeddable":true,"href":"https:\/\/fmpatagoniamadryn.com.ar\/index.php?rest_route=%2Fwp%2Fv2%2Fcategories&post=17714"},{"taxonomy":"post_tag","embeddable":true,"href":"https:\/\/fmpatagoniamadryn.com.ar\/index.php?rest_route=%2Fwp%2Fv2%2Ftags&post=17714"}],"curies":[{"name":"wp","href":"https:\/\/api.w.org\/{rel}","templated":true}]}}