{"id":17717,"date":"2025-08-27T15:56:01","date_gmt":"2025-08-27T18:56:01","guid":{"rendered":"https:\/\/fmpatagoniamadryn.com.ar\/?p=17717"},"modified":"2025-08-27T15:56:01","modified_gmt":"2025-08-27T18:56:01","slug":"el-tep-oficializo-a-los-24-candidatos-al-consejo-de-la-magistratura","status":"publish","type":"post","link":"https:\/\/fmpatagoniamadryn.com.ar\/?p=17717","title":{"rendered":"El TEP oficializ\u00f3 a los 24 candidatos al Consejo de la Magistratura"},"content":{"rendered":"\n<p class=\"p1\"><\/p>\n\n\n\n<p class=\"p3\">El Tribunal Electoral Provincial (TEP) oficializ\u00f3 este mi\u00e9rcoles las candidaturas para integrar el Consejo de la Magistratura en las circunscripciones de Esquel y Trelew, de cara a las elecciones que se desarrollar\u00e1n el pr\u00f3ximo 26 de octubre.<\/p>\n\n\n\n<p class=\"p3\">La audiencia se llev\u00f3 a cabo en instalaciones del Superior Tribunal de Justicia en Rawson, confirmando que las seis agrupaciones pol\u00edticas participantes cumplieron con los requisitos legales establecidos.<\/p>\n\n\n\n<p class=\"p3\">El encuentro estuvo presidido por Camila Banfi Saavedra, a cargo de la presidencia del STJ, y cont\u00f3 con la participaci\u00f3n presencial de la jueza Amorina Testino y del secretario electoral de Chubut, Alejandro Tullio. Tambi\u00e9n se sumaron de manera virtual los diputados Luis Juncos y Tatiana Goic, junto al procurador general Jorge Miquelarena.<\/p>\n\n\n\n<p class=\"p3\">Con la ratificaci\u00f3n un\u00e1nime del informe presentado por la Secretar\u00eda Electoral, quedaron oficializados los 24 candidatos, entre titulares y suplentes, que competir\u00e1n por los cargos de consejeros populares.<\/p>\n\n\n\n<p class=\"p1\">Agrupaciones y candidatos<\/p>\n\n\n\n<p class=\"p3\">Despierta Chubut<\/p>\n\n\n\n<p class=\"p1\">Trelew: Sergio Rub\u00e9n Bartels (Titular) \u2013 Axel Daniel Fern\u00e1ndez Kent (Suplente) Esquel: Diego Fernando Austin (Titular) \u2013 Gonzalo Esteban Galarza (Suplente)<\/p>\n\n\n\n<p class=\"p3\">La Fuerza del Trabajo Chubutense<\/p>\n\n\n\n<p class=\"p1\">Trelew: Pablo Hern\u00e1n Genero (Titular) \u2013 Roberto Montesino (Suplente) Esquel: Javier Gustavo Qui\u00f1enao Mercado (Titular) \u2013 Horacio Leonardo Austin (Suplente)<\/p>\n\n\n\n<p class=\"p3\">La Libertad Avanza<\/p>\n\n\n\n<p class=\"p1\">Trelew: Facundo Miguel Lazzaro (Titular) \u2013 Anselmo Fleita (Suplente) Esquel: Cristian Sa\u00fal Ortiz (Titular) \u2013 Esteban Rub\u00e9n Blanco (Suplente)<\/p>\n\n\n\n<p class=\"p3\">GEN<\/p>\n\n\n\n<p class=\"p1\">Trelew: Eduardo Alfredo Gonz\u00e1lez (Titular) \u2013 Osvaldo Miguel Schroh (Suplente) Esquel: Rub\u00e9n Anido (Titular) \u2013 Roberto Campos (Suplente)<\/p>\n\n\n\n<p class=\"p3\">Frente Unidos Podemos<\/p>\n\n\n\n<p class=\"p1\">Trelew: Carlos Ad\u00e1n Silvestri Garc\u00eda (Titular) \u2013 Alan Emanuel Jones (Suplente) Esquel: Ezlo Franco Traccana (Titular) \u2013 Oscar Conrado Torres (Suplente)<\/p>\n\n\n\n<p class=\"p3\">PICH<\/p>\n\n\n\n<p class=\"p1\">Trelew: Brian Alexis Jones (Titular) \u2013 Leonardo David Azocar (Suplente) Esquel: Jonathan Emmanuel Vel\u00e1zquez (Titular) \u2013 Mauro Nicol\u00e1s M\u00e9ndez (Suplente<\/p>\n","protected":false},"excerpt":{"rendered":"<p>El Tribunal Electoral Provincial (TEP) oficializ\u00f3 este mi\u00e9rcoles las candidaturas para integrar el Consejo de la Magistratura en las circunscripciones de Esquel y Trelew, de cara a las elecciones que&hellip; <\/p>\n","protected":false},"author":2,"featured_media":17716,"comment_status":"closed","ping_status":"closed","sticky":false,"template":"","format":"standard","meta":{"footnotes":""},"categories":[14],"tags":[],"class_list":["post-17717","post","type-post","status-publish","format-standard","has-post-thumbnail","hentry","category-provinciales"],"yoast_head":"<!-- This site is optimized with the Yoast SEO plugin v27.4 - https:\/\/yoast.com\/product\/yoast-seo-wordpress\/ -->\n<title>El TEP oficializ\u00f3 a los 24 candidatos al Consejo de la Magistratura - FM Patagonia Madryn<\/title>\n<meta name=\"robots\" content=\"index, follow, max-snippet:-1, max-image-preview:large, max-video-preview:-1\" \/>\n<link rel=\"canonical\" href=\"https:\/\/fmpatagoniamadryn.com.ar\/?p=17717\" \/>\n<meta property=\"og:locale\" content=\"es_ES\" \/>\n<meta property=\"og:type\" content=\"article\" \/>\n<meta property=\"og:title\" content=\"El TEP oficializ\u00f3 a los 24 candidatos al Consejo de la Magistratura - FM Patagonia Madryn\" \/>\n<meta property=\"og:description\" content=\"El Tribunal Electoral Provincial (TEP) oficializ\u00f3 este mi\u00e9rcoles las candidaturas para integrar el Consejo de la Magistratura en las circunscripciones de Esquel y Trelew, de cara a las elecciones que&hellip;\" \/>\n<meta property=\"og:url\" content=\"https:\/\/fmpatagoniamadryn.com.ar\/?p=17717\" \/>\n<meta property=\"og:site_name\" content=\"FM Patagonia Madryn\" \/>\n<meta property=\"article:published_time\" content=\"2025-08-27T18:56:01+00:00\" \/>\n<meta property=\"og:image\" content=\"https:\/\/fmpatagoniamadryn.com.ar\/wp-content\/uploads\/2025\/08\/img_3282.jpg\" \/>\n\t<meta property=\"og:image:width\" content=\"1200\" \/>\n\t<meta property=\"og:image:height\" content=\"675\" \/>\n\t<meta property=\"og:image:type\" content=\"image\/jpeg\" \/>\n<meta name=\"author\" content=\"FM Patagonia\" \/>\n<meta name=\"twitter:card\" content=\"summary_large_image\" \/>\n<meta name=\"twitter:label1\" content=\"Escrito por\" \/>\n\t<meta name=\"twitter:data1\" content=\"FM Patagonia\" \/>\n\t<meta name=\"twitter:label2\" content=\"Tiempo de lectura\" \/>\n\t<meta name=\"twitter:data2\" content=\"1 minuto\" \/>\n<script type=\"application\/ld+json\" class=\"yoast-schema-graph\">{\"@context\":\"https:\\\/\\\/schema.org\",\"@graph\":[{\"@type\":\"Article\",\"@id\":\"https:\\\/\\\/fmpatagoniamadryn.com.ar\\\/?p=17717#article\",\"isPartOf\":{\"@id\":\"https:\\\/\\\/fmpatagoniamadryn.com.ar\\\/?p=17717\"},\"author\":{\"name\":\"FM Patagonia\",\"@id\":\"https:\\\/\\\/fmpatagoniamadryn.com.ar\\\/#\\\/schema\\\/person\\\/8a3de4ad7efceacab06c1641c50303b7\"},\"headline\":\"El TEP oficializ\u00f3 a los 24 candidatos al Consejo de la Magistratura\",\"datePublished\":\"2025-08-27T18:56:01+00:00\",\"mainEntityOfPage\":{\"@id\":\"https:\\\/\\\/fmpatagoniamadryn.com.ar\\\/?p=17717\"},\"wordCount\":303,\"publisher\":{\"@id\":\"https:\\\/\\\/fmpatagoniamadryn.com.ar\\\/#organization\"},\"image\":{\"@id\":\"https:\\\/\\\/fmpatagoniamadryn.com.ar\\\/?p=17717#primaryimage\"},\"thumbnailUrl\":\"https:\\\/\\\/fmpatagoniamadryn.com.ar\\\/wp-content\\\/uploads\\\/2025\\\/08\\\/img_3282.jpg\",\"articleSection\":[\"Provinciales\"],\"inLanguage\":\"es\"},{\"@type\":\"WebPage\",\"@id\":\"https:\\\/\\\/fmpatagoniamadryn.com.ar\\\/?p=17717\",\"url\":\"https:\\\/\\\/fmpatagoniamadryn.com.ar\\\/?p=17717\",\"name\":\"El TEP oficializ\u00f3 a los 24 candidatos al Consejo de la Magistratura - FM Patagonia Madryn\",\"isPartOf\":{\"@id\":\"https:\\\/\\\/fmpatagoniamadryn.com.ar\\\/#website\"},\"primaryImageOfPage\":{\"@id\":\"https:\\\/\\\/fmpatagoniamadryn.com.ar\\\/?p=17717#primaryimage\"},\"image\":{\"@id\":\"https:\\\/\\\/fmpatagoniamadryn.com.ar\\\/?p=17717#primaryimage\"},\"thumbnailUrl\":\"https:\\\/\\\/fmpatagoniamadryn.com.ar\\\/wp-content\\\/uploads\\\/2025\\\/08\\\/img_3282.jpg\",\"datePublished\":\"2025-08-27T18:56:01+00:00\",\"breadcrumb\":{\"@id\":\"https:\\\/\\\/fmpatagoniamadryn.com.ar\\\/?p=17717#breadcrumb\"},\"inLanguage\":\"es\",\"potentialAction\":[{\"@type\":\"ReadAction\",\"target\":[\"https:\\\/\\\/fmpatagoniamadryn.com.ar\\\/?p=17717\"]}]},{\"@type\":\"ImageObject\",\"inLanguage\":\"es\",\"@id\":\"https:\\\/\\\/fmpatagoniamadryn.com.ar\\\/?p=17717#primaryimage\",\"url\":\"https:\\\/\\\/fmpatagoniamadryn.com.ar\\\/wp-content\\\/uploads\\\/2025\\\/08\\\/img_3282.jpg\",\"contentUrl\":\"https:\\\/\\\/fmpatagoniamadryn.com.ar\\\/wp-content\\\/uploads\\\/2025\\\/08\\\/img_3282.jpg\",\"width\":1200,\"height\":675},{\"@type\":\"BreadcrumbList\",\"@id\":\"https:\\\/\\\/fmpatagoniamadryn.com.ar\\\/?p=17717#breadcrumb\",\"itemListElement\":[{\"@type\":\"ListItem\",\"position\":1,\"name\":\"Portada\",\"item\":\"https:\\\/\\\/fmpatagoniamadryn.com.ar\\\/\"},{\"@type\":\"ListItem\",\"position\":2,\"name\":\"El TEP oficializ\u00f3 a los 24 candidatos al Consejo de la Magistratura\"}]},{\"@type\":\"WebSite\",\"@id\":\"https:\\\/\\\/fmpatagoniamadryn.com.ar\\\/#website\",\"url\":\"https:\\\/\\\/fmpatagoniamadryn.com.ar\\\/\",\"name\":\"FM Patagonia Madryn\",\"description\":\"Radio Patagonia 105.5\",\"publisher\":{\"@id\":\"https:\\\/\\\/fmpatagoniamadryn.com.ar\\\/#organization\"},\"potentialAction\":[{\"@type\":\"SearchAction\",\"target\":{\"@type\":\"EntryPoint\",\"urlTemplate\":\"https:\\\/\\\/fmpatagoniamadryn.com.ar\\\/?s={search_term_string}\"},\"query-input\":{\"@type\":\"PropertyValueSpecification\",\"valueRequired\":true,\"valueName\":\"search_term_string\"}}],\"inLanguage\":\"es\"},{\"@type\":\"Organization\",\"@id\":\"https:\\\/\\\/fmpatagoniamadryn.com.ar\\\/#organization\",\"name\":\"FM Patagonia Madryn\",\"url\":\"https:\\\/\\\/fmpatagoniamadryn.com.ar\\\/\",\"logo\":{\"@type\":\"ImageObject\",\"inLanguage\":\"es\",\"@id\":\"https:\\\/\\\/fmpatagoniamadryn.com.ar\\\/#\\\/schema\\\/logo\\\/image\\\/\",\"url\":\"https:\\\/\\\/fmpatagoniamadryn.com.ar\\\/wp-content\\\/uploads\\\/2023\\\/01\\\/cropped-Diseno-sin-titulo.png\",\"contentUrl\":\"https:\\\/\\\/fmpatagoniamadryn.com.ar\\\/wp-content\\\/uploads\\\/2023\\\/01\\\/cropped-Diseno-sin-titulo.png\",\"width\":6911,\"height\":2657,\"caption\":\"FM Patagonia Madryn\"},\"image\":{\"@id\":\"https:\\\/\\\/fmpatagoniamadryn.com.ar\\\/#\\\/schema\\\/logo\\\/image\\\/\"}},{\"@type\":\"Person\",\"@id\":\"https:\\\/\\\/fmpatagoniamadryn.com.ar\\\/#\\\/schema\\\/person\\\/8a3de4ad7efceacab06c1641c50303b7\",\"name\":\"FM Patagonia\",\"url\":\"https:\\\/\\\/fmpatagoniamadryn.com.ar\\\/?author=2\"}]}<\/script>\n<!-- \/ Yoast SEO plugin. -->","yoast_head_json":{"title":"El TEP oficializ\u00f3 a los 24 candidatos al Consejo de la Magistratura - FM Patagonia Madryn","robots":{"index":"index","follow":"follow","max-snippet":"max-snippet:-1","max-image-preview":"max-image-preview:large","max-video-preview":"max-video-preview:-1"},"canonical":"https:\/\/fmpatagoniamadryn.com.ar\/?p=17717","og_locale":"es_ES","og_type":"article","og_title":"El TEP oficializ\u00f3 a los 24 candidatos al Consejo de la Magistratura - FM Patagonia Madryn","og_description":"El Tribunal Electoral Provincial (TEP) oficializ\u00f3 este mi\u00e9rcoles las candidaturas para integrar el Consejo de la Magistratura en las circunscripciones de Esquel y Trelew, de cara a las elecciones que&hellip;","og_url":"https:\/\/fmpatagoniamadryn.com.ar\/?p=17717","og_site_name":"FM Patagonia Madryn","article_published_time":"2025-08-27T18:56:01+00:00","og_image":[{"width":1200,"height":675,"url":"https:\/\/fmpatagoniamadryn.com.ar\/wp-content\/uploads\/2025\/08\/img_3282.jpg","type":"image\/jpeg"}],"author":"FM Patagonia","twitter_card":"summary_large_image","twitter_misc":{"Escrito por":"FM Patagonia","Tiempo de lectura":"1 minuto"},"schema":{"@context":"https:\/\/schema.org","@graph":[{"@type":"Article","@id":"https:\/\/fmpatagoniamadryn.com.ar\/?p=17717#article","isPartOf":{"@id":"https:\/\/fmpatagoniamadryn.com.ar\/?p=17717"},"author":{"name":"FM Patagonia","@id":"https:\/\/fmpatagoniamadryn.com.ar\/#\/schema\/person\/8a3de4ad7efceacab06c1641c50303b7"},"headline":"El TEP oficializ\u00f3 a los 24 candidatos al Consejo de la Magistratura","datePublished":"2025-08-27T18:56:01+00:00","mainEntityOfPage":{"@id":"https:\/\/fmpatagoniamadryn.com.ar\/?p=17717"},"wordCount":303,"publisher":{"@id":"https:\/\/fmpatagoniamadryn.com.ar\/#organization"},"image":{"@id":"https:\/\/fmpatagoniamadryn.com.ar\/?p=17717#primaryimage"},"thumbnailUrl":"https:\/\/fmpatagoniamadryn.com.ar\/wp-content\/uploads\/2025\/08\/img_3282.jpg","articleSection":["Provinciales"],"inLanguage":"es"},{"@type":"WebPage","@id":"https:\/\/fmpatagoniamadryn.com.ar\/?p=17717","url":"https:\/\/fmpatagoniamadryn.com.ar\/?p=17717","name":"El TEP oficializ\u00f3 a los 24 candidatos al Consejo de la Magistratura - FM Patagonia Madryn","isPartOf":{"@id":"https:\/\/fmpatagoniamadryn.com.ar\/#website"},"primaryImageOfPage":{"@id":"https:\/\/fmpatagoniamadryn.com.ar\/?p=17717#primaryimage"},"image":{"@id":"https:\/\/fmpatagoniamadryn.com.ar\/?p=17717#primaryimage"},"thumbnailUrl":"https:\/\/fmpatagoniamadryn.com.ar\/wp-content\/uploads\/2025\/08\/img_3282.jpg","datePublished":"2025-08-27T18:56:01+00:00","breadcrumb":{"@id":"https:\/\/fmpatagoniamadryn.com.ar\/?p=17717#breadcrumb"},"inLanguage":"es","potentialAction":[{"@type":"ReadAction","target":["https:\/\/fmpatagoniamadryn.com.ar\/?p=17717"]}]},{"@type":"ImageObject","inLanguage":"es","@id":"https:\/\/fmpatagoniamadryn.com.ar\/?p=17717#primaryimage","url":"https:\/\/fmpatagoniamadryn.com.ar\/wp-content\/uploads\/2025\/08\/img_3282.jpg","contentUrl":"https:\/\/fmpatagoniamadryn.com.ar\/wp-content\/uploads\/2025\/08\/img_3282.jpg","width":1200,"height":675},{"@type":"BreadcrumbList","@id":"https:\/\/fmpatagoniamadryn.com.ar\/?p=17717#breadcrumb","itemListElement":[{"@type":"ListItem","position":1,"name":"Portada","item":"https:\/\/fmpatagoniamadryn.com.ar\/"},{"@type":"ListItem","position":2,"name":"El TEP oficializ\u00f3 a los 24 candidatos al Consejo de la Magistratura"}]},{"@type":"WebSite","@id":"https:\/\/fmpatagoniamadryn.com.ar\/#website","url":"https:\/\/fmpatagoniamadryn.com.ar\/","name":"FM Patagonia Madryn","description":"Radio Patagonia 105.5","publisher":{"@id":"https:\/\/fmpatagoniamadryn.com.ar\/#organization"},"potentialAction":[{"@type":"SearchAction","target":{"@type":"EntryPoint","urlTemplate":"https:\/\/fmpatagoniamadryn.com.ar\/?s={search_term_string}"},"query-input":{"@type":"PropertyValueSpecification","valueRequired":true,"valueName":"search_term_string"}}],"inLanguage":"es"},{"@type":"Organization","@id":"https:\/\/fmpatagoniamadryn.com.ar\/#organization","name":"FM Patagonia Madryn","url":"https:\/\/fmpatagoniamadryn.com.ar\/","logo":{"@type":"ImageObject","inLanguage":"es","@id":"https:\/\/fmpatagoniamadryn.com.ar\/#\/schema\/logo\/image\/","url":"https:\/\/fmpatagoniamadryn.com.ar\/wp-content\/uploads\/2023\/01\/cropped-Diseno-sin-titulo.png","contentUrl":"https:\/\/fmpatagoniamadryn.com.ar\/wp-content\/uploads\/2023\/01\/cropped-Diseno-sin-titulo.png","width":6911,"height":2657,"caption":"FM Patagonia Madryn"},"image":{"@id":"https:\/\/fmpatagoniamadryn.com.ar\/#\/schema\/logo\/image\/"}},{"@type":"Person","@id":"https:\/\/fmpatagoniamadryn.com.ar\/#\/schema\/person\/8a3de4ad7efceacab06c1641c50303b7","name":"FM Patagonia","url":"https:\/\/fmpatagoniamadryn.com.ar\/?author=2"}]}},"jetpack_featured_media_url":"https:\/\/fmpatagoniamadryn.com.ar\/wp-content\/uploads\/2025\/08\/img_3282.jpg","_links":{"self":[{"href":"https:\/\/fmpatagoniamadryn.com.ar\/index.php?rest_route=\/wp\/v2\/posts\/17717","targetHints":{"allow":["GET"]}}],"collection":[{"href":"https:\/\/fmpatagoniamadryn.com.ar\/index.php?rest_route=\/wp\/v2\/posts"}],"about":[{"href":"https:\/\/fmpatagoniamadryn.com.ar\/index.php?rest_route=\/wp\/v2\/types\/post"}],"author":[{"embeddable":true,"href":"https:\/\/fmpatagoniamadryn.com.ar\/index.php?rest_route=\/wp\/v2\/users\/2"}],"replies":[{"embeddable":true,"href":"https:\/\/fmpatagoniamadryn.com.ar\/index.php?rest_route=%2Fwp%2Fv2%2Fcomments&post=17717"}],"version-history":[{"count":1,"href":"https:\/\/fmpatagoniamadryn.com.ar\/index.php?rest_route=\/wp\/v2\/posts\/17717\/revisions"}],"predecessor-version":[{"id":17718,"href":"https:\/\/fmpatagoniamadryn.com.ar\/index.php?rest_route=\/wp\/v2\/posts\/17717\/revisions\/17718"}],"wp:featuredmedia":[{"embeddable":true,"href":"https:\/\/fmpatagoniamadryn.com.ar\/index.php?rest_route=\/wp\/v2\/media\/17716"}],"wp:attachment":[{"href":"https:\/\/fmpatagoniamadryn.com.ar\/index.php?rest_route=%2Fwp%2Fv2%2Fmedia&parent=17717"}],"wp:term":[{"taxonomy":"category","embeddable":true,"href":"https:\/\/fmpatagoniamadryn.com.ar\/index.php?rest_route=%2Fwp%2Fv2%2Fcategories&post=17717"},{"taxonomy":"post_tag","embeddable":true,"href":"https:\/\/fmpatagoniamadryn.com.ar\/index.php?rest_route=%2Fwp%2Fv2%2Ftags&post=17717"}],"curies":[{"name":"wp","href":"https:\/\/api.w.org\/{rel}","templated":true}]}}