{"id":17739,"date":"2025-08-29T10:36:10","date_gmt":"2025-08-29T13:36:10","guid":{"rendered":"https:\/\/fmpatagoniamadryn.com.ar\/?p=17739"},"modified":"2025-08-29T10:36:10","modified_gmt":"2025-08-29T13:36:10","slug":"la-campana-de-limpieza-continua-en-los-barrios-perito-moreno-fontana-y-don-bosco","status":"publish","type":"post","link":"https:\/\/fmpatagoniamadryn.com.ar\/?p=17739","title":{"rendered":"LA CAMPA\u00d1A DE LIMPIEZA CONTIN\u00daA EN LOS BARRIOS PERITO MORENO, FONTANA Y DON BOSCO"},"content":{"rendered":"\n<p><\/p>\n\n\n\n<p><em>Los vecinos podr\u00e1n depositar chatarra, escombros, neum\u00e1ticos, maderas y residuos de aparatos el\u00e9ctricos y electr\u00f3nicos en los puntos que se habilitar\u00e1n en cada sector. A partir de septiembre, la instalaci\u00f3n y el retiro de contenedores se llevar\u00e1 a cabo&nbsp;a partir de las 8 horas&nbsp;<\/em><br \/>La Municipalidad de Puerto Madryn informa que, en el marco de las campa\u00f1as de limpieza que se realizan en distintos sectores de la ciudad, el cronograma continuar\u00e1 durante los primeros d\u00edas de septiembre en los barrios Perito Moreno, Jard\u00edn Gobernador Fontana y Don Bosco.<\/p>\n\n\n\n<p>Los vecinos podr\u00e1n depositar chatarra (heladeras, lavarropas, etc.), escombros, neum\u00e1ticos, maderas y residuos de aparatos el\u00e9ctricos y electr\u00f3nicos en los contenedores que se dispondr\u00e1n en distintos puntos de cada barrio. Se recuerda que no deben dejarse otros tipos de desechos, ya que los mismos son retirados por el servicio habitual de recolecci\u00f3n.<\/p>\n\n\n\n<p>El lunes 1 de septiembre, la campa\u00f1a llega al barrio Perito Moreno y ubicar\u00e1n los contenedores en Sim\u00f3n de Alcazaba entre Juan Muzzio y H\u00e9roes de Malvinas, Sim\u00f3n de Alcazaba y Pasaje Alberto Williams y Juan de la Piedra y Juan Muzzio&nbsp;y el martes 2, estar\u00e1n en Malaspina y Alberto Williams, Pasaje La Cautiva y Pasaje Camarones (ingreso por Malaspina y Camarones) y Pasaje Patricios y Pasaje Montevideo (ingreso por Juan Muzzio y Puerto Argentino).<\/p>\n\n\n\n<p>En el barrio Jard\u00edn Gobernador Fontana, los contenedores estar\u00e1n&nbsp;el mi\u00e9rcoles 3 de septiembre&nbsp;en &nbsp;San Juan entre Villarino y L. N. Alem, La Rioja entre Villarino y L. N. Alem y Entre R\u00edos entre Avenida Gales y Espa\u00f1a&nbsp;y el jueves 4&nbsp;en La Pampa entre 9 de Julio y Domecq Garc\u00eda, Constituyentes Provinciales entre Estivariz y Moreno y La Plata entre Estivariz y Albarrac\u00edn.<\/p>\n\n\n\n<p>Por \u00faltimo, la campa\u00f1a estar\u00e1 en el barrio Don Bosco donde&nbsp;el viernes 5 de septiembre&nbsp;colocar\u00e1n los contenedores en C. T. Alt entre Thomas Espora Norte y Agust\u00edn Pujol Norte, Don Bosco Norte y Calder\u00f3n y Juan Muzzio y Jos\u00e9 Men\u00e9ndez&nbsp;y el lunes 8&nbsp;los trasladar\u00e1n a Juan Acosta y Agust\u00edn Pujol, Tucum\u00e1n y Roberto G\u00f3mez y P. De Verdaguer y Roberto G\u00f3mez.<\/p>\n\n\n\n<p>Cabe destacar que la colocaci\u00f3n y el recambio de contenedores ser\u00e1&nbsp;a partir de las 8 horas.&nbsp;<\/p>\n\n\n\n<p>Esta iniciativa, llevada adelante por las \u00e1reas de Gobierno y Ecolog\u00eda y Protecci\u00f3n Ambiental, tiene como objetivo mantener la limpieza de la ciudad, fomentar el cuidado del ambiente y facilitar a los vecinos la disposici\u00f3n adecuada de residuos voluminosos.<\/p>\n","protected":false},"excerpt":{"rendered":"<p>Los vecinos podr\u00e1n depositar chatarra, escombros, neum\u00e1ticos, maderas y residuos de aparatos el\u00e9ctricos y electr\u00f3nicos en los puntos que se habilitar\u00e1n en cada sector. A partir de septiembre, la instalaci\u00f3n&hellip; <\/p>\n","protected":false},"author":2,"featured_media":0,"comment_status":"closed","ping_status":"closed","sticky":false,"template":"","format":"standard","meta":{"footnotes":""},"categories":[15],"tags":[],"class_list":["post-17739","post","type-post","status-publish","format-standard","hentry","category-locales"],"yoast_head":"<!-- This site is optimized with the Yoast SEO plugin v27.4 - https:\/\/yoast.com\/product\/yoast-seo-wordpress\/ -->\n<title>LA CAMPA\u00d1A DE LIMPIEZA CONTIN\u00daA EN LOS BARRIOS PERITO MORENO, FONTANA Y DON BOSCO - FM Patagonia Madryn<\/title>\n<meta name=\"robots\" content=\"index, follow, max-snippet:-1, max-image-preview:large, max-video-preview:-1\" \/>\n<link rel=\"canonical\" href=\"https:\/\/fmpatagoniamadryn.com.ar\/?p=17739\" \/>\n<meta property=\"og:locale\" content=\"es_ES\" \/>\n<meta property=\"og:type\" content=\"article\" \/>\n<meta property=\"og:title\" content=\"LA CAMPA\u00d1A DE LIMPIEZA CONTIN\u00daA EN LOS BARRIOS PERITO MORENO, FONTANA Y DON BOSCO - FM Patagonia Madryn\" \/>\n<meta property=\"og:description\" content=\"Los vecinos podr\u00e1n depositar chatarra, escombros, neum\u00e1ticos, maderas y residuos de aparatos el\u00e9ctricos y electr\u00f3nicos en los puntos que se habilitar\u00e1n en cada sector. A partir de septiembre, la instalaci\u00f3n&hellip;\" \/>\n<meta property=\"og:url\" content=\"https:\/\/fmpatagoniamadryn.com.ar\/?p=17739\" \/>\n<meta property=\"og:site_name\" content=\"FM Patagonia Madryn\" \/>\n<meta property=\"article:published_time\" content=\"2025-08-29T13:36:10+00:00\" \/>\n<meta name=\"author\" content=\"FM Patagonia\" \/>\n<meta name=\"twitter:card\" content=\"summary_large_image\" \/>\n<meta name=\"twitter:label1\" content=\"Escrito por\" \/>\n\t<meta name=\"twitter:data1\" content=\"FM Patagonia\" \/>\n\t<meta name=\"twitter:label2\" content=\"Tiempo de lectura\" \/>\n\t<meta name=\"twitter:data2\" content=\"2 minutos\" \/>\n<script type=\"application\/ld+json\" class=\"yoast-schema-graph\">{\"@context\":\"https:\\\/\\\/schema.org\",\"@graph\":[{\"@type\":\"Article\",\"@id\":\"https:\\\/\\\/fmpatagoniamadryn.com.ar\\\/?p=17739#article\",\"isPartOf\":{\"@id\":\"https:\\\/\\\/fmpatagoniamadryn.com.ar\\\/?p=17739\"},\"author\":{\"name\":\"FM Patagonia\",\"@id\":\"https:\\\/\\\/fmpatagoniamadryn.com.ar\\\/#\\\/schema\\\/person\\\/8a3de4ad7efceacab06c1641c50303b7\"},\"headline\":\"LA CAMPA\u00d1A DE LIMPIEZA CONTIN\u00daA EN LOS BARRIOS PERITO MORENO, FONTANA Y DON BOSCO\",\"datePublished\":\"2025-08-29T13:36:10+00:00\",\"mainEntityOfPage\":{\"@id\":\"https:\\\/\\\/fmpatagoniamadryn.com.ar\\\/?p=17739\"},\"wordCount\":467,\"publisher\":{\"@id\":\"https:\\\/\\\/fmpatagoniamadryn.com.ar\\\/#organization\"},\"articleSection\":[\"Locales\"],\"inLanguage\":\"es\"},{\"@type\":\"WebPage\",\"@id\":\"https:\\\/\\\/fmpatagoniamadryn.com.ar\\\/?p=17739\",\"url\":\"https:\\\/\\\/fmpatagoniamadryn.com.ar\\\/?p=17739\",\"name\":\"LA CAMPA\u00d1A DE LIMPIEZA CONTIN\u00daA EN LOS BARRIOS PERITO MORENO, FONTANA Y DON BOSCO - FM Patagonia Madryn\",\"isPartOf\":{\"@id\":\"https:\\\/\\\/fmpatagoniamadryn.com.ar\\\/#website\"},\"datePublished\":\"2025-08-29T13:36:10+00:00\",\"breadcrumb\":{\"@id\":\"https:\\\/\\\/fmpatagoniamadryn.com.ar\\\/?p=17739#breadcrumb\"},\"inLanguage\":\"es\",\"potentialAction\":[{\"@type\":\"ReadAction\",\"target\":[\"https:\\\/\\\/fmpatagoniamadryn.com.ar\\\/?p=17739\"]}]},{\"@type\":\"BreadcrumbList\",\"@id\":\"https:\\\/\\\/fmpatagoniamadryn.com.ar\\\/?p=17739#breadcrumb\",\"itemListElement\":[{\"@type\":\"ListItem\",\"position\":1,\"name\":\"Portada\",\"item\":\"https:\\\/\\\/fmpatagoniamadryn.com.ar\\\/\"},{\"@type\":\"ListItem\",\"position\":2,\"name\":\"LA CAMPA\u00d1A DE LIMPIEZA CONTIN\u00daA EN LOS BARRIOS PERITO MORENO, FONTANA Y DON BOSCO\"}]},{\"@type\":\"WebSite\",\"@id\":\"https:\\\/\\\/fmpatagoniamadryn.com.ar\\\/#website\",\"url\":\"https:\\\/\\\/fmpatagoniamadryn.com.ar\\\/\",\"name\":\"FM Patagonia Madryn\",\"description\":\"Radio Patagonia 105.5\",\"publisher\":{\"@id\":\"https:\\\/\\\/fmpatagoniamadryn.com.ar\\\/#organization\"},\"potentialAction\":[{\"@type\":\"SearchAction\",\"target\":{\"@type\":\"EntryPoint\",\"urlTemplate\":\"https:\\\/\\\/fmpatagoniamadryn.com.ar\\\/?s={search_term_string}\"},\"query-input\":{\"@type\":\"PropertyValueSpecification\",\"valueRequired\":true,\"valueName\":\"search_term_string\"}}],\"inLanguage\":\"es\"},{\"@type\":\"Organization\",\"@id\":\"https:\\\/\\\/fmpatagoniamadryn.com.ar\\\/#organization\",\"name\":\"FM Patagonia Madryn\",\"url\":\"https:\\\/\\\/fmpatagoniamadryn.com.ar\\\/\",\"logo\":{\"@type\":\"ImageObject\",\"inLanguage\":\"es\",\"@id\":\"https:\\\/\\\/fmpatagoniamadryn.com.ar\\\/#\\\/schema\\\/logo\\\/image\\\/\",\"url\":\"https:\\\/\\\/fmpatagoniamadryn.com.ar\\\/wp-content\\\/uploads\\\/2023\\\/01\\\/cropped-Diseno-sin-titulo.png\",\"contentUrl\":\"https:\\\/\\\/fmpatagoniamadryn.com.ar\\\/wp-content\\\/uploads\\\/2023\\\/01\\\/cropped-Diseno-sin-titulo.png\",\"width\":6911,\"height\":2657,\"caption\":\"FM Patagonia Madryn\"},\"image\":{\"@id\":\"https:\\\/\\\/fmpatagoniamadryn.com.ar\\\/#\\\/schema\\\/logo\\\/image\\\/\"}},{\"@type\":\"Person\",\"@id\":\"https:\\\/\\\/fmpatagoniamadryn.com.ar\\\/#\\\/schema\\\/person\\\/8a3de4ad7efceacab06c1641c50303b7\",\"name\":\"FM Patagonia\",\"url\":\"https:\\\/\\\/fmpatagoniamadryn.com.ar\\\/?author=2\"}]}<\/script>\n<!-- \/ Yoast SEO plugin. -->","yoast_head_json":{"title":"LA CAMPA\u00d1A DE LIMPIEZA CONTIN\u00daA EN LOS BARRIOS PERITO MORENO, FONTANA Y DON BOSCO - FM Patagonia Madryn","robots":{"index":"index","follow":"follow","max-snippet":"max-snippet:-1","max-image-preview":"max-image-preview:large","max-video-preview":"max-video-preview:-1"},"canonical":"https:\/\/fmpatagoniamadryn.com.ar\/?p=17739","og_locale":"es_ES","og_type":"article","og_title":"LA CAMPA\u00d1A DE LIMPIEZA CONTIN\u00daA EN LOS BARRIOS PERITO MORENO, FONTANA Y DON BOSCO - FM Patagonia Madryn","og_description":"Los vecinos podr\u00e1n depositar chatarra, escombros, neum\u00e1ticos, maderas y residuos de aparatos el\u00e9ctricos y electr\u00f3nicos en los puntos que se habilitar\u00e1n en cada sector. A partir de septiembre, la instalaci\u00f3n&hellip;","og_url":"https:\/\/fmpatagoniamadryn.com.ar\/?p=17739","og_site_name":"FM Patagonia Madryn","article_published_time":"2025-08-29T13:36:10+00:00","author":"FM Patagonia","twitter_card":"summary_large_image","twitter_misc":{"Escrito por":"FM Patagonia","Tiempo de lectura":"2 minutos"},"schema":{"@context":"https:\/\/schema.org","@graph":[{"@type":"Article","@id":"https:\/\/fmpatagoniamadryn.com.ar\/?p=17739#article","isPartOf":{"@id":"https:\/\/fmpatagoniamadryn.com.ar\/?p=17739"},"author":{"name":"FM Patagonia","@id":"https:\/\/fmpatagoniamadryn.com.ar\/#\/schema\/person\/8a3de4ad7efceacab06c1641c50303b7"},"headline":"LA CAMPA\u00d1A DE LIMPIEZA CONTIN\u00daA EN LOS BARRIOS PERITO MORENO, FONTANA Y DON BOSCO","datePublished":"2025-08-29T13:36:10+00:00","mainEntityOfPage":{"@id":"https:\/\/fmpatagoniamadryn.com.ar\/?p=17739"},"wordCount":467,"publisher":{"@id":"https:\/\/fmpatagoniamadryn.com.ar\/#organization"},"articleSection":["Locales"],"inLanguage":"es"},{"@type":"WebPage","@id":"https:\/\/fmpatagoniamadryn.com.ar\/?p=17739","url":"https:\/\/fmpatagoniamadryn.com.ar\/?p=17739","name":"LA CAMPA\u00d1A DE LIMPIEZA CONTIN\u00daA EN LOS BARRIOS PERITO MORENO, FONTANA Y DON BOSCO - FM Patagonia Madryn","isPartOf":{"@id":"https:\/\/fmpatagoniamadryn.com.ar\/#website"},"datePublished":"2025-08-29T13:36:10+00:00","breadcrumb":{"@id":"https:\/\/fmpatagoniamadryn.com.ar\/?p=17739#breadcrumb"},"inLanguage":"es","potentialAction":[{"@type":"ReadAction","target":["https:\/\/fmpatagoniamadryn.com.ar\/?p=17739"]}]},{"@type":"BreadcrumbList","@id":"https:\/\/fmpatagoniamadryn.com.ar\/?p=17739#breadcrumb","itemListElement":[{"@type":"ListItem","position":1,"name":"Portada","item":"https:\/\/fmpatagoniamadryn.com.ar\/"},{"@type":"ListItem","position":2,"name":"LA CAMPA\u00d1A DE LIMPIEZA CONTIN\u00daA EN LOS BARRIOS PERITO MORENO, FONTANA Y DON BOSCO"}]},{"@type":"WebSite","@id":"https:\/\/fmpatagoniamadryn.com.ar\/#website","url":"https:\/\/fmpatagoniamadryn.com.ar\/","name":"FM Patagonia Madryn","description":"Radio Patagonia 105.5","publisher":{"@id":"https:\/\/fmpatagoniamadryn.com.ar\/#organization"},"potentialAction":[{"@type":"SearchAction","target":{"@type":"EntryPoint","urlTemplate":"https:\/\/fmpatagoniamadryn.com.ar\/?s={search_term_string}"},"query-input":{"@type":"PropertyValueSpecification","valueRequired":true,"valueName":"search_term_string"}}],"inLanguage":"es"},{"@type":"Organization","@id":"https:\/\/fmpatagoniamadryn.com.ar\/#organization","name":"FM Patagonia Madryn","url":"https:\/\/fmpatagoniamadryn.com.ar\/","logo":{"@type":"ImageObject","inLanguage":"es","@id":"https:\/\/fmpatagoniamadryn.com.ar\/#\/schema\/logo\/image\/","url":"https:\/\/fmpatagoniamadryn.com.ar\/wp-content\/uploads\/2023\/01\/cropped-Diseno-sin-titulo.png","contentUrl":"https:\/\/fmpatagoniamadryn.com.ar\/wp-content\/uploads\/2023\/01\/cropped-Diseno-sin-titulo.png","width":6911,"height":2657,"caption":"FM Patagonia Madryn"},"image":{"@id":"https:\/\/fmpatagoniamadryn.com.ar\/#\/schema\/logo\/image\/"}},{"@type":"Person","@id":"https:\/\/fmpatagoniamadryn.com.ar\/#\/schema\/person\/8a3de4ad7efceacab06c1641c50303b7","name":"FM Patagonia","url":"https:\/\/fmpatagoniamadryn.com.ar\/?author=2"}]}},"jetpack_featured_media_url":"","_links":{"self":[{"href":"https:\/\/fmpatagoniamadryn.com.ar\/index.php?rest_route=\/wp\/v2\/posts\/17739","targetHints":{"allow":["GET"]}}],"collection":[{"href":"https:\/\/fmpatagoniamadryn.com.ar\/index.php?rest_route=\/wp\/v2\/posts"}],"about":[{"href":"https:\/\/fmpatagoniamadryn.com.ar\/index.php?rest_route=\/wp\/v2\/types\/post"}],"author":[{"embeddable":true,"href":"https:\/\/fmpatagoniamadryn.com.ar\/index.php?rest_route=\/wp\/v2\/users\/2"}],"replies":[{"embeddable":true,"href":"https:\/\/fmpatagoniamadryn.com.ar\/index.php?rest_route=%2Fwp%2Fv2%2Fcomments&post=17739"}],"version-history":[{"count":1,"href":"https:\/\/fmpatagoniamadryn.com.ar\/index.php?rest_route=\/wp\/v2\/posts\/17739\/revisions"}],"predecessor-version":[{"id":17740,"href":"https:\/\/fmpatagoniamadryn.com.ar\/index.php?rest_route=\/wp\/v2\/posts\/17739\/revisions\/17740"}],"wp:attachment":[{"href":"https:\/\/fmpatagoniamadryn.com.ar\/index.php?rest_route=%2Fwp%2Fv2%2Fmedia&parent=17739"}],"wp:term":[{"taxonomy":"category","embeddable":true,"href":"https:\/\/fmpatagoniamadryn.com.ar\/index.php?rest_route=%2Fwp%2Fv2%2Fcategories&post=17739"},{"taxonomy":"post_tag","embeddable":true,"href":"https:\/\/fmpatagoniamadryn.com.ar\/index.php?rest_route=%2Fwp%2Fv2%2Ftags&post=17739"}],"curies":[{"name":"wp","href":"https:\/\/api.w.org\/{rel}","templated":true}]}}