{"id":17769,"date":"2025-08-31T17:28:07","date_gmt":"2025-08-31T20:28:07","guid":{"rendered":"https:\/\/fmpatagoniamadryn.com.ar\/?p=17769"},"modified":"2025-08-31T17:28:07","modified_gmt":"2025-08-31T20:28:07","slug":"chubut-formo-parte-en-buenos-aires-de-un-taller-regional-sobre-vigilancia-epidemiologica-y-brotes","status":"publish","type":"post","link":"https:\/\/fmpatagoniamadryn.com.ar\/?p=17769","title":{"rendered":"Chubut form\u00f3 parte en Buenos Aires de un Taller Regional sobre Vigilancia Epidemiol\u00f3gica y Brotes"},"content":{"rendered":"\n<p><br><em>Durante la actividad se entreg\u00f3 un reconocimiento a la Unidad Centinela de Infecciones Respiratorias Agudas Graves que funciona en el Hospital Zonal de Trelew.&nbsp;<\/em><\/p>\n\n\n\n<p>Continuando con el trabajo preventivo que promueve la gesti\u00f3n del gobernador Ignacio \u201cNacho\u201d Torres, el Gobierno del Chubut, a trav\u00e9s de la Secretar\u00eda de Salud, form\u00f3 parte en la Ciudad Aut\u00f3noma de Buenos Aires de un Taller Regional de Vigilancia Epidemiol\u00f3gica e Investigaci\u00f3n de Brotes.<br><br>La capacitaci\u00f3n, que fue organizada por el Ministerio de Salud de la Naci\u00f3n, la Organizaci\u00f3n Panamericana de la Salud y la Organizaci\u00f3n Mundial de la Salud (OPS\/OMS), se desarroll\u00f3 en el Sal\u00f3n UNICEF durante cuatro jornadas, con el prop\u00f3sito de fortalecer las capacidades de respuesta frente a brotes epid\u00e9micos y emergencias sanitarias.<br><br>Durante la actividad, a la que asistieron referentes sanitarios de las provincias de Chubut, Neuqu\u00e9n, R\u00edo Negro, Santa Cruz y Tierra del Fuego, se le entreg\u00f3 un reconocimiento por su importante labor a la Unidad Centinela de Infecciones Respiratorias Agudas Graves (IRAG) que funciona en el Hospital Zonal \u201cDr. Adolfo Margara\u201d de Trelew, un centro de vigilancia epidemiol\u00f3gica que monitorea enfermedades respiratorias agudas de toda la zona.<br><br><strong>Participaci\u00f3n de Chubut<\/strong><br><br>En representaci\u00f3n de Chubut, estuvieron presentes las referentes de Epidemiolog\u00eda del Hospital Zonal de Trelew, Anal\u00eda Iturra, y el Hospital Regional de Comodoro Rivadavia, Mariel Luna, adem\u00e1s de la representante de la Unidad de Gesti\u00f3n Descentralizada Zona Oeste (Esquel), Claudia Gauna, y la residente de Epidemiolog\u00eda de tercer a\u00f1o, Marina Westtein.<br><br>La participaci\u00f3n de la provincia permiti\u00f3 fortalecer al equipo local y asegurar la futura replicaci\u00f3n de los contenidos abordados, adem\u00e1s de mejorar la detecci\u00f3n temprana y el an\u00e1lisis de eventos de salud p\u00fablica, incrementando la eficiencia en la respuesta r\u00e1pida, y favoreciendo la coordinaci\u00f3n interjurisdiccional e interinstitucional.<br><br><strong>Menci\u00f3n especial para la Unidad Centinela de Trelew<\/strong><br><br>En el marco del taller, tambi\u00e9n se realiz\u00f3 la entrega de una menci\u00f3n especial por parte de la OPS y el Ministerio de Salud de la Naci\u00f3n a la Unidad Centinela de Infecciones Respiratorias Agudas Graves del Hospital Zonal \u201cDr. Adolfo Margara\u201d de Trelew, reconociendo su trabajo y la calidad del mismo.<br><br>La Unidad Centinela comprende la vigilancia intensificada de infecciones respiratorias agudas graves, incluyendo la informaci\u00f3n cl\u00ednica, laboratorial y epidemiol\u00f3gica para la mejor caracterizaci\u00f3n de este tipo de infecciones, que requieren hospitalizaci\u00f3n.<br><br>La licenciada Anal\u00eda Iturra, que se desempe\u00f1a en esa \u00e1rea del nosocomio, fue quien recibi\u00f3 el certificado, cuyo reconocimiento incluye tambi\u00e9n al Laboratorio de referencia de la Provincia y a los equipos asistenciales que colaboran con informaci\u00f3n para una mayor caracterizaci\u00f3n de estos eventos, lo que luego permite aplicar estrategias efectivas de prevenci\u00f3n y control.<br><br>En este contexto, es importante mencionar que la informaci\u00f3n generada por la Unidad Centinela contribuye a una red de establecimientos del pa\u00eds e, incluso, a la informaci\u00f3n epidemiol\u00f3gica de la regi\u00f3n de las Am\u00e9ricas, que es analizada por el Ministerio de Salud de la Naci\u00f3n y la OPS.<br><br><strong>Tem\u00e1ticas<\/strong><br><br>La agenda del taller incluy\u00f3 diversas tem\u00e1ticas, como la vigilancia epidemiol\u00f3gica, circuitos de notificaci\u00f3n, calidad de datos e indicadores, identificaci\u00f3n de brotes, cadenas de transmisi\u00f3n, definiciones de caso, curvas epid\u00e9micas y estudios de casos.<br><br>Asimismo, se trataron la toma y el manejo de muestras ambientales y humanas, pruebas de laboratorio, reservorios y vectores, medidas de control y comunicaci\u00f3n epidemiol\u00f3gica, entre otros puntos<\/p>\n","protected":false},"excerpt":{"rendered":"<p>Durante la actividad se entreg\u00f3 un reconocimiento a la Unidad Centinela de Infecciones Respiratorias Agudas Graves que funciona en el Hospital Zonal de Trelew.&nbsp; Continuando con el trabajo preventivo que&hellip; <\/p>\n","protected":false},"author":2,"featured_media":17768,"comment_status":"closed","ping_status":"closed","sticky":false,"template":"","format":"standard","meta":{"footnotes":""},"categories":[15],"tags":[],"class_list":["post-17769","post","type-post","status-publish","format-standard","has-post-thumbnail","hentry","category-locales"],"yoast_head":"<!-- This site is optimized with the Yoast SEO plugin v27.5 - https:\/\/yoast.com\/product\/yoast-seo-wordpress\/ -->\n<title>Chubut form\u00f3 parte en Buenos Aires de un Taller Regional sobre Vigilancia Epidemiol\u00f3gica y Brotes - FM Patagonia Madryn<\/title>\n<meta name=\"robots\" content=\"index, follow, max-snippet:-1, max-image-preview:large, max-video-preview:-1\" \/>\n<link rel=\"canonical\" href=\"https:\/\/fmpatagoniamadryn.com.ar\/?p=17769\" \/>\n<meta property=\"og:locale\" content=\"es_ES\" \/>\n<meta property=\"og:type\" content=\"article\" \/>\n<meta property=\"og:title\" content=\"Chubut form\u00f3 parte en Buenos Aires de un Taller Regional sobre Vigilancia Epidemiol\u00f3gica y Brotes - FM Patagonia Madryn\" \/>\n<meta property=\"og:description\" content=\"Durante la actividad se entreg\u00f3 un reconocimiento a la Unidad Centinela de Infecciones Respiratorias Agudas Graves que funciona en el Hospital Zonal de Trelew.&nbsp; Continuando con el trabajo preventivo que&hellip;\" \/>\n<meta property=\"og:url\" content=\"https:\/\/fmpatagoniamadryn.com.ar\/?p=17769\" \/>\n<meta property=\"og:site_name\" content=\"FM Patagonia Madryn\" \/>\n<meta property=\"article:published_time\" content=\"2025-08-31T20:28:07+00:00\" \/>\n<meta property=\"og:image\" content=\"https:\/\/fmpatagoniamadryn.com.ar\/wp-content\/uploads\/2025\/08\/img_3515.jpg\" \/>\n\t<meta property=\"og:image:width\" content=\"1200\" \/>\n\t<meta property=\"og:image:height\" content=\"1600\" \/>\n\t<meta property=\"og:image:type\" content=\"image\/jpeg\" \/>\n<meta name=\"author\" content=\"FM Patagonia\" \/>\n<meta name=\"twitter:card\" content=\"summary_large_image\" \/>\n<meta name=\"twitter:label1\" content=\"Escrito por\" \/>\n\t<meta name=\"twitter:data1\" content=\"FM Patagonia\" \/>\n\t<meta name=\"twitter:label2\" content=\"Tiempo de lectura\" \/>\n\t<meta name=\"twitter:data2\" content=\"3 minutos\" \/>\n<script type=\"application\/ld+json\" class=\"yoast-schema-graph\">{\"@context\":\"https:\\\/\\\/schema.org\",\"@graph\":[{\"@type\":\"Article\",\"@id\":\"https:\\\/\\\/fmpatagoniamadryn.com.ar\\\/?p=17769#article\",\"isPartOf\":{\"@id\":\"https:\\\/\\\/fmpatagoniamadryn.com.ar\\\/?p=17769\"},\"author\":{\"name\":\"FM Patagonia\",\"@id\":\"https:\\\/\\\/fmpatagoniamadryn.com.ar\\\/#\\\/schema\\\/person\\\/8a3de4ad7efceacab06c1641c50303b7\"},\"headline\":\"Chubut form\u00f3 parte en Buenos Aires de un Taller Regional sobre Vigilancia Epidemiol\u00f3gica y Brotes\",\"datePublished\":\"2025-08-31T20:28:07+00:00\",\"mainEntityOfPage\":{\"@id\":\"https:\\\/\\\/fmpatagoniamadryn.com.ar\\\/?p=17769\"},\"wordCount\":627,\"publisher\":{\"@id\":\"https:\\\/\\\/fmpatagoniamadryn.com.ar\\\/#organization\"},\"image\":{\"@id\":\"https:\\\/\\\/fmpatagoniamadryn.com.ar\\\/?p=17769#primaryimage\"},\"thumbnailUrl\":\"https:\\\/\\\/fmpatagoniamadryn.com.ar\\\/wp-content\\\/uploads\\\/2025\\\/08\\\/img_3515.jpg\",\"articleSection\":[\"Locales\"],\"inLanguage\":\"es\"},{\"@type\":\"WebPage\",\"@id\":\"https:\\\/\\\/fmpatagoniamadryn.com.ar\\\/?p=17769\",\"url\":\"https:\\\/\\\/fmpatagoniamadryn.com.ar\\\/?p=17769\",\"name\":\"Chubut form\u00f3 parte en Buenos Aires de un Taller Regional sobre Vigilancia Epidemiol\u00f3gica y Brotes - FM Patagonia Madryn\",\"isPartOf\":{\"@id\":\"https:\\\/\\\/fmpatagoniamadryn.com.ar\\\/#website\"},\"primaryImageOfPage\":{\"@id\":\"https:\\\/\\\/fmpatagoniamadryn.com.ar\\\/?p=17769#primaryimage\"},\"image\":{\"@id\":\"https:\\\/\\\/fmpatagoniamadryn.com.ar\\\/?p=17769#primaryimage\"},\"thumbnailUrl\":\"https:\\\/\\\/fmpatagoniamadryn.com.ar\\\/wp-content\\\/uploads\\\/2025\\\/08\\\/img_3515.jpg\",\"datePublished\":\"2025-08-31T20:28:07+00:00\",\"breadcrumb\":{\"@id\":\"https:\\\/\\\/fmpatagoniamadryn.com.ar\\\/?p=17769#breadcrumb\"},\"inLanguage\":\"es\",\"potentialAction\":[{\"@type\":\"ReadAction\",\"target\":[\"https:\\\/\\\/fmpatagoniamadryn.com.ar\\\/?p=17769\"]}]},{\"@type\":\"ImageObject\",\"inLanguage\":\"es\",\"@id\":\"https:\\\/\\\/fmpatagoniamadryn.com.ar\\\/?p=17769#primaryimage\",\"url\":\"https:\\\/\\\/fmpatagoniamadryn.com.ar\\\/wp-content\\\/uploads\\\/2025\\\/08\\\/img_3515.jpg\",\"contentUrl\":\"https:\\\/\\\/fmpatagoniamadryn.com.ar\\\/wp-content\\\/uploads\\\/2025\\\/08\\\/img_3515.jpg\",\"width\":1200,\"height\":1600},{\"@type\":\"BreadcrumbList\",\"@id\":\"https:\\\/\\\/fmpatagoniamadryn.com.ar\\\/?p=17769#breadcrumb\",\"itemListElement\":[{\"@type\":\"ListItem\",\"position\":1,\"name\":\"Portada\",\"item\":\"https:\\\/\\\/fmpatagoniamadryn.com.ar\\\/\"},{\"@type\":\"ListItem\",\"position\":2,\"name\":\"Chubut form\u00f3 parte en Buenos Aires de un Taller Regional sobre Vigilancia Epidemiol\u00f3gica y Brotes\"}]},{\"@type\":\"WebSite\",\"@id\":\"https:\\\/\\\/fmpatagoniamadryn.com.ar\\\/#website\",\"url\":\"https:\\\/\\\/fmpatagoniamadryn.com.ar\\\/\",\"name\":\"FM Patagonia Madryn\",\"description\":\"Radio Patagonia 105.5\",\"publisher\":{\"@id\":\"https:\\\/\\\/fmpatagoniamadryn.com.ar\\\/#organization\"},\"potentialAction\":[{\"@type\":\"SearchAction\",\"target\":{\"@type\":\"EntryPoint\",\"urlTemplate\":\"https:\\\/\\\/fmpatagoniamadryn.com.ar\\\/?s={search_term_string}\"},\"query-input\":{\"@type\":\"PropertyValueSpecification\",\"valueRequired\":true,\"valueName\":\"search_term_string\"}}],\"inLanguage\":\"es\"},{\"@type\":\"Organization\",\"@id\":\"https:\\\/\\\/fmpatagoniamadryn.com.ar\\\/#organization\",\"name\":\"FM Patagonia Madryn\",\"url\":\"https:\\\/\\\/fmpatagoniamadryn.com.ar\\\/\",\"logo\":{\"@type\":\"ImageObject\",\"inLanguage\":\"es\",\"@id\":\"https:\\\/\\\/fmpatagoniamadryn.com.ar\\\/#\\\/schema\\\/logo\\\/image\\\/\",\"url\":\"https:\\\/\\\/fmpatagoniamadryn.com.ar\\\/wp-content\\\/uploads\\\/2023\\\/01\\\/cropped-Diseno-sin-titulo.png\",\"contentUrl\":\"https:\\\/\\\/fmpatagoniamadryn.com.ar\\\/wp-content\\\/uploads\\\/2023\\\/01\\\/cropped-Diseno-sin-titulo.png\",\"width\":6911,\"height\":2657,\"caption\":\"FM Patagonia Madryn\"},\"image\":{\"@id\":\"https:\\\/\\\/fmpatagoniamadryn.com.ar\\\/#\\\/schema\\\/logo\\\/image\\\/\"}},{\"@type\":\"Person\",\"@id\":\"https:\\\/\\\/fmpatagoniamadryn.com.ar\\\/#\\\/schema\\\/person\\\/8a3de4ad7efceacab06c1641c50303b7\",\"name\":\"FM Patagonia\",\"url\":\"https:\\\/\\\/fmpatagoniamadryn.com.ar\\\/?author=2\"}]}<\/script>\n<!-- \/ Yoast SEO plugin. -->","yoast_head_json":{"title":"Chubut form\u00f3 parte en Buenos Aires de un Taller Regional sobre Vigilancia Epidemiol\u00f3gica y Brotes - FM Patagonia Madryn","robots":{"index":"index","follow":"follow","max-snippet":"max-snippet:-1","max-image-preview":"max-image-preview:large","max-video-preview":"max-video-preview:-1"},"canonical":"https:\/\/fmpatagoniamadryn.com.ar\/?p=17769","og_locale":"es_ES","og_type":"article","og_title":"Chubut form\u00f3 parte en Buenos Aires de un Taller Regional sobre Vigilancia Epidemiol\u00f3gica y Brotes - FM Patagonia Madryn","og_description":"Durante la actividad se entreg\u00f3 un reconocimiento a la Unidad Centinela de Infecciones Respiratorias Agudas Graves que funciona en el Hospital Zonal de Trelew.&nbsp; Continuando con el trabajo preventivo que&hellip;","og_url":"https:\/\/fmpatagoniamadryn.com.ar\/?p=17769","og_site_name":"FM Patagonia Madryn","article_published_time":"2025-08-31T20:28:07+00:00","og_image":[{"width":1200,"height":1600,"url":"https:\/\/fmpatagoniamadryn.com.ar\/wp-content\/uploads\/2025\/08\/img_3515.jpg","type":"image\/jpeg"}],"author":"FM Patagonia","twitter_card":"summary_large_image","twitter_misc":{"Escrito por":"FM Patagonia","Tiempo de lectura":"3 minutos"},"schema":{"@context":"https:\/\/schema.org","@graph":[{"@type":"Article","@id":"https:\/\/fmpatagoniamadryn.com.ar\/?p=17769#article","isPartOf":{"@id":"https:\/\/fmpatagoniamadryn.com.ar\/?p=17769"},"author":{"name":"FM Patagonia","@id":"https:\/\/fmpatagoniamadryn.com.ar\/#\/schema\/person\/8a3de4ad7efceacab06c1641c50303b7"},"headline":"Chubut form\u00f3 parte en Buenos Aires de un Taller Regional sobre Vigilancia Epidemiol\u00f3gica y Brotes","datePublished":"2025-08-31T20:28:07+00:00","mainEntityOfPage":{"@id":"https:\/\/fmpatagoniamadryn.com.ar\/?p=17769"},"wordCount":627,"publisher":{"@id":"https:\/\/fmpatagoniamadryn.com.ar\/#organization"},"image":{"@id":"https:\/\/fmpatagoniamadryn.com.ar\/?p=17769#primaryimage"},"thumbnailUrl":"https:\/\/fmpatagoniamadryn.com.ar\/wp-content\/uploads\/2025\/08\/img_3515.jpg","articleSection":["Locales"],"inLanguage":"es"},{"@type":"WebPage","@id":"https:\/\/fmpatagoniamadryn.com.ar\/?p=17769","url":"https:\/\/fmpatagoniamadryn.com.ar\/?p=17769","name":"Chubut form\u00f3 parte en Buenos Aires de un Taller Regional sobre Vigilancia Epidemiol\u00f3gica y Brotes - FM Patagonia Madryn","isPartOf":{"@id":"https:\/\/fmpatagoniamadryn.com.ar\/#website"},"primaryImageOfPage":{"@id":"https:\/\/fmpatagoniamadryn.com.ar\/?p=17769#primaryimage"},"image":{"@id":"https:\/\/fmpatagoniamadryn.com.ar\/?p=17769#primaryimage"},"thumbnailUrl":"https:\/\/fmpatagoniamadryn.com.ar\/wp-content\/uploads\/2025\/08\/img_3515.jpg","datePublished":"2025-08-31T20:28:07+00:00","breadcrumb":{"@id":"https:\/\/fmpatagoniamadryn.com.ar\/?p=17769#breadcrumb"},"inLanguage":"es","potentialAction":[{"@type":"ReadAction","target":["https:\/\/fmpatagoniamadryn.com.ar\/?p=17769"]}]},{"@type":"ImageObject","inLanguage":"es","@id":"https:\/\/fmpatagoniamadryn.com.ar\/?p=17769#primaryimage","url":"https:\/\/fmpatagoniamadryn.com.ar\/wp-content\/uploads\/2025\/08\/img_3515.jpg","contentUrl":"https:\/\/fmpatagoniamadryn.com.ar\/wp-content\/uploads\/2025\/08\/img_3515.jpg","width":1200,"height":1600},{"@type":"BreadcrumbList","@id":"https:\/\/fmpatagoniamadryn.com.ar\/?p=17769#breadcrumb","itemListElement":[{"@type":"ListItem","position":1,"name":"Portada","item":"https:\/\/fmpatagoniamadryn.com.ar\/"},{"@type":"ListItem","position":2,"name":"Chubut form\u00f3 parte en Buenos Aires de un Taller Regional sobre Vigilancia Epidemiol\u00f3gica y Brotes"}]},{"@type":"WebSite","@id":"https:\/\/fmpatagoniamadryn.com.ar\/#website","url":"https:\/\/fmpatagoniamadryn.com.ar\/","name":"FM Patagonia Madryn","description":"Radio Patagonia 105.5","publisher":{"@id":"https:\/\/fmpatagoniamadryn.com.ar\/#organization"},"potentialAction":[{"@type":"SearchAction","target":{"@type":"EntryPoint","urlTemplate":"https:\/\/fmpatagoniamadryn.com.ar\/?s={search_term_string}"},"query-input":{"@type":"PropertyValueSpecification","valueRequired":true,"valueName":"search_term_string"}}],"inLanguage":"es"},{"@type":"Organization","@id":"https:\/\/fmpatagoniamadryn.com.ar\/#organization","name":"FM Patagonia Madryn","url":"https:\/\/fmpatagoniamadryn.com.ar\/","logo":{"@type":"ImageObject","inLanguage":"es","@id":"https:\/\/fmpatagoniamadryn.com.ar\/#\/schema\/logo\/image\/","url":"https:\/\/fmpatagoniamadryn.com.ar\/wp-content\/uploads\/2023\/01\/cropped-Diseno-sin-titulo.png","contentUrl":"https:\/\/fmpatagoniamadryn.com.ar\/wp-content\/uploads\/2023\/01\/cropped-Diseno-sin-titulo.png","width":6911,"height":2657,"caption":"FM Patagonia Madryn"},"image":{"@id":"https:\/\/fmpatagoniamadryn.com.ar\/#\/schema\/logo\/image\/"}},{"@type":"Person","@id":"https:\/\/fmpatagoniamadryn.com.ar\/#\/schema\/person\/8a3de4ad7efceacab06c1641c50303b7","name":"FM Patagonia","url":"https:\/\/fmpatagoniamadryn.com.ar\/?author=2"}]}},"jetpack_featured_media_url":"https:\/\/fmpatagoniamadryn.com.ar\/wp-content\/uploads\/2025\/08\/img_3515.jpg","_links":{"self":[{"href":"https:\/\/fmpatagoniamadryn.com.ar\/index.php?rest_route=\/wp\/v2\/posts\/17769","targetHints":{"allow":["GET"]}}],"collection":[{"href":"https:\/\/fmpatagoniamadryn.com.ar\/index.php?rest_route=\/wp\/v2\/posts"}],"about":[{"href":"https:\/\/fmpatagoniamadryn.com.ar\/index.php?rest_route=\/wp\/v2\/types\/post"}],"author":[{"embeddable":true,"href":"https:\/\/fmpatagoniamadryn.com.ar\/index.php?rest_route=\/wp\/v2\/users\/2"}],"replies":[{"embeddable":true,"href":"https:\/\/fmpatagoniamadryn.com.ar\/index.php?rest_route=%2Fwp%2Fv2%2Fcomments&post=17769"}],"version-history":[{"count":1,"href":"https:\/\/fmpatagoniamadryn.com.ar\/index.php?rest_route=\/wp\/v2\/posts\/17769\/revisions"}],"predecessor-version":[{"id":17770,"href":"https:\/\/fmpatagoniamadryn.com.ar\/index.php?rest_route=\/wp\/v2\/posts\/17769\/revisions\/17770"}],"wp:featuredmedia":[{"embeddable":true,"href":"https:\/\/fmpatagoniamadryn.com.ar\/index.php?rest_route=\/wp\/v2\/media\/17768"}],"wp:attachment":[{"href":"https:\/\/fmpatagoniamadryn.com.ar\/index.php?rest_route=%2Fwp%2Fv2%2Fmedia&parent=17769"}],"wp:term":[{"taxonomy":"category","embeddable":true,"href":"https:\/\/fmpatagoniamadryn.com.ar\/index.php?rest_route=%2Fwp%2Fv2%2Fcategories&post=17769"},{"taxonomy":"post_tag","embeddable":true,"href":"https:\/\/fmpatagoniamadryn.com.ar\/index.php?rest_route=%2Fwp%2Fv2%2Ftags&post=17769"}],"curies":[{"name":"wp","href":"https:\/\/api.w.org\/{rel}","templated":true}]}}