{"id":17778,"date":"2025-08-31T19:23:18","date_gmt":"2025-08-31T22:23:18","guid":{"rendered":"https:\/\/fmpatagoniamadryn.com.ar\/?p=17778"},"modified":"2025-08-31T19:23:18","modified_gmt":"2025-08-31T22:23:18","slug":"puerto-madryn-y-lujan-de-cuyo-firmaron-un-convenio-para-fomentar-y-desarrollar-distintas-actividades","status":"publish","type":"post","link":"https:\/\/fmpatagoniamadryn.com.ar\/?p=17778","title":{"rendered":"PUERTO MADRYN Y LUJ\u00c1N DE CUYO FIRMARON UN CONVENIO PARA FOMENTAR Y DESARROLLAR DISTINTAS ACTIVIDADES"},"content":{"rendered":"\n<p><\/p>\n\n\n\n<p><em>Gustavo Sastre protagoniz\u00f3 una videoconferencia con su par de la localidad mendocina, Andr\u00e9s Esteban Allasino, con el objetivo de articular propuestas tur\u00edsticas y deportivas<\/em><\/p>\n\n\n\n<p>El intendente de Puerto Madryn, Gustavo Sastre, y su par de Luj\u00e1n de Cuyo, Andr\u00e9s Esteban Allasino, firmaron un convenio para que ambos Municipios articulen acciones y avancen con propuestas mancomunadas.&nbsp;<\/p>\n\n\n\n<p>Puntualmente, se tuvo como objetivo la instrumentaci\u00f3n conjunta y rec\u00edproca para el fomento, desarrollo y promoci\u00f3n de la actividad tur\u00edstica y deportiva de ambos destinos.&nbsp;<\/p>\n\n\n\n<p>De esta manera, se facilita la interacci\u00f3n entre los respectivos equipos profesionales y el intercambio de experiencias en los temas que resultan de inter\u00e9s.<\/p>\n\n\n\n<p><strong>Acciones articuladas<\/strong><\/p>\n\n\n\n<p>Al respecto, el Intendente dijo: \u201cNos llena de satisfacci\u00f3n poder avanzar con un convenio de estas caracter\u00edsticas, aunando esfuerzos con la localidad de Luj\u00e1n de Cuyo para fortalecer el turismo y el gran abanico de actividades deportivas con las que contamos\u201d.<\/p>\n\n\n\n<p>En este mismo sentido, el Jefe Comunal remarc\u00f3: \u201cPara nosotros el turismo es una de nuestras principales industrias y el deporte es un motor fundamental para poder alcanzar la sociedad que todos queremos y nos merecemos\u201d.<\/p>\n\n\n\n<p><strong>Los presentes<\/strong><\/p>\n\n\n\n<p>En la videoconferencia con su par de Luj\u00e1n de Cuyo, Sastre estuvo acompa\u00f1ado por el secretario de Educaci\u00f3n, Cultura y Deportes, Diego Gonz\u00e1lez.<\/p>\n\n\n\n<p><\/p>\n","protected":false},"excerpt":{"rendered":"<p>Gustavo Sastre protagoniz\u00f3 una videoconferencia con su par de la localidad mendocina, Andr\u00e9s Esteban Allasino, con el objetivo de articular propuestas tur\u00edsticas y deportivas El intendente de Puerto Madryn, Gustavo&hellip; <\/p>\n","protected":false},"author":2,"featured_media":17777,"comment_status":"closed","ping_status":"closed","sticky":false,"template":"","format":"standard","meta":{"footnotes":""},"categories":[15],"tags":[],"class_list":["post-17778","post","type-post","status-publish","format-standard","has-post-thumbnail","hentry","category-locales"],"yoast_head":"<!-- This site is optimized with the Yoast SEO plugin v27.5 - https:\/\/yoast.com\/product\/yoast-seo-wordpress\/ -->\n<title>PUERTO MADRYN Y LUJ\u00c1N DE CUYO FIRMARON UN CONVENIO PARA FOMENTAR Y DESARROLLAR DISTINTAS ACTIVIDADES - FM Patagonia Madryn<\/title>\n<meta name=\"robots\" content=\"index, follow, max-snippet:-1, max-image-preview:large, max-video-preview:-1\" \/>\n<link rel=\"canonical\" href=\"https:\/\/fmpatagoniamadryn.com.ar\/?p=17778\" \/>\n<meta property=\"og:locale\" content=\"es_ES\" \/>\n<meta property=\"og:type\" content=\"article\" \/>\n<meta property=\"og:title\" content=\"PUERTO MADRYN Y LUJ\u00c1N DE CUYO FIRMARON UN CONVENIO PARA FOMENTAR Y DESARROLLAR DISTINTAS ACTIVIDADES - FM Patagonia Madryn\" \/>\n<meta property=\"og:description\" content=\"Gustavo Sastre protagoniz\u00f3 una videoconferencia con su par de la localidad mendocina, Andr\u00e9s Esteban Allasino, con el objetivo de articular propuestas tur\u00edsticas y deportivas El intendente de Puerto Madryn, Gustavo&hellip;\" \/>\n<meta property=\"og:url\" content=\"https:\/\/fmpatagoniamadryn.com.ar\/?p=17778\" \/>\n<meta property=\"og:site_name\" content=\"FM Patagonia Madryn\" \/>\n<meta property=\"article:published_time\" content=\"2025-08-31T22:23:18+00:00\" \/>\n<meta property=\"og:image\" content=\"https:\/\/fmpatagoniamadryn.com.ar\/wp-content\/uploads\/2025\/08\/img_3528.jpg\" \/>\n\t<meta property=\"og:image:width\" content=\"2000\" \/>\n\t<meta property=\"og:image:height\" content=\"1500\" \/>\n\t<meta property=\"og:image:type\" content=\"image\/jpeg\" \/>\n<meta name=\"author\" content=\"FM Patagonia\" \/>\n<meta name=\"twitter:card\" content=\"summary_large_image\" \/>\n<meta name=\"twitter:label1\" content=\"Escrito por\" \/>\n\t<meta name=\"twitter:data1\" content=\"FM Patagonia\" \/>\n\t<meta name=\"twitter:label2\" content=\"Tiempo de lectura\" \/>\n\t<meta name=\"twitter:data2\" content=\"1 minuto\" \/>\n<script type=\"application\/ld+json\" class=\"yoast-schema-graph\">{\"@context\":\"https:\\\/\\\/schema.org\",\"@graph\":[{\"@type\":\"Article\",\"@id\":\"https:\\\/\\\/fmpatagoniamadryn.com.ar\\\/?p=17778#article\",\"isPartOf\":{\"@id\":\"https:\\\/\\\/fmpatagoniamadryn.com.ar\\\/?p=17778\"},\"author\":{\"name\":\"FM Patagonia\",\"@id\":\"https:\\\/\\\/fmpatagoniamadryn.com.ar\\\/#\\\/schema\\\/person\\\/8a3de4ad7efceacab06c1641c50303b7\"},\"headline\":\"PUERTO MADRYN Y LUJ\u00c1N DE CUYO FIRMARON UN CONVENIO PARA FOMENTAR Y DESARROLLAR DISTINTAS ACTIVIDADES\",\"datePublished\":\"2025-08-31T22:23:18+00:00\",\"mainEntityOfPage\":{\"@id\":\"https:\\\/\\\/fmpatagoniamadryn.com.ar\\\/?p=17778\"},\"wordCount\":243,\"publisher\":{\"@id\":\"https:\\\/\\\/fmpatagoniamadryn.com.ar\\\/#organization\"},\"image\":{\"@id\":\"https:\\\/\\\/fmpatagoniamadryn.com.ar\\\/?p=17778#primaryimage\"},\"thumbnailUrl\":\"https:\\\/\\\/fmpatagoniamadryn.com.ar\\\/wp-content\\\/uploads\\\/2025\\\/08\\\/img_3528.jpg\",\"articleSection\":[\"Locales\"],\"inLanguage\":\"es\"},{\"@type\":\"WebPage\",\"@id\":\"https:\\\/\\\/fmpatagoniamadryn.com.ar\\\/?p=17778\",\"url\":\"https:\\\/\\\/fmpatagoniamadryn.com.ar\\\/?p=17778\",\"name\":\"PUERTO MADRYN Y LUJ\u00c1N DE CUYO FIRMARON UN CONVENIO PARA FOMENTAR Y DESARROLLAR DISTINTAS ACTIVIDADES - FM Patagonia Madryn\",\"isPartOf\":{\"@id\":\"https:\\\/\\\/fmpatagoniamadryn.com.ar\\\/#website\"},\"primaryImageOfPage\":{\"@id\":\"https:\\\/\\\/fmpatagoniamadryn.com.ar\\\/?p=17778#primaryimage\"},\"image\":{\"@id\":\"https:\\\/\\\/fmpatagoniamadryn.com.ar\\\/?p=17778#primaryimage\"},\"thumbnailUrl\":\"https:\\\/\\\/fmpatagoniamadryn.com.ar\\\/wp-content\\\/uploads\\\/2025\\\/08\\\/img_3528.jpg\",\"datePublished\":\"2025-08-31T22:23:18+00:00\",\"breadcrumb\":{\"@id\":\"https:\\\/\\\/fmpatagoniamadryn.com.ar\\\/?p=17778#breadcrumb\"},\"inLanguage\":\"es\",\"potentialAction\":[{\"@type\":\"ReadAction\",\"target\":[\"https:\\\/\\\/fmpatagoniamadryn.com.ar\\\/?p=17778\"]}]},{\"@type\":\"ImageObject\",\"inLanguage\":\"es\",\"@id\":\"https:\\\/\\\/fmpatagoniamadryn.com.ar\\\/?p=17778#primaryimage\",\"url\":\"https:\\\/\\\/fmpatagoniamadryn.com.ar\\\/wp-content\\\/uploads\\\/2025\\\/08\\\/img_3528.jpg\",\"contentUrl\":\"https:\\\/\\\/fmpatagoniamadryn.com.ar\\\/wp-content\\\/uploads\\\/2025\\\/08\\\/img_3528.jpg\",\"width\":2000,\"height\":1500},{\"@type\":\"BreadcrumbList\",\"@id\":\"https:\\\/\\\/fmpatagoniamadryn.com.ar\\\/?p=17778#breadcrumb\",\"itemListElement\":[{\"@type\":\"ListItem\",\"position\":1,\"name\":\"Portada\",\"item\":\"https:\\\/\\\/fmpatagoniamadryn.com.ar\\\/\"},{\"@type\":\"ListItem\",\"position\":2,\"name\":\"PUERTO MADRYN Y LUJ\u00c1N DE CUYO FIRMARON UN CONVENIO PARA FOMENTAR Y DESARROLLAR DISTINTAS ACTIVIDADES\"}]},{\"@type\":\"WebSite\",\"@id\":\"https:\\\/\\\/fmpatagoniamadryn.com.ar\\\/#website\",\"url\":\"https:\\\/\\\/fmpatagoniamadryn.com.ar\\\/\",\"name\":\"FM Patagonia Madryn\",\"description\":\"Radio Patagonia 105.5\",\"publisher\":{\"@id\":\"https:\\\/\\\/fmpatagoniamadryn.com.ar\\\/#organization\"},\"potentialAction\":[{\"@type\":\"SearchAction\",\"target\":{\"@type\":\"EntryPoint\",\"urlTemplate\":\"https:\\\/\\\/fmpatagoniamadryn.com.ar\\\/?s={search_term_string}\"},\"query-input\":{\"@type\":\"PropertyValueSpecification\",\"valueRequired\":true,\"valueName\":\"search_term_string\"}}],\"inLanguage\":\"es\"},{\"@type\":\"Organization\",\"@id\":\"https:\\\/\\\/fmpatagoniamadryn.com.ar\\\/#organization\",\"name\":\"FM Patagonia Madryn\",\"url\":\"https:\\\/\\\/fmpatagoniamadryn.com.ar\\\/\",\"logo\":{\"@type\":\"ImageObject\",\"inLanguage\":\"es\",\"@id\":\"https:\\\/\\\/fmpatagoniamadryn.com.ar\\\/#\\\/schema\\\/logo\\\/image\\\/\",\"url\":\"https:\\\/\\\/fmpatagoniamadryn.com.ar\\\/wp-content\\\/uploads\\\/2023\\\/01\\\/cropped-Diseno-sin-titulo.png\",\"contentUrl\":\"https:\\\/\\\/fmpatagoniamadryn.com.ar\\\/wp-content\\\/uploads\\\/2023\\\/01\\\/cropped-Diseno-sin-titulo.png\",\"width\":6911,\"height\":2657,\"caption\":\"FM Patagonia Madryn\"},\"image\":{\"@id\":\"https:\\\/\\\/fmpatagoniamadryn.com.ar\\\/#\\\/schema\\\/logo\\\/image\\\/\"}},{\"@type\":\"Person\",\"@id\":\"https:\\\/\\\/fmpatagoniamadryn.com.ar\\\/#\\\/schema\\\/person\\\/8a3de4ad7efceacab06c1641c50303b7\",\"name\":\"FM Patagonia\",\"url\":\"https:\\\/\\\/fmpatagoniamadryn.com.ar\\\/?author=2\"}]}<\/script>\n<!-- \/ Yoast SEO plugin. -->","yoast_head_json":{"title":"PUERTO MADRYN Y LUJ\u00c1N DE CUYO FIRMARON UN CONVENIO PARA FOMENTAR Y DESARROLLAR DISTINTAS ACTIVIDADES - FM Patagonia Madryn","robots":{"index":"index","follow":"follow","max-snippet":"max-snippet:-1","max-image-preview":"max-image-preview:large","max-video-preview":"max-video-preview:-1"},"canonical":"https:\/\/fmpatagoniamadryn.com.ar\/?p=17778","og_locale":"es_ES","og_type":"article","og_title":"PUERTO MADRYN Y LUJ\u00c1N DE CUYO FIRMARON UN CONVENIO PARA FOMENTAR Y DESARROLLAR DISTINTAS ACTIVIDADES - FM Patagonia Madryn","og_description":"Gustavo Sastre protagoniz\u00f3 una videoconferencia con su par de la localidad mendocina, Andr\u00e9s Esteban Allasino, con el objetivo de articular propuestas tur\u00edsticas y deportivas El intendente de Puerto Madryn, Gustavo&hellip;","og_url":"https:\/\/fmpatagoniamadryn.com.ar\/?p=17778","og_site_name":"FM Patagonia Madryn","article_published_time":"2025-08-31T22:23:18+00:00","og_image":[{"width":2000,"height":1500,"url":"https:\/\/fmpatagoniamadryn.com.ar\/wp-content\/uploads\/2025\/08\/img_3528.jpg","type":"image\/jpeg"}],"author":"FM Patagonia","twitter_card":"summary_large_image","twitter_misc":{"Escrito por":"FM Patagonia","Tiempo de lectura":"1 minuto"},"schema":{"@context":"https:\/\/schema.org","@graph":[{"@type":"Article","@id":"https:\/\/fmpatagoniamadryn.com.ar\/?p=17778#article","isPartOf":{"@id":"https:\/\/fmpatagoniamadryn.com.ar\/?p=17778"},"author":{"name":"FM Patagonia","@id":"https:\/\/fmpatagoniamadryn.com.ar\/#\/schema\/person\/8a3de4ad7efceacab06c1641c50303b7"},"headline":"PUERTO MADRYN Y LUJ\u00c1N DE CUYO FIRMARON UN CONVENIO PARA FOMENTAR Y DESARROLLAR DISTINTAS ACTIVIDADES","datePublished":"2025-08-31T22:23:18+00:00","mainEntityOfPage":{"@id":"https:\/\/fmpatagoniamadryn.com.ar\/?p=17778"},"wordCount":243,"publisher":{"@id":"https:\/\/fmpatagoniamadryn.com.ar\/#organization"},"image":{"@id":"https:\/\/fmpatagoniamadryn.com.ar\/?p=17778#primaryimage"},"thumbnailUrl":"https:\/\/fmpatagoniamadryn.com.ar\/wp-content\/uploads\/2025\/08\/img_3528.jpg","articleSection":["Locales"],"inLanguage":"es"},{"@type":"WebPage","@id":"https:\/\/fmpatagoniamadryn.com.ar\/?p=17778","url":"https:\/\/fmpatagoniamadryn.com.ar\/?p=17778","name":"PUERTO MADRYN Y LUJ\u00c1N DE CUYO FIRMARON UN CONVENIO PARA FOMENTAR Y DESARROLLAR DISTINTAS ACTIVIDADES - FM Patagonia Madryn","isPartOf":{"@id":"https:\/\/fmpatagoniamadryn.com.ar\/#website"},"primaryImageOfPage":{"@id":"https:\/\/fmpatagoniamadryn.com.ar\/?p=17778#primaryimage"},"image":{"@id":"https:\/\/fmpatagoniamadryn.com.ar\/?p=17778#primaryimage"},"thumbnailUrl":"https:\/\/fmpatagoniamadryn.com.ar\/wp-content\/uploads\/2025\/08\/img_3528.jpg","datePublished":"2025-08-31T22:23:18+00:00","breadcrumb":{"@id":"https:\/\/fmpatagoniamadryn.com.ar\/?p=17778#breadcrumb"},"inLanguage":"es","potentialAction":[{"@type":"ReadAction","target":["https:\/\/fmpatagoniamadryn.com.ar\/?p=17778"]}]},{"@type":"ImageObject","inLanguage":"es","@id":"https:\/\/fmpatagoniamadryn.com.ar\/?p=17778#primaryimage","url":"https:\/\/fmpatagoniamadryn.com.ar\/wp-content\/uploads\/2025\/08\/img_3528.jpg","contentUrl":"https:\/\/fmpatagoniamadryn.com.ar\/wp-content\/uploads\/2025\/08\/img_3528.jpg","width":2000,"height":1500},{"@type":"BreadcrumbList","@id":"https:\/\/fmpatagoniamadryn.com.ar\/?p=17778#breadcrumb","itemListElement":[{"@type":"ListItem","position":1,"name":"Portada","item":"https:\/\/fmpatagoniamadryn.com.ar\/"},{"@type":"ListItem","position":2,"name":"PUERTO MADRYN Y LUJ\u00c1N DE CUYO FIRMARON UN CONVENIO PARA FOMENTAR Y DESARROLLAR DISTINTAS ACTIVIDADES"}]},{"@type":"WebSite","@id":"https:\/\/fmpatagoniamadryn.com.ar\/#website","url":"https:\/\/fmpatagoniamadryn.com.ar\/","name":"FM Patagonia Madryn","description":"Radio Patagonia 105.5","publisher":{"@id":"https:\/\/fmpatagoniamadryn.com.ar\/#organization"},"potentialAction":[{"@type":"SearchAction","target":{"@type":"EntryPoint","urlTemplate":"https:\/\/fmpatagoniamadryn.com.ar\/?s={search_term_string}"},"query-input":{"@type":"PropertyValueSpecification","valueRequired":true,"valueName":"search_term_string"}}],"inLanguage":"es"},{"@type":"Organization","@id":"https:\/\/fmpatagoniamadryn.com.ar\/#organization","name":"FM Patagonia Madryn","url":"https:\/\/fmpatagoniamadryn.com.ar\/","logo":{"@type":"ImageObject","inLanguage":"es","@id":"https:\/\/fmpatagoniamadryn.com.ar\/#\/schema\/logo\/image\/","url":"https:\/\/fmpatagoniamadryn.com.ar\/wp-content\/uploads\/2023\/01\/cropped-Diseno-sin-titulo.png","contentUrl":"https:\/\/fmpatagoniamadryn.com.ar\/wp-content\/uploads\/2023\/01\/cropped-Diseno-sin-titulo.png","width":6911,"height":2657,"caption":"FM Patagonia Madryn"},"image":{"@id":"https:\/\/fmpatagoniamadryn.com.ar\/#\/schema\/logo\/image\/"}},{"@type":"Person","@id":"https:\/\/fmpatagoniamadryn.com.ar\/#\/schema\/person\/8a3de4ad7efceacab06c1641c50303b7","name":"FM Patagonia","url":"https:\/\/fmpatagoniamadryn.com.ar\/?author=2"}]}},"jetpack_featured_media_url":"https:\/\/fmpatagoniamadryn.com.ar\/wp-content\/uploads\/2025\/08\/img_3528.jpg","_links":{"self":[{"href":"https:\/\/fmpatagoniamadryn.com.ar\/index.php?rest_route=\/wp\/v2\/posts\/17778","targetHints":{"allow":["GET"]}}],"collection":[{"href":"https:\/\/fmpatagoniamadryn.com.ar\/index.php?rest_route=\/wp\/v2\/posts"}],"about":[{"href":"https:\/\/fmpatagoniamadryn.com.ar\/index.php?rest_route=\/wp\/v2\/types\/post"}],"author":[{"embeddable":true,"href":"https:\/\/fmpatagoniamadryn.com.ar\/index.php?rest_route=\/wp\/v2\/users\/2"}],"replies":[{"embeddable":true,"href":"https:\/\/fmpatagoniamadryn.com.ar\/index.php?rest_route=%2Fwp%2Fv2%2Fcomments&post=17778"}],"version-history":[{"count":1,"href":"https:\/\/fmpatagoniamadryn.com.ar\/index.php?rest_route=\/wp\/v2\/posts\/17778\/revisions"}],"predecessor-version":[{"id":17779,"href":"https:\/\/fmpatagoniamadryn.com.ar\/index.php?rest_route=\/wp\/v2\/posts\/17778\/revisions\/17779"}],"wp:featuredmedia":[{"embeddable":true,"href":"https:\/\/fmpatagoniamadryn.com.ar\/index.php?rest_route=\/wp\/v2\/media\/17777"}],"wp:attachment":[{"href":"https:\/\/fmpatagoniamadryn.com.ar\/index.php?rest_route=%2Fwp%2Fv2%2Fmedia&parent=17778"}],"wp:term":[{"taxonomy":"category","embeddable":true,"href":"https:\/\/fmpatagoniamadryn.com.ar\/index.php?rest_route=%2Fwp%2Fv2%2Fcategories&post=17778"},{"taxonomy":"post_tag","embeddable":true,"href":"https:\/\/fmpatagoniamadryn.com.ar\/index.php?rest_route=%2Fwp%2Fv2%2Ftags&post=17778"}],"curies":[{"name":"wp","href":"https:\/\/api.w.org\/{rel}","templated":true}]}}