{"id":17821,"date":"2025-09-03T18:56:10","date_gmt":"2025-09-03T21:56:10","guid":{"rendered":"https:\/\/fmpatagoniamadryn.com.ar\/?p=17821"},"modified":"2025-09-03T18:56:10","modified_gmt":"2025-09-03T21:56:10","slug":"egresaron-40-profesionales-de-las-residencias-del-equipo-de-salud-que-se-dictan-en-hospitales-de-chubut","status":"publish","type":"post","link":"https:\/\/fmpatagoniamadryn.com.ar\/?p=17821","title":{"rendered":"Egresaron 40 profesionales de las Residencias del Equipo de Salud que se dictan en Hospitales de Chubut"},"content":{"rendered":"\n<p><\/p>\n\n\n\n<p><em>Se recibieron como especialistas y prestar\u00e1n servicios en diferentes centros asistenciales p\u00fablicos. Adem\u00e1s,&nbsp;este lunes&nbsp;1\u00ba de septiembre se dio inicio a un nuevo per\u00edodo de capacitaci\u00f3n.<\/em><\/p>\n\n\n\n<p>En el marco del plan de capacitaci\u00f3n del recurso humano sanitario que promueve la gesti\u00f3n del gobernador Ignacio \u00abNacho\u00bb Torres, el Gobierno del Chubut, a trav\u00e9s de la Secretar\u00eda de Salud, destac\u00f3 que egresaron 40 profesionales de las distintas Residencias del Equipo de Salud que se dictan en los Hospitales cabecera de la Provincia.<\/p>\n\n\n\n<p>Los nuevos especialistas aprobaron su proceso de formaci\u00f3n, que culmin\u00f3 el 31 de agosto, y prestar\u00e1n funciones en el sistema p\u00fablico de salud. De ellos, 25 egresaron de las residencias y 15 de las jefaturas (4 de los cuales renuevan su jefatura para el ciclo entrante).<\/p>\n\n\n\n<p>Las Residencias del Equipo de Salud son espacios de formaci\u00f3n de posgrado para profesionales de distintas disciplinas de la salud, que se llevan a cabo con el fin de brindar jerarqu\u00eda y calidad a la totalidad del sistema.<\/p>\n\n\n\n<p>En ese contexto, y continuando con la formaci\u00f3n del recurso humano, desde la Secretar\u00eda de Salud, que conduce Denise Acosta,&nbsp;este lunes&nbsp;1\u00ba de septiembre se dio inicio al nuevo per\u00edodo de capacitaci\u00f3n del que forman parte una importante cantidad de profesionales.<\/p>\n\n\n\n<p><strong>Egreso de residentes<\/strong><\/p>\n\n\n\n<p>En el caso del Hospital Regional de Comodoro Rivadavia, egresaron de sus residencias las licenciadas Josefina Suazo, Sof\u00eda Bareilles, \u00darsula Aldana Alemany y Valentina Rodr\u00edguez Ferreyra, de Salud Mental Comunitaria; las m\u00e9dicas Noelia Ruarte y Agustina Mansilla Crava, de Pediatr\u00eda; los m\u00e9dicos Carla Agustina Cifuentes y Lucas Eloy Taboada, de Cl\u00ednica M\u00e9dica, y Ernesto Salas \u00c1lvarez Ullman y Melisa Botha, de Cirug\u00eda General.<\/p>\n\n\n\n<p>Adem\u00e1s, tambi\u00e9n egresaron los m\u00e9dicos B\u00e1rbara Fregenal Fuentes, de Tocoginecolog\u00eda, y Luis Jos\u00e9 Villamizar Antunez, de Traumatolog\u00eda y Ortopedia.<\/p>\n\n\n\n<p>Por otro lado, del Hospital Zonal Alvear, la m\u00e9dica Mar\u00eda Laura Arcioni culmin\u00f3 la residencia y egres\u00f3 de Cl\u00ednica M\u00e9dica.<\/p>\n\n\n\n<p>En tanto, en el Hospital Zonal de Trelew finalizaron el ciclo de las residencias la m\u00e9dica Romina Maribel Rodr\u00edguez, de Neonatolog\u00eda; y las licenciadas D\u00e9bora Genre Bert y Tania Shtefeck Kusmiruk, de Salud Mental Comunitaria.<\/p>\n\n\n\n<p>Asimismo, del Hospital Zonal de Puerto Madryn culminaron el proceso formativo la licenciada Marina Araceli Westtein, de Epidemiolog\u00eda; la licenciada Luc\u00eda Fern\u00e1ndez, de Salud Mental Comunitaria; y la m\u00e9dica Juliana Boccardo Beraza, de Cl\u00ednica M\u00e9dica.<\/p>\n\n\n\n<p>Del Hospital Zonal de Esquel, culminaron sus residencias las licenciadas Diana Gisele Sosa Vera y Nicole Jim\u00e9nez Huth, de Salud Mental Comunitaria; los m\u00e9dicos Lucas Ezequiel Moreyra y Bel\u00e9n Agustina Mu\u00f1oz, de Medicina General; y Daniela Isabel Rubis, de Pediatr\u00eda.<\/p>\n\n\n\n<p>Del Hospital Subzonal de Rawson egres\u00f3 la licenciada Melisa Iralde, de Salud Mental Comunitaria.<\/p>\n\n\n\n<p><strong>Jefes de residentes<\/strong><\/p>\n\n\n\n<p>Por otro lado, desde la Secretar\u00eda dhe Salud se destac\u00f3 que tambi\u00e9n egresaron un total de 15 jefes de residentes. En el caso del Hospital Zonal de Trelew, lo hicieron la licenciada Fernanda Gabriela Llanos, de Salud Mental Comunitaria, y la m\u00e9dica, Melina Mar\u00eda Carmona, de Tocoginecolog\u00eda; mientras que en el Hospital Subzonal de Rawson fue el caso de la licenciada Natalia Gisel Sandoval, de Salud Mental Comunitaria.<\/p>\n\n\n\n<p>En el Hospital Regional de Comodoro Rivadavia, culminaron sus jefaturas de residencias la licenciada Laura Janet Desimo, de Salud Mental Comunitaria, y el m\u00e9dico Juan Eduardo Timaure Mel\u00e9ndez, de Ortopedia y Traumatolog\u00eda.<\/p>\n\n\n\n<p>En el Hospital Zonal de Puerto Madryn, egresaron como jefes de residentes la licenciada Lis Mariela Vitorio Buhezo, de Epidemiolog\u00eda; las m\u00e9dicas Carolina Gabriela Prado, de Medicina General, y Paula Martina Duhovnik, de Pediatr\u00eda; la licenciada Ana Fern\u00e1ndez, de Salud Mental Comunitaria; la licenciada \u00c9rica Luciana Correa, de Salud P\u00fablica; y la licenciada Mariana Carolina Choque, de Enfermer\u00eda en Cuidados Cr\u00edticos.<\/p>\n\n\n\n<p>Por \u00faltimo, se destac\u00f3 que del Hospital Zonal de Esquel egresaron como jefes de residentes los m\u00e9dicos Agostina Denise Kadomoto Gonz\u00e1lez, de Medicina General, Bruno Cipriani, de Cl\u00ednica M\u00e9dica, y Johana Micaela C\u00e9spedes, de Pediatr\u00eda; y la licenciada Candela Mariel Barbarin, de Salud Mental Comunitaria.<\/p>\n","protected":false},"excerpt":{"rendered":"<p>Se recibieron como especialistas y prestar\u00e1n servicios en diferentes centros asistenciales p\u00fablicos. Adem\u00e1s,&nbsp;este lunes&nbsp;1\u00ba de septiembre se dio inicio a un nuevo per\u00edodo de capacitaci\u00f3n. En el marco del plan&hellip; <\/p>\n","protected":false},"author":2,"featured_media":17820,"comment_status":"closed","ping_status":"closed","sticky":false,"template":"","format":"standard","meta":{"footnotes":""},"categories":[14],"tags":[],"class_list":["post-17821","post","type-post","status-publish","format-standard","has-post-thumbnail","hentry","category-provinciales"],"yoast_head":"<!-- This site is optimized with the Yoast SEO plugin v27.4 - https:\/\/yoast.com\/product\/yoast-seo-wordpress\/ -->\n<title>Egresaron 40 profesionales de las Residencias del Equipo de Salud que se dictan en Hospitales de Chubut - FM Patagonia Madryn<\/title>\n<meta name=\"robots\" content=\"index, follow, max-snippet:-1, max-image-preview:large, max-video-preview:-1\" \/>\n<link rel=\"canonical\" href=\"https:\/\/fmpatagoniamadryn.com.ar\/?p=17821\" \/>\n<meta property=\"og:locale\" content=\"es_ES\" \/>\n<meta property=\"og:type\" content=\"article\" \/>\n<meta property=\"og:title\" content=\"Egresaron 40 profesionales de las Residencias del Equipo de Salud que se dictan en Hospitales de Chubut - FM Patagonia Madryn\" \/>\n<meta property=\"og:description\" content=\"Se recibieron como especialistas y prestar\u00e1n servicios en diferentes centros asistenciales p\u00fablicos. Adem\u00e1s,&nbsp;este lunes&nbsp;1\u00ba de septiembre se dio inicio a un nuevo per\u00edodo de capacitaci\u00f3n. En el marco del plan&hellip;\" \/>\n<meta property=\"og:url\" content=\"https:\/\/fmpatagoniamadryn.com.ar\/?p=17821\" \/>\n<meta property=\"og:site_name\" content=\"FM Patagonia Madryn\" \/>\n<meta property=\"article:published_time\" content=\"2025-09-03T21:56:10+00:00\" \/>\n<meta property=\"og:image\" content=\"https:\/\/fmpatagoniamadryn.com.ar\/wp-content\/uploads\/2025\/09\/img_3755.jpg\" \/>\n\t<meta property=\"og:image:width\" content=\"1600\" \/>\n\t<meta property=\"og:image:height\" content=\"1200\" \/>\n\t<meta property=\"og:image:type\" content=\"image\/jpeg\" \/>\n<meta name=\"author\" content=\"FM Patagonia\" \/>\n<meta name=\"twitter:card\" content=\"summary_large_image\" \/>\n<meta name=\"twitter:label1\" content=\"Escrito por\" \/>\n\t<meta name=\"twitter:data1\" content=\"FM Patagonia\" \/>\n\t<meta name=\"twitter:label2\" content=\"Tiempo de lectura\" \/>\n\t<meta name=\"twitter:data2\" content=\"4 minutos\" \/>\n<script type=\"application\/ld+json\" class=\"yoast-schema-graph\">{\"@context\":\"https:\\\/\\\/schema.org\",\"@graph\":[{\"@type\":\"Article\",\"@id\":\"https:\\\/\\\/fmpatagoniamadryn.com.ar\\\/?p=17821#article\",\"isPartOf\":{\"@id\":\"https:\\\/\\\/fmpatagoniamadryn.com.ar\\\/?p=17821\"},\"author\":{\"name\":\"FM Patagonia\",\"@id\":\"https:\\\/\\\/fmpatagoniamadryn.com.ar\\\/#\\\/schema\\\/person\\\/8a3de4ad7efceacab06c1641c50303b7\"},\"headline\":\"Egresaron 40 profesionales de las Residencias del Equipo de Salud que se dictan en Hospitales de Chubut\",\"datePublished\":\"2025-09-03T21:56:10+00:00\",\"mainEntityOfPage\":{\"@id\":\"https:\\\/\\\/fmpatagoniamadryn.com.ar\\\/?p=17821\"},\"wordCount\":729,\"publisher\":{\"@id\":\"https:\\\/\\\/fmpatagoniamadryn.com.ar\\\/#organization\"},\"image\":{\"@id\":\"https:\\\/\\\/fmpatagoniamadryn.com.ar\\\/?p=17821#primaryimage\"},\"thumbnailUrl\":\"https:\\\/\\\/fmpatagoniamadryn.com.ar\\\/wp-content\\\/uploads\\\/2025\\\/09\\\/img_3755.jpg\",\"articleSection\":[\"Provinciales\"],\"inLanguage\":\"es\"},{\"@type\":\"WebPage\",\"@id\":\"https:\\\/\\\/fmpatagoniamadryn.com.ar\\\/?p=17821\",\"url\":\"https:\\\/\\\/fmpatagoniamadryn.com.ar\\\/?p=17821\",\"name\":\"Egresaron 40 profesionales de las Residencias del Equipo de Salud que se dictan en Hospitales de Chubut - FM Patagonia Madryn\",\"isPartOf\":{\"@id\":\"https:\\\/\\\/fmpatagoniamadryn.com.ar\\\/#website\"},\"primaryImageOfPage\":{\"@id\":\"https:\\\/\\\/fmpatagoniamadryn.com.ar\\\/?p=17821#primaryimage\"},\"image\":{\"@id\":\"https:\\\/\\\/fmpatagoniamadryn.com.ar\\\/?p=17821#primaryimage\"},\"thumbnailUrl\":\"https:\\\/\\\/fmpatagoniamadryn.com.ar\\\/wp-content\\\/uploads\\\/2025\\\/09\\\/img_3755.jpg\",\"datePublished\":\"2025-09-03T21:56:10+00:00\",\"breadcrumb\":{\"@id\":\"https:\\\/\\\/fmpatagoniamadryn.com.ar\\\/?p=17821#breadcrumb\"},\"inLanguage\":\"es\",\"potentialAction\":[{\"@type\":\"ReadAction\",\"target\":[\"https:\\\/\\\/fmpatagoniamadryn.com.ar\\\/?p=17821\"]}]},{\"@type\":\"ImageObject\",\"inLanguage\":\"es\",\"@id\":\"https:\\\/\\\/fmpatagoniamadryn.com.ar\\\/?p=17821#primaryimage\",\"url\":\"https:\\\/\\\/fmpatagoniamadryn.com.ar\\\/wp-content\\\/uploads\\\/2025\\\/09\\\/img_3755.jpg\",\"contentUrl\":\"https:\\\/\\\/fmpatagoniamadryn.com.ar\\\/wp-content\\\/uploads\\\/2025\\\/09\\\/img_3755.jpg\",\"width\":1600,\"height\":1200},{\"@type\":\"BreadcrumbList\",\"@id\":\"https:\\\/\\\/fmpatagoniamadryn.com.ar\\\/?p=17821#breadcrumb\",\"itemListElement\":[{\"@type\":\"ListItem\",\"position\":1,\"name\":\"Portada\",\"item\":\"https:\\\/\\\/fmpatagoniamadryn.com.ar\\\/\"},{\"@type\":\"ListItem\",\"position\":2,\"name\":\"Egresaron 40 profesionales de las Residencias del Equipo de Salud que se dictan en Hospitales de Chubut\"}]},{\"@type\":\"WebSite\",\"@id\":\"https:\\\/\\\/fmpatagoniamadryn.com.ar\\\/#website\",\"url\":\"https:\\\/\\\/fmpatagoniamadryn.com.ar\\\/\",\"name\":\"FM Patagonia Madryn\",\"description\":\"Radio Patagonia 105.5\",\"publisher\":{\"@id\":\"https:\\\/\\\/fmpatagoniamadryn.com.ar\\\/#organization\"},\"potentialAction\":[{\"@type\":\"SearchAction\",\"target\":{\"@type\":\"EntryPoint\",\"urlTemplate\":\"https:\\\/\\\/fmpatagoniamadryn.com.ar\\\/?s={search_term_string}\"},\"query-input\":{\"@type\":\"PropertyValueSpecification\",\"valueRequired\":true,\"valueName\":\"search_term_string\"}}],\"inLanguage\":\"es\"},{\"@type\":\"Organization\",\"@id\":\"https:\\\/\\\/fmpatagoniamadryn.com.ar\\\/#organization\",\"name\":\"FM Patagonia Madryn\",\"url\":\"https:\\\/\\\/fmpatagoniamadryn.com.ar\\\/\",\"logo\":{\"@type\":\"ImageObject\",\"inLanguage\":\"es\",\"@id\":\"https:\\\/\\\/fmpatagoniamadryn.com.ar\\\/#\\\/schema\\\/logo\\\/image\\\/\",\"url\":\"https:\\\/\\\/fmpatagoniamadryn.com.ar\\\/wp-content\\\/uploads\\\/2023\\\/01\\\/cropped-Diseno-sin-titulo.png\",\"contentUrl\":\"https:\\\/\\\/fmpatagoniamadryn.com.ar\\\/wp-content\\\/uploads\\\/2023\\\/01\\\/cropped-Diseno-sin-titulo.png\",\"width\":6911,\"height\":2657,\"caption\":\"FM Patagonia Madryn\"},\"image\":{\"@id\":\"https:\\\/\\\/fmpatagoniamadryn.com.ar\\\/#\\\/schema\\\/logo\\\/image\\\/\"}},{\"@type\":\"Person\",\"@id\":\"https:\\\/\\\/fmpatagoniamadryn.com.ar\\\/#\\\/schema\\\/person\\\/8a3de4ad7efceacab06c1641c50303b7\",\"name\":\"FM Patagonia\",\"url\":\"https:\\\/\\\/fmpatagoniamadryn.com.ar\\\/?author=2\"}]}<\/script>\n<!-- \/ Yoast SEO plugin. -->","yoast_head_json":{"title":"Egresaron 40 profesionales de las Residencias del Equipo de Salud que se dictan en Hospitales de Chubut - FM Patagonia Madryn","robots":{"index":"index","follow":"follow","max-snippet":"max-snippet:-1","max-image-preview":"max-image-preview:large","max-video-preview":"max-video-preview:-1"},"canonical":"https:\/\/fmpatagoniamadryn.com.ar\/?p=17821","og_locale":"es_ES","og_type":"article","og_title":"Egresaron 40 profesionales de las Residencias del Equipo de Salud que se dictan en Hospitales de Chubut - FM Patagonia Madryn","og_description":"Se recibieron como especialistas y prestar\u00e1n servicios en diferentes centros asistenciales p\u00fablicos. Adem\u00e1s,&nbsp;este lunes&nbsp;1\u00ba de septiembre se dio inicio a un nuevo per\u00edodo de capacitaci\u00f3n. En el marco del plan&hellip;","og_url":"https:\/\/fmpatagoniamadryn.com.ar\/?p=17821","og_site_name":"FM Patagonia Madryn","article_published_time":"2025-09-03T21:56:10+00:00","og_image":[{"width":1600,"height":1200,"url":"https:\/\/fmpatagoniamadryn.com.ar\/wp-content\/uploads\/2025\/09\/img_3755.jpg","type":"image\/jpeg"}],"author":"FM Patagonia","twitter_card":"summary_large_image","twitter_misc":{"Escrito por":"FM Patagonia","Tiempo de lectura":"4 minutos"},"schema":{"@context":"https:\/\/schema.org","@graph":[{"@type":"Article","@id":"https:\/\/fmpatagoniamadryn.com.ar\/?p=17821#article","isPartOf":{"@id":"https:\/\/fmpatagoniamadryn.com.ar\/?p=17821"},"author":{"name":"FM Patagonia","@id":"https:\/\/fmpatagoniamadryn.com.ar\/#\/schema\/person\/8a3de4ad7efceacab06c1641c50303b7"},"headline":"Egresaron 40 profesionales de las Residencias del Equipo de Salud que se dictan en Hospitales de Chubut","datePublished":"2025-09-03T21:56:10+00:00","mainEntityOfPage":{"@id":"https:\/\/fmpatagoniamadryn.com.ar\/?p=17821"},"wordCount":729,"publisher":{"@id":"https:\/\/fmpatagoniamadryn.com.ar\/#organization"},"image":{"@id":"https:\/\/fmpatagoniamadryn.com.ar\/?p=17821#primaryimage"},"thumbnailUrl":"https:\/\/fmpatagoniamadryn.com.ar\/wp-content\/uploads\/2025\/09\/img_3755.jpg","articleSection":["Provinciales"],"inLanguage":"es"},{"@type":"WebPage","@id":"https:\/\/fmpatagoniamadryn.com.ar\/?p=17821","url":"https:\/\/fmpatagoniamadryn.com.ar\/?p=17821","name":"Egresaron 40 profesionales de las Residencias del Equipo de Salud que se dictan en Hospitales de Chubut - FM Patagonia Madryn","isPartOf":{"@id":"https:\/\/fmpatagoniamadryn.com.ar\/#website"},"primaryImageOfPage":{"@id":"https:\/\/fmpatagoniamadryn.com.ar\/?p=17821#primaryimage"},"image":{"@id":"https:\/\/fmpatagoniamadryn.com.ar\/?p=17821#primaryimage"},"thumbnailUrl":"https:\/\/fmpatagoniamadryn.com.ar\/wp-content\/uploads\/2025\/09\/img_3755.jpg","datePublished":"2025-09-03T21:56:10+00:00","breadcrumb":{"@id":"https:\/\/fmpatagoniamadryn.com.ar\/?p=17821#breadcrumb"},"inLanguage":"es","potentialAction":[{"@type":"ReadAction","target":["https:\/\/fmpatagoniamadryn.com.ar\/?p=17821"]}]},{"@type":"ImageObject","inLanguage":"es","@id":"https:\/\/fmpatagoniamadryn.com.ar\/?p=17821#primaryimage","url":"https:\/\/fmpatagoniamadryn.com.ar\/wp-content\/uploads\/2025\/09\/img_3755.jpg","contentUrl":"https:\/\/fmpatagoniamadryn.com.ar\/wp-content\/uploads\/2025\/09\/img_3755.jpg","width":1600,"height":1200},{"@type":"BreadcrumbList","@id":"https:\/\/fmpatagoniamadryn.com.ar\/?p=17821#breadcrumb","itemListElement":[{"@type":"ListItem","position":1,"name":"Portada","item":"https:\/\/fmpatagoniamadryn.com.ar\/"},{"@type":"ListItem","position":2,"name":"Egresaron 40 profesionales de las Residencias del Equipo de Salud que se dictan en Hospitales de Chubut"}]},{"@type":"WebSite","@id":"https:\/\/fmpatagoniamadryn.com.ar\/#website","url":"https:\/\/fmpatagoniamadryn.com.ar\/","name":"FM Patagonia Madryn","description":"Radio Patagonia 105.5","publisher":{"@id":"https:\/\/fmpatagoniamadryn.com.ar\/#organization"},"potentialAction":[{"@type":"SearchAction","target":{"@type":"EntryPoint","urlTemplate":"https:\/\/fmpatagoniamadryn.com.ar\/?s={search_term_string}"},"query-input":{"@type":"PropertyValueSpecification","valueRequired":true,"valueName":"search_term_string"}}],"inLanguage":"es"},{"@type":"Organization","@id":"https:\/\/fmpatagoniamadryn.com.ar\/#organization","name":"FM Patagonia Madryn","url":"https:\/\/fmpatagoniamadryn.com.ar\/","logo":{"@type":"ImageObject","inLanguage":"es","@id":"https:\/\/fmpatagoniamadryn.com.ar\/#\/schema\/logo\/image\/","url":"https:\/\/fmpatagoniamadryn.com.ar\/wp-content\/uploads\/2023\/01\/cropped-Diseno-sin-titulo.png","contentUrl":"https:\/\/fmpatagoniamadryn.com.ar\/wp-content\/uploads\/2023\/01\/cropped-Diseno-sin-titulo.png","width":6911,"height":2657,"caption":"FM Patagonia Madryn"},"image":{"@id":"https:\/\/fmpatagoniamadryn.com.ar\/#\/schema\/logo\/image\/"}},{"@type":"Person","@id":"https:\/\/fmpatagoniamadryn.com.ar\/#\/schema\/person\/8a3de4ad7efceacab06c1641c50303b7","name":"FM Patagonia","url":"https:\/\/fmpatagoniamadryn.com.ar\/?author=2"}]}},"jetpack_featured_media_url":"https:\/\/fmpatagoniamadryn.com.ar\/wp-content\/uploads\/2025\/09\/img_3755.jpg","_links":{"self":[{"href":"https:\/\/fmpatagoniamadryn.com.ar\/index.php?rest_route=\/wp\/v2\/posts\/17821","targetHints":{"allow":["GET"]}}],"collection":[{"href":"https:\/\/fmpatagoniamadryn.com.ar\/index.php?rest_route=\/wp\/v2\/posts"}],"about":[{"href":"https:\/\/fmpatagoniamadryn.com.ar\/index.php?rest_route=\/wp\/v2\/types\/post"}],"author":[{"embeddable":true,"href":"https:\/\/fmpatagoniamadryn.com.ar\/index.php?rest_route=\/wp\/v2\/users\/2"}],"replies":[{"embeddable":true,"href":"https:\/\/fmpatagoniamadryn.com.ar\/index.php?rest_route=%2Fwp%2Fv2%2Fcomments&post=17821"}],"version-history":[{"count":1,"href":"https:\/\/fmpatagoniamadryn.com.ar\/index.php?rest_route=\/wp\/v2\/posts\/17821\/revisions"}],"predecessor-version":[{"id":17822,"href":"https:\/\/fmpatagoniamadryn.com.ar\/index.php?rest_route=\/wp\/v2\/posts\/17821\/revisions\/17822"}],"wp:featuredmedia":[{"embeddable":true,"href":"https:\/\/fmpatagoniamadryn.com.ar\/index.php?rest_route=\/wp\/v2\/media\/17820"}],"wp:attachment":[{"href":"https:\/\/fmpatagoniamadryn.com.ar\/index.php?rest_route=%2Fwp%2Fv2%2Fmedia&parent=17821"}],"wp:term":[{"taxonomy":"category","embeddable":true,"href":"https:\/\/fmpatagoniamadryn.com.ar\/index.php?rest_route=%2Fwp%2Fv2%2Fcategories&post=17821"},{"taxonomy":"post_tag","embeddable":true,"href":"https:\/\/fmpatagoniamadryn.com.ar\/index.php?rest_route=%2Fwp%2Fv2%2Ftags&post=17821"}],"curies":[{"name":"wp","href":"https:\/\/api.w.org\/{rel}","templated":true}]}}