{"id":17833,"date":"2025-09-04T17:42:24","date_gmt":"2025-09-04T20:42:24","guid":{"rendered":"https:\/\/fmpatagoniamadryn.com.ar\/?p=17833"},"modified":"2025-09-04T17:42:24","modified_gmt":"2025-09-04T20:42:24","slug":"torres-inauguro-un-nuevo-centro-de-salud-en-puerto-madryn-y-destaco-la-inversion-provincial-para-modernizar-el-sistema-sanitario","status":"publish","type":"post","link":"https:\/\/fmpatagoniamadryn.com.ar\/?p=17833","title":{"rendered":"Torres inaugur\u00f3 un nuevo Centro de Salud en Puerto Madryn y destac\u00f3 la inversi\u00f3n provincial para modernizar el sistema sanitario"},"content":{"rendered":"\n<p><\/p>\n\n\n\n<p><em>Se trata del primer Centro de Atenci\u00f3n Primaria de la Salud (CAPS) de la provincia completamente digitalizado. El mandatario hizo hincapi\u00e9 en la importancia de la labor mancomunada entre la Provincia y los intendentes para el mejoramiento de la infraestructura sanitaria. \u00abEs un cambio radical en la forma de gobernar la provincia, y lo vamos a seguir haciendo de esta manera para continuar mejorando la vida de todos los chubutenses\u00bb, puntualiz\u00f3 Torres.<\/em><\/p>\n\n\n\n<p>El gobernador del Chubut, Ignacio \u201cNacho\u201d Torres, encabez\u00f3 este viernes por la tarde la inauguraci\u00f3n del nuevo Centro de Atenci\u00f3n Primaria de la Salud (CAPS) del barrio Solana de la Patagonia, en Puerto Madryn.<\/p>\n\n\n\n<p>El acto cont\u00f3 tambi\u00e9n con la presencia del vicegobernador Gustavo Menna; los intendentes de Puerto Madryn, Gustavo Sastre, y de 28 de Julio, Luka Jones; la diputada nacional Ana Clara Romero; los secretarios de Salud, Denise Acosta, y de Infraestructura, Energ\u00eda y Planificaci\u00f3n, Hern\u00e1n T\u00f3rtola; legisladores provinciales y funcionarios del Gabinete.<\/p>\n\n\n\n<p><em>Mejorar la atenci\u00f3n en el primer nivel<\/em><\/p>\n\n\n\n<p>En su discurso, Torres felicit\u00f3 a los trabajadores de la salud, al intendente local y a la Asociaci\u00f3n Vecinal que acompa\u00f1\u00f3 la iniciativa, y remarc\u00f3: \u201cPuerto Madryn es una de las localidades con mayor crecimiento exponencial, y eso tiene que venir de la mano de la construcci\u00f3n de comisar\u00edas, de centros de salud y de integrar a una ciudad con much\u00edsimo potencial con un ordenamiento urbano inteligente\u201d.<\/p>\n\n\n\n<p>Adem\u00e1s, el mandatario subray\u00f3 que \u201ceste centro de salud apunta a la prevenci\u00f3n, haciendo hincapi\u00e9 en el primer nivel de atenci\u00f3n. Desde que asumimos, siempre pusimos el foco en fortalecer este nivel, que adem\u00e1s permite al Estado ahorrar much\u00edsimo dinero en derivaciones hacia la mediana o alta complejidad\u201d.<\/p>\n\n\n\n<p><em>Conectividad y Telemedicina<\/em><\/p>\n\n\n\n<p>\u201cEsto fue posible, entre otras cosas, por hacer compras inteligentes, por haber bajado los costos en medicamentos licitando bien, y gracias a esa eficiencia pudimos mejorar la infraestructura e integrar a muchos pueblos a trav\u00e9s de la Telemedicina\u201d, explic\u00f3 Torres.<\/p>\n\n\n\n<p>En relaci\u00f3n al incremento de la conectividad, sostuvo que \u201chay ciudades que tambi\u00e9n necesitan integraci\u00f3n por falta de algunas prestaciones m\u00e9dicas, y hoy, a trav\u00e9s de la tecnolog\u00eda, es posible brindar mejor atenci\u00f3n, como ocurre con el Hospital Modular de Puerto Madryn, donde instalamos la primera Estaci\u00f3n Multidiagn\u00f3stico de la provincia\u201d.<\/p>\n\n\n\n<p>\u201cLa Telemedicina est\u00e1 avanzando bien, mostrando buenos resultados. El impacto m\u00e1s importante, m\u00e1s all\u00e1 de lo fiscal, es social: brindar mejores prestaciones en el primer nivel de atenci\u00f3n implica mejor calidad de vida y anticiparnos a un mejor futuro para todos los chubutenses\u201d, agreg\u00f3.<\/p>\n\n\n\n<p><em>Gesti\u00f3n y obras en un contexto dif\u00edcil<\/em><\/p>\n\n\n\n<p>Torres reconoci\u00f3 que \u201catravesamos un momento complicado, con variables como el precio del petr\u00f3leo y del d\u00f3lar que impactan en la recaudaci\u00f3n, sumado a la recesi\u00f3n que reduce el consumo y la coparticipaci\u00f3n\u201d.<\/p>\n\n\n\n<p>No obstante, valor\u00f3 que \u201choy transitamos la Ruta 3 hacia Puerto Madryn y vemos que se est\u00e1 terminando como corresponde la Doble Trocha, y que un reclamo de muchos a\u00f1os como este centro de salud ya es una realidad. Por encima de peleas absurdas y mezquinas, los intendentes y el Gobierno provincial podemos trabajar bien, y eso es un cambio radical en la forma de gobernar la provincia\u201d.<\/p>\n\n\n\n<p><em>\u201cUn equipo que prioriza a los chubutenses\u201d<\/em><\/p>\n\n\n\n<p>Por su parte, el intendente de Puerto Madryn, Gustavo Sastre, asegur\u00f3 que \u201cesta no es una obra menor, sino uno de los mejores centros de salud que hoy tiene la provincia\u201d y agradeci\u00f3 al Gobernador \u201cpor habernos escuchado y haber impulsado la terminaci\u00f3n de esta obra con la calidad con la que se hizo\u201d.<\/p>\n\n\n\n<p>\u201cEl nuevo centro ha sido un esfuerzo enorme en tiempos que no son f\u00e1ciles para gobernar, pero tenemos muy claro cu\u00e1l es el norte y cu\u00e1les son las prioridades de nuestra ciudad\u201d, a\u00f1adi\u00f3.<\/p>\n\n\n\n<p><em>Salud comunitaria<\/em><\/p>\n\n\n\n<p>La secretaria de Salud, Denise Acosta, destac\u00f3 \u201cel esfuerzo conjunto entre el Gobierno provincial y el municipal para que finalmente podamos inaugurar este hermoso Centro de Atenci\u00f3n Primaria, que tanto necesitaba la comunidad del barrio\u201d.<\/p>\n\n\n\n<p>\u201cEl CAPS se suma como un espacio m\u00e1s de cercan\u00eda, porque la funci\u00f3n de cada centro es estar junto a la comunidad, ocup\u00e1ndose de que las personas est\u00e9n sanas\u201d, indic\u00f3.<\/p>\n\n\n\n<p><em>M\u00e1s inversiones en salud<\/em><\/p>\n\n\n\n<p>El edificio incluye siete consultorios m\u00e9dicos, oficinas administrativas, farmacia, sala de reuniones, enfermer\u00eda, sala de observaci\u00f3n, dep\u00f3sitos y espacios t\u00e9cnicos, adem\u00e1s de sanitarios adaptados y para el personal.<\/p>\n\n\n\n<p>Tambi\u00e9n cuenta con un \u00e1rea de emergencias con acceso directo para ambulancias, circulaci\u00f3n central que distribuye consultorios de ginecolog\u00eda, pediatr\u00eda, odontolog\u00eda y kinesiolog\u00eda, estacionamiento, \u00e1reas de descanso y accesibilidad plena.<\/p>\n\n\n\n<p>El nuevo CAPS abrir\u00e1 con un equipo de 12 profesionales y trabajadores de la salud, de los cuales nueve se incorporan por primera vez. Contar\u00e1 con m\u00e9dico generalista, especialistas (nutricionista, odont\u00f3logo y pediatra), enfermeros y agentes de servicios generales.<\/p>\n\n\n\n<p>Ser\u00e1 el primer centro de salud de la provincia completamente digitalizado, sin papeles y con Historia Cl\u00ednica Digital, marcando un hito en la modernizaci\u00f3n del sistema sanitario.<\/p>\n","protected":false},"excerpt":{"rendered":"<p>Se trata del primer Centro de Atenci\u00f3n Primaria de la Salud (CAPS) de la provincia completamente digitalizado. El mandatario hizo hincapi\u00e9 en la importancia de la labor mancomunada entre la&hellip; <\/p>\n","protected":false},"author":2,"featured_media":17832,"comment_status":"closed","ping_status":"closed","sticky":false,"template":"","format":"standard","meta":{"footnotes":""},"categories":[14],"tags":[],"class_list":["post-17833","post","type-post","status-publish","format-standard","has-post-thumbnail","hentry","category-provinciales"],"yoast_head":"<!-- This site is optimized with the Yoast SEO plugin v27.4 - https:\/\/yoast.com\/product\/yoast-seo-wordpress\/ -->\n<title>Torres inaugur\u00f3 un nuevo Centro de Salud en Puerto Madryn y destac\u00f3 la inversi\u00f3n provincial para modernizar el sistema sanitario - FM Patagonia Madryn<\/title>\n<meta name=\"robots\" content=\"index, follow, max-snippet:-1, max-image-preview:large, max-video-preview:-1\" \/>\n<link rel=\"canonical\" href=\"https:\/\/fmpatagoniamadryn.com.ar\/?p=17833\" \/>\n<meta property=\"og:locale\" content=\"es_ES\" \/>\n<meta property=\"og:type\" content=\"article\" \/>\n<meta property=\"og:title\" content=\"Torres inaugur\u00f3 un nuevo Centro de Salud en Puerto Madryn y destac\u00f3 la inversi\u00f3n provincial para modernizar el sistema sanitario - FM Patagonia Madryn\" \/>\n<meta property=\"og:description\" content=\"Se trata del primer Centro de Atenci\u00f3n Primaria de la Salud (CAPS) de la provincia completamente digitalizado. El mandatario hizo hincapi\u00e9 en la importancia de la labor mancomunada entre la&hellip;\" \/>\n<meta property=\"og:url\" content=\"https:\/\/fmpatagoniamadryn.com.ar\/?p=17833\" \/>\n<meta property=\"og:site_name\" content=\"FM Patagonia Madryn\" \/>\n<meta property=\"article:published_time\" content=\"2025-09-04T20:42:24+00:00\" \/>\n<meta property=\"og:image\" content=\"https:\/\/fmpatagoniamadryn.com.ar\/wp-content\/uploads\/2025\/09\/3ce5eeb8-1958-43a5-a903-3d46c0188eee.jpg\" \/>\n\t<meta property=\"og:image:width\" content=\"1280\" \/>\n\t<meta property=\"og:image:height\" content=\"854\" \/>\n\t<meta property=\"og:image:type\" content=\"image\/jpeg\" \/>\n<meta name=\"author\" content=\"FM Patagonia\" \/>\n<meta name=\"twitter:card\" content=\"summary_large_image\" \/>\n<meta name=\"twitter:label1\" content=\"Escrito por\" \/>\n\t<meta name=\"twitter:data1\" content=\"FM Patagonia\" \/>\n\t<meta name=\"twitter:label2\" content=\"Tiempo de lectura\" \/>\n\t<meta name=\"twitter:data2\" content=\"4 minutos\" \/>\n<script type=\"application\/ld+json\" class=\"yoast-schema-graph\">{\"@context\":\"https:\\\/\\\/schema.org\",\"@graph\":[{\"@type\":\"Article\",\"@id\":\"https:\\\/\\\/fmpatagoniamadryn.com.ar\\\/?p=17833#article\",\"isPartOf\":{\"@id\":\"https:\\\/\\\/fmpatagoniamadryn.com.ar\\\/?p=17833\"},\"author\":{\"name\":\"FM Patagonia\",\"@id\":\"https:\\\/\\\/fmpatagoniamadryn.com.ar\\\/#\\\/schema\\\/person\\\/8a3de4ad7efceacab06c1641c50303b7\"},\"headline\":\"Torres inaugur\u00f3 un nuevo Centro de Salud en Puerto Madryn y destac\u00f3 la inversi\u00f3n provincial para modernizar el sistema sanitario\",\"datePublished\":\"2025-09-04T20:42:24+00:00\",\"mainEntityOfPage\":{\"@id\":\"https:\\\/\\\/fmpatagoniamadryn.com.ar\\\/?p=17833\"},\"wordCount\":899,\"publisher\":{\"@id\":\"https:\\\/\\\/fmpatagoniamadryn.com.ar\\\/#organization\"},\"image\":{\"@id\":\"https:\\\/\\\/fmpatagoniamadryn.com.ar\\\/?p=17833#primaryimage\"},\"thumbnailUrl\":\"https:\\\/\\\/fmpatagoniamadryn.com.ar\\\/wp-content\\\/uploads\\\/2025\\\/09\\\/3ce5eeb8-1958-43a5-a903-3d46c0188eee.jpg\",\"articleSection\":[\"Provinciales\"],\"inLanguage\":\"es\"},{\"@type\":\"WebPage\",\"@id\":\"https:\\\/\\\/fmpatagoniamadryn.com.ar\\\/?p=17833\",\"url\":\"https:\\\/\\\/fmpatagoniamadryn.com.ar\\\/?p=17833\",\"name\":\"Torres inaugur\u00f3 un nuevo Centro de Salud en Puerto Madryn y destac\u00f3 la inversi\u00f3n provincial para modernizar el sistema sanitario - FM Patagonia Madryn\",\"isPartOf\":{\"@id\":\"https:\\\/\\\/fmpatagoniamadryn.com.ar\\\/#website\"},\"primaryImageOfPage\":{\"@id\":\"https:\\\/\\\/fmpatagoniamadryn.com.ar\\\/?p=17833#primaryimage\"},\"image\":{\"@id\":\"https:\\\/\\\/fmpatagoniamadryn.com.ar\\\/?p=17833#primaryimage\"},\"thumbnailUrl\":\"https:\\\/\\\/fmpatagoniamadryn.com.ar\\\/wp-content\\\/uploads\\\/2025\\\/09\\\/3ce5eeb8-1958-43a5-a903-3d46c0188eee.jpg\",\"datePublished\":\"2025-09-04T20:42:24+00:00\",\"breadcrumb\":{\"@id\":\"https:\\\/\\\/fmpatagoniamadryn.com.ar\\\/?p=17833#breadcrumb\"},\"inLanguage\":\"es\",\"potentialAction\":[{\"@type\":\"ReadAction\",\"target\":[\"https:\\\/\\\/fmpatagoniamadryn.com.ar\\\/?p=17833\"]}]},{\"@type\":\"ImageObject\",\"inLanguage\":\"es\",\"@id\":\"https:\\\/\\\/fmpatagoniamadryn.com.ar\\\/?p=17833#primaryimage\",\"url\":\"https:\\\/\\\/fmpatagoniamadryn.com.ar\\\/wp-content\\\/uploads\\\/2025\\\/09\\\/3ce5eeb8-1958-43a5-a903-3d46c0188eee.jpg\",\"contentUrl\":\"https:\\\/\\\/fmpatagoniamadryn.com.ar\\\/wp-content\\\/uploads\\\/2025\\\/09\\\/3ce5eeb8-1958-43a5-a903-3d46c0188eee.jpg\",\"width\":1280,\"height\":854},{\"@type\":\"BreadcrumbList\",\"@id\":\"https:\\\/\\\/fmpatagoniamadryn.com.ar\\\/?p=17833#breadcrumb\",\"itemListElement\":[{\"@type\":\"ListItem\",\"position\":1,\"name\":\"Portada\",\"item\":\"https:\\\/\\\/fmpatagoniamadryn.com.ar\\\/\"},{\"@type\":\"ListItem\",\"position\":2,\"name\":\"Torres inaugur\u00f3 un nuevo Centro de Salud en Puerto Madryn y destac\u00f3 la inversi\u00f3n provincial para modernizar el sistema sanitario\"}]},{\"@type\":\"WebSite\",\"@id\":\"https:\\\/\\\/fmpatagoniamadryn.com.ar\\\/#website\",\"url\":\"https:\\\/\\\/fmpatagoniamadryn.com.ar\\\/\",\"name\":\"FM Patagonia Madryn\",\"description\":\"Radio Patagonia 105.5\",\"publisher\":{\"@id\":\"https:\\\/\\\/fmpatagoniamadryn.com.ar\\\/#organization\"},\"potentialAction\":[{\"@type\":\"SearchAction\",\"target\":{\"@type\":\"EntryPoint\",\"urlTemplate\":\"https:\\\/\\\/fmpatagoniamadryn.com.ar\\\/?s={search_term_string}\"},\"query-input\":{\"@type\":\"PropertyValueSpecification\",\"valueRequired\":true,\"valueName\":\"search_term_string\"}}],\"inLanguage\":\"es\"},{\"@type\":\"Organization\",\"@id\":\"https:\\\/\\\/fmpatagoniamadryn.com.ar\\\/#organization\",\"name\":\"FM Patagonia Madryn\",\"url\":\"https:\\\/\\\/fmpatagoniamadryn.com.ar\\\/\",\"logo\":{\"@type\":\"ImageObject\",\"inLanguage\":\"es\",\"@id\":\"https:\\\/\\\/fmpatagoniamadryn.com.ar\\\/#\\\/schema\\\/logo\\\/image\\\/\",\"url\":\"https:\\\/\\\/fmpatagoniamadryn.com.ar\\\/wp-content\\\/uploads\\\/2023\\\/01\\\/cropped-Diseno-sin-titulo.png\",\"contentUrl\":\"https:\\\/\\\/fmpatagoniamadryn.com.ar\\\/wp-content\\\/uploads\\\/2023\\\/01\\\/cropped-Diseno-sin-titulo.png\",\"width\":6911,\"height\":2657,\"caption\":\"FM Patagonia Madryn\"},\"image\":{\"@id\":\"https:\\\/\\\/fmpatagoniamadryn.com.ar\\\/#\\\/schema\\\/logo\\\/image\\\/\"}},{\"@type\":\"Person\",\"@id\":\"https:\\\/\\\/fmpatagoniamadryn.com.ar\\\/#\\\/schema\\\/person\\\/8a3de4ad7efceacab06c1641c50303b7\",\"name\":\"FM Patagonia\",\"url\":\"https:\\\/\\\/fmpatagoniamadryn.com.ar\\\/?author=2\"}]}<\/script>\n<!-- \/ Yoast SEO plugin. -->","yoast_head_json":{"title":"Torres inaugur\u00f3 un nuevo Centro de Salud en Puerto Madryn y destac\u00f3 la inversi\u00f3n provincial para modernizar el sistema sanitario - FM Patagonia Madryn","robots":{"index":"index","follow":"follow","max-snippet":"max-snippet:-1","max-image-preview":"max-image-preview:large","max-video-preview":"max-video-preview:-1"},"canonical":"https:\/\/fmpatagoniamadryn.com.ar\/?p=17833","og_locale":"es_ES","og_type":"article","og_title":"Torres inaugur\u00f3 un nuevo Centro de Salud en Puerto Madryn y destac\u00f3 la inversi\u00f3n provincial para modernizar el sistema sanitario - FM Patagonia Madryn","og_description":"Se trata del primer Centro de Atenci\u00f3n Primaria de la Salud (CAPS) de la provincia completamente digitalizado. El mandatario hizo hincapi\u00e9 en la importancia de la labor mancomunada entre la&hellip;","og_url":"https:\/\/fmpatagoniamadryn.com.ar\/?p=17833","og_site_name":"FM Patagonia Madryn","article_published_time":"2025-09-04T20:42:24+00:00","og_image":[{"width":1280,"height":854,"url":"https:\/\/fmpatagoniamadryn.com.ar\/wp-content\/uploads\/2025\/09\/3ce5eeb8-1958-43a5-a903-3d46c0188eee.jpg","type":"image\/jpeg"}],"author":"FM Patagonia","twitter_card":"summary_large_image","twitter_misc":{"Escrito por":"FM Patagonia","Tiempo de lectura":"4 minutos"},"schema":{"@context":"https:\/\/schema.org","@graph":[{"@type":"Article","@id":"https:\/\/fmpatagoniamadryn.com.ar\/?p=17833#article","isPartOf":{"@id":"https:\/\/fmpatagoniamadryn.com.ar\/?p=17833"},"author":{"name":"FM Patagonia","@id":"https:\/\/fmpatagoniamadryn.com.ar\/#\/schema\/person\/8a3de4ad7efceacab06c1641c50303b7"},"headline":"Torres inaugur\u00f3 un nuevo Centro de Salud en Puerto Madryn y destac\u00f3 la inversi\u00f3n provincial para modernizar el sistema sanitario","datePublished":"2025-09-04T20:42:24+00:00","mainEntityOfPage":{"@id":"https:\/\/fmpatagoniamadryn.com.ar\/?p=17833"},"wordCount":899,"publisher":{"@id":"https:\/\/fmpatagoniamadryn.com.ar\/#organization"},"image":{"@id":"https:\/\/fmpatagoniamadryn.com.ar\/?p=17833#primaryimage"},"thumbnailUrl":"https:\/\/fmpatagoniamadryn.com.ar\/wp-content\/uploads\/2025\/09\/3ce5eeb8-1958-43a5-a903-3d46c0188eee.jpg","articleSection":["Provinciales"],"inLanguage":"es"},{"@type":"WebPage","@id":"https:\/\/fmpatagoniamadryn.com.ar\/?p=17833","url":"https:\/\/fmpatagoniamadryn.com.ar\/?p=17833","name":"Torres inaugur\u00f3 un nuevo Centro de Salud en Puerto Madryn y destac\u00f3 la inversi\u00f3n provincial para modernizar el sistema sanitario - FM Patagonia Madryn","isPartOf":{"@id":"https:\/\/fmpatagoniamadryn.com.ar\/#website"},"primaryImageOfPage":{"@id":"https:\/\/fmpatagoniamadryn.com.ar\/?p=17833#primaryimage"},"image":{"@id":"https:\/\/fmpatagoniamadryn.com.ar\/?p=17833#primaryimage"},"thumbnailUrl":"https:\/\/fmpatagoniamadryn.com.ar\/wp-content\/uploads\/2025\/09\/3ce5eeb8-1958-43a5-a903-3d46c0188eee.jpg","datePublished":"2025-09-04T20:42:24+00:00","breadcrumb":{"@id":"https:\/\/fmpatagoniamadryn.com.ar\/?p=17833#breadcrumb"},"inLanguage":"es","potentialAction":[{"@type":"ReadAction","target":["https:\/\/fmpatagoniamadryn.com.ar\/?p=17833"]}]},{"@type":"ImageObject","inLanguage":"es","@id":"https:\/\/fmpatagoniamadryn.com.ar\/?p=17833#primaryimage","url":"https:\/\/fmpatagoniamadryn.com.ar\/wp-content\/uploads\/2025\/09\/3ce5eeb8-1958-43a5-a903-3d46c0188eee.jpg","contentUrl":"https:\/\/fmpatagoniamadryn.com.ar\/wp-content\/uploads\/2025\/09\/3ce5eeb8-1958-43a5-a903-3d46c0188eee.jpg","width":1280,"height":854},{"@type":"BreadcrumbList","@id":"https:\/\/fmpatagoniamadryn.com.ar\/?p=17833#breadcrumb","itemListElement":[{"@type":"ListItem","position":1,"name":"Portada","item":"https:\/\/fmpatagoniamadryn.com.ar\/"},{"@type":"ListItem","position":2,"name":"Torres inaugur\u00f3 un nuevo Centro de Salud en Puerto Madryn y destac\u00f3 la inversi\u00f3n provincial para modernizar el sistema sanitario"}]},{"@type":"WebSite","@id":"https:\/\/fmpatagoniamadryn.com.ar\/#website","url":"https:\/\/fmpatagoniamadryn.com.ar\/","name":"FM Patagonia Madryn","description":"Radio Patagonia 105.5","publisher":{"@id":"https:\/\/fmpatagoniamadryn.com.ar\/#organization"},"potentialAction":[{"@type":"SearchAction","target":{"@type":"EntryPoint","urlTemplate":"https:\/\/fmpatagoniamadryn.com.ar\/?s={search_term_string}"},"query-input":{"@type":"PropertyValueSpecification","valueRequired":true,"valueName":"search_term_string"}}],"inLanguage":"es"},{"@type":"Organization","@id":"https:\/\/fmpatagoniamadryn.com.ar\/#organization","name":"FM Patagonia Madryn","url":"https:\/\/fmpatagoniamadryn.com.ar\/","logo":{"@type":"ImageObject","inLanguage":"es","@id":"https:\/\/fmpatagoniamadryn.com.ar\/#\/schema\/logo\/image\/","url":"https:\/\/fmpatagoniamadryn.com.ar\/wp-content\/uploads\/2023\/01\/cropped-Diseno-sin-titulo.png","contentUrl":"https:\/\/fmpatagoniamadryn.com.ar\/wp-content\/uploads\/2023\/01\/cropped-Diseno-sin-titulo.png","width":6911,"height":2657,"caption":"FM Patagonia Madryn"},"image":{"@id":"https:\/\/fmpatagoniamadryn.com.ar\/#\/schema\/logo\/image\/"}},{"@type":"Person","@id":"https:\/\/fmpatagoniamadryn.com.ar\/#\/schema\/person\/8a3de4ad7efceacab06c1641c50303b7","name":"FM Patagonia","url":"https:\/\/fmpatagoniamadryn.com.ar\/?author=2"}]}},"jetpack_featured_media_url":"https:\/\/fmpatagoniamadryn.com.ar\/wp-content\/uploads\/2025\/09\/3ce5eeb8-1958-43a5-a903-3d46c0188eee.jpg","_links":{"self":[{"href":"https:\/\/fmpatagoniamadryn.com.ar\/index.php?rest_route=\/wp\/v2\/posts\/17833","targetHints":{"allow":["GET"]}}],"collection":[{"href":"https:\/\/fmpatagoniamadryn.com.ar\/index.php?rest_route=\/wp\/v2\/posts"}],"about":[{"href":"https:\/\/fmpatagoniamadryn.com.ar\/index.php?rest_route=\/wp\/v2\/types\/post"}],"author":[{"embeddable":true,"href":"https:\/\/fmpatagoniamadryn.com.ar\/index.php?rest_route=\/wp\/v2\/users\/2"}],"replies":[{"embeddable":true,"href":"https:\/\/fmpatagoniamadryn.com.ar\/index.php?rest_route=%2Fwp%2Fv2%2Fcomments&post=17833"}],"version-history":[{"count":1,"href":"https:\/\/fmpatagoniamadryn.com.ar\/index.php?rest_route=\/wp\/v2\/posts\/17833\/revisions"}],"predecessor-version":[{"id":17834,"href":"https:\/\/fmpatagoniamadryn.com.ar\/index.php?rest_route=\/wp\/v2\/posts\/17833\/revisions\/17834"}],"wp:featuredmedia":[{"embeddable":true,"href":"https:\/\/fmpatagoniamadryn.com.ar\/index.php?rest_route=\/wp\/v2\/media\/17832"}],"wp:attachment":[{"href":"https:\/\/fmpatagoniamadryn.com.ar\/index.php?rest_route=%2Fwp%2Fv2%2Fmedia&parent=17833"}],"wp:term":[{"taxonomy":"category","embeddable":true,"href":"https:\/\/fmpatagoniamadryn.com.ar\/index.php?rest_route=%2Fwp%2Fv2%2Fcategories&post=17833"},{"taxonomy":"post_tag","embeddable":true,"href":"https:\/\/fmpatagoniamadryn.com.ar\/index.php?rest_route=%2Fwp%2Fv2%2Ftags&post=17833"}],"curies":[{"name":"wp","href":"https:\/\/api.w.org\/{rel}","templated":true}]}}