{"id":18060,"date":"2025-09-22T11:03:05","date_gmt":"2025-09-22T14:03:05","guid":{"rendered":"https:\/\/fmpatagoniamadryn.com.ar\/?p=18060"},"modified":"2025-09-22T11:03:05","modified_gmt":"2025-09-22T14:03:05","slug":"sastre-recibio-a-autoridades-de-la-confederacion-farmaceutica-argentina-para-que-puerto-madryn-sea-sede-de-las-olimpiadas-de-la-institucion","status":"publish","type":"post","link":"https:\/\/fmpatagoniamadryn.com.ar\/?p=18060","title":{"rendered":"SASTRE RECIBI\u00d3 A AUTORIDADES DE LA CONFEDERACI\u00d3N FARMAC\u00c9UTICA ARGENTINA PARA QUE PUERTO MADRYN SEA SEDE DE LAS OLIMP\u00cdADAS DE LA INSTITUCI\u00d3N"},"content":{"rendered":"\n<p><em><br>El Intendente recibi\u00f3 en el Municipio a representantes de la entidad, con quienes dialog\u00f3 sobre el evento que se podr\u00eda llevar a cabo en nuestra ciudad, recibiendo a m\u00e1s de 1.000 participantes<\/em><\/p>\n\n\n\n<p>El intendente de Puerto Madryn, Gustavo Sastre, recibi\u00f3 en el Municipio a las autoridades de la Confederaci\u00f3n Farmac\u00e9utica Argentina (COFA), quienes est\u00e1n organizando las olimp\u00edadas del sector, que se podr\u00edan llevar a cabo en el mes de abril o de mayo del a\u00f1o pr\u00f3ximo en nuestra ciudad, recibiendo a m\u00e1s de 1.000 personas.<\/p>\n\n\n\n<p>Al respecto, el Intendente dijo: \u201cEstamos muy contentos de que Puerto Madryn sea una de las opciones para realizar un encuentro tan convocante y tan importante. As\u00ed, nuestra ciudad se sigue posicionando como destino de eventos sumamente multitudinarios y estamos orgullosos de recibirlos\u201d.<\/p>\n\n\n\n<p>\u201cHace muchos a\u00f1os que venimos trabajando conjuntamente con representantes del sector privado para que el turismo sea una de las principales industrias de la ciudad y, con esta rama de eventos, lo estamos logrando. Estamos convencidos de que ser\u00e1 un gran encuentro y desde el Municipio haremos todo lo que est\u00e9 a nuestro alcance para que as\u00ed sea\u201d, agreg\u00f3 Sastre.<\/p>\n\n\n\n<p>Por su parte, los representantes de la Confederaci\u00f3n Farmac\u00e9utica Argentina indicaron: \u201cPuerto Madryn es una ciudad moderna, prolija y ordenada. Nos alegrar\u00eda mucho poder hacer este evento aqu\u00ed, ya que es una propuesta que crece a\u00f1o tras a\u00f1o. Para nosotros es fundamental el apoyo del Municipio, ya que nos abre muchas puertas y es algo que no ocurre en todas las localidades\u201d.<br \/><strong><br \/>Los presentes<\/strong><\/p>\n\n\n\n<p>En la reuni\u00f3n, el Jefe Comunal estuvo junto al director de Evento, director Deportivo y vicedirector del COFA, David Su\u00e1rez, Roberto Fisbach y Jorge Bordon, respectivamente; Gustavo Demasi, Mariana Laritz y Eduardo Molina, del Colegio Profesional de Farmac\u00e9uticos de Chubut; el secretario de Educaci\u00f3n, Cultura y Deportes, Diego Gonz\u00e1lez; la secretaria de Turismo, Cecilia Pavia; el subsecretario de Deportes, Andr\u00e9s Calabr\u00f3, y el subsecretario de Gobierno, Enzo Terrera.<br><\/p>\n","protected":false},"excerpt":{"rendered":"<p>El Intendente recibi\u00f3 en el Municipio a representantes de la entidad, con quienes dialog\u00f3 sobre el evento que se podr\u00eda llevar a cabo en nuestra ciudad, recibiendo a m\u00e1s de&hellip; <\/p>\n","protected":false},"author":2,"featured_media":18059,"comment_status":"closed","ping_status":"closed","sticky":false,"template":"","format":"standard","meta":{"footnotes":""},"categories":[15],"tags":[],"class_list":["post-18060","post","type-post","status-publish","format-standard","has-post-thumbnail","hentry","category-locales"],"yoast_head":"<!-- This site is optimized with the Yoast SEO plugin v27.5 - https:\/\/yoast.com\/product\/yoast-seo-wordpress\/ -->\n<title>SASTRE RECIBI\u00d3 A AUTORIDADES DE LA CONFEDERACI\u00d3N FARMAC\u00c9UTICA ARGENTINA PARA QUE PUERTO MADRYN SEA SEDE DE LAS OLIMP\u00cdADAS DE LA INSTITUCI\u00d3N - FM Patagonia Madryn<\/title>\n<meta name=\"robots\" content=\"index, follow, max-snippet:-1, max-image-preview:large, max-video-preview:-1\" \/>\n<link rel=\"canonical\" href=\"https:\/\/fmpatagoniamadryn.com.ar\/?p=18060\" \/>\n<meta property=\"og:locale\" content=\"es_ES\" \/>\n<meta property=\"og:type\" content=\"article\" \/>\n<meta property=\"og:title\" content=\"SASTRE RECIBI\u00d3 A AUTORIDADES DE LA CONFEDERACI\u00d3N FARMAC\u00c9UTICA ARGENTINA PARA QUE PUERTO MADRYN SEA SEDE DE LAS OLIMP\u00cdADAS DE LA INSTITUCI\u00d3N - FM Patagonia Madryn\" \/>\n<meta property=\"og:description\" content=\"El Intendente recibi\u00f3 en el Municipio a representantes de la entidad, con quienes dialog\u00f3 sobre el evento que se podr\u00eda llevar a cabo en nuestra ciudad, recibiendo a m\u00e1s de&hellip;\" \/>\n<meta property=\"og:url\" content=\"https:\/\/fmpatagoniamadryn.com.ar\/?p=18060\" \/>\n<meta property=\"og:site_name\" content=\"FM Patagonia Madryn\" \/>\n<meta property=\"article:published_time\" content=\"2025-09-22T14:03:05+00:00\" \/>\n<meta property=\"og:image\" content=\"https:\/\/fmpatagoniamadryn.com.ar\/wp-content\/uploads\/2025\/09\/img_5175.jpg\" \/>\n\t<meta property=\"og:image:width\" content=\"1230\" \/>\n\t<meta property=\"og:image:height\" content=\"820\" \/>\n\t<meta property=\"og:image:type\" content=\"image\/jpeg\" \/>\n<meta name=\"author\" content=\"FM Patagonia\" \/>\n<meta name=\"twitter:card\" content=\"summary_large_image\" \/>\n<meta name=\"twitter:label1\" content=\"Escrito por\" \/>\n\t<meta name=\"twitter:data1\" content=\"FM Patagonia\" \/>\n\t<meta name=\"twitter:label2\" content=\"Tiempo de lectura\" \/>\n\t<meta name=\"twitter:data2\" content=\"2 minutos\" \/>\n<script type=\"application\/ld+json\" class=\"yoast-schema-graph\">{\"@context\":\"https:\\\/\\\/schema.org\",\"@graph\":[{\"@type\":\"Article\",\"@id\":\"https:\\\/\\\/fmpatagoniamadryn.com.ar\\\/?p=18060#article\",\"isPartOf\":{\"@id\":\"https:\\\/\\\/fmpatagoniamadryn.com.ar\\\/?p=18060\"},\"author\":{\"name\":\"FM Patagonia\",\"@id\":\"https:\\\/\\\/fmpatagoniamadryn.com.ar\\\/#\\\/schema\\\/person\\\/8a3de4ad7efceacab06c1641c50303b7\"},\"headline\":\"SASTRE RECIBI\u00d3 A AUTORIDADES DE LA CONFEDERACI\u00d3N FARMAC\u00c9UTICA ARGENTINA PARA QUE PUERTO MADRYN SEA SEDE DE LAS OLIMP\u00cdADAS DE LA INSTITUCI\u00d3N\",\"datePublished\":\"2025-09-22T14:03:05+00:00\",\"mainEntityOfPage\":{\"@id\":\"https:\\\/\\\/fmpatagoniamadryn.com.ar\\\/?p=18060\"},\"wordCount\":365,\"publisher\":{\"@id\":\"https:\\\/\\\/fmpatagoniamadryn.com.ar\\\/#organization\"},\"image\":{\"@id\":\"https:\\\/\\\/fmpatagoniamadryn.com.ar\\\/?p=18060#primaryimage\"},\"thumbnailUrl\":\"https:\\\/\\\/fmpatagoniamadryn.com.ar\\\/wp-content\\\/uploads\\\/2025\\\/09\\\/img_5175.jpg\",\"articleSection\":[\"Locales\"],\"inLanguage\":\"es\"},{\"@type\":\"WebPage\",\"@id\":\"https:\\\/\\\/fmpatagoniamadryn.com.ar\\\/?p=18060\",\"url\":\"https:\\\/\\\/fmpatagoniamadryn.com.ar\\\/?p=18060\",\"name\":\"SASTRE RECIBI\u00d3 A AUTORIDADES DE LA CONFEDERACI\u00d3N FARMAC\u00c9UTICA ARGENTINA PARA QUE PUERTO MADRYN SEA SEDE DE LAS OLIMP\u00cdADAS DE LA INSTITUCI\u00d3N - FM Patagonia Madryn\",\"isPartOf\":{\"@id\":\"https:\\\/\\\/fmpatagoniamadryn.com.ar\\\/#website\"},\"primaryImageOfPage\":{\"@id\":\"https:\\\/\\\/fmpatagoniamadryn.com.ar\\\/?p=18060#primaryimage\"},\"image\":{\"@id\":\"https:\\\/\\\/fmpatagoniamadryn.com.ar\\\/?p=18060#primaryimage\"},\"thumbnailUrl\":\"https:\\\/\\\/fmpatagoniamadryn.com.ar\\\/wp-content\\\/uploads\\\/2025\\\/09\\\/img_5175.jpg\",\"datePublished\":\"2025-09-22T14:03:05+00:00\",\"breadcrumb\":{\"@id\":\"https:\\\/\\\/fmpatagoniamadryn.com.ar\\\/?p=18060#breadcrumb\"},\"inLanguage\":\"es\",\"potentialAction\":[{\"@type\":\"ReadAction\",\"target\":[\"https:\\\/\\\/fmpatagoniamadryn.com.ar\\\/?p=18060\"]}]},{\"@type\":\"ImageObject\",\"inLanguage\":\"es\",\"@id\":\"https:\\\/\\\/fmpatagoniamadryn.com.ar\\\/?p=18060#primaryimage\",\"url\":\"https:\\\/\\\/fmpatagoniamadryn.com.ar\\\/wp-content\\\/uploads\\\/2025\\\/09\\\/img_5175.jpg\",\"contentUrl\":\"https:\\\/\\\/fmpatagoniamadryn.com.ar\\\/wp-content\\\/uploads\\\/2025\\\/09\\\/img_5175.jpg\",\"width\":1230,\"height\":820},{\"@type\":\"BreadcrumbList\",\"@id\":\"https:\\\/\\\/fmpatagoniamadryn.com.ar\\\/?p=18060#breadcrumb\",\"itemListElement\":[{\"@type\":\"ListItem\",\"position\":1,\"name\":\"Portada\",\"item\":\"https:\\\/\\\/fmpatagoniamadryn.com.ar\\\/\"},{\"@type\":\"ListItem\",\"position\":2,\"name\":\"SASTRE RECIBI\u00d3 A AUTORIDADES DE LA CONFEDERACI\u00d3N FARMAC\u00c9UTICA ARGENTINA PARA QUE PUERTO MADRYN SEA SEDE DE LAS OLIMP\u00cdADAS DE LA INSTITUCI\u00d3N\"}]},{\"@type\":\"WebSite\",\"@id\":\"https:\\\/\\\/fmpatagoniamadryn.com.ar\\\/#website\",\"url\":\"https:\\\/\\\/fmpatagoniamadryn.com.ar\\\/\",\"name\":\"FM Patagonia Madryn\",\"description\":\"Radio Patagonia 105.5\",\"publisher\":{\"@id\":\"https:\\\/\\\/fmpatagoniamadryn.com.ar\\\/#organization\"},\"potentialAction\":[{\"@type\":\"SearchAction\",\"target\":{\"@type\":\"EntryPoint\",\"urlTemplate\":\"https:\\\/\\\/fmpatagoniamadryn.com.ar\\\/?s={search_term_string}\"},\"query-input\":{\"@type\":\"PropertyValueSpecification\",\"valueRequired\":true,\"valueName\":\"search_term_string\"}}],\"inLanguage\":\"es\"},{\"@type\":\"Organization\",\"@id\":\"https:\\\/\\\/fmpatagoniamadryn.com.ar\\\/#organization\",\"name\":\"FM Patagonia Madryn\",\"url\":\"https:\\\/\\\/fmpatagoniamadryn.com.ar\\\/\",\"logo\":{\"@type\":\"ImageObject\",\"inLanguage\":\"es\",\"@id\":\"https:\\\/\\\/fmpatagoniamadryn.com.ar\\\/#\\\/schema\\\/logo\\\/image\\\/\",\"url\":\"https:\\\/\\\/fmpatagoniamadryn.com.ar\\\/wp-content\\\/uploads\\\/2023\\\/01\\\/cropped-Diseno-sin-titulo.png\",\"contentUrl\":\"https:\\\/\\\/fmpatagoniamadryn.com.ar\\\/wp-content\\\/uploads\\\/2023\\\/01\\\/cropped-Diseno-sin-titulo.png\",\"width\":6911,\"height\":2657,\"caption\":\"FM Patagonia Madryn\"},\"image\":{\"@id\":\"https:\\\/\\\/fmpatagoniamadryn.com.ar\\\/#\\\/schema\\\/logo\\\/image\\\/\"}},{\"@type\":\"Person\",\"@id\":\"https:\\\/\\\/fmpatagoniamadryn.com.ar\\\/#\\\/schema\\\/person\\\/8a3de4ad7efceacab06c1641c50303b7\",\"name\":\"FM Patagonia\",\"url\":\"https:\\\/\\\/fmpatagoniamadryn.com.ar\\\/?author=2\"}]}<\/script>\n<!-- \/ Yoast SEO plugin. -->","yoast_head_json":{"title":"SASTRE RECIBI\u00d3 A AUTORIDADES DE LA CONFEDERACI\u00d3N FARMAC\u00c9UTICA ARGENTINA PARA QUE PUERTO MADRYN SEA SEDE DE LAS OLIMP\u00cdADAS DE LA INSTITUCI\u00d3N - FM Patagonia Madryn","robots":{"index":"index","follow":"follow","max-snippet":"max-snippet:-1","max-image-preview":"max-image-preview:large","max-video-preview":"max-video-preview:-1"},"canonical":"https:\/\/fmpatagoniamadryn.com.ar\/?p=18060","og_locale":"es_ES","og_type":"article","og_title":"SASTRE RECIBI\u00d3 A AUTORIDADES DE LA CONFEDERACI\u00d3N FARMAC\u00c9UTICA ARGENTINA PARA QUE PUERTO MADRYN SEA SEDE DE LAS OLIMP\u00cdADAS DE LA INSTITUCI\u00d3N - FM Patagonia Madryn","og_description":"El Intendente recibi\u00f3 en el Municipio a representantes de la entidad, con quienes dialog\u00f3 sobre el evento que se podr\u00eda llevar a cabo en nuestra ciudad, recibiendo a m\u00e1s de&hellip;","og_url":"https:\/\/fmpatagoniamadryn.com.ar\/?p=18060","og_site_name":"FM Patagonia Madryn","article_published_time":"2025-09-22T14:03:05+00:00","og_image":[{"width":1230,"height":820,"url":"https:\/\/fmpatagoniamadryn.com.ar\/wp-content\/uploads\/2025\/09\/img_5175.jpg","type":"image\/jpeg"}],"author":"FM Patagonia","twitter_card":"summary_large_image","twitter_misc":{"Escrito por":"FM Patagonia","Tiempo de lectura":"2 minutos"},"schema":{"@context":"https:\/\/schema.org","@graph":[{"@type":"Article","@id":"https:\/\/fmpatagoniamadryn.com.ar\/?p=18060#article","isPartOf":{"@id":"https:\/\/fmpatagoniamadryn.com.ar\/?p=18060"},"author":{"name":"FM Patagonia","@id":"https:\/\/fmpatagoniamadryn.com.ar\/#\/schema\/person\/8a3de4ad7efceacab06c1641c50303b7"},"headline":"SASTRE RECIBI\u00d3 A AUTORIDADES DE LA CONFEDERACI\u00d3N FARMAC\u00c9UTICA ARGENTINA PARA QUE PUERTO MADRYN SEA SEDE DE LAS OLIMP\u00cdADAS DE LA INSTITUCI\u00d3N","datePublished":"2025-09-22T14:03:05+00:00","mainEntityOfPage":{"@id":"https:\/\/fmpatagoniamadryn.com.ar\/?p=18060"},"wordCount":365,"publisher":{"@id":"https:\/\/fmpatagoniamadryn.com.ar\/#organization"},"image":{"@id":"https:\/\/fmpatagoniamadryn.com.ar\/?p=18060#primaryimage"},"thumbnailUrl":"https:\/\/fmpatagoniamadryn.com.ar\/wp-content\/uploads\/2025\/09\/img_5175.jpg","articleSection":["Locales"],"inLanguage":"es"},{"@type":"WebPage","@id":"https:\/\/fmpatagoniamadryn.com.ar\/?p=18060","url":"https:\/\/fmpatagoniamadryn.com.ar\/?p=18060","name":"SASTRE RECIBI\u00d3 A AUTORIDADES DE LA CONFEDERACI\u00d3N FARMAC\u00c9UTICA ARGENTINA PARA QUE PUERTO MADRYN SEA SEDE DE LAS OLIMP\u00cdADAS DE LA INSTITUCI\u00d3N - FM Patagonia Madryn","isPartOf":{"@id":"https:\/\/fmpatagoniamadryn.com.ar\/#website"},"primaryImageOfPage":{"@id":"https:\/\/fmpatagoniamadryn.com.ar\/?p=18060#primaryimage"},"image":{"@id":"https:\/\/fmpatagoniamadryn.com.ar\/?p=18060#primaryimage"},"thumbnailUrl":"https:\/\/fmpatagoniamadryn.com.ar\/wp-content\/uploads\/2025\/09\/img_5175.jpg","datePublished":"2025-09-22T14:03:05+00:00","breadcrumb":{"@id":"https:\/\/fmpatagoniamadryn.com.ar\/?p=18060#breadcrumb"},"inLanguage":"es","potentialAction":[{"@type":"ReadAction","target":["https:\/\/fmpatagoniamadryn.com.ar\/?p=18060"]}]},{"@type":"ImageObject","inLanguage":"es","@id":"https:\/\/fmpatagoniamadryn.com.ar\/?p=18060#primaryimage","url":"https:\/\/fmpatagoniamadryn.com.ar\/wp-content\/uploads\/2025\/09\/img_5175.jpg","contentUrl":"https:\/\/fmpatagoniamadryn.com.ar\/wp-content\/uploads\/2025\/09\/img_5175.jpg","width":1230,"height":820},{"@type":"BreadcrumbList","@id":"https:\/\/fmpatagoniamadryn.com.ar\/?p=18060#breadcrumb","itemListElement":[{"@type":"ListItem","position":1,"name":"Portada","item":"https:\/\/fmpatagoniamadryn.com.ar\/"},{"@type":"ListItem","position":2,"name":"SASTRE RECIBI\u00d3 A AUTORIDADES DE LA CONFEDERACI\u00d3N FARMAC\u00c9UTICA ARGENTINA PARA QUE PUERTO MADRYN SEA SEDE DE LAS OLIMP\u00cdADAS DE LA INSTITUCI\u00d3N"}]},{"@type":"WebSite","@id":"https:\/\/fmpatagoniamadryn.com.ar\/#website","url":"https:\/\/fmpatagoniamadryn.com.ar\/","name":"FM Patagonia Madryn","description":"Radio Patagonia 105.5","publisher":{"@id":"https:\/\/fmpatagoniamadryn.com.ar\/#organization"},"potentialAction":[{"@type":"SearchAction","target":{"@type":"EntryPoint","urlTemplate":"https:\/\/fmpatagoniamadryn.com.ar\/?s={search_term_string}"},"query-input":{"@type":"PropertyValueSpecification","valueRequired":true,"valueName":"search_term_string"}}],"inLanguage":"es"},{"@type":"Organization","@id":"https:\/\/fmpatagoniamadryn.com.ar\/#organization","name":"FM Patagonia Madryn","url":"https:\/\/fmpatagoniamadryn.com.ar\/","logo":{"@type":"ImageObject","inLanguage":"es","@id":"https:\/\/fmpatagoniamadryn.com.ar\/#\/schema\/logo\/image\/","url":"https:\/\/fmpatagoniamadryn.com.ar\/wp-content\/uploads\/2023\/01\/cropped-Diseno-sin-titulo.png","contentUrl":"https:\/\/fmpatagoniamadryn.com.ar\/wp-content\/uploads\/2023\/01\/cropped-Diseno-sin-titulo.png","width":6911,"height":2657,"caption":"FM Patagonia Madryn"},"image":{"@id":"https:\/\/fmpatagoniamadryn.com.ar\/#\/schema\/logo\/image\/"}},{"@type":"Person","@id":"https:\/\/fmpatagoniamadryn.com.ar\/#\/schema\/person\/8a3de4ad7efceacab06c1641c50303b7","name":"FM Patagonia","url":"https:\/\/fmpatagoniamadryn.com.ar\/?author=2"}]}},"jetpack_featured_media_url":"https:\/\/fmpatagoniamadryn.com.ar\/wp-content\/uploads\/2025\/09\/img_5175.jpg","_links":{"self":[{"href":"https:\/\/fmpatagoniamadryn.com.ar\/index.php?rest_route=\/wp\/v2\/posts\/18060","targetHints":{"allow":["GET"]}}],"collection":[{"href":"https:\/\/fmpatagoniamadryn.com.ar\/index.php?rest_route=\/wp\/v2\/posts"}],"about":[{"href":"https:\/\/fmpatagoniamadryn.com.ar\/index.php?rest_route=\/wp\/v2\/types\/post"}],"author":[{"embeddable":true,"href":"https:\/\/fmpatagoniamadryn.com.ar\/index.php?rest_route=\/wp\/v2\/users\/2"}],"replies":[{"embeddable":true,"href":"https:\/\/fmpatagoniamadryn.com.ar\/index.php?rest_route=%2Fwp%2Fv2%2Fcomments&post=18060"}],"version-history":[{"count":1,"href":"https:\/\/fmpatagoniamadryn.com.ar\/index.php?rest_route=\/wp\/v2\/posts\/18060\/revisions"}],"predecessor-version":[{"id":18061,"href":"https:\/\/fmpatagoniamadryn.com.ar\/index.php?rest_route=\/wp\/v2\/posts\/18060\/revisions\/18061"}],"wp:featuredmedia":[{"embeddable":true,"href":"https:\/\/fmpatagoniamadryn.com.ar\/index.php?rest_route=\/wp\/v2\/media\/18059"}],"wp:attachment":[{"href":"https:\/\/fmpatagoniamadryn.com.ar\/index.php?rest_route=%2Fwp%2Fv2%2Fmedia&parent=18060"}],"wp:term":[{"taxonomy":"category","embeddable":true,"href":"https:\/\/fmpatagoniamadryn.com.ar\/index.php?rest_route=%2Fwp%2Fv2%2Fcategories&post=18060"},{"taxonomy":"post_tag","embeddable":true,"href":"https:\/\/fmpatagoniamadryn.com.ar\/index.php?rest_route=%2Fwp%2Fv2%2Ftags&post=18060"}],"curies":[{"name":"wp","href":"https:\/\/api.w.org\/{rel}","templated":true}]}}