{"id":18075,"date":"2025-09-23T10:52:40","date_gmt":"2025-09-23T13:52:40","guid":{"rendered":"https:\/\/fmpatagoniamadryn.com.ar\/?p=18075"},"modified":"2025-09-23T10:52:40","modified_gmt":"2025-09-23T13:52:40","slug":"tras-gestiones-del-intendente-sastre-ante-anac-llego-un-autobomba-para-el-aeropuerto-de-madryn","status":"publish","type":"post","link":"https:\/\/fmpatagoniamadryn.com.ar\/?p=18075","title":{"rendered":"TRAS GESTIONES DEL INTENDENTE SASTRE ANTE ANAC, LLEG\u00d3 UN AUTOBOMBA PARA EL AEROPUERTO DE MADRYN"},"content":{"rendered":"\n<p><\/p>\n\n\n\n<p><em>La estaci\u00f3n a\u00e9rea local funcionaba con una de los Bomberos Voluntarios de la ciudad. Desde ahora, estar\u00e1 en uso la que el Intendente Sastre gestion\u00f3 ante autoridades de ANAC, y lleg\u00f3 este lunes a Madryn<\/em><\/p>\n\n\n\n<p>En las \u00faltimas horas, y tras intensas gestiones del Intendente Gustavo Sastre ante Oscar Villabona, integrante de la Administraci\u00f3n Nacional de Aviaci\u00f3n Civil (ANAC), lleg\u00f3 a la ciudad de Puerto Madryn un autobomba, que estar\u00e1 destinado pura y exclusivamente al funcionamiento cotidiano del Aeropuerto \u201cEl Tehuelche\u201d de la ciudad.<\/p>\n\n\n\n<p>\u201cNuestro aeropuerto funciona diariamente con la presencia de un autobomba de los Bomberos Voluntarios de la ciudad, pero tambi\u00e9n dependemos muchas veces de las contingencias que puedan surgir, que hacen que el veh\u00edculo no est\u00e9 disponible en forma exclusiva para la terminal a\u00e9rea\u201d, explic\u00f3 el Intendente Sastre.&nbsp;<\/p>\n\n\n\n<p>Agreg\u00f3 luego que \u201cpor ello iniciamos gestiones ante la Administraci\u00f3n Nacional de Aviaci\u00f3n Civil. Nos pusimos en contacto con uno de sus integrantes, Oscar Villabona, que tuvo una gran predisposici\u00f3n para conseguir un veh\u00edculo de estas caracter\u00edsticas, que funcione pura y exclusivamente para el aeropuerto\u201d.<\/p>\n\n\n\n<p>Tras dichas gestiones, el tr\u00e1mite finaliz\u00f3 con la b\u00fasqueda de la autobomba en el Aeropuerto de Calafate, donde funcionaba regularmente, para traerla a Madryn.<\/p>\n\n\n\n<p>\u201cTenemos que agradecer a Hern\u00e1n T\u00f3rtola y tambi\u00e9n a Vialidad Provincial del Gobierno de Chubut, que dispuso veh\u00edculos para el traslado del cami\u00f3n de bomberos a nuestra ciudad. Este lunes finalmente lleg\u00f3 a destino, y estar\u00e1 operando en forma inmediata\u201d, dijo Sastre, destacando las gestiones conjuntas con Provincia para que la ciudad pueda contar con la autobomba.<\/p>\n\n\n\n<p>Se trata de un cami\u00f3n de 13 toneladas, con un largo de casi 9 metros, 2,40 metros de ancho y una altura de pr\u00e1cticamente 3 metros.<\/p>\n\n\n\n<p>\u201cPara nosotros es un gran avance, ya que el Aeropuerto local no puede funcionar sin la presencia de un veh\u00edculo de estas caracter\u00edsticas, y si bien siempre se hizo cargo el Municipio de todos los insumos para que est\u00e9 presente el veh\u00edculo del cuartel de bomberos local, tener uno que est\u00e9 disponible al 100% para esta actividad cotidiana en la estaci\u00f3n a\u00e9rea madrynense, es m\u00e1s que importante\u201d, destac\u00f3 el Jefe Comunal.<\/p>\n\n\n\n<p>Sastre no solo agradeci\u00f3 el acompa\u00f1amiento de Provincia para contar con el traslado, sino tambi\u00e9n \u201cla predisposici\u00f3n de las autoridades de ANAC que no dudaron a la hora de avanzar en una soluci\u00f3n definitiva para \u2018El Tehuelche\u2019. Una nueva muestra de que el trabajo en conjunto y las gestiones fluidas entre los que tienen poder de decisi\u00f3n, llevan siempre a buen puerto. Seguiremos gestionando de la misma manera todas aquellas alternativas que brinden una mejor calidad de servicio a los vecinos y a los que d\u00eda a d\u00eda eligen llegar para visitar Puerto Madryn\u201d, cerr\u00f3.<\/p>\n","protected":false},"excerpt":{"rendered":"<p>La estaci\u00f3n a\u00e9rea local funcionaba con una de los Bomberos Voluntarios de la ciudad. Desde ahora, estar\u00e1 en uso la que el Intendente Sastre gestion\u00f3 ante autoridades de ANAC, y&hellip; <\/p>\n","protected":false},"author":2,"featured_media":18074,"comment_status":"closed","ping_status":"closed","sticky":false,"template":"","format":"standard","meta":{"footnotes":""},"categories":[15],"tags":[],"class_list":["post-18075","post","type-post","status-publish","format-standard","has-post-thumbnail","hentry","category-locales"],"yoast_head":"<!-- This site is optimized with the Yoast SEO plugin v27.4 - https:\/\/yoast.com\/product\/yoast-seo-wordpress\/ -->\n<title>TRAS GESTIONES DEL INTENDENTE SASTRE ANTE ANAC, LLEG\u00d3 UN AUTOBOMBA PARA EL AEROPUERTO DE MADRYN - FM Patagonia Madryn<\/title>\n<meta name=\"robots\" content=\"index, follow, max-snippet:-1, max-image-preview:large, max-video-preview:-1\" \/>\n<link rel=\"canonical\" href=\"https:\/\/fmpatagoniamadryn.com.ar\/?p=18075\" \/>\n<meta property=\"og:locale\" content=\"es_ES\" \/>\n<meta property=\"og:type\" content=\"article\" \/>\n<meta property=\"og:title\" content=\"TRAS GESTIONES DEL INTENDENTE SASTRE ANTE ANAC, LLEG\u00d3 UN AUTOBOMBA PARA EL AEROPUERTO DE MADRYN - FM Patagonia Madryn\" \/>\n<meta property=\"og:description\" content=\"La estaci\u00f3n a\u00e9rea local funcionaba con una de los Bomberos Voluntarios de la ciudad. Desde ahora, estar\u00e1 en uso la que el Intendente Sastre gestion\u00f3 ante autoridades de ANAC, y&hellip;\" \/>\n<meta property=\"og:url\" content=\"https:\/\/fmpatagoniamadryn.com.ar\/?p=18075\" \/>\n<meta property=\"og:site_name\" content=\"FM Patagonia Madryn\" \/>\n<meta property=\"article:published_time\" content=\"2025-09-23T13:52:40+00:00\" \/>\n<meta property=\"og:image\" content=\"https:\/\/fmpatagoniamadryn.com.ar\/wp-content\/uploads\/2025\/09\/img_5226.jpg\" \/>\n\t<meta property=\"og:image:width\" content=\"1280\" \/>\n\t<meta property=\"og:image:height\" content=\"720\" \/>\n\t<meta property=\"og:image:type\" content=\"image\/jpeg\" \/>\n<meta name=\"author\" content=\"FM Patagonia\" \/>\n<meta name=\"twitter:card\" content=\"summary_large_image\" \/>\n<meta name=\"twitter:label1\" content=\"Escrito por\" \/>\n\t<meta name=\"twitter:data1\" content=\"FM Patagonia\" \/>\n\t<meta name=\"twitter:label2\" content=\"Tiempo de lectura\" \/>\n\t<meta name=\"twitter:data2\" content=\"2 minutos\" \/>\n<script type=\"application\/ld+json\" class=\"yoast-schema-graph\">{\"@context\":\"https:\\\/\\\/schema.org\",\"@graph\":[{\"@type\":\"Article\",\"@id\":\"https:\\\/\\\/fmpatagoniamadryn.com.ar\\\/?p=18075#article\",\"isPartOf\":{\"@id\":\"https:\\\/\\\/fmpatagoniamadryn.com.ar\\\/?p=18075\"},\"author\":{\"name\":\"FM Patagonia\",\"@id\":\"https:\\\/\\\/fmpatagoniamadryn.com.ar\\\/#\\\/schema\\\/person\\\/8a3de4ad7efceacab06c1641c50303b7\"},\"headline\":\"TRAS GESTIONES DEL INTENDENTE SASTRE ANTE ANAC, LLEG\u00d3 UN AUTOBOMBA PARA EL AEROPUERTO DE MADRYN\",\"datePublished\":\"2025-09-23T13:52:40+00:00\",\"mainEntityOfPage\":{\"@id\":\"https:\\\/\\\/fmpatagoniamadryn.com.ar\\\/?p=18075\"},\"wordCount\":494,\"publisher\":{\"@id\":\"https:\\\/\\\/fmpatagoniamadryn.com.ar\\\/#organization\"},\"image\":{\"@id\":\"https:\\\/\\\/fmpatagoniamadryn.com.ar\\\/?p=18075#primaryimage\"},\"thumbnailUrl\":\"https:\\\/\\\/fmpatagoniamadryn.com.ar\\\/wp-content\\\/uploads\\\/2025\\\/09\\\/img_5226.jpg\",\"articleSection\":[\"Locales\"],\"inLanguage\":\"es\"},{\"@type\":\"WebPage\",\"@id\":\"https:\\\/\\\/fmpatagoniamadryn.com.ar\\\/?p=18075\",\"url\":\"https:\\\/\\\/fmpatagoniamadryn.com.ar\\\/?p=18075\",\"name\":\"TRAS GESTIONES DEL INTENDENTE SASTRE ANTE ANAC, LLEG\u00d3 UN AUTOBOMBA PARA EL AEROPUERTO DE MADRYN - FM Patagonia Madryn\",\"isPartOf\":{\"@id\":\"https:\\\/\\\/fmpatagoniamadryn.com.ar\\\/#website\"},\"primaryImageOfPage\":{\"@id\":\"https:\\\/\\\/fmpatagoniamadryn.com.ar\\\/?p=18075#primaryimage\"},\"image\":{\"@id\":\"https:\\\/\\\/fmpatagoniamadryn.com.ar\\\/?p=18075#primaryimage\"},\"thumbnailUrl\":\"https:\\\/\\\/fmpatagoniamadryn.com.ar\\\/wp-content\\\/uploads\\\/2025\\\/09\\\/img_5226.jpg\",\"datePublished\":\"2025-09-23T13:52:40+00:00\",\"breadcrumb\":{\"@id\":\"https:\\\/\\\/fmpatagoniamadryn.com.ar\\\/?p=18075#breadcrumb\"},\"inLanguage\":\"es\",\"potentialAction\":[{\"@type\":\"ReadAction\",\"target\":[\"https:\\\/\\\/fmpatagoniamadryn.com.ar\\\/?p=18075\"]}]},{\"@type\":\"ImageObject\",\"inLanguage\":\"es\",\"@id\":\"https:\\\/\\\/fmpatagoniamadryn.com.ar\\\/?p=18075#primaryimage\",\"url\":\"https:\\\/\\\/fmpatagoniamadryn.com.ar\\\/wp-content\\\/uploads\\\/2025\\\/09\\\/img_5226.jpg\",\"contentUrl\":\"https:\\\/\\\/fmpatagoniamadryn.com.ar\\\/wp-content\\\/uploads\\\/2025\\\/09\\\/img_5226.jpg\",\"width\":1280,\"height\":720},{\"@type\":\"BreadcrumbList\",\"@id\":\"https:\\\/\\\/fmpatagoniamadryn.com.ar\\\/?p=18075#breadcrumb\",\"itemListElement\":[{\"@type\":\"ListItem\",\"position\":1,\"name\":\"Portada\",\"item\":\"https:\\\/\\\/fmpatagoniamadryn.com.ar\\\/\"},{\"@type\":\"ListItem\",\"position\":2,\"name\":\"TRAS GESTIONES DEL INTENDENTE SASTRE ANTE ANAC, LLEG\u00d3 UN AUTOBOMBA PARA EL AEROPUERTO DE MADRYN\"}]},{\"@type\":\"WebSite\",\"@id\":\"https:\\\/\\\/fmpatagoniamadryn.com.ar\\\/#website\",\"url\":\"https:\\\/\\\/fmpatagoniamadryn.com.ar\\\/\",\"name\":\"FM Patagonia Madryn\",\"description\":\"Radio Patagonia 105.5\",\"publisher\":{\"@id\":\"https:\\\/\\\/fmpatagoniamadryn.com.ar\\\/#organization\"},\"potentialAction\":[{\"@type\":\"SearchAction\",\"target\":{\"@type\":\"EntryPoint\",\"urlTemplate\":\"https:\\\/\\\/fmpatagoniamadryn.com.ar\\\/?s={search_term_string}\"},\"query-input\":{\"@type\":\"PropertyValueSpecification\",\"valueRequired\":true,\"valueName\":\"search_term_string\"}}],\"inLanguage\":\"es\"},{\"@type\":\"Organization\",\"@id\":\"https:\\\/\\\/fmpatagoniamadryn.com.ar\\\/#organization\",\"name\":\"FM Patagonia Madryn\",\"url\":\"https:\\\/\\\/fmpatagoniamadryn.com.ar\\\/\",\"logo\":{\"@type\":\"ImageObject\",\"inLanguage\":\"es\",\"@id\":\"https:\\\/\\\/fmpatagoniamadryn.com.ar\\\/#\\\/schema\\\/logo\\\/image\\\/\",\"url\":\"https:\\\/\\\/fmpatagoniamadryn.com.ar\\\/wp-content\\\/uploads\\\/2023\\\/01\\\/cropped-Diseno-sin-titulo.png\",\"contentUrl\":\"https:\\\/\\\/fmpatagoniamadryn.com.ar\\\/wp-content\\\/uploads\\\/2023\\\/01\\\/cropped-Diseno-sin-titulo.png\",\"width\":6911,\"height\":2657,\"caption\":\"FM Patagonia Madryn\"},\"image\":{\"@id\":\"https:\\\/\\\/fmpatagoniamadryn.com.ar\\\/#\\\/schema\\\/logo\\\/image\\\/\"}},{\"@type\":\"Person\",\"@id\":\"https:\\\/\\\/fmpatagoniamadryn.com.ar\\\/#\\\/schema\\\/person\\\/8a3de4ad7efceacab06c1641c50303b7\",\"name\":\"FM Patagonia\",\"url\":\"https:\\\/\\\/fmpatagoniamadryn.com.ar\\\/?author=2\"}]}<\/script>\n<!-- \/ Yoast SEO plugin. -->","yoast_head_json":{"title":"TRAS GESTIONES DEL INTENDENTE SASTRE ANTE ANAC, LLEG\u00d3 UN AUTOBOMBA PARA EL AEROPUERTO DE MADRYN - FM Patagonia Madryn","robots":{"index":"index","follow":"follow","max-snippet":"max-snippet:-1","max-image-preview":"max-image-preview:large","max-video-preview":"max-video-preview:-1"},"canonical":"https:\/\/fmpatagoniamadryn.com.ar\/?p=18075","og_locale":"es_ES","og_type":"article","og_title":"TRAS GESTIONES DEL INTENDENTE SASTRE ANTE ANAC, LLEG\u00d3 UN AUTOBOMBA PARA EL AEROPUERTO DE MADRYN - FM Patagonia Madryn","og_description":"La estaci\u00f3n a\u00e9rea local funcionaba con una de los Bomberos Voluntarios de la ciudad. Desde ahora, estar\u00e1 en uso la que el Intendente Sastre gestion\u00f3 ante autoridades de ANAC, y&hellip;","og_url":"https:\/\/fmpatagoniamadryn.com.ar\/?p=18075","og_site_name":"FM Patagonia Madryn","article_published_time":"2025-09-23T13:52:40+00:00","og_image":[{"width":1280,"height":720,"url":"https:\/\/fmpatagoniamadryn.com.ar\/wp-content\/uploads\/2025\/09\/img_5226.jpg","type":"image\/jpeg"}],"author":"FM Patagonia","twitter_card":"summary_large_image","twitter_misc":{"Escrito por":"FM Patagonia","Tiempo de lectura":"2 minutos"},"schema":{"@context":"https:\/\/schema.org","@graph":[{"@type":"Article","@id":"https:\/\/fmpatagoniamadryn.com.ar\/?p=18075#article","isPartOf":{"@id":"https:\/\/fmpatagoniamadryn.com.ar\/?p=18075"},"author":{"name":"FM Patagonia","@id":"https:\/\/fmpatagoniamadryn.com.ar\/#\/schema\/person\/8a3de4ad7efceacab06c1641c50303b7"},"headline":"TRAS GESTIONES DEL INTENDENTE SASTRE ANTE ANAC, LLEG\u00d3 UN AUTOBOMBA PARA EL AEROPUERTO DE MADRYN","datePublished":"2025-09-23T13:52:40+00:00","mainEntityOfPage":{"@id":"https:\/\/fmpatagoniamadryn.com.ar\/?p=18075"},"wordCount":494,"publisher":{"@id":"https:\/\/fmpatagoniamadryn.com.ar\/#organization"},"image":{"@id":"https:\/\/fmpatagoniamadryn.com.ar\/?p=18075#primaryimage"},"thumbnailUrl":"https:\/\/fmpatagoniamadryn.com.ar\/wp-content\/uploads\/2025\/09\/img_5226.jpg","articleSection":["Locales"],"inLanguage":"es"},{"@type":"WebPage","@id":"https:\/\/fmpatagoniamadryn.com.ar\/?p=18075","url":"https:\/\/fmpatagoniamadryn.com.ar\/?p=18075","name":"TRAS GESTIONES DEL INTENDENTE SASTRE ANTE ANAC, LLEG\u00d3 UN AUTOBOMBA PARA EL AEROPUERTO DE MADRYN - FM Patagonia Madryn","isPartOf":{"@id":"https:\/\/fmpatagoniamadryn.com.ar\/#website"},"primaryImageOfPage":{"@id":"https:\/\/fmpatagoniamadryn.com.ar\/?p=18075#primaryimage"},"image":{"@id":"https:\/\/fmpatagoniamadryn.com.ar\/?p=18075#primaryimage"},"thumbnailUrl":"https:\/\/fmpatagoniamadryn.com.ar\/wp-content\/uploads\/2025\/09\/img_5226.jpg","datePublished":"2025-09-23T13:52:40+00:00","breadcrumb":{"@id":"https:\/\/fmpatagoniamadryn.com.ar\/?p=18075#breadcrumb"},"inLanguage":"es","potentialAction":[{"@type":"ReadAction","target":["https:\/\/fmpatagoniamadryn.com.ar\/?p=18075"]}]},{"@type":"ImageObject","inLanguage":"es","@id":"https:\/\/fmpatagoniamadryn.com.ar\/?p=18075#primaryimage","url":"https:\/\/fmpatagoniamadryn.com.ar\/wp-content\/uploads\/2025\/09\/img_5226.jpg","contentUrl":"https:\/\/fmpatagoniamadryn.com.ar\/wp-content\/uploads\/2025\/09\/img_5226.jpg","width":1280,"height":720},{"@type":"BreadcrumbList","@id":"https:\/\/fmpatagoniamadryn.com.ar\/?p=18075#breadcrumb","itemListElement":[{"@type":"ListItem","position":1,"name":"Portada","item":"https:\/\/fmpatagoniamadryn.com.ar\/"},{"@type":"ListItem","position":2,"name":"TRAS GESTIONES DEL INTENDENTE SASTRE ANTE ANAC, LLEG\u00d3 UN AUTOBOMBA PARA EL AEROPUERTO DE MADRYN"}]},{"@type":"WebSite","@id":"https:\/\/fmpatagoniamadryn.com.ar\/#website","url":"https:\/\/fmpatagoniamadryn.com.ar\/","name":"FM Patagonia Madryn","description":"Radio Patagonia 105.5","publisher":{"@id":"https:\/\/fmpatagoniamadryn.com.ar\/#organization"},"potentialAction":[{"@type":"SearchAction","target":{"@type":"EntryPoint","urlTemplate":"https:\/\/fmpatagoniamadryn.com.ar\/?s={search_term_string}"},"query-input":{"@type":"PropertyValueSpecification","valueRequired":true,"valueName":"search_term_string"}}],"inLanguage":"es"},{"@type":"Organization","@id":"https:\/\/fmpatagoniamadryn.com.ar\/#organization","name":"FM Patagonia Madryn","url":"https:\/\/fmpatagoniamadryn.com.ar\/","logo":{"@type":"ImageObject","inLanguage":"es","@id":"https:\/\/fmpatagoniamadryn.com.ar\/#\/schema\/logo\/image\/","url":"https:\/\/fmpatagoniamadryn.com.ar\/wp-content\/uploads\/2023\/01\/cropped-Diseno-sin-titulo.png","contentUrl":"https:\/\/fmpatagoniamadryn.com.ar\/wp-content\/uploads\/2023\/01\/cropped-Diseno-sin-titulo.png","width":6911,"height":2657,"caption":"FM Patagonia Madryn"},"image":{"@id":"https:\/\/fmpatagoniamadryn.com.ar\/#\/schema\/logo\/image\/"}},{"@type":"Person","@id":"https:\/\/fmpatagoniamadryn.com.ar\/#\/schema\/person\/8a3de4ad7efceacab06c1641c50303b7","name":"FM Patagonia","url":"https:\/\/fmpatagoniamadryn.com.ar\/?author=2"}]}},"jetpack_featured_media_url":"https:\/\/fmpatagoniamadryn.com.ar\/wp-content\/uploads\/2025\/09\/img_5226.jpg","_links":{"self":[{"href":"https:\/\/fmpatagoniamadryn.com.ar\/index.php?rest_route=\/wp\/v2\/posts\/18075","targetHints":{"allow":["GET"]}}],"collection":[{"href":"https:\/\/fmpatagoniamadryn.com.ar\/index.php?rest_route=\/wp\/v2\/posts"}],"about":[{"href":"https:\/\/fmpatagoniamadryn.com.ar\/index.php?rest_route=\/wp\/v2\/types\/post"}],"author":[{"embeddable":true,"href":"https:\/\/fmpatagoniamadryn.com.ar\/index.php?rest_route=\/wp\/v2\/users\/2"}],"replies":[{"embeddable":true,"href":"https:\/\/fmpatagoniamadryn.com.ar\/index.php?rest_route=%2Fwp%2Fv2%2Fcomments&post=18075"}],"version-history":[{"count":1,"href":"https:\/\/fmpatagoniamadryn.com.ar\/index.php?rest_route=\/wp\/v2\/posts\/18075\/revisions"}],"predecessor-version":[{"id":18076,"href":"https:\/\/fmpatagoniamadryn.com.ar\/index.php?rest_route=\/wp\/v2\/posts\/18075\/revisions\/18076"}],"wp:featuredmedia":[{"embeddable":true,"href":"https:\/\/fmpatagoniamadryn.com.ar\/index.php?rest_route=\/wp\/v2\/media\/18074"}],"wp:attachment":[{"href":"https:\/\/fmpatagoniamadryn.com.ar\/index.php?rest_route=%2Fwp%2Fv2%2Fmedia&parent=18075"}],"wp:term":[{"taxonomy":"category","embeddable":true,"href":"https:\/\/fmpatagoniamadryn.com.ar\/index.php?rest_route=%2Fwp%2Fv2%2Fcategories&post=18075"},{"taxonomy":"post_tag","embeddable":true,"href":"https:\/\/fmpatagoniamadryn.com.ar\/index.php?rest_route=%2Fwp%2Fv2%2Ftags&post=18075"}],"curies":[{"name":"wp","href":"https:\/\/api.w.org\/{rel}","templated":true}]}}