{"id":18081,"date":"2025-09-24T10:41:21","date_gmt":"2025-09-24T13:41:21","guid":{"rendered":"https:\/\/fmpatagoniamadryn.com.ar\/?p=18081"},"modified":"2025-09-24T10:41:21","modified_gmt":"2025-09-24T13:41:21","slug":"el-gobierno-del-chubut-encabezo-la-jornada-provincial-compromiso-y-accion-contra-la-trata-de-personas","status":"publish","type":"post","link":"https:\/\/fmpatagoniamadryn.com.ar\/?p=18081","title":{"rendered":"El Gobierno del Chubut encabez\u00f3 la Jornada Provincial \u201cCompromiso y Acci\u00f3n contra la Trata de Personas\u201d"},"content":{"rendered":"\n<p><\/p>\n\n\n\n<p><em>Con un auditorio colmado, el encuentro reuni\u00f3 a autoridades provinciales, referentes judiciales y especialistas nacionales e internacionales, para debatir y avanzar en pol\u00edticas p\u00fablicas que fortalezcan la prevenci\u00f3n, detecci\u00f3n y erradicaci\u00f3n de la trata de personas. La actividad se desarroll\u00f3 en el marco del D\u00eda Internacional contra la Explotaci\u00f3n Sexual y la Trata de Personas, reafirmando el compromiso del Estado provincial con la defensa de los derechos humanos y la protecci\u00f3n de las v\u00edctimas.<\/em><\/p>\n\n\n\n<p>En la Honorable Legislatura de la Provincia del Chubut se llev\u00f3 adelante la Jornada Provincial \u201cCompromiso y Acci\u00f3n contra la Trata de Personas\u201d: un espacio de intercambio y sensibilizaci\u00f3n que reuni\u00f3 a autoridades provinciales, especialistas y representantes de distintos sectores de la sociedad.<\/p>\n\n\n\n<p>En esta ocasi\u00f3n, la actividad fue Encabezada por la ministra de Desarrollo Humano, Florencia Papaiani, quien estuvo acompa\u00f1ada por el ministro de Gobierno, Victoriano Eraso Parodi; el subsecretario de Derechos Humanos, Javier Cunha; y la directora provincial de Trata, Romina Abraham. Tambi\u00e9n estuvieron presentes jefes comunales, intendentes, diputados provinciales y representantes del Poder Judicial.<\/p>\n\n\n\n<p>Asimismo, durante la jornada expusieron la directora operativa del Comit\u00e9 Ejecutivo de Lucha contra la Trata y Explotaci\u00f3n de Personas, Ver\u00f3nica Toller, quien se refiri\u00f3 a la actualizaci\u00f3n y sensibilizaci\u00f3n en el abordaje integral de v\u00edctimas; el fiscal federal de Rawson, Fernando G\u00e9lvez, que disert\u00f3 sobre convenios internacionales, tipos penales e investigaci\u00f3n; y el juez federal de Rawson, Gustavo Lleral, quien destac\u00f3 la importancia de los compromisos asumidos internacionalmente en la prevenci\u00f3n y sanci\u00f3n de la trata.<\/p>\n\n\n\n<p>De igual manera, los fiscales generales especializados en cibercrimen y evidencia digital, Luis Fernando Rivarola y Eugenia Dom\u00ednguez, brindaron una exposici\u00f3n sobre tr\u00e1fico de material de abuso sexual infantil, grooming y software espejo; mientras que la fiscal federal Ver\u00f3nica Escribano present\u00f3 la iniciativa \u201cProyecto Turquesa\u201d, destinada a la cooperaci\u00f3n internacional en la investigaci\u00f3n. Tambi\u00e9n se sum\u00f3 la perspectiva de la Oficina de las Naciones Unidas contra la Droga y el Delito (UNODC), con un an\u00e1lisis sobre tr\u00e1fico de migrantes y trata de personas desde un enfoque de g\u00e9nero.<\/p>\n\n\n\n<p><strong>\u201dVisibilizar el problema\u201d<\/strong><\/p>\n\n\n\n<p>\u201cLa trata de personas es un delito silencioso porque se esconde tras la invisibilidad, el miedo y el enga\u00f1o. Sus v\u00edctimas muchas veces no pueden denunciar, y la sociedad no siempre logra ver las se\u00f1ales. Por eso es fundamental hablar, concientizar y actuar, para romper ese silencio y poner en el centro la dignidad y los derechos humanos. Es lo que nos solicita a diario el gobernador de la provincia: visibilizar el problema y ponernos a trabajar\u201d, expres\u00f3 la ministra de Desarrollo Humano, Florencia Papaiani, quien destac\u00f3 adem\u00e1s que \u201cel hecho de que este auditorio hoy est\u00e9 lleno, remarca ese compromiso, renueva la esperanza\u201d.<\/p>\n\n\n\n<p><strong>Conmemoraci\u00f3n del 23 de septiembre<\/strong><\/p>\n\n\n\n<p>Cada 23 de septiembre se conmemora el D\u00eda Internacional contra la Explotaci\u00f3n Sexual y la Trata de Personas, instaurado en 1999 por la Conferencia Mundial de la Coalici\u00f3n contra la Trata de Personas, en recuerdo de la sanci\u00f3n en nuestro pa\u00eds de la Ley N.\u00b0 9.143, conocida como Ley Palacios. Esta norma, pionera en Am\u00e9rica Latina, penaliz\u00f3 la explotaci\u00f3n sexual y la trata de mujeres y ni\u00f1as.<\/p>\n\n\n\n<p>La fecha convoca a reflexionar y a redoblar el compromiso de trabajar en la prevenci\u00f3n, detecci\u00f3n y erradicaci\u00f3n de este delito aberrante que vulnera la libertad, la dignidad y los derechos humanos de las personas.<\/p>\n\n\n\n<p>En tal sentido, la Jornada Provincial dej\u00f3 en claro la necesidad de sostener un Estado presente y articulado, que asuma la lucha contra la trata de personas como una prioridad indelegable, integrando a los poderes del Estado, organismos internacionales y la sociedad civil en la construcci\u00f3n de una provincia m\u00e1s justa, solidaria y comprometida con los derechos humanos.<\/p>\n","protected":false},"excerpt":{"rendered":"<p>Con un auditorio colmado, el encuentro reuni\u00f3 a autoridades provinciales, referentes judiciales y especialistas nacionales e internacionales, para debatir y avanzar en pol\u00edticas p\u00fablicas que fortalezcan la prevenci\u00f3n, detecci\u00f3n y&hellip; <\/p>\n","protected":false},"author":2,"featured_media":18080,"comment_status":"closed","ping_status":"closed","sticky":false,"template":"","format":"standard","meta":{"footnotes":""},"categories":[15],"tags":[],"class_list":["post-18081","post","type-post","status-publish","format-standard","has-post-thumbnail","hentry","category-locales"],"yoast_head":"<!-- This site is optimized with the Yoast SEO plugin v27.4 - https:\/\/yoast.com\/product\/yoast-seo-wordpress\/ -->\n<title>El Gobierno del Chubut encabez\u00f3 la Jornada Provincial \u201cCompromiso y Acci\u00f3n contra la Trata de Personas\u201d - FM Patagonia Madryn<\/title>\n<meta name=\"robots\" content=\"index, follow, max-snippet:-1, max-image-preview:large, max-video-preview:-1\" \/>\n<link rel=\"canonical\" href=\"https:\/\/fmpatagoniamadryn.com.ar\/?p=18081\" \/>\n<meta property=\"og:locale\" content=\"es_ES\" \/>\n<meta property=\"og:type\" content=\"article\" \/>\n<meta property=\"og:title\" content=\"El Gobierno del Chubut encabez\u00f3 la Jornada Provincial \u201cCompromiso y Acci\u00f3n contra la Trata de Personas\u201d - FM Patagonia Madryn\" \/>\n<meta property=\"og:description\" content=\"Con un auditorio colmado, el encuentro reuni\u00f3 a autoridades provinciales, referentes judiciales y especialistas nacionales e internacionales, para debatir y avanzar en pol\u00edticas p\u00fablicas que fortalezcan la prevenci\u00f3n, detecci\u00f3n y&hellip;\" \/>\n<meta property=\"og:url\" content=\"https:\/\/fmpatagoniamadryn.com.ar\/?p=18081\" \/>\n<meta property=\"og:site_name\" content=\"FM Patagonia Madryn\" \/>\n<meta property=\"article:published_time\" content=\"2025-09-24T13:41:21+00:00\" \/>\n<meta property=\"og:image\" content=\"https:\/\/fmpatagoniamadryn.com.ar\/wp-content\/uploads\/2025\/09\/img_5255.jpg\" \/>\n\t<meta property=\"og:image:width\" content=\"1600\" \/>\n\t<meta property=\"og:image:height\" content=\"1066\" \/>\n\t<meta property=\"og:image:type\" content=\"image\/jpeg\" \/>\n<meta name=\"author\" content=\"FM Patagonia\" \/>\n<meta name=\"twitter:card\" content=\"summary_large_image\" \/>\n<meta name=\"twitter:label1\" content=\"Escrito por\" \/>\n\t<meta name=\"twitter:data1\" content=\"FM Patagonia\" \/>\n\t<meta name=\"twitter:label2\" content=\"Tiempo de lectura\" \/>\n\t<meta name=\"twitter:data2\" content=\"3 minutos\" \/>\n<script type=\"application\/ld+json\" class=\"yoast-schema-graph\">{\"@context\":\"https:\\\/\\\/schema.org\",\"@graph\":[{\"@type\":\"Article\",\"@id\":\"https:\\\/\\\/fmpatagoniamadryn.com.ar\\\/?p=18081#article\",\"isPartOf\":{\"@id\":\"https:\\\/\\\/fmpatagoniamadryn.com.ar\\\/?p=18081\"},\"author\":{\"name\":\"FM Patagonia\",\"@id\":\"https:\\\/\\\/fmpatagoniamadryn.com.ar\\\/#\\\/schema\\\/person\\\/8a3de4ad7efceacab06c1641c50303b7\"},\"headline\":\"El Gobierno del Chubut encabez\u00f3 la Jornada Provincial \u201cCompromiso y Acci\u00f3n contra la Trata de Personas\u201d\",\"datePublished\":\"2025-09-24T13:41:21+00:00\",\"mainEntityOfPage\":{\"@id\":\"https:\\\/\\\/fmpatagoniamadryn.com.ar\\\/?p=18081\"},\"wordCount\":672,\"publisher\":{\"@id\":\"https:\\\/\\\/fmpatagoniamadryn.com.ar\\\/#organization\"},\"image\":{\"@id\":\"https:\\\/\\\/fmpatagoniamadryn.com.ar\\\/?p=18081#primaryimage\"},\"thumbnailUrl\":\"https:\\\/\\\/fmpatagoniamadryn.com.ar\\\/wp-content\\\/uploads\\\/2025\\\/09\\\/img_5255.jpg\",\"articleSection\":[\"Locales\"],\"inLanguage\":\"es\"},{\"@type\":\"WebPage\",\"@id\":\"https:\\\/\\\/fmpatagoniamadryn.com.ar\\\/?p=18081\",\"url\":\"https:\\\/\\\/fmpatagoniamadryn.com.ar\\\/?p=18081\",\"name\":\"El Gobierno del Chubut encabez\u00f3 la Jornada Provincial \u201cCompromiso y Acci\u00f3n contra la Trata de Personas\u201d - FM Patagonia Madryn\",\"isPartOf\":{\"@id\":\"https:\\\/\\\/fmpatagoniamadryn.com.ar\\\/#website\"},\"primaryImageOfPage\":{\"@id\":\"https:\\\/\\\/fmpatagoniamadryn.com.ar\\\/?p=18081#primaryimage\"},\"image\":{\"@id\":\"https:\\\/\\\/fmpatagoniamadryn.com.ar\\\/?p=18081#primaryimage\"},\"thumbnailUrl\":\"https:\\\/\\\/fmpatagoniamadryn.com.ar\\\/wp-content\\\/uploads\\\/2025\\\/09\\\/img_5255.jpg\",\"datePublished\":\"2025-09-24T13:41:21+00:00\",\"breadcrumb\":{\"@id\":\"https:\\\/\\\/fmpatagoniamadryn.com.ar\\\/?p=18081#breadcrumb\"},\"inLanguage\":\"es\",\"potentialAction\":[{\"@type\":\"ReadAction\",\"target\":[\"https:\\\/\\\/fmpatagoniamadryn.com.ar\\\/?p=18081\"]}]},{\"@type\":\"ImageObject\",\"inLanguage\":\"es\",\"@id\":\"https:\\\/\\\/fmpatagoniamadryn.com.ar\\\/?p=18081#primaryimage\",\"url\":\"https:\\\/\\\/fmpatagoniamadryn.com.ar\\\/wp-content\\\/uploads\\\/2025\\\/09\\\/img_5255.jpg\",\"contentUrl\":\"https:\\\/\\\/fmpatagoniamadryn.com.ar\\\/wp-content\\\/uploads\\\/2025\\\/09\\\/img_5255.jpg\",\"width\":1600,\"height\":1066},{\"@type\":\"BreadcrumbList\",\"@id\":\"https:\\\/\\\/fmpatagoniamadryn.com.ar\\\/?p=18081#breadcrumb\",\"itemListElement\":[{\"@type\":\"ListItem\",\"position\":1,\"name\":\"Portada\",\"item\":\"https:\\\/\\\/fmpatagoniamadryn.com.ar\\\/\"},{\"@type\":\"ListItem\",\"position\":2,\"name\":\"El Gobierno del Chubut encabez\u00f3 la Jornada Provincial \u201cCompromiso y Acci\u00f3n contra la Trata de Personas\u201d\"}]},{\"@type\":\"WebSite\",\"@id\":\"https:\\\/\\\/fmpatagoniamadryn.com.ar\\\/#website\",\"url\":\"https:\\\/\\\/fmpatagoniamadryn.com.ar\\\/\",\"name\":\"FM Patagonia Madryn\",\"description\":\"Radio Patagonia 105.5\",\"publisher\":{\"@id\":\"https:\\\/\\\/fmpatagoniamadryn.com.ar\\\/#organization\"},\"potentialAction\":[{\"@type\":\"SearchAction\",\"target\":{\"@type\":\"EntryPoint\",\"urlTemplate\":\"https:\\\/\\\/fmpatagoniamadryn.com.ar\\\/?s={search_term_string}\"},\"query-input\":{\"@type\":\"PropertyValueSpecification\",\"valueRequired\":true,\"valueName\":\"search_term_string\"}}],\"inLanguage\":\"es\"},{\"@type\":\"Organization\",\"@id\":\"https:\\\/\\\/fmpatagoniamadryn.com.ar\\\/#organization\",\"name\":\"FM Patagonia Madryn\",\"url\":\"https:\\\/\\\/fmpatagoniamadryn.com.ar\\\/\",\"logo\":{\"@type\":\"ImageObject\",\"inLanguage\":\"es\",\"@id\":\"https:\\\/\\\/fmpatagoniamadryn.com.ar\\\/#\\\/schema\\\/logo\\\/image\\\/\",\"url\":\"https:\\\/\\\/fmpatagoniamadryn.com.ar\\\/wp-content\\\/uploads\\\/2023\\\/01\\\/cropped-Diseno-sin-titulo.png\",\"contentUrl\":\"https:\\\/\\\/fmpatagoniamadryn.com.ar\\\/wp-content\\\/uploads\\\/2023\\\/01\\\/cropped-Diseno-sin-titulo.png\",\"width\":6911,\"height\":2657,\"caption\":\"FM Patagonia Madryn\"},\"image\":{\"@id\":\"https:\\\/\\\/fmpatagoniamadryn.com.ar\\\/#\\\/schema\\\/logo\\\/image\\\/\"}},{\"@type\":\"Person\",\"@id\":\"https:\\\/\\\/fmpatagoniamadryn.com.ar\\\/#\\\/schema\\\/person\\\/8a3de4ad7efceacab06c1641c50303b7\",\"name\":\"FM Patagonia\",\"url\":\"https:\\\/\\\/fmpatagoniamadryn.com.ar\\\/?author=2\"}]}<\/script>\n<!-- \/ Yoast SEO plugin. -->","yoast_head_json":{"title":"El Gobierno del Chubut encabez\u00f3 la Jornada Provincial \u201cCompromiso y Acci\u00f3n contra la Trata de Personas\u201d - FM Patagonia Madryn","robots":{"index":"index","follow":"follow","max-snippet":"max-snippet:-1","max-image-preview":"max-image-preview:large","max-video-preview":"max-video-preview:-1"},"canonical":"https:\/\/fmpatagoniamadryn.com.ar\/?p=18081","og_locale":"es_ES","og_type":"article","og_title":"El Gobierno del Chubut encabez\u00f3 la Jornada Provincial \u201cCompromiso y Acci\u00f3n contra la Trata de Personas\u201d - FM Patagonia Madryn","og_description":"Con un auditorio colmado, el encuentro reuni\u00f3 a autoridades provinciales, referentes judiciales y especialistas nacionales e internacionales, para debatir y avanzar en pol\u00edticas p\u00fablicas que fortalezcan la prevenci\u00f3n, detecci\u00f3n y&hellip;","og_url":"https:\/\/fmpatagoniamadryn.com.ar\/?p=18081","og_site_name":"FM Patagonia Madryn","article_published_time":"2025-09-24T13:41:21+00:00","og_image":[{"width":1600,"height":1066,"url":"https:\/\/fmpatagoniamadryn.com.ar\/wp-content\/uploads\/2025\/09\/img_5255.jpg","type":"image\/jpeg"}],"author":"FM Patagonia","twitter_card":"summary_large_image","twitter_misc":{"Escrito por":"FM Patagonia","Tiempo de lectura":"3 minutos"},"schema":{"@context":"https:\/\/schema.org","@graph":[{"@type":"Article","@id":"https:\/\/fmpatagoniamadryn.com.ar\/?p=18081#article","isPartOf":{"@id":"https:\/\/fmpatagoniamadryn.com.ar\/?p=18081"},"author":{"name":"FM Patagonia","@id":"https:\/\/fmpatagoniamadryn.com.ar\/#\/schema\/person\/8a3de4ad7efceacab06c1641c50303b7"},"headline":"El Gobierno del Chubut encabez\u00f3 la Jornada Provincial \u201cCompromiso y Acci\u00f3n contra la Trata de Personas\u201d","datePublished":"2025-09-24T13:41:21+00:00","mainEntityOfPage":{"@id":"https:\/\/fmpatagoniamadryn.com.ar\/?p=18081"},"wordCount":672,"publisher":{"@id":"https:\/\/fmpatagoniamadryn.com.ar\/#organization"},"image":{"@id":"https:\/\/fmpatagoniamadryn.com.ar\/?p=18081#primaryimage"},"thumbnailUrl":"https:\/\/fmpatagoniamadryn.com.ar\/wp-content\/uploads\/2025\/09\/img_5255.jpg","articleSection":["Locales"],"inLanguage":"es"},{"@type":"WebPage","@id":"https:\/\/fmpatagoniamadryn.com.ar\/?p=18081","url":"https:\/\/fmpatagoniamadryn.com.ar\/?p=18081","name":"El Gobierno del Chubut encabez\u00f3 la Jornada Provincial \u201cCompromiso y Acci\u00f3n contra la Trata de Personas\u201d - FM Patagonia Madryn","isPartOf":{"@id":"https:\/\/fmpatagoniamadryn.com.ar\/#website"},"primaryImageOfPage":{"@id":"https:\/\/fmpatagoniamadryn.com.ar\/?p=18081#primaryimage"},"image":{"@id":"https:\/\/fmpatagoniamadryn.com.ar\/?p=18081#primaryimage"},"thumbnailUrl":"https:\/\/fmpatagoniamadryn.com.ar\/wp-content\/uploads\/2025\/09\/img_5255.jpg","datePublished":"2025-09-24T13:41:21+00:00","breadcrumb":{"@id":"https:\/\/fmpatagoniamadryn.com.ar\/?p=18081#breadcrumb"},"inLanguage":"es","potentialAction":[{"@type":"ReadAction","target":["https:\/\/fmpatagoniamadryn.com.ar\/?p=18081"]}]},{"@type":"ImageObject","inLanguage":"es","@id":"https:\/\/fmpatagoniamadryn.com.ar\/?p=18081#primaryimage","url":"https:\/\/fmpatagoniamadryn.com.ar\/wp-content\/uploads\/2025\/09\/img_5255.jpg","contentUrl":"https:\/\/fmpatagoniamadryn.com.ar\/wp-content\/uploads\/2025\/09\/img_5255.jpg","width":1600,"height":1066},{"@type":"BreadcrumbList","@id":"https:\/\/fmpatagoniamadryn.com.ar\/?p=18081#breadcrumb","itemListElement":[{"@type":"ListItem","position":1,"name":"Portada","item":"https:\/\/fmpatagoniamadryn.com.ar\/"},{"@type":"ListItem","position":2,"name":"El Gobierno del Chubut encabez\u00f3 la Jornada Provincial \u201cCompromiso y Acci\u00f3n contra la Trata de Personas\u201d"}]},{"@type":"WebSite","@id":"https:\/\/fmpatagoniamadryn.com.ar\/#website","url":"https:\/\/fmpatagoniamadryn.com.ar\/","name":"FM Patagonia Madryn","description":"Radio Patagonia 105.5","publisher":{"@id":"https:\/\/fmpatagoniamadryn.com.ar\/#organization"},"potentialAction":[{"@type":"SearchAction","target":{"@type":"EntryPoint","urlTemplate":"https:\/\/fmpatagoniamadryn.com.ar\/?s={search_term_string}"},"query-input":{"@type":"PropertyValueSpecification","valueRequired":true,"valueName":"search_term_string"}}],"inLanguage":"es"},{"@type":"Organization","@id":"https:\/\/fmpatagoniamadryn.com.ar\/#organization","name":"FM Patagonia Madryn","url":"https:\/\/fmpatagoniamadryn.com.ar\/","logo":{"@type":"ImageObject","inLanguage":"es","@id":"https:\/\/fmpatagoniamadryn.com.ar\/#\/schema\/logo\/image\/","url":"https:\/\/fmpatagoniamadryn.com.ar\/wp-content\/uploads\/2023\/01\/cropped-Diseno-sin-titulo.png","contentUrl":"https:\/\/fmpatagoniamadryn.com.ar\/wp-content\/uploads\/2023\/01\/cropped-Diseno-sin-titulo.png","width":6911,"height":2657,"caption":"FM Patagonia Madryn"},"image":{"@id":"https:\/\/fmpatagoniamadryn.com.ar\/#\/schema\/logo\/image\/"}},{"@type":"Person","@id":"https:\/\/fmpatagoniamadryn.com.ar\/#\/schema\/person\/8a3de4ad7efceacab06c1641c50303b7","name":"FM Patagonia","url":"https:\/\/fmpatagoniamadryn.com.ar\/?author=2"}]}},"jetpack_featured_media_url":"https:\/\/fmpatagoniamadryn.com.ar\/wp-content\/uploads\/2025\/09\/img_5255.jpg","_links":{"self":[{"href":"https:\/\/fmpatagoniamadryn.com.ar\/index.php?rest_route=\/wp\/v2\/posts\/18081","targetHints":{"allow":["GET"]}}],"collection":[{"href":"https:\/\/fmpatagoniamadryn.com.ar\/index.php?rest_route=\/wp\/v2\/posts"}],"about":[{"href":"https:\/\/fmpatagoniamadryn.com.ar\/index.php?rest_route=\/wp\/v2\/types\/post"}],"author":[{"embeddable":true,"href":"https:\/\/fmpatagoniamadryn.com.ar\/index.php?rest_route=\/wp\/v2\/users\/2"}],"replies":[{"embeddable":true,"href":"https:\/\/fmpatagoniamadryn.com.ar\/index.php?rest_route=%2Fwp%2Fv2%2Fcomments&post=18081"}],"version-history":[{"count":1,"href":"https:\/\/fmpatagoniamadryn.com.ar\/index.php?rest_route=\/wp\/v2\/posts\/18081\/revisions"}],"predecessor-version":[{"id":18082,"href":"https:\/\/fmpatagoniamadryn.com.ar\/index.php?rest_route=\/wp\/v2\/posts\/18081\/revisions\/18082"}],"wp:featuredmedia":[{"embeddable":true,"href":"https:\/\/fmpatagoniamadryn.com.ar\/index.php?rest_route=\/wp\/v2\/media\/18080"}],"wp:attachment":[{"href":"https:\/\/fmpatagoniamadryn.com.ar\/index.php?rest_route=%2Fwp%2Fv2%2Fmedia&parent=18081"}],"wp:term":[{"taxonomy":"category","embeddable":true,"href":"https:\/\/fmpatagoniamadryn.com.ar\/index.php?rest_route=%2Fwp%2Fv2%2Fcategories&post=18081"},{"taxonomy":"post_tag","embeddable":true,"href":"https:\/\/fmpatagoniamadryn.com.ar\/index.php?rest_route=%2Fwp%2Fv2%2Ftags&post=18081"}],"curies":[{"name":"wp","href":"https:\/\/api.w.org\/{rel}","templated":true}]}}