{"id":18096,"date":"2025-09-26T11:09:15","date_gmt":"2025-09-26T14:09:15","guid":{"rendered":"https:\/\/fmpatagoniamadryn.com.ar\/?p=18096"},"modified":"2025-09-26T11:09:15","modified_gmt":"2025-09-26T14:09:15","slug":"continua-la-campana-de-limpieza-en-los-barrios-patagonia-anon-carr-y-rucal-hue","status":"publish","type":"post","link":"https:\/\/fmpatagoniamadryn.com.ar\/?p=18096","title":{"rendered":"CONTIN\u00daA LA CAMPA\u00d1A DE LIMPIEZA EN LOS BARRIOS PATAGONIA, ANON CARR Y RUCAL HUE"},"content":{"rendered":"\n<p><\/p>\n\n\n\n<p><em>Vecinos y vecinas podr\u00e1n depositar chatarra, escombros, neum\u00e1ticos, maderas y residuos de aparatos el\u00e9ctricos y electr\u00f3nicos en los contenedores que se dispondr\u00e1n en cada sector<\/em><\/p>\n\n\n\n<p>La Municipalidad de Puerto Madryn informa que, en el marco de las campa\u00f1as de limpieza que se llevan adelante en diversos sectores de la ciudad, el cronograma continuar\u00e1 en los barrios Patagonia, Anon Carr y Rucal Hue.<\/p>\n\n\n\n<p>En el barrio Patagonia, la campa\u00f1a se desarrollar\u00e1 el 29 y 30 de septiembre. El primer d\u00eda los contenedores estar\u00e1n ubicados en Andr\u00e9s Fern\u00e1ndez P\u00e9rez entre Luis Palma y Alberto Villa, en Yamanas entre Ceferino Namuncur\u00e1 y Colectora Juan XXIII y en Uruguay entre Patagonia y Nueva Le\u00f3n. Al d\u00eda siguiente, la limpieza continuar\u00e1 con contenedores dispuestos en Montes de Oca entre Andr\u00e9s F. P\u00e9rez y Jos\u00e9 Pepitone, en Liniers entre Jos\u00e9 Manuel Estrada y Manuel Galves y en Salta entre Agust\u00edn Pujol y Tom\u00e1s Espora Norte.<\/p>\n\n\n\n<p>Luego, la iniciativa se trasladar\u00e1 al barrio Anon Carr los d\u00edas 1 y 2 de octubre. Durante la primera jornada, los vecinos podr\u00e1n acercar sus residuos a los contenedores que se ubicar\u00e1n en la esquina de Estanislao del Campo y Mistr\u00e1ngelo, en E. Faccioli y L\u00f3pez y Planes y en la plaza Eva Per\u00f3n (J. B. Alberdi y R. Piccirillo). El segundo d\u00eda, los puntos de disposici\u00f3n estar\u00e1n en Mistr\u00e1ngelo entre Castro y Washington Jones, en la esquina de Williams y Piccirillo y sobre la Avenida L\u00f3pez y Planes entre Patricias Argentinas y Faccioli.<\/p>\n\n\n\n<p>Finalmente, la campa\u00f1a llegar\u00e1 al barrio Rucal Hue los d\u00edas 3 y 6 de octubre. El viernes 3, los contenedores se instalar\u00e1n en Fuerte San Jos\u00e9 (monoblock 39), en Magallanes (monoblock 82) y en Pasaje Williams (monoblock 95) y el lunes 6, en tanto, se ubicar\u00e1n en Luis Mar\u00eda Campos (monoblock 51), en H\u00e9roes de Malvinas (monoblock 50) y en H\u00e9roes de Malvinas entre E. James y Avenida Fuerte San Jos\u00e9, en la zona de la cancha.<\/p>\n\n\n\n<p>Cabe destacar que la colocaci\u00f3n y el recambio de contenedores se realizar\u00e1 cada d\u00eda a las 8 horas aproximadamente.<\/p>\n\n\n\n<p>Desde las \u00e1reas de Gobierno y de Ecolog\u00eda y Protecci\u00f3n Ambiental, responsables de la iniciativa, se recuerda a los vecinos que pueden acercar \u00fanicamente chatarra (como heladeras, lavarropas u otros electrodom\u00e9sticos en desuso), maderas, escombros, neum\u00e1ticos y residuos de aparatos el\u00e9ctricos y electr\u00f3nicos.<\/p>\n","protected":false},"excerpt":{"rendered":"<p>Vecinos y vecinas podr\u00e1n depositar chatarra, escombros, neum\u00e1ticos, maderas y residuos de aparatos el\u00e9ctricos y electr\u00f3nicos en los contenedores que se dispondr\u00e1n en cada sector La Municipalidad de Puerto Madryn&hellip; <\/p>\n","protected":false},"author":2,"featured_media":18095,"comment_status":"closed","ping_status":"closed","sticky":false,"template":"","format":"standard","meta":{"footnotes":""},"categories":[15],"tags":[],"class_list":["post-18096","post","type-post","status-publish","format-standard","has-post-thumbnail","hentry","category-locales"],"yoast_head":"<!-- This site is optimized with the Yoast SEO plugin v27.4 - https:\/\/yoast.com\/product\/yoast-seo-wordpress\/ -->\n<title>CONTIN\u00daA LA CAMPA\u00d1A DE LIMPIEZA EN LOS BARRIOS PATAGONIA, ANON CARR Y RUCAL HUE - FM Patagonia Madryn<\/title>\n<meta name=\"robots\" content=\"index, follow, max-snippet:-1, max-image-preview:large, max-video-preview:-1\" \/>\n<link rel=\"canonical\" href=\"https:\/\/fmpatagoniamadryn.com.ar\/?p=18096\" \/>\n<meta property=\"og:locale\" content=\"es_ES\" \/>\n<meta property=\"og:type\" content=\"article\" \/>\n<meta property=\"og:title\" content=\"CONTIN\u00daA LA CAMPA\u00d1A DE LIMPIEZA EN LOS BARRIOS PATAGONIA, ANON CARR Y RUCAL HUE - FM Patagonia Madryn\" \/>\n<meta property=\"og:description\" content=\"Vecinos y vecinas podr\u00e1n depositar chatarra, escombros, neum\u00e1ticos, maderas y residuos de aparatos el\u00e9ctricos y electr\u00f3nicos en los contenedores que se dispondr\u00e1n en cada sector La Municipalidad de Puerto Madryn&hellip;\" \/>\n<meta property=\"og:url\" content=\"https:\/\/fmpatagoniamadryn.com.ar\/?p=18096\" \/>\n<meta property=\"og:site_name\" content=\"FM Patagonia Madryn\" \/>\n<meta property=\"article:published_time\" content=\"2025-09-26T14:09:15+00:00\" \/>\n<meta property=\"og:image\" content=\"https:\/\/fmpatagoniamadryn.com.ar\/wp-content\/uploads\/2025\/09\/img_3350.jpg\" \/>\n\t<meta property=\"og:image:width\" content=\"1024\" \/>\n\t<meta property=\"og:image:height\" content=\"768\" \/>\n\t<meta property=\"og:image:type\" content=\"image\/jpeg\" \/>\n<meta name=\"author\" content=\"FM Patagonia\" \/>\n<meta name=\"twitter:card\" content=\"summary_large_image\" \/>\n<meta name=\"twitter:label1\" content=\"Escrito por\" \/>\n\t<meta name=\"twitter:data1\" content=\"FM Patagonia\" \/>\n\t<meta name=\"twitter:label2\" content=\"Tiempo de lectura\" \/>\n\t<meta name=\"twitter:data2\" content=\"2 minutos\" \/>\n<script type=\"application\/ld+json\" class=\"yoast-schema-graph\">{\"@context\":\"https:\\\/\\\/schema.org\",\"@graph\":[{\"@type\":\"Article\",\"@id\":\"https:\\\/\\\/fmpatagoniamadryn.com.ar\\\/?p=18096#article\",\"isPartOf\":{\"@id\":\"https:\\\/\\\/fmpatagoniamadryn.com.ar\\\/?p=18096\"},\"author\":{\"name\":\"FM Patagonia\",\"@id\":\"https:\\\/\\\/fmpatagoniamadryn.com.ar\\\/#\\\/schema\\\/person\\\/8a3de4ad7efceacab06c1641c50303b7\"},\"headline\":\"CONTIN\u00daA LA CAMPA\u00d1A DE LIMPIEZA EN LOS BARRIOS PATAGONIA, ANON CARR Y RUCAL HUE\",\"datePublished\":\"2025-09-26T14:09:15+00:00\",\"mainEntityOfPage\":{\"@id\":\"https:\\\/\\\/fmpatagoniamadryn.com.ar\\\/?p=18096\"},\"wordCount\":428,\"publisher\":{\"@id\":\"https:\\\/\\\/fmpatagoniamadryn.com.ar\\\/#organization\"},\"image\":{\"@id\":\"https:\\\/\\\/fmpatagoniamadryn.com.ar\\\/?p=18096#primaryimage\"},\"thumbnailUrl\":\"https:\\\/\\\/fmpatagoniamadryn.com.ar\\\/wp-content\\\/uploads\\\/2025\\\/09\\\/img_3350.jpg\",\"articleSection\":[\"Locales\"],\"inLanguage\":\"es\"},{\"@type\":\"WebPage\",\"@id\":\"https:\\\/\\\/fmpatagoniamadryn.com.ar\\\/?p=18096\",\"url\":\"https:\\\/\\\/fmpatagoniamadryn.com.ar\\\/?p=18096\",\"name\":\"CONTIN\u00daA LA CAMPA\u00d1A DE LIMPIEZA EN LOS BARRIOS PATAGONIA, ANON CARR Y RUCAL HUE - FM Patagonia Madryn\",\"isPartOf\":{\"@id\":\"https:\\\/\\\/fmpatagoniamadryn.com.ar\\\/#website\"},\"primaryImageOfPage\":{\"@id\":\"https:\\\/\\\/fmpatagoniamadryn.com.ar\\\/?p=18096#primaryimage\"},\"image\":{\"@id\":\"https:\\\/\\\/fmpatagoniamadryn.com.ar\\\/?p=18096#primaryimage\"},\"thumbnailUrl\":\"https:\\\/\\\/fmpatagoniamadryn.com.ar\\\/wp-content\\\/uploads\\\/2025\\\/09\\\/img_3350.jpg\",\"datePublished\":\"2025-09-26T14:09:15+00:00\",\"breadcrumb\":{\"@id\":\"https:\\\/\\\/fmpatagoniamadryn.com.ar\\\/?p=18096#breadcrumb\"},\"inLanguage\":\"es\",\"potentialAction\":[{\"@type\":\"ReadAction\",\"target\":[\"https:\\\/\\\/fmpatagoniamadryn.com.ar\\\/?p=18096\"]}]},{\"@type\":\"ImageObject\",\"inLanguage\":\"es\",\"@id\":\"https:\\\/\\\/fmpatagoniamadryn.com.ar\\\/?p=18096#primaryimage\",\"url\":\"https:\\\/\\\/fmpatagoniamadryn.com.ar\\\/wp-content\\\/uploads\\\/2025\\\/09\\\/img_3350.jpg\",\"contentUrl\":\"https:\\\/\\\/fmpatagoniamadryn.com.ar\\\/wp-content\\\/uploads\\\/2025\\\/09\\\/img_3350.jpg\",\"width\":1024,\"height\":768},{\"@type\":\"BreadcrumbList\",\"@id\":\"https:\\\/\\\/fmpatagoniamadryn.com.ar\\\/?p=18096#breadcrumb\",\"itemListElement\":[{\"@type\":\"ListItem\",\"position\":1,\"name\":\"Portada\",\"item\":\"https:\\\/\\\/fmpatagoniamadryn.com.ar\\\/\"},{\"@type\":\"ListItem\",\"position\":2,\"name\":\"CONTIN\u00daA LA CAMPA\u00d1A DE LIMPIEZA EN LOS BARRIOS PATAGONIA, ANON CARR Y RUCAL HUE\"}]},{\"@type\":\"WebSite\",\"@id\":\"https:\\\/\\\/fmpatagoniamadryn.com.ar\\\/#website\",\"url\":\"https:\\\/\\\/fmpatagoniamadryn.com.ar\\\/\",\"name\":\"FM Patagonia Madryn\",\"description\":\"Radio Patagonia 105.5\",\"publisher\":{\"@id\":\"https:\\\/\\\/fmpatagoniamadryn.com.ar\\\/#organization\"},\"potentialAction\":[{\"@type\":\"SearchAction\",\"target\":{\"@type\":\"EntryPoint\",\"urlTemplate\":\"https:\\\/\\\/fmpatagoniamadryn.com.ar\\\/?s={search_term_string}\"},\"query-input\":{\"@type\":\"PropertyValueSpecification\",\"valueRequired\":true,\"valueName\":\"search_term_string\"}}],\"inLanguage\":\"es\"},{\"@type\":\"Organization\",\"@id\":\"https:\\\/\\\/fmpatagoniamadryn.com.ar\\\/#organization\",\"name\":\"FM Patagonia Madryn\",\"url\":\"https:\\\/\\\/fmpatagoniamadryn.com.ar\\\/\",\"logo\":{\"@type\":\"ImageObject\",\"inLanguage\":\"es\",\"@id\":\"https:\\\/\\\/fmpatagoniamadryn.com.ar\\\/#\\\/schema\\\/logo\\\/image\\\/\",\"url\":\"https:\\\/\\\/fmpatagoniamadryn.com.ar\\\/wp-content\\\/uploads\\\/2023\\\/01\\\/cropped-Diseno-sin-titulo.png\",\"contentUrl\":\"https:\\\/\\\/fmpatagoniamadryn.com.ar\\\/wp-content\\\/uploads\\\/2023\\\/01\\\/cropped-Diseno-sin-titulo.png\",\"width\":6911,\"height\":2657,\"caption\":\"FM Patagonia Madryn\"},\"image\":{\"@id\":\"https:\\\/\\\/fmpatagoniamadryn.com.ar\\\/#\\\/schema\\\/logo\\\/image\\\/\"}},{\"@type\":\"Person\",\"@id\":\"https:\\\/\\\/fmpatagoniamadryn.com.ar\\\/#\\\/schema\\\/person\\\/8a3de4ad7efceacab06c1641c50303b7\",\"name\":\"FM Patagonia\",\"url\":\"https:\\\/\\\/fmpatagoniamadryn.com.ar\\\/?author=2\"}]}<\/script>\n<!-- \/ Yoast SEO plugin. -->","yoast_head_json":{"title":"CONTIN\u00daA LA CAMPA\u00d1A DE LIMPIEZA EN LOS BARRIOS PATAGONIA, ANON CARR Y RUCAL HUE - FM Patagonia Madryn","robots":{"index":"index","follow":"follow","max-snippet":"max-snippet:-1","max-image-preview":"max-image-preview:large","max-video-preview":"max-video-preview:-1"},"canonical":"https:\/\/fmpatagoniamadryn.com.ar\/?p=18096","og_locale":"es_ES","og_type":"article","og_title":"CONTIN\u00daA LA CAMPA\u00d1A DE LIMPIEZA EN LOS BARRIOS PATAGONIA, ANON CARR Y RUCAL HUE - FM Patagonia Madryn","og_description":"Vecinos y vecinas podr\u00e1n depositar chatarra, escombros, neum\u00e1ticos, maderas y residuos de aparatos el\u00e9ctricos y electr\u00f3nicos en los contenedores que se dispondr\u00e1n en cada sector La Municipalidad de Puerto Madryn&hellip;","og_url":"https:\/\/fmpatagoniamadryn.com.ar\/?p=18096","og_site_name":"FM Patagonia Madryn","article_published_time":"2025-09-26T14:09:15+00:00","og_image":[{"width":1024,"height":768,"url":"https:\/\/fmpatagoniamadryn.com.ar\/wp-content\/uploads\/2025\/09\/img_3350.jpg","type":"image\/jpeg"}],"author":"FM Patagonia","twitter_card":"summary_large_image","twitter_misc":{"Escrito por":"FM Patagonia","Tiempo de lectura":"2 minutos"},"schema":{"@context":"https:\/\/schema.org","@graph":[{"@type":"Article","@id":"https:\/\/fmpatagoniamadryn.com.ar\/?p=18096#article","isPartOf":{"@id":"https:\/\/fmpatagoniamadryn.com.ar\/?p=18096"},"author":{"name":"FM Patagonia","@id":"https:\/\/fmpatagoniamadryn.com.ar\/#\/schema\/person\/8a3de4ad7efceacab06c1641c50303b7"},"headline":"CONTIN\u00daA LA CAMPA\u00d1A DE LIMPIEZA EN LOS BARRIOS PATAGONIA, ANON CARR Y RUCAL HUE","datePublished":"2025-09-26T14:09:15+00:00","mainEntityOfPage":{"@id":"https:\/\/fmpatagoniamadryn.com.ar\/?p=18096"},"wordCount":428,"publisher":{"@id":"https:\/\/fmpatagoniamadryn.com.ar\/#organization"},"image":{"@id":"https:\/\/fmpatagoniamadryn.com.ar\/?p=18096#primaryimage"},"thumbnailUrl":"https:\/\/fmpatagoniamadryn.com.ar\/wp-content\/uploads\/2025\/09\/img_3350.jpg","articleSection":["Locales"],"inLanguage":"es"},{"@type":"WebPage","@id":"https:\/\/fmpatagoniamadryn.com.ar\/?p=18096","url":"https:\/\/fmpatagoniamadryn.com.ar\/?p=18096","name":"CONTIN\u00daA LA CAMPA\u00d1A DE LIMPIEZA EN LOS BARRIOS PATAGONIA, ANON CARR Y RUCAL HUE - FM Patagonia Madryn","isPartOf":{"@id":"https:\/\/fmpatagoniamadryn.com.ar\/#website"},"primaryImageOfPage":{"@id":"https:\/\/fmpatagoniamadryn.com.ar\/?p=18096#primaryimage"},"image":{"@id":"https:\/\/fmpatagoniamadryn.com.ar\/?p=18096#primaryimage"},"thumbnailUrl":"https:\/\/fmpatagoniamadryn.com.ar\/wp-content\/uploads\/2025\/09\/img_3350.jpg","datePublished":"2025-09-26T14:09:15+00:00","breadcrumb":{"@id":"https:\/\/fmpatagoniamadryn.com.ar\/?p=18096#breadcrumb"},"inLanguage":"es","potentialAction":[{"@type":"ReadAction","target":["https:\/\/fmpatagoniamadryn.com.ar\/?p=18096"]}]},{"@type":"ImageObject","inLanguage":"es","@id":"https:\/\/fmpatagoniamadryn.com.ar\/?p=18096#primaryimage","url":"https:\/\/fmpatagoniamadryn.com.ar\/wp-content\/uploads\/2025\/09\/img_3350.jpg","contentUrl":"https:\/\/fmpatagoniamadryn.com.ar\/wp-content\/uploads\/2025\/09\/img_3350.jpg","width":1024,"height":768},{"@type":"BreadcrumbList","@id":"https:\/\/fmpatagoniamadryn.com.ar\/?p=18096#breadcrumb","itemListElement":[{"@type":"ListItem","position":1,"name":"Portada","item":"https:\/\/fmpatagoniamadryn.com.ar\/"},{"@type":"ListItem","position":2,"name":"CONTIN\u00daA LA CAMPA\u00d1A DE LIMPIEZA EN LOS BARRIOS PATAGONIA, ANON CARR Y RUCAL HUE"}]},{"@type":"WebSite","@id":"https:\/\/fmpatagoniamadryn.com.ar\/#website","url":"https:\/\/fmpatagoniamadryn.com.ar\/","name":"FM Patagonia Madryn","description":"Radio Patagonia 105.5","publisher":{"@id":"https:\/\/fmpatagoniamadryn.com.ar\/#organization"},"potentialAction":[{"@type":"SearchAction","target":{"@type":"EntryPoint","urlTemplate":"https:\/\/fmpatagoniamadryn.com.ar\/?s={search_term_string}"},"query-input":{"@type":"PropertyValueSpecification","valueRequired":true,"valueName":"search_term_string"}}],"inLanguage":"es"},{"@type":"Organization","@id":"https:\/\/fmpatagoniamadryn.com.ar\/#organization","name":"FM Patagonia Madryn","url":"https:\/\/fmpatagoniamadryn.com.ar\/","logo":{"@type":"ImageObject","inLanguage":"es","@id":"https:\/\/fmpatagoniamadryn.com.ar\/#\/schema\/logo\/image\/","url":"https:\/\/fmpatagoniamadryn.com.ar\/wp-content\/uploads\/2023\/01\/cropped-Diseno-sin-titulo.png","contentUrl":"https:\/\/fmpatagoniamadryn.com.ar\/wp-content\/uploads\/2023\/01\/cropped-Diseno-sin-titulo.png","width":6911,"height":2657,"caption":"FM Patagonia Madryn"},"image":{"@id":"https:\/\/fmpatagoniamadryn.com.ar\/#\/schema\/logo\/image\/"}},{"@type":"Person","@id":"https:\/\/fmpatagoniamadryn.com.ar\/#\/schema\/person\/8a3de4ad7efceacab06c1641c50303b7","name":"FM Patagonia","url":"https:\/\/fmpatagoniamadryn.com.ar\/?author=2"}]}},"jetpack_featured_media_url":"https:\/\/fmpatagoniamadryn.com.ar\/wp-content\/uploads\/2025\/09\/img_3350.jpg","_links":{"self":[{"href":"https:\/\/fmpatagoniamadryn.com.ar\/index.php?rest_route=\/wp\/v2\/posts\/18096","targetHints":{"allow":["GET"]}}],"collection":[{"href":"https:\/\/fmpatagoniamadryn.com.ar\/index.php?rest_route=\/wp\/v2\/posts"}],"about":[{"href":"https:\/\/fmpatagoniamadryn.com.ar\/index.php?rest_route=\/wp\/v2\/types\/post"}],"author":[{"embeddable":true,"href":"https:\/\/fmpatagoniamadryn.com.ar\/index.php?rest_route=\/wp\/v2\/users\/2"}],"replies":[{"embeddable":true,"href":"https:\/\/fmpatagoniamadryn.com.ar\/index.php?rest_route=%2Fwp%2Fv2%2Fcomments&post=18096"}],"version-history":[{"count":1,"href":"https:\/\/fmpatagoniamadryn.com.ar\/index.php?rest_route=\/wp\/v2\/posts\/18096\/revisions"}],"predecessor-version":[{"id":18097,"href":"https:\/\/fmpatagoniamadryn.com.ar\/index.php?rest_route=\/wp\/v2\/posts\/18096\/revisions\/18097"}],"wp:featuredmedia":[{"embeddable":true,"href":"https:\/\/fmpatagoniamadryn.com.ar\/index.php?rest_route=\/wp\/v2\/media\/18095"}],"wp:attachment":[{"href":"https:\/\/fmpatagoniamadryn.com.ar\/index.php?rest_route=%2Fwp%2Fv2%2Fmedia&parent=18096"}],"wp:term":[{"taxonomy":"category","embeddable":true,"href":"https:\/\/fmpatagoniamadryn.com.ar\/index.php?rest_route=%2Fwp%2Fv2%2Fcategories&post=18096"},{"taxonomy":"post_tag","embeddable":true,"href":"https:\/\/fmpatagoniamadryn.com.ar\/index.php?rest_route=%2Fwp%2Fv2%2Ftags&post=18096"}],"curies":[{"name":"wp","href":"https:\/\/api.w.org\/{rel}","templated":true}]}}