{"id":18105,"date":"2025-09-27T16:21:04","date_gmt":"2025-09-27T19:21:04","guid":{"rendered":"https:\/\/fmpatagoniamadryn.com.ar\/?p=18105"},"modified":"2025-09-27T16:21:04","modified_gmt":"2025-09-27T19:21:04","slug":"torres-inauguro-la-nueva-subcentral-de-brigadistas-en-las-golondrinas-un-hito-para-la-prevencion-y-respuesta-ante-incendios-en-toda-la-cordillera","status":"publish","type":"post","link":"https:\/\/fmpatagoniamadryn.com.ar\/?p=18105","title":{"rendered":"Torres inaugur\u00f3 la nueva Subcentral de Brigadistas en Las Golondrinas: un hito para la prevenci\u00f3n y respuesta ante incendios en toda la Cordillera"},"content":{"rendered":"\n<p><\/p>\n\n\n\n<p><em>El mandatario destac\u00f3 el hermanamiento entre Chubut, Neuqu\u00e9n y R\u00edo Negro y subray\u00f3 que \u201ccomo patag\u00f3nicos, no tenemos por qu\u00e9 tener miedo de sentarnos con alguien que piense distinto, si el objetivo es salir adelante\u201d. La nueva Subcentral funcionar\u00e1 como centro de control y estrategia para toda la regi\u00f3n cordillerana, mejorando las condiciones laborales de los brigadistas y la capacidad de respuesta del Servicio Nacional del Manejo del Fuego.<\/em><\/p>\n\n\n\n<p>El gobernador del Chubut, Ignacio \u201cNacho\u201d Torres, inaugur\u00f3 la Subcentral de Coordinaci\u00f3n y Despacho del Paraje Las Golondrinas, en Lago Puelo: una infraestructura clave que permitir\u00e1 concentrar en un \u00fanico espacio la labor de brigadistas y mejorar sustancialmente la capacidad operativa en toda la regi\u00f3n cordillerana. La base contar\u00e1 con un helipuerto, un centro perimetral y un parque de veh\u00edculos.<\/p>\n\n\n\n<p>La obra, ejecutada por la Unidad Ejecutora Provincial con una inversi\u00f3n superior a los $1.000 millones, implic\u00f3 la colaboraci\u00f3n y articulaci\u00f3n de estrategias conjuntas entre las provincias de Chubut, R\u00edo Negro y Neuqu\u00e9n, fortaleciendo el federalismo patag\u00f3nico y garantizando mayor protecci\u00f3n a las comunidades frente a incendios forestales.<\/p>\n\n\n\n<p>Durante el acto acompa\u00f1aron al mandatario el gobernador de R\u00edo Negro, Alberto Weretilneck; en representaci\u00f3n del gobierno de Neuqu\u00e9n, la secretaria de Emergencias y Gesti\u00f3n de Riesgos, Luciana Ortiz Luna; la diputada nacional Ana Clara Romero; legisladores provinciales; el ministro de Seguridad y Justicia, H\u00e9ctor Iturrioz; los secretarios de Bosques, Abel Nievas Arroyo; de Ciencia y Tecnolog\u00eda, Guillermo Defoss\u00e9; de Infraestructura, Energ\u00eda y Planificaci\u00f3n, Hern\u00e1n T\u00f3rtola; el subsecretario de Protecci\u00f3n Civil, Eduardo \u201cLalo\u201d P\u00e9rez; el titular de Loter\u00eda del Chubut, Ramiro Ibarra; intendentes y jefes comunales de la Comarca Andina.<\/p>\n\n\n\n<p><strong>\u201cDuplicar los esfuerzos\u201d<\/strong><\/p>\n\n\n\n<p>Al momento de tomar la palabra, Torres remarc\u00f3 que \u201ceste es un d\u00eda muy emocionante\u201d y detall\u00f3: \u201cApenas asumimos tuvimos que enfrentar uno de los incendios m\u00e1s grandes de las \u00faltimas d\u00e9cadas, y vimos de primera mano c\u00f3mo contrastaban, por un lado, los miserables que hac\u00edan da\u00f1o por el solo hecho de destruir, y por otro, el hermanamiento de brigadistas, bomberos voluntarios y del Sistema Nacional del Manejo del Fuego que dejaban su alma para salvar vidas\u201d.<\/p>\n\n\n\n<p>Asimismo, Torres agreg\u00f3 que \u201cese contraste nos llev\u00f3 a priorizar la prevenci\u00f3n, a cuidar a quienes nos cuidan y a demostrar que, en momentos de divisi\u00f3n, la mejor forma de protegernos es trabajando juntos\u201d.<\/p>\n\n\n\n<p><strong>\u201cTres provincias que trabajan como una sola\u201d<\/strong><\/p>\n\n\n\n<p>En otro pasaje de su discurso, el Gobernador sostuvo que \u201clos patag\u00f3nicos podemos dar un ejemplo: no tenemos por qu\u00e9 tener miedo de sentarnos con alguien que piense distinto, si el objetivo es salir adelante. Lo hicimos con el gas, con la electricidad y ahora con esta obra central que se hab\u00eda abandonado, y lo logramos con creatividad, austeridad y responsabilidad fiscal\u201d.<\/p>\n\n\n\n<p>De igual manera, a\u00f1adi\u00f3 que \u201cnos toc\u00f3 gobernar en un momento econ\u00f3mico dif\u00edcil, pero es cuando m\u00e1s debemos duplicar esfuerzos, dejar de lado mezquindades y trabajar espalda con espalda. Cuando quieran avanzar contra nuestros intereses, vamos a demostrar que en la Patagonia nos organizamos y nos sabemos defender\u201d.<\/p>\n\n\n\n<p><strong>\u201cUna nueva forma de abordar las emergencias\u201d<\/strong><\/p>\n\n\n\n<p>Por su parte, el gobernador de R\u00edo Negro, Alberto Weretilneck, destac\u00f3 que \u201ceste ha sido el peor invierno de los \u00faltimos 14 a\u00f1os en cuanto a nieve, lo que agrava el panorama y nos obliga a prepararnos a\u00fan m\u00e1s. La decisi\u00f3n de unirnos y de contar con medios propios&nbsp;entre las tres&nbsp;provincias nos da un poder de respuesta mucho mayor\u201d.<\/p>\n\n\n\n<p>A\u00f1adi\u00f3 tambi\u00e9n que \u201clos incendios de interfase nos exigen nuevas formas de planificar y dise\u00f1ar la respuesta, porque la Comarca ha crecido y cambi\u00f3 la realidad social. Si el Estado llega tarde, las consecuencias son mayores; si llega a tiempo, los resultados son los que buscamos\u201d.<\/p>\n\n\n\n<p>Finalmente, Weretilneck felicit\u00f3 a Torres por la obra: \u201cNo es solo un edificio, es un lugar con alma, que refleja el compromiso de quienes todos los d\u00edas arriesgan la vida para cuidar los bosques y a los vecinos\u201d.<\/p>\n\n\n\n<p><strong>\u201cTres provincias unidas\u201d<\/strong><\/p>\n\n\n\n<p>Finalmente, la secretaria de Emergencias y Gesti\u00f3n de Riesgos de Neuqu\u00e9n, Luciana Ortiz Luna, asegur\u00f3 que \u201cestamos en la era de los incendios forestales y por eso dimos este paso: unirnos para combatirlos en conjunto, porque compartimos geograf\u00eda, clima e incluso visitantes. Hoy las tres provincias trabajamos como una sola\u201d.<\/p>\n\n\n\n<p><strong>Eficiencia y respuesta mejorada<\/strong><\/p>\n\n\n\n<p>La obra, con un presupuesto de $1.018.929.737,76, incluye el edificio central con hall, oficinas, SUM, cocina, dormitorios, dep\u00f3sitos, un tanque de agua de 55.500 litros y la provisi\u00f3n para autobombas. En una segunda etapa se prev\u00e9 la construcci\u00f3n de una Sala de Radio y Monitoreo en altura y un \u00e1rea de estacionamiento de 2.895 m\u00b2.<\/p>\n\n\n\n<p>El proyecto reemplaza instalaciones destruidas por los incendios de 2021 y marca un antes y un despu\u00e9s en la capacidad de respuesta ante emergencias en la Comarca Andina.<\/p>\n","protected":false},"excerpt":{"rendered":"<p>El mandatario destac\u00f3 el hermanamiento entre Chubut, Neuqu\u00e9n y R\u00edo Negro y subray\u00f3 que \u201ccomo patag\u00f3nicos, no tenemos por qu\u00e9 tener miedo de sentarnos con alguien que piense distinto, si&hellip; <\/p>\n","protected":false},"author":2,"featured_media":18104,"comment_status":"closed","ping_status":"closed","sticky":false,"template":"","format":"standard","meta":{"footnotes":""},"categories":[14],"tags":[],"class_list":["post-18105","post","type-post","status-publish","format-standard","has-post-thumbnail","hentry","category-provinciales"],"yoast_head":"<!-- This site is optimized with the Yoast SEO plugin v27.4 - https:\/\/yoast.com\/product\/yoast-seo-wordpress\/ -->\n<title>Torres inaugur\u00f3 la nueva Subcentral de Brigadistas en Las Golondrinas: un hito para la prevenci\u00f3n y respuesta ante incendios en toda la Cordillera - FM Patagonia Madryn<\/title>\n<meta name=\"robots\" content=\"index, follow, max-snippet:-1, max-image-preview:large, max-video-preview:-1\" \/>\n<link rel=\"canonical\" href=\"https:\/\/fmpatagoniamadryn.com.ar\/?p=18105\" \/>\n<meta property=\"og:locale\" content=\"es_ES\" \/>\n<meta property=\"og:type\" content=\"article\" \/>\n<meta property=\"og:title\" content=\"Torres inaugur\u00f3 la nueva Subcentral de Brigadistas en Las Golondrinas: un hito para la prevenci\u00f3n y respuesta ante incendios en toda la Cordillera - FM Patagonia Madryn\" \/>\n<meta property=\"og:description\" content=\"El mandatario destac\u00f3 el hermanamiento entre Chubut, Neuqu\u00e9n y R\u00edo Negro y subray\u00f3 que \u201ccomo patag\u00f3nicos, no tenemos por qu\u00e9 tener miedo de sentarnos con alguien que piense distinto, si&hellip;\" \/>\n<meta property=\"og:url\" content=\"https:\/\/fmpatagoniamadryn.com.ar\/?p=18105\" \/>\n<meta property=\"og:site_name\" content=\"FM Patagonia Madryn\" \/>\n<meta property=\"article:published_time\" content=\"2025-09-27T19:21:04+00:00\" \/>\n<meta property=\"og:image\" content=\"https:\/\/fmpatagoniamadryn.com.ar\/wp-content\/uploads\/2025\/09\/img_5359.jpg\" \/>\n\t<meta property=\"og:image:width\" content=\"2000\" \/>\n\t<meta property=\"og:image:height\" content=\"1331\" \/>\n\t<meta property=\"og:image:type\" content=\"image\/jpeg\" \/>\n<meta name=\"author\" content=\"FM Patagonia\" \/>\n<meta name=\"twitter:card\" content=\"summary_large_image\" \/>\n<meta name=\"twitter:label1\" content=\"Escrito por\" \/>\n\t<meta name=\"twitter:data1\" content=\"FM Patagonia\" \/>\n\t<meta name=\"twitter:label2\" content=\"Tiempo de lectura\" \/>\n\t<meta name=\"twitter:data2\" content=\"4 minutos\" \/>\n<script type=\"application\/ld+json\" class=\"yoast-schema-graph\">{\"@context\":\"https:\\\/\\\/schema.org\",\"@graph\":[{\"@type\":\"Article\",\"@id\":\"https:\\\/\\\/fmpatagoniamadryn.com.ar\\\/?p=18105#article\",\"isPartOf\":{\"@id\":\"https:\\\/\\\/fmpatagoniamadryn.com.ar\\\/?p=18105\"},\"author\":{\"name\":\"FM Patagonia\",\"@id\":\"https:\\\/\\\/fmpatagoniamadryn.com.ar\\\/#\\\/schema\\\/person\\\/8a3de4ad7efceacab06c1641c50303b7\"},\"headline\":\"Torres inaugur\u00f3 la nueva Subcentral de Brigadistas en Las Golondrinas: un hito para la prevenci\u00f3n y respuesta ante incendios en toda la Cordillera\",\"datePublished\":\"2025-09-27T19:21:04+00:00\",\"mainEntityOfPage\":{\"@id\":\"https:\\\/\\\/fmpatagoniamadryn.com.ar\\\/?p=18105\"},\"wordCount\":868,\"publisher\":{\"@id\":\"https:\\\/\\\/fmpatagoniamadryn.com.ar\\\/#organization\"},\"image\":{\"@id\":\"https:\\\/\\\/fmpatagoniamadryn.com.ar\\\/?p=18105#primaryimage\"},\"thumbnailUrl\":\"https:\\\/\\\/fmpatagoniamadryn.com.ar\\\/wp-content\\\/uploads\\\/2025\\\/09\\\/img_5359.jpg\",\"articleSection\":[\"Provinciales\"],\"inLanguage\":\"es\"},{\"@type\":\"WebPage\",\"@id\":\"https:\\\/\\\/fmpatagoniamadryn.com.ar\\\/?p=18105\",\"url\":\"https:\\\/\\\/fmpatagoniamadryn.com.ar\\\/?p=18105\",\"name\":\"Torres inaugur\u00f3 la nueva Subcentral de Brigadistas en Las Golondrinas: un hito para la prevenci\u00f3n y respuesta ante incendios en toda la Cordillera - FM Patagonia Madryn\",\"isPartOf\":{\"@id\":\"https:\\\/\\\/fmpatagoniamadryn.com.ar\\\/#website\"},\"primaryImageOfPage\":{\"@id\":\"https:\\\/\\\/fmpatagoniamadryn.com.ar\\\/?p=18105#primaryimage\"},\"image\":{\"@id\":\"https:\\\/\\\/fmpatagoniamadryn.com.ar\\\/?p=18105#primaryimage\"},\"thumbnailUrl\":\"https:\\\/\\\/fmpatagoniamadryn.com.ar\\\/wp-content\\\/uploads\\\/2025\\\/09\\\/img_5359.jpg\",\"datePublished\":\"2025-09-27T19:21:04+00:00\",\"breadcrumb\":{\"@id\":\"https:\\\/\\\/fmpatagoniamadryn.com.ar\\\/?p=18105#breadcrumb\"},\"inLanguage\":\"es\",\"potentialAction\":[{\"@type\":\"ReadAction\",\"target\":[\"https:\\\/\\\/fmpatagoniamadryn.com.ar\\\/?p=18105\"]}]},{\"@type\":\"ImageObject\",\"inLanguage\":\"es\",\"@id\":\"https:\\\/\\\/fmpatagoniamadryn.com.ar\\\/?p=18105#primaryimage\",\"url\":\"https:\\\/\\\/fmpatagoniamadryn.com.ar\\\/wp-content\\\/uploads\\\/2025\\\/09\\\/img_5359.jpg\",\"contentUrl\":\"https:\\\/\\\/fmpatagoniamadryn.com.ar\\\/wp-content\\\/uploads\\\/2025\\\/09\\\/img_5359.jpg\",\"width\":2000,\"height\":1331},{\"@type\":\"BreadcrumbList\",\"@id\":\"https:\\\/\\\/fmpatagoniamadryn.com.ar\\\/?p=18105#breadcrumb\",\"itemListElement\":[{\"@type\":\"ListItem\",\"position\":1,\"name\":\"Portada\",\"item\":\"https:\\\/\\\/fmpatagoniamadryn.com.ar\\\/\"},{\"@type\":\"ListItem\",\"position\":2,\"name\":\"Torres inaugur\u00f3 la nueva Subcentral de Brigadistas en Las Golondrinas: un hito para la prevenci\u00f3n y respuesta ante incendios en toda la Cordillera\"}]},{\"@type\":\"WebSite\",\"@id\":\"https:\\\/\\\/fmpatagoniamadryn.com.ar\\\/#website\",\"url\":\"https:\\\/\\\/fmpatagoniamadryn.com.ar\\\/\",\"name\":\"FM Patagonia Madryn\",\"description\":\"Radio Patagonia 105.5\",\"publisher\":{\"@id\":\"https:\\\/\\\/fmpatagoniamadryn.com.ar\\\/#organization\"},\"potentialAction\":[{\"@type\":\"SearchAction\",\"target\":{\"@type\":\"EntryPoint\",\"urlTemplate\":\"https:\\\/\\\/fmpatagoniamadryn.com.ar\\\/?s={search_term_string}\"},\"query-input\":{\"@type\":\"PropertyValueSpecification\",\"valueRequired\":true,\"valueName\":\"search_term_string\"}}],\"inLanguage\":\"es\"},{\"@type\":\"Organization\",\"@id\":\"https:\\\/\\\/fmpatagoniamadryn.com.ar\\\/#organization\",\"name\":\"FM Patagonia Madryn\",\"url\":\"https:\\\/\\\/fmpatagoniamadryn.com.ar\\\/\",\"logo\":{\"@type\":\"ImageObject\",\"inLanguage\":\"es\",\"@id\":\"https:\\\/\\\/fmpatagoniamadryn.com.ar\\\/#\\\/schema\\\/logo\\\/image\\\/\",\"url\":\"https:\\\/\\\/fmpatagoniamadryn.com.ar\\\/wp-content\\\/uploads\\\/2023\\\/01\\\/cropped-Diseno-sin-titulo.png\",\"contentUrl\":\"https:\\\/\\\/fmpatagoniamadryn.com.ar\\\/wp-content\\\/uploads\\\/2023\\\/01\\\/cropped-Diseno-sin-titulo.png\",\"width\":6911,\"height\":2657,\"caption\":\"FM Patagonia Madryn\"},\"image\":{\"@id\":\"https:\\\/\\\/fmpatagoniamadryn.com.ar\\\/#\\\/schema\\\/logo\\\/image\\\/\"}},{\"@type\":\"Person\",\"@id\":\"https:\\\/\\\/fmpatagoniamadryn.com.ar\\\/#\\\/schema\\\/person\\\/8a3de4ad7efceacab06c1641c50303b7\",\"name\":\"FM Patagonia\",\"url\":\"https:\\\/\\\/fmpatagoniamadryn.com.ar\\\/?author=2\"}]}<\/script>\n<!-- \/ Yoast SEO plugin. -->","yoast_head_json":{"title":"Torres inaugur\u00f3 la nueva Subcentral de Brigadistas en Las Golondrinas: un hito para la prevenci\u00f3n y respuesta ante incendios en toda la Cordillera - FM Patagonia Madryn","robots":{"index":"index","follow":"follow","max-snippet":"max-snippet:-1","max-image-preview":"max-image-preview:large","max-video-preview":"max-video-preview:-1"},"canonical":"https:\/\/fmpatagoniamadryn.com.ar\/?p=18105","og_locale":"es_ES","og_type":"article","og_title":"Torres inaugur\u00f3 la nueva Subcentral de Brigadistas en Las Golondrinas: un hito para la prevenci\u00f3n y respuesta ante incendios en toda la Cordillera - FM Patagonia Madryn","og_description":"El mandatario destac\u00f3 el hermanamiento entre Chubut, Neuqu\u00e9n y R\u00edo Negro y subray\u00f3 que \u201ccomo patag\u00f3nicos, no tenemos por qu\u00e9 tener miedo de sentarnos con alguien que piense distinto, si&hellip;","og_url":"https:\/\/fmpatagoniamadryn.com.ar\/?p=18105","og_site_name":"FM Patagonia Madryn","article_published_time":"2025-09-27T19:21:04+00:00","og_image":[{"width":2000,"height":1331,"url":"https:\/\/fmpatagoniamadryn.com.ar\/wp-content\/uploads\/2025\/09\/img_5359.jpg","type":"image\/jpeg"}],"author":"FM Patagonia","twitter_card":"summary_large_image","twitter_misc":{"Escrito por":"FM Patagonia","Tiempo de lectura":"4 minutos"},"schema":{"@context":"https:\/\/schema.org","@graph":[{"@type":"Article","@id":"https:\/\/fmpatagoniamadryn.com.ar\/?p=18105#article","isPartOf":{"@id":"https:\/\/fmpatagoniamadryn.com.ar\/?p=18105"},"author":{"name":"FM Patagonia","@id":"https:\/\/fmpatagoniamadryn.com.ar\/#\/schema\/person\/8a3de4ad7efceacab06c1641c50303b7"},"headline":"Torres inaugur\u00f3 la nueva Subcentral de Brigadistas en Las Golondrinas: un hito para la prevenci\u00f3n y respuesta ante incendios en toda la Cordillera","datePublished":"2025-09-27T19:21:04+00:00","mainEntityOfPage":{"@id":"https:\/\/fmpatagoniamadryn.com.ar\/?p=18105"},"wordCount":868,"publisher":{"@id":"https:\/\/fmpatagoniamadryn.com.ar\/#organization"},"image":{"@id":"https:\/\/fmpatagoniamadryn.com.ar\/?p=18105#primaryimage"},"thumbnailUrl":"https:\/\/fmpatagoniamadryn.com.ar\/wp-content\/uploads\/2025\/09\/img_5359.jpg","articleSection":["Provinciales"],"inLanguage":"es"},{"@type":"WebPage","@id":"https:\/\/fmpatagoniamadryn.com.ar\/?p=18105","url":"https:\/\/fmpatagoniamadryn.com.ar\/?p=18105","name":"Torres inaugur\u00f3 la nueva Subcentral de Brigadistas en Las Golondrinas: un hito para la prevenci\u00f3n y respuesta ante incendios en toda la Cordillera - FM Patagonia Madryn","isPartOf":{"@id":"https:\/\/fmpatagoniamadryn.com.ar\/#website"},"primaryImageOfPage":{"@id":"https:\/\/fmpatagoniamadryn.com.ar\/?p=18105#primaryimage"},"image":{"@id":"https:\/\/fmpatagoniamadryn.com.ar\/?p=18105#primaryimage"},"thumbnailUrl":"https:\/\/fmpatagoniamadryn.com.ar\/wp-content\/uploads\/2025\/09\/img_5359.jpg","datePublished":"2025-09-27T19:21:04+00:00","breadcrumb":{"@id":"https:\/\/fmpatagoniamadryn.com.ar\/?p=18105#breadcrumb"},"inLanguage":"es","potentialAction":[{"@type":"ReadAction","target":["https:\/\/fmpatagoniamadryn.com.ar\/?p=18105"]}]},{"@type":"ImageObject","inLanguage":"es","@id":"https:\/\/fmpatagoniamadryn.com.ar\/?p=18105#primaryimage","url":"https:\/\/fmpatagoniamadryn.com.ar\/wp-content\/uploads\/2025\/09\/img_5359.jpg","contentUrl":"https:\/\/fmpatagoniamadryn.com.ar\/wp-content\/uploads\/2025\/09\/img_5359.jpg","width":2000,"height":1331},{"@type":"BreadcrumbList","@id":"https:\/\/fmpatagoniamadryn.com.ar\/?p=18105#breadcrumb","itemListElement":[{"@type":"ListItem","position":1,"name":"Portada","item":"https:\/\/fmpatagoniamadryn.com.ar\/"},{"@type":"ListItem","position":2,"name":"Torres inaugur\u00f3 la nueva Subcentral de Brigadistas en Las Golondrinas: un hito para la prevenci\u00f3n y respuesta ante incendios en toda la Cordillera"}]},{"@type":"WebSite","@id":"https:\/\/fmpatagoniamadryn.com.ar\/#website","url":"https:\/\/fmpatagoniamadryn.com.ar\/","name":"FM Patagonia Madryn","description":"Radio Patagonia 105.5","publisher":{"@id":"https:\/\/fmpatagoniamadryn.com.ar\/#organization"},"potentialAction":[{"@type":"SearchAction","target":{"@type":"EntryPoint","urlTemplate":"https:\/\/fmpatagoniamadryn.com.ar\/?s={search_term_string}"},"query-input":{"@type":"PropertyValueSpecification","valueRequired":true,"valueName":"search_term_string"}}],"inLanguage":"es"},{"@type":"Organization","@id":"https:\/\/fmpatagoniamadryn.com.ar\/#organization","name":"FM Patagonia Madryn","url":"https:\/\/fmpatagoniamadryn.com.ar\/","logo":{"@type":"ImageObject","inLanguage":"es","@id":"https:\/\/fmpatagoniamadryn.com.ar\/#\/schema\/logo\/image\/","url":"https:\/\/fmpatagoniamadryn.com.ar\/wp-content\/uploads\/2023\/01\/cropped-Diseno-sin-titulo.png","contentUrl":"https:\/\/fmpatagoniamadryn.com.ar\/wp-content\/uploads\/2023\/01\/cropped-Diseno-sin-titulo.png","width":6911,"height":2657,"caption":"FM Patagonia Madryn"},"image":{"@id":"https:\/\/fmpatagoniamadryn.com.ar\/#\/schema\/logo\/image\/"}},{"@type":"Person","@id":"https:\/\/fmpatagoniamadryn.com.ar\/#\/schema\/person\/8a3de4ad7efceacab06c1641c50303b7","name":"FM Patagonia","url":"https:\/\/fmpatagoniamadryn.com.ar\/?author=2"}]}},"jetpack_featured_media_url":"https:\/\/fmpatagoniamadryn.com.ar\/wp-content\/uploads\/2025\/09\/img_5359.jpg","_links":{"self":[{"href":"https:\/\/fmpatagoniamadryn.com.ar\/index.php?rest_route=\/wp\/v2\/posts\/18105","targetHints":{"allow":["GET"]}}],"collection":[{"href":"https:\/\/fmpatagoniamadryn.com.ar\/index.php?rest_route=\/wp\/v2\/posts"}],"about":[{"href":"https:\/\/fmpatagoniamadryn.com.ar\/index.php?rest_route=\/wp\/v2\/types\/post"}],"author":[{"embeddable":true,"href":"https:\/\/fmpatagoniamadryn.com.ar\/index.php?rest_route=\/wp\/v2\/users\/2"}],"replies":[{"embeddable":true,"href":"https:\/\/fmpatagoniamadryn.com.ar\/index.php?rest_route=%2Fwp%2Fv2%2Fcomments&post=18105"}],"version-history":[{"count":1,"href":"https:\/\/fmpatagoniamadryn.com.ar\/index.php?rest_route=\/wp\/v2\/posts\/18105\/revisions"}],"predecessor-version":[{"id":18106,"href":"https:\/\/fmpatagoniamadryn.com.ar\/index.php?rest_route=\/wp\/v2\/posts\/18105\/revisions\/18106"}],"wp:featuredmedia":[{"embeddable":true,"href":"https:\/\/fmpatagoniamadryn.com.ar\/index.php?rest_route=\/wp\/v2\/media\/18104"}],"wp:attachment":[{"href":"https:\/\/fmpatagoniamadryn.com.ar\/index.php?rest_route=%2Fwp%2Fv2%2Fmedia&parent=18105"}],"wp:term":[{"taxonomy":"category","embeddable":true,"href":"https:\/\/fmpatagoniamadryn.com.ar\/index.php?rest_route=%2Fwp%2Fv2%2Fcategories&post=18105"},{"taxonomy":"post_tag","embeddable":true,"href":"https:\/\/fmpatagoniamadryn.com.ar\/index.php?rest_route=%2Fwp%2Fv2%2Ftags&post=18105"}],"curies":[{"name":"wp","href":"https:\/\/api.w.org\/{rel}","templated":true}]}}