{"id":18111,"date":"2025-09-28T18:09:33","date_gmt":"2025-09-28T21:09:33","guid":{"rendered":"https:\/\/fmpatagoniamadryn.com.ar\/?p=18111"},"modified":"2025-09-28T18:09:33","modified_gmt":"2025-09-28T21:09:33","slug":"chubut-implementara-un-bachillerato-con-orientacion-en-energia-y-sustentabilidad","status":"publish","type":"post","link":"https:\/\/fmpatagoniamadryn.com.ar\/?p=18111","title":{"rendered":"Chubut implementar\u00e1 un Bachillerato con Orientaci\u00f3n en Energ\u00eda y Sustentabilidad"},"content":{"rendered":"\n<p class=\"MsoNormal\">&nbsp;<\/p>\n\n\n\n<p><\/p>\n\n\n\n<p><em>La nueva propuesta educativa, impulsada por la gesti\u00f3n del gobernador Ignacio \u201cNacho\u201d Torres, se pondr\u00e1 en marcha el pr\u00f3ximo ciclo lectivo con el objetivo de preparar a los estudiantes frente a los desaf\u00edos del desarrollo energ\u00e9tico y ambiental.<\/em><\/p>\n\n\n\n<p>En un contexto mundial donde la sostenibilidad ambiental y el uso responsable de los recursos energ\u00e9ticos resultan claves para garantizar un futuro viable, el Gobierno del Chubut dispuso, a trav\u00e9s del Ministerio de Educaci\u00f3n, la creaci\u00f3n e implementaci\u00f3n del Bachillerato con Orientaci\u00f3n en Energ\u00eda y Sustentabilidad.<\/p>\n\n\n\n<p>Esta iniciativa educativa innovadora responde a la necesidad de brindar a los j\u00f3venes conocimientos y herramientas que les permitan comprender los cambios globales y aportar soluciones en torno a la energ\u00eda y el ambiente.<\/p>\n\n\n\n<p><strong>Una formaci\u00f3n alineada con el potencial de Chubut<\/strong><\/p>\n\n\n\n<p>La provincia cuenta con un enorme potencial en energ\u00edas renovables, particularmente en los campos de la energ\u00eda e\u00f3lica y solar, lo que la convierte en un territorio estrat\u00e9gico para el desarrollo del hidr\u00f3geno verde, una fuente energ\u00e9tica limpia y con gran proyecci\u00f3n internacional.<\/p>\n\n\n\n<p>En este marco, la creaci\u00f3n del Bachillerato con Orientaci\u00f3n en Energ\u00eda y Sustentabilidad representa una oportunidad para que los estudiantes se formen con una mirada integral, cr\u00edtica y comprometida con el cuidado del ambiente.<\/p>\n\n\n\n<p>La implementaci\u00f3n de esta propuesta permitir\u00e1 que las escuelas secundarias de la provincia incorporen la nueva orientaci\u00f3n a partir del pr\u00f3ximo ciclo lectivo, ampliando las alternativas formativas y fortaleciendo la vinculaci\u00f3n entre el sistema educativo y los desaf\u00edos actuales del desarrollo sustentable.<\/p>\n\n\n\n<p><strong>Oportunidades para el futuro acad\u00e9mico y laboral<\/strong><\/p>\n\n\n\n<p>Desde la cartera educativa indicaron que el Bachillerato se estructura en torno a tres bloques tem\u00e1ticos centrales:<br \/>\u2022 Energ\u00eda y modelos de desarrollo<br \/>\u2022 Recursos energ\u00e9ticos y problem\u00e1tica ambiental<br \/>\u2022 Gesti\u00f3n y pol\u00edtica energ\u00e9tica<\/p>\n\n\n\n<p>Estos contenidos se articular\u00e1n con los espacios generales de la Formaci\u00f3n Orientada.<\/p>\n\n\n\n<p>El programa apunta a preparar a los j\u00f3venes para integrarse al mundo laboral en \u00e1reas vinculadas con las energ\u00edas renovables y el desarrollo sustentable. Al mismo tiempo, busca fortalecer su vocaci\u00f3n y conocimientos para la continuidad en estudios superiores en el campo cient\u00edfico-tecnol\u00f3gico, con foco en la producci\u00f3n, transporte, distribuci\u00f3n y consumo de energ\u00eda.<\/p>\n\n\n\n<p>Con esta iniciativa, la gesti\u00f3n del gobernador Ignacio \u201cNacho\u201d Torres reafirma su compromiso de ofrecer propuestas educativas acordes a los desaf\u00edos del presente y con proyecci\u00f3n hacia el futuro, ampliando las oportunidades acad\u00e9micas y profesionales para la juventud chubutense.<\/p>\n\n\n\n<p class=\"MsoNormal\">&#8212;<\/p>\n","protected":false},"excerpt":{"rendered":"<p>&nbsp; La nueva propuesta educativa, impulsada por la gesti\u00f3n del gobernador Ignacio \u201cNacho\u201d Torres, se pondr\u00e1 en marcha el pr\u00f3ximo ciclo lectivo con el objetivo de preparar a los estudiantes&hellip; <\/p>\n","protected":false},"author":2,"featured_media":18110,"comment_status":"closed","ping_status":"closed","sticky":false,"template":"","format":"standard","meta":{"footnotes":""},"categories":[15],"tags":[],"class_list":["post-18111","post","type-post","status-publish","format-standard","has-post-thumbnail","hentry","category-locales"],"yoast_head":"<!-- This site is optimized with the Yoast SEO plugin v27.4 - https:\/\/yoast.com\/product\/yoast-seo-wordpress\/ -->\n<title>Chubut implementar\u00e1 un Bachillerato con Orientaci\u00f3n en Energ\u00eda y Sustentabilidad - FM Patagonia Madryn<\/title>\n<meta name=\"robots\" content=\"index, follow, max-snippet:-1, max-image-preview:large, max-video-preview:-1\" \/>\n<link rel=\"canonical\" href=\"https:\/\/fmpatagoniamadryn.com.ar\/?p=18111\" \/>\n<meta property=\"og:locale\" content=\"es_ES\" \/>\n<meta property=\"og:type\" content=\"article\" \/>\n<meta property=\"og:title\" content=\"Chubut implementar\u00e1 un Bachillerato con Orientaci\u00f3n en Energ\u00eda y Sustentabilidad - FM Patagonia Madryn\" \/>\n<meta property=\"og:description\" content=\"&nbsp; La nueva propuesta educativa, impulsada por la gesti\u00f3n del gobernador Ignacio \u201cNacho\u201d Torres, se pondr\u00e1 en marcha el pr\u00f3ximo ciclo lectivo con el objetivo de preparar a los estudiantes&hellip;\" \/>\n<meta property=\"og:url\" content=\"https:\/\/fmpatagoniamadryn.com.ar\/?p=18111\" \/>\n<meta property=\"og:site_name\" content=\"FM Patagonia Madryn\" \/>\n<meta property=\"article:published_time\" content=\"2025-09-28T21:09:33+00:00\" \/>\n<meta property=\"og:image\" content=\"https:\/\/fmpatagoniamadryn.com.ar\/wp-content\/uploads\/2025\/09\/img_5416.jpg\" \/>\n\t<meta property=\"og:image:width\" content=\"1600\" \/>\n\t<meta property=\"og:image:height\" content=\"1066\" \/>\n\t<meta property=\"og:image:type\" content=\"image\/jpeg\" \/>\n<meta name=\"author\" content=\"FM Patagonia\" \/>\n<meta name=\"twitter:card\" content=\"summary_large_image\" \/>\n<meta name=\"twitter:label1\" content=\"Escrito por\" \/>\n\t<meta name=\"twitter:data1\" content=\"FM Patagonia\" \/>\n\t<meta name=\"twitter:label2\" content=\"Tiempo de lectura\" \/>\n\t<meta name=\"twitter:data2\" content=\"2 minutos\" \/>\n<script type=\"application\/ld+json\" class=\"yoast-schema-graph\">{\"@context\":\"https:\\\/\\\/schema.org\",\"@graph\":[{\"@type\":\"Article\",\"@id\":\"https:\\\/\\\/fmpatagoniamadryn.com.ar\\\/?p=18111#article\",\"isPartOf\":{\"@id\":\"https:\\\/\\\/fmpatagoniamadryn.com.ar\\\/?p=18111\"},\"author\":{\"name\":\"FM Patagonia\",\"@id\":\"https:\\\/\\\/fmpatagoniamadryn.com.ar\\\/#\\\/schema\\\/person\\\/8a3de4ad7efceacab06c1641c50303b7\"},\"headline\":\"Chubut implementar\u00e1 un Bachillerato con Orientaci\u00f3n en Energ\u00eda y Sustentabilidad\",\"datePublished\":\"2025-09-28T21:09:33+00:00\",\"mainEntityOfPage\":{\"@id\":\"https:\\\/\\\/fmpatagoniamadryn.com.ar\\\/?p=18111\"},\"wordCount\":454,\"publisher\":{\"@id\":\"https:\\\/\\\/fmpatagoniamadryn.com.ar\\\/#organization\"},\"image\":{\"@id\":\"https:\\\/\\\/fmpatagoniamadryn.com.ar\\\/?p=18111#primaryimage\"},\"thumbnailUrl\":\"https:\\\/\\\/fmpatagoniamadryn.com.ar\\\/wp-content\\\/uploads\\\/2025\\\/09\\\/img_5416.jpg\",\"articleSection\":[\"Locales\"],\"inLanguage\":\"es\"},{\"@type\":\"WebPage\",\"@id\":\"https:\\\/\\\/fmpatagoniamadryn.com.ar\\\/?p=18111\",\"url\":\"https:\\\/\\\/fmpatagoniamadryn.com.ar\\\/?p=18111\",\"name\":\"Chubut implementar\u00e1 un Bachillerato con Orientaci\u00f3n en Energ\u00eda y Sustentabilidad - FM Patagonia Madryn\",\"isPartOf\":{\"@id\":\"https:\\\/\\\/fmpatagoniamadryn.com.ar\\\/#website\"},\"primaryImageOfPage\":{\"@id\":\"https:\\\/\\\/fmpatagoniamadryn.com.ar\\\/?p=18111#primaryimage\"},\"image\":{\"@id\":\"https:\\\/\\\/fmpatagoniamadryn.com.ar\\\/?p=18111#primaryimage\"},\"thumbnailUrl\":\"https:\\\/\\\/fmpatagoniamadryn.com.ar\\\/wp-content\\\/uploads\\\/2025\\\/09\\\/img_5416.jpg\",\"datePublished\":\"2025-09-28T21:09:33+00:00\",\"breadcrumb\":{\"@id\":\"https:\\\/\\\/fmpatagoniamadryn.com.ar\\\/?p=18111#breadcrumb\"},\"inLanguage\":\"es\",\"potentialAction\":[{\"@type\":\"ReadAction\",\"target\":[\"https:\\\/\\\/fmpatagoniamadryn.com.ar\\\/?p=18111\"]}]},{\"@type\":\"ImageObject\",\"inLanguage\":\"es\",\"@id\":\"https:\\\/\\\/fmpatagoniamadryn.com.ar\\\/?p=18111#primaryimage\",\"url\":\"https:\\\/\\\/fmpatagoniamadryn.com.ar\\\/wp-content\\\/uploads\\\/2025\\\/09\\\/img_5416.jpg\",\"contentUrl\":\"https:\\\/\\\/fmpatagoniamadryn.com.ar\\\/wp-content\\\/uploads\\\/2025\\\/09\\\/img_5416.jpg\",\"width\":1600,\"height\":1066},{\"@type\":\"BreadcrumbList\",\"@id\":\"https:\\\/\\\/fmpatagoniamadryn.com.ar\\\/?p=18111#breadcrumb\",\"itemListElement\":[{\"@type\":\"ListItem\",\"position\":1,\"name\":\"Portada\",\"item\":\"https:\\\/\\\/fmpatagoniamadryn.com.ar\\\/\"},{\"@type\":\"ListItem\",\"position\":2,\"name\":\"Chubut implementar\u00e1 un Bachillerato con Orientaci\u00f3n en Energ\u00eda y Sustentabilidad\"}]},{\"@type\":\"WebSite\",\"@id\":\"https:\\\/\\\/fmpatagoniamadryn.com.ar\\\/#website\",\"url\":\"https:\\\/\\\/fmpatagoniamadryn.com.ar\\\/\",\"name\":\"FM Patagonia Madryn\",\"description\":\"Radio Patagonia 105.5\",\"publisher\":{\"@id\":\"https:\\\/\\\/fmpatagoniamadryn.com.ar\\\/#organization\"},\"potentialAction\":[{\"@type\":\"SearchAction\",\"target\":{\"@type\":\"EntryPoint\",\"urlTemplate\":\"https:\\\/\\\/fmpatagoniamadryn.com.ar\\\/?s={search_term_string}\"},\"query-input\":{\"@type\":\"PropertyValueSpecification\",\"valueRequired\":true,\"valueName\":\"search_term_string\"}}],\"inLanguage\":\"es\"},{\"@type\":\"Organization\",\"@id\":\"https:\\\/\\\/fmpatagoniamadryn.com.ar\\\/#organization\",\"name\":\"FM Patagonia Madryn\",\"url\":\"https:\\\/\\\/fmpatagoniamadryn.com.ar\\\/\",\"logo\":{\"@type\":\"ImageObject\",\"inLanguage\":\"es\",\"@id\":\"https:\\\/\\\/fmpatagoniamadryn.com.ar\\\/#\\\/schema\\\/logo\\\/image\\\/\",\"url\":\"https:\\\/\\\/fmpatagoniamadryn.com.ar\\\/wp-content\\\/uploads\\\/2023\\\/01\\\/cropped-Diseno-sin-titulo.png\",\"contentUrl\":\"https:\\\/\\\/fmpatagoniamadryn.com.ar\\\/wp-content\\\/uploads\\\/2023\\\/01\\\/cropped-Diseno-sin-titulo.png\",\"width\":6911,\"height\":2657,\"caption\":\"FM Patagonia Madryn\"},\"image\":{\"@id\":\"https:\\\/\\\/fmpatagoniamadryn.com.ar\\\/#\\\/schema\\\/logo\\\/image\\\/\"}},{\"@type\":\"Person\",\"@id\":\"https:\\\/\\\/fmpatagoniamadryn.com.ar\\\/#\\\/schema\\\/person\\\/8a3de4ad7efceacab06c1641c50303b7\",\"name\":\"FM Patagonia\",\"url\":\"https:\\\/\\\/fmpatagoniamadryn.com.ar\\\/?author=2\"}]}<\/script>\n<!-- \/ Yoast SEO plugin. -->","yoast_head_json":{"title":"Chubut implementar\u00e1 un Bachillerato con Orientaci\u00f3n en Energ\u00eda y Sustentabilidad - FM Patagonia Madryn","robots":{"index":"index","follow":"follow","max-snippet":"max-snippet:-1","max-image-preview":"max-image-preview:large","max-video-preview":"max-video-preview:-1"},"canonical":"https:\/\/fmpatagoniamadryn.com.ar\/?p=18111","og_locale":"es_ES","og_type":"article","og_title":"Chubut implementar\u00e1 un Bachillerato con Orientaci\u00f3n en Energ\u00eda y Sustentabilidad - FM Patagonia Madryn","og_description":"&nbsp; La nueva propuesta educativa, impulsada por la gesti\u00f3n del gobernador Ignacio \u201cNacho\u201d Torres, se pondr\u00e1 en marcha el pr\u00f3ximo ciclo lectivo con el objetivo de preparar a los estudiantes&hellip;","og_url":"https:\/\/fmpatagoniamadryn.com.ar\/?p=18111","og_site_name":"FM Patagonia Madryn","article_published_time":"2025-09-28T21:09:33+00:00","og_image":[{"width":1600,"height":1066,"url":"https:\/\/fmpatagoniamadryn.com.ar\/wp-content\/uploads\/2025\/09\/img_5416.jpg","type":"image\/jpeg"}],"author":"FM Patagonia","twitter_card":"summary_large_image","twitter_misc":{"Escrito por":"FM Patagonia","Tiempo de lectura":"2 minutos"},"schema":{"@context":"https:\/\/schema.org","@graph":[{"@type":"Article","@id":"https:\/\/fmpatagoniamadryn.com.ar\/?p=18111#article","isPartOf":{"@id":"https:\/\/fmpatagoniamadryn.com.ar\/?p=18111"},"author":{"name":"FM Patagonia","@id":"https:\/\/fmpatagoniamadryn.com.ar\/#\/schema\/person\/8a3de4ad7efceacab06c1641c50303b7"},"headline":"Chubut implementar\u00e1 un Bachillerato con Orientaci\u00f3n en Energ\u00eda y Sustentabilidad","datePublished":"2025-09-28T21:09:33+00:00","mainEntityOfPage":{"@id":"https:\/\/fmpatagoniamadryn.com.ar\/?p=18111"},"wordCount":454,"publisher":{"@id":"https:\/\/fmpatagoniamadryn.com.ar\/#organization"},"image":{"@id":"https:\/\/fmpatagoniamadryn.com.ar\/?p=18111#primaryimage"},"thumbnailUrl":"https:\/\/fmpatagoniamadryn.com.ar\/wp-content\/uploads\/2025\/09\/img_5416.jpg","articleSection":["Locales"],"inLanguage":"es"},{"@type":"WebPage","@id":"https:\/\/fmpatagoniamadryn.com.ar\/?p=18111","url":"https:\/\/fmpatagoniamadryn.com.ar\/?p=18111","name":"Chubut implementar\u00e1 un Bachillerato con Orientaci\u00f3n en Energ\u00eda y Sustentabilidad - FM Patagonia Madryn","isPartOf":{"@id":"https:\/\/fmpatagoniamadryn.com.ar\/#website"},"primaryImageOfPage":{"@id":"https:\/\/fmpatagoniamadryn.com.ar\/?p=18111#primaryimage"},"image":{"@id":"https:\/\/fmpatagoniamadryn.com.ar\/?p=18111#primaryimage"},"thumbnailUrl":"https:\/\/fmpatagoniamadryn.com.ar\/wp-content\/uploads\/2025\/09\/img_5416.jpg","datePublished":"2025-09-28T21:09:33+00:00","breadcrumb":{"@id":"https:\/\/fmpatagoniamadryn.com.ar\/?p=18111#breadcrumb"},"inLanguage":"es","potentialAction":[{"@type":"ReadAction","target":["https:\/\/fmpatagoniamadryn.com.ar\/?p=18111"]}]},{"@type":"ImageObject","inLanguage":"es","@id":"https:\/\/fmpatagoniamadryn.com.ar\/?p=18111#primaryimage","url":"https:\/\/fmpatagoniamadryn.com.ar\/wp-content\/uploads\/2025\/09\/img_5416.jpg","contentUrl":"https:\/\/fmpatagoniamadryn.com.ar\/wp-content\/uploads\/2025\/09\/img_5416.jpg","width":1600,"height":1066},{"@type":"BreadcrumbList","@id":"https:\/\/fmpatagoniamadryn.com.ar\/?p=18111#breadcrumb","itemListElement":[{"@type":"ListItem","position":1,"name":"Portada","item":"https:\/\/fmpatagoniamadryn.com.ar\/"},{"@type":"ListItem","position":2,"name":"Chubut implementar\u00e1 un Bachillerato con Orientaci\u00f3n en Energ\u00eda y Sustentabilidad"}]},{"@type":"WebSite","@id":"https:\/\/fmpatagoniamadryn.com.ar\/#website","url":"https:\/\/fmpatagoniamadryn.com.ar\/","name":"FM Patagonia Madryn","description":"Radio Patagonia 105.5","publisher":{"@id":"https:\/\/fmpatagoniamadryn.com.ar\/#organization"},"potentialAction":[{"@type":"SearchAction","target":{"@type":"EntryPoint","urlTemplate":"https:\/\/fmpatagoniamadryn.com.ar\/?s={search_term_string}"},"query-input":{"@type":"PropertyValueSpecification","valueRequired":true,"valueName":"search_term_string"}}],"inLanguage":"es"},{"@type":"Organization","@id":"https:\/\/fmpatagoniamadryn.com.ar\/#organization","name":"FM Patagonia Madryn","url":"https:\/\/fmpatagoniamadryn.com.ar\/","logo":{"@type":"ImageObject","inLanguage":"es","@id":"https:\/\/fmpatagoniamadryn.com.ar\/#\/schema\/logo\/image\/","url":"https:\/\/fmpatagoniamadryn.com.ar\/wp-content\/uploads\/2023\/01\/cropped-Diseno-sin-titulo.png","contentUrl":"https:\/\/fmpatagoniamadryn.com.ar\/wp-content\/uploads\/2023\/01\/cropped-Diseno-sin-titulo.png","width":6911,"height":2657,"caption":"FM Patagonia Madryn"},"image":{"@id":"https:\/\/fmpatagoniamadryn.com.ar\/#\/schema\/logo\/image\/"}},{"@type":"Person","@id":"https:\/\/fmpatagoniamadryn.com.ar\/#\/schema\/person\/8a3de4ad7efceacab06c1641c50303b7","name":"FM Patagonia","url":"https:\/\/fmpatagoniamadryn.com.ar\/?author=2"}]}},"jetpack_featured_media_url":"https:\/\/fmpatagoniamadryn.com.ar\/wp-content\/uploads\/2025\/09\/img_5416.jpg","_links":{"self":[{"href":"https:\/\/fmpatagoniamadryn.com.ar\/index.php?rest_route=\/wp\/v2\/posts\/18111","targetHints":{"allow":["GET"]}}],"collection":[{"href":"https:\/\/fmpatagoniamadryn.com.ar\/index.php?rest_route=\/wp\/v2\/posts"}],"about":[{"href":"https:\/\/fmpatagoniamadryn.com.ar\/index.php?rest_route=\/wp\/v2\/types\/post"}],"author":[{"embeddable":true,"href":"https:\/\/fmpatagoniamadryn.com.ar\/index.php?rest_route=\/wp\/v2\/users\/2"}],"replies":[{"embeddable":true,"href":"https:\/\/fmpatagoniamadryn.com.ar\/index.php?rest_route=%2Fwp%2Fv2%2Fcomments&post=18111"}],"version-history":[{"count":1,"href":"https:\/\/fmpatagoniamadryn.com.ar\/index.php?rest_route=\/wp\/v2\/posts\/18111\/revisions"}],"predecessor-version":[{"id":18112,"href":"https:\/\/fmpatagoniamadryn.com.ar\/index.php?rest_route=\/wp\/v2\/posts\/18111\/revisions\/18112"}],"wp:featuredmedia":[{"embeddable":true,"href":"https:\/\/fmpatagoniamadryn.com.ar\/index.php?rest_route=\/wp\/v2\/media\/18110"}],"wp:attachment":[{"href":"https:\/\/fmpatagoniamadryn.com.ar\/index.php?rest_route=%2Fwp%2Fv2%2Fmedia&parent=18111"}],"wp:term":[{"taxonomy":"category","embeddable":true,"href":"https:\/\/fmpatagoniamadryn.com.ar\/index.php?rest_route=%2Fwp%2Fv2%2Fcategories&post=18111"},{"taxonomy":"post_tag","embeddable":true,"href":"https:\/\/fmpatagoniamadryn.com.ar\/index.php?rest_route=%2Fwp%2Fv2%2Ftags&post=18111"}],"curies":[{"name":"wp","href":"https:\/\/api.w.org\/{rel}","templated":true}]}}