{"id":18120,"date":"2025-09-29T10:40:16","date_gmt":"2025-09-29T13:40:16","guid":{"rendered":"https:\/\/fmpatagoniamadryn.com.ar\/?p=18120"},"modified":"2025-09-29T10:40:16","modified_gmt":"2025-09-29T13:40:16","slug":"chubut-invita-a-participar-de-las-jornadas-dia-pyme-en-puerto-madryn-y-comodoro-rivadavia","status":"publish","type":"post","link":"https:\/\/fmpatagoniamadryn.com.ar\/?p=18120","title":{"rendered":"Chubut invita a participar de las jornadas \u201cD\u00eda PyME\u201d en Puerto Madryn y Comodoro Rivadavia"},"content":{"rendered":"\n<p><\/p>\n\n\n\n<p><em>Las actividades est\u00e1n dise\u00f1adas para conectar a las Peque\u00f1as y Medianas Empresas de la regi\u00f3n con diversas oportunidades de financiamiento.<\/em><\/p>\n\n\n\n<p>El Gobierno del Chubut, a trav\u00e9s del Ministerio de Producci\u00f3n, invita a participar del \u201cD\u00eda PyME\u201d, organizado por la C\u00e1mara Argentina de Sociedades y Fondos de Garant\u00edas (CASFOG) el pr\u00f3ximo&nbsp;8 de octubre&nbsp;en Puerto Madryn&nbsp;y el 9 de octubre&nbsp;en Comodoro Rivadavia.<\/p>\n\n\n\n<p>La actividad forma parte de la agenda federal de la C\u00e1mara, cuyo objetivo principal es acercar el sistema de garant\u00edas a las MiPymes de todo el pa\u00eds, generando instancias de relacionamiento y articulaci\u00f3n con actores claves del entramado productivo y financiero. Est\u00e1 dirigida a representantes del sector p\u00fablico, c\u00e1maras empresarias, bancos, entidades del mercado de capitales, entre otros.<\/p>\n\n\n\n<p><strong>Agenda<\/strong><\/p>\n\n\n\n<p>Las jornadas constar\u00e1n de dos etapas:<br \/>\u2022 Presentaciones informativas: exposici\u00f3n sobre el sistema de garant\u00edas y los beneficios que ofrece a las MiPymes, con participaci\u00f3n de la Direcci\u00f3n General de Comercio e Inversiones del Ministerio de Producci\u00f3n de la provincia.<br \/>\u2022 Ronda de negocios: espacio de vinculaci\u00f3n directa para que las empresas puedan interactuar con Sociedades de Garant\u00edas Rec\u00edprocas (SGR), fondos, bancos, entidades vinculadas al mercado de capitales e instituciones afines.<\/p>\n\n\n\n<p><strong>Cronograma<\/strong><\/p>\n\n\n\n<p>La primera jornada se realizar\u00e1&nbsp;el d\u00eda 8 de octubre&nbsp;en Puerto Madryn en instalaciones del Ecocentro. Para participar, los interesados pueden inscribirse en:&nbsp;<a href=\"https:\/\/docs.google.com\/forms\/d\/e\/1FAIpQLSe_qXANPresU_t5Obe-WfbY1r-c4bDzv6VZfJwat-fNIHIQCA\/viewform\">https:\/\/docs.google.com\/forms\/d\/e\/1FAIpQLSe_qXANPresU_t5Obe-WfbY1r-c4bDzv6VZfJwat-fNIHIQCA\/viewform<\/a><br>&nbsp;<br>En tanto,&nbsp;el d\u00eda 9 de octubre&nbsp;se efectuar\u00e1 la segunda jornada en el Consejo Profesional de Ciencias Econ\u00f3micas en Comodoro Rivadavia. Para ello, los interesados pueden inscribirse en el siguiente link:https:\/\/docs.google.com\/forms\/d\/e\/1FAIpQLSfxXLlPRg3thHan9FjyG-XEjLeAXkfrMCJQjl0lGmEjR9xPRQ\/viewform#inbox\/_blank<\/p>\n","protected":false},"excerpt":{"rendered":"<p>Las actividades est\u00e1n dise\u00f1adas para conectar a las Peque\u00f1as y Medianas Empresas de la regi\u00f3n con diversas oportunidades de financiamiento. El Gobierno del Chubut, a trav\u00e9s del Ministerio de Producci\u00f3n,&hellip; <\/p>\n","protected":false},"author":2,"featured_media":18119,"comment_status":"closed","ping_status":"closed","sticky":false,"template":"","format":"standard","meta":{"footnotes":""},"categories":[15],"tags":[],"class_list":["post-18120","post","type-post","status-publish","format-standard","has-post-thumbnail","hentry","category-locales"],"yoast_head":"<!-- This site is optimized with the Yoast SEO plugin v27.4 - https:\/\/yoast.com\/product\/yoast-seo-wordpress\/ -->\n<title>Chubut invita a participar de las jornadas \u201cD\u00eda PyME\u201d en Puerto Madryn y Comodoro Rivadavia - FM Patagonia Madryn<\/title>\n<meta name=\"robots\" content=\"index, follow, max-snippet:-1, max-image-preview:large, max-video-preview:-1\" \/>\n<link rel=\"canonical\" href=\"https:\/\/fmpatagoniamadryn.com.ar\/?p=18120\" \/>\n<meta property=\"og:locale\" content=\"es_ES\" \/>\n<meta property=\"og:type\" content=\"article\" \/>\n<meta property=\"og:title\" content=\"Chubut invita a participar de las jornadas \u201cD\u00eda PyME\u201d en Puerto Madryn y Comodoro Rivadavia - FM Patagonia Madryn\" \/>\n<meta property=\"og:description\" content=\"Las actividades est\u00e1n dise\u00f1adas para conectar a las Peque\u00f1as y Medianas Empresas de la regi\u00f3n con diversas oportunidades de financiamiento. El Gobierno del Chubut, a trav\u00e9s del Ministerio de Producci\u00f3n,&hellip;\" \/>\n<meta property=\"og:url\" content=\"https:\/\/fmpatagoniamadryn.com.ar\/?p=18120\" \/>\n<meta property=\"og:site_name\" content=\"FM Patagonia Madryn\" \/>\n<meta property=\"article:published_time\" content=\"2025-09-29T13:40:16+00:00\" \/>\n<meta property=\"og:image\" content=\"https:\/\/fmpatagoniamadryn.com.ar\/wp-content\/uploads\/2025\/09\/img_5505.jpg\" \/>\n\t<meta property=\"og:image:width\" content=\"1382\" \/>\n\t<meta property=\"og:image:height\" content=\"1600\" \/>\n\t<meta property=\"og:image:type\" content=\"image\/jpeg\" \/>\n<meta name=\"author\" content=\"FM Patagonia\" \/>\n<meta name=\"twitter:card\" content=\"summary_large_image\" \/>\n<meta name=\"twitter:label1\" content=\"Escrito por\" \/>\n\t<meta name=\"twitter:data1\" content=\"FM Patagonia\" \/>\n\t<meta name=\"twitter:label2\" content=\"Tiempo de lectura\" \/>\n\t<meta name=\"twitter:data2\" content=\"2 minutos\" \/>\n<script type=\"application\/ld+json\" class=\"yoast-schema-graph\">{\"@context\":\"https:\\\/\\\/schema.org\",\"@graph\":[{\"@type\":\"Article\",\"@id\":\"https:\\\/\\\/fmpatagoniamadryn.com.ar\\\/?p=18120#article\",\"isPartOf\":{\"@id\":\"https:\\\/\\\/fmpatagoniamadryn.com.ar\\\/?p=18120\"},\"author\":{\"name\":\"FM Patagonia\",\"@id\":\"https:\\\/\\\/fmpatagoniamadryn.com.ar\\\/#\\\/schema\\\/person\\\/8a3de4ad7efceacab06c1641c50303b7\"},\"headline\":\"Chubut invita a participar de las jornadas \u201cD\u00eda PyME\u201d en Puerto Madryn y Comodoro Rivadavia\",\"datePublished\":\"2025-09-29T13:40:16+00:00\",\"mainEntityOfPage\":{\"@id\":\"https:\\\/\\\/fmpatagoniamadryn.com.ar\\\/?p=18120\"},\"wordCount\":329,\"publisher\":{\"@id\":\"https:\\\/\\\/fmpatagoniamadryn.com.ar\\\/#organization\"},\"image\":{\"@id\":\"https:\\\/\\\/fmpatagoniamadryn.com.ar\\\/?p=18120#primaryimage\"},\"thumbnailUrl\":\"https:\\\/\\\/fmpatagoniamadryn.com.ar\\\/wp-content\\\/uploads\\\/2025\\\/09\\\/img_5505.jpg\",\"articleSection\":[\"Locales\"],\"inLanguage\":\"es\"},{\"@type\":\"WebPage\",\"@id\":\"https:\\\/\\\/fmpatagoniamadryn.com.ar\\\/?p=18120\",\"url\":\"https:\\\/\\\/fmpatagoniamadryn.com.ar\\\/?p=18120\",\"name\":\"Chubut invita a participar de las jornadas \u201cD\u00eda PyME\u201d en Puerto Madryn y Comodoro Rivadavia - FM Patagonia Madryn\",\"isPartOf\":{\"@id\":\"https:\\\/\\\/fmpatagoniamadryn.com.ar\\\/#website\"},\"primaryImageOfPage\":{\"@id\":\"https:\\\/\\\/fmpatagoniamadryn.com.ar\\\/?p=18120#primaryimage\"},\"image\":{\"@id\":\"https:\\\/\\\/fmpatagoniamadryn.com.ar\\\/?p=18120#primaryimage\"},\"thumbnailUrl\":\"https:\\\/\\\/fmpatagoniamadryn.com.ar\\\/wp-content\\\/uploads\\\/2025\\\/09\\\/img_5505.jpg\",\"datePublished\":\"2025-09-29T13:40:16+00:00\",\"breadcrumb\":{\"@id\":\"https:\\\/\\\/fmpatagoniamadryn.com.ar\\\/?p=18120#breadcrumb\"},\"inLanguage\":\"es\",\"potentialAction\":[{\"@type\":\"ReadAction\",\"target\":[\"https:\\\/\\\/fmpatagoniamadryn.com.ar\\\/?p=18120\"]}]},{\"@type\":\"ImageObject\",\"inLanguage\":\"es\",\"@id\":\"https:\\\/\\\/fmpatagoniamadryn.com.ar\\\/?p=18120#primaryimage\",\"url\":\"https:\\\/\\\/fmpatagoniamadryn.com.ar\\\/wp-content\\\/uploads\\\/2025\\\/09\\\/img_5505.jpg\",\"contentUrl\":\"https:\\\/\\\/fmpatagoniamadryn.com.ar\\\/wp-content\\\/uploads\\\/2025\\\/09\\\/img_5505.jpg\",\"width\":1382,\"height\":1600},{\"@type\":\"BreadcrumbList\",\"@id\":\"https:\\\/\\\/fmpatagoniamadryn.com.ar\\\/?p=18120#breadcrumb\",\"itemListElement\":[{\"@type\":\"ListItem\",\"position\":1,\"name\":\"Portada\",\"item\":\"https:\\\/\\\/fmpatagoniamadryn.com.ar\\\/\"},{\"@type\":\"ListItem\",\"position\":2,\"name\":\"Chubut invita a participar de las jornadas \u201cD\u00eda PyME\u201d en Puerto Madryn y Comodoro Rivadavia\"}]},{\"@type\":\"WebSite\",\"@id\":\"https:\\\/\\\/fmpatagoniamadryn.com.ar\\\/#website\",\"url\":\"https:\\\/\\\/fmpatagoniamadryn.com.ar\\\/\",\"name\":\"FM Patagonia Madryn\",\"description\":\"Radio Patagonia 105.5\",\"publisher\":{\"@id\":\"https:\\\/\\\/fmpatagoniamadryn.com.ar\\\/#organization\"},\"potentialAction\":[{\"@type\":\"SearchAction\",\"target\":{\"@type\":\"EntryPoint\",\"urlTemplate\":\"https:\\\/\\\/fmpatagoniamadryn.com.ar\\\/?s={search_term_string}\"},\"query-input\":{\"@type\":\"PropertyValueSpecification\",\"valueRequired\":true,\"valueName\":\"search_term_string\"}}],\"inLanguage\":\"es\"},{\"@type\":\"Organization\",\"@id\":\"https:\\\/\\\/fmpatagoniamadryn.com.ar\\\/#organization\",\"name\":\"FM Patagonia Madryn\",\"url\":\"https:\\\/\\\/fmpatagoniamadryn.com.ar\\\/\",\"logo\":{\"@type\":\"ImageObject\",\"inLanguage\":\"es\",\"@id\":\"https:\\\/\\\/fmpatagoniamadryn.com.ar\\\/#\\\/schema\\\/logo\\\/image\\\/\",\"url\":\"https:\\\/\\\/fmpatagoniamadryn.com.ar\\\/wp-content\\\/uploads\\\/2023\\\/01\\\/cropped-Diseno-sin-titulo.png\",\"contentUrl\":\"https:\\\/\\\/fmpatagoniamadryn.com.ar\\\/wp-content\\\/uploads\\\/2023\\\/01\\\/cropped-Diseno-sin-titulo.png\",\"width\":6911,\"height\":2657,\"caption\":\"FM Patagonia Madryn\"},\"image\":{\"@id\":\"https:\\\/\\\/fmpatagoniamadryn.com.ar\\\/#\\\/schema\\\/logo\\\/image\\\/\"}},{\"@type\":\"Person\",\"@id\":\"https:\\\/\\\/fmpatagoniamadryn.com.ar\\\/#\\\/schema\\\/person\\\/8a3de4ad7efceacab06c1641c50303b7\",\"name\":\"FM Patagonia\",\"url\":\"https:\\\/\\\/fmpatagoniamadryn.com.ar\\\/?author=2\"}]}<\/script>\n<!-- \/ Yoast SEO plugin. -->","yoast_head_json":{"title":"Chubut invita a participar de las jornadas \u201cD\u00eda PyME\u201d en Puerto Madryn y Comodoro Rivadavia - FM Patagonia Madryn","robots":{"index":"index","follow":"follow","max-snippet":"max-snippet:-1","max-image-preview":"max-image-preview:large","max-video-preview":"max-video-preview:-1"},"canonical":"https:\/\/fmpatagoniamadryn.com.ar\/?p=18120","og_locale":"es_ES","og_type":"article","og_title":"Chubut invita a participar de las jornadas \u201cD\u00eda PyME\u201d en Puerto Madryn y Comodoro Rivadavia - FM Patagonia Madryn","og_description":"Las actividades est\u00e1n dise\u00f1adas para conectar a las Peque\u00f1as y Medianas Empresas de la regi\u00f3n con diversas oportunidades de financiamiento. El Gobierno del Chubut, a trav\u00e9s del Ministerio de Producci\u00f3n,&hellip;","og_url":"https:\/\/fmpatagoniamadryn.com.ar\/?p=18120","og_site_name":"FM Patagonia Madryn","article_published_time":"2025-09-29T13:40:16+00:00","og_image":[{"width":1382,"height":1600,"url":"https:\/\/fmpatagoniamadryn.com.ar\/wp-content\/uploads\/2025\/09\/img_5505.jpg","type":"image\/jpeg"}],"author":"FM Patagonia","twitter_card":"summary_large_image","twitter_misc":{"Escrito por":"FM Patagonia","Tiempo de lectura":"2 minutos"},"schema":{"@context":"https:\/\/schema.org","@graph":[{"@type":"Article","@id":"https:\/\/fmpatagoniamadryn.com.ar\/?p=18120#article","isPartOf":{"@id":"https:\/\/fmpatagoniamadryn.com.ar\/?p=18120"},"author":{"name":"FM Patagonia","@id":"https:\/\/fmpatagoniamadryn.com.ar\/#\/schema\/person\/8a3de4ad7efceacab06c1641c50303b7"},"headline":"Chubut invita a participar de las jornadas \u201cD\u00eda PyME\u201d en Puerto Madryn y Comodoro Rivadavia","datePublished":"2025-09-29T13:40:16+00:00","mainEntityOfPage":{"@id":"https:\/\/fmpatagoniamadryn.com.ar\/?p=18120"},"wordCount":329,"publisher":{"@id":"https:\/\/fmpatagoniamadryn.com.ar\/#organization"},"image":{"@id":"https:\/\/fmpatagoniamadryn.com.ar\/?p=18120#primaryimage"},"thumbnailUrl":"https:\/\/fmpatagoniamadryn.com.ar\/wp-content\/uploads\/2025\/09\/img_5505.jpg","articleSection":["Locales"],"inLanguage":"es"},{"@type":"WebPage","@id":"https:\/\/fmpatagoniamadryn.com.ar\/?p=18120","url":"https:\/\/fmpatagoniamadryn.com.ar\/?p=18120","name":"Chubut invita a participar de las jornadas \u201cD\u00eda PyME\u201d en Puerto Madryn y Comodoro Rivadavia - FM Patagonia Madryn","isPartOf":{"@id":"https:\/\/fmpatagoniamadryn.com.ar\/#website"},"primaryImageOfPage":{"@id":"https:\/\/fmpatagoniamadryn.com.ar\/?p=18120#primaryimage"},"image":{"@id":"https:\/\/fmpatagoniamadryn.com.ar\/?p=18120#primaryimage"},"thumbnailUrl":"https:\/\/fmpatagoniamadryn.com.ar\/wp-content\/uploads\/2025\/09\/img_5505.jpg","datePublished":"2025-09-29T13:40:16+00:00","breadcrumb":{"@id":"https:\/\/fmpatagoniamadryn.com.ar\/?p=18120#breadcrumb"},"inLanguage":"es","potentialAction":[{"@type":"ReadAction","target":["https:\/\/fmpatagoniamadryn.com.ar\/?p=18120"]}]},{"@type":"ImageObject","inLanguage":"es","@id":"https:\/\/fmpatagoniamadryn.com.ar\/?p=18120#primaryimage","url":"https:\/\/fmpatagoniamadryn.com.ar\/wp-content\/uploads\/2025\/09\/img_5505.jpg","contentUrl":"https:\/\/fmpatagoniamadryn.com.ar\/wp-content\/uploads\/2025\/09\/img_5505.jpg","width":1382,"height":1600},{"@type":"BreadcrumbList","@id":"https:\/\/fmpatagoniamadryn.com.ar\/?p=18120#breadcrumb","itemListElement":[{"@type":"ListItem","position":1,"name":"Portada","item":"https:\/\/fmpatagoniamadryn.com.ar\/"},{"@type":"ListItem","position":2,"name":"Chubut invita a participar de las jornadas \u201cD\u00eda PyME\u201d en Puerto Madryn y Comodoro Rivadavia"}]},{"@type":"WebSite","@id":"https:\/\/fmpatagoniamadryn.com.ar\/#website","url":"https:\/\/fmpatagoniamadryn.com.ar\/","name":"FM Patagonia Madryn","description":"Radio Patagonia 105.5","publisher":{"@id":"https:\/\/fmpatagoniamadryn.com.ar\/#organization"},"potentialAction":[{"@type":"SearchAction","target":{"@type":"EntryPoint","urlTemplate":"https:\/\/fmpatagoniamadryn.com.ar\/?s={search_term_string}"},"query-input":{"@type":"PropertyValueSpecification","valueRequired":true,"valueName":"search_term_string"}}],"inLanguage":"es"},{"@type":"Organization","@id":"https:\/\/fmpatagoniamadryn.com.ar\/#organization","name":"FM Patagonia Madryn","url":"https:\/\/fmpatagoniamadryn.com.ar\/","logo":{"@type":"ImageObject","inLanguage":"es","@id":"https:\/\/fmpatagoniamadryn.com.ar\/#\/schema\/logo\/image\/","url":"https:\/\/fmpatagoniamadryn.com.ar\/wp-content\/uploads\/2023\/01\/cropped-Diseno-sin-titulo.png","contentUrl":"https:\/\/fmpatagoniamadryn.com.ar\/wp-content\/uploads\/2023\/01\/cropped-Diseno-sin-titulo.png","width":6911,"height":2657,"caption":"FM Patagonia Madryn"},"image":{"@id":"https:\/\/fmpatagoniamadryn.com.ar\/#\/schema\/logo\/image\/"}},{"@type":"Person","@id":"https:\/\/fmpatagoniamadryn.com.ar\/#\/schema\/person\/8a3de4ad7efceacab06c1641c50303b7","name":"FM Patagonia","url":"https:\/\/fmpatagoniamadryn.com.ar\/?author=2"}]}},"jetpack_featured_media_url":"https:\/\/fmpatagoniamadryn.com.ar\/wp-content\/uploads\/2025\/09\/img_5505.jpg","_links":{"self":[{"href":"https:\/\/fmpatagoniamadryn.com.ar\/index.php?rest_route=\/wp\/v2\/posts\/18120","targetHints":{"allow":["GET"]}}],"collection":[{"href":"https:\/\/fmpatagoniamadryn.com.ar\/index.php?rest_route=\/wp\/v2\/posts"}],"about":[{"href":"https:\/\/fmpatagoniamadryn.com.ar\/index.php?rest_route=\/wp\/v2\/types\/post"}],"author":[{"embeddable":true,"href":"https:\/\/fmpatagoniamadryn.com.ar\/index.php?rest_route=\/wp\/v2\/users\/2"}],"replies":[{"embeddable":true,"href":"https:\/\/fmpatagoniamadryn.com.ar\/index.php?rest_route=%2Fwp%2Fv2%2Fcomments&post=18120"}],"version-history":[{"count":1,"href":"https:\/\/fmpatagoniamadryn.com.ar\/index.php?rest_route=\/wp\/v2\/posts\/18120\/revisions"}],"predecessor-version":[{"id":18121,"href":"https:\/\/fmpatagoniamadryn.com.ar\/index.php?rest_route=\/wp\/v2\/posts\/18120\/revisions\/18121"}],"wp:featuredmedia":[{"embeddable":true,"href":"https:\/\/fmpatagoniamadryn.com.ar\/index.php?rest_route=\/wp\/v2\/media\/18119"}],"wp:attachment":[{"href":"https:\/\/fmpatagoniamadryn.com.ar\/index.php?rest_route=%2Fwp%2Fv2%2Fmedia&parent=18120"}],"wp:term":[{"taxonomy":"category","embeddable":true,"href":"https:\/\/fmpatagoniamadryn.com.ar\/index.php?rest_route=%2Fwp%2Fv2%2Fcategories&post=18120"},{"taxonomy":"post_tag","embeddable":true,"href":"https:\/\/fmpatagoniamadryn.com.ar\/index.php?rest_route=%2Fwp%2Fv2%2Ftags&post=18120"}],"curies":[{"name":"wp","href":"https:\/\/api.w.org\/{rel}","templated":true}]}}