{"id":18142,"date":"2025-09-30T11:30:43","date_gmt":"2025-09-30T14:30:43","guid":{"rendered":"https:\/\/fmpatagoniamadryn.com.ar\/?p=18142"},"modified":"2025-09-30T11:30:43","modified_gmt":"2025-09-30T14:30:43","slug":"chubut-brilla-en-la-feria-internacional-de-turismo-en-buenos-aires","status":"publish","type":"post","link":"https:\/\/fmpatagoniamadryn.com.ar\/?p=18142","title":{"rendered":"Chubut brilla en la Feria Internacional de Turismo en Buenos Aires"},"content":{"rendered":"\n<p><\/p>\n\n\n\n<p><em>El ministro Diego Lapenna destac\u00f3 \u201clos enormes avances que ha logrado el sector en nuestra provincia durante los \u00faltimos dos a\u00f1os gracias al fuerte liderazgo que ha ejercido el gobernador Ignacio Torres\u201d.<\/em><\/p>\n\n\n\n<p>El Gobierno del Chubut, en el marco de las m\u00faltiples acciones de promoci\u00f3n, difusi\u00f3n y comercializaci\u00f3n de los atractivos provinciales, participa de la 29\u00b0 edici\u00f3n de la Feria Internacional de Turismo de Am\u00e9rica Latina (FIT), el evento regional m\u00e1s importante del sector, que se desarrollar\u00e1 hasta este martes 30 de septiembre en el predio de La Rural, ubicado en el barrio porte\u00f1o de Palermo.<\/p>\n\n\n\n<p>La FIT es la feria internacional de turismo m\u00e1s importante de Am\u00e9rica Latina. En esta edici\u00f3n re\u00fane a m\u00e1s de 1.700 expositores que representan a m\u00e1s de 60 pa\u00edses, con una asistencia de p\u00fablico estimada en m\u00e1s de 35.000 visitantes.<\/p>\n\n\n\n<p>En la presentaci\u00f3n del evento, se anunciaron, entre otros m\u00faltiples beneficios, descuentos especiales de hasta un 20% y amplias facilidades de pago en cuotas sin inter\u00e9s en diferentes rubros vinculados al sector para quienes viajen a Chubut y a otros destinos de la Argentina realizando sus pagos a trav\u00e9s de Banco Naci\u00f3n.<\/p>\n\n\n\n<p>Al respecto, el ministro de Turismo y \u00c1reas Protegidas, Diego Lapenna, acompa\u00f1ado por la subsecretaria de Turismo Magal\u00ed Volpi, particip\u00f3 el fin de semana del acto de apertura donde se\u00f1al\u00f3 que \u201cChubut est\u00e1 exhibiendo una presencia muy importante y muy activa dentro de la FIT, que es ni m\u00e1s ni menos que la feria de turismo m\u00e1s importante de Am\u00e9rica Latina\u201d.<\/p>\n\n\n\n<p><strong>Articulaci\u00f3n p\u00fablico-privado del sector<\/strong><\/p>\n\n\n\n<p>El ministro de Turismo agreg\u00f3 que \u201cdesde el comienzo de la gesti\u00f3n tenemos la creencia y la convicci\u00f3n de que el turismo tiene que ser una herramienta econ\u00f3mica nuevamente para nuestra provincia, que Chubut tiene que volver a ser la gran vidriera de la Patagonia\u201d.<\/p>\n\n\n\n<p>En ese marco expres\u00f3 que \u201cesto finalmente est\u00e1 sucediendo, lo estamos logrando a partir de un trabajo extraordinario que est\u00e1n realizando m\u00faltiples actores bajo el liderazgo del gobernador \u2018Nacho\u2019 Torres, en un contexto econ\u00f3mico para nada favorable en la Argentina. Pero en Chubut lo hemos logrado igual: nuevas inversiones, un sector privado que se siente acompa\u00f1ado por un Estado presente que se anima a tomar decisiones claves que se hab\u00edan ido postergando durante muchos a\u00f1os en nuestra provincia\u201d.<\/p>\n\n\n\n<p>El funcionario provincial subray\u00f3 que \u201cestamos recibiendo inversiones porque se gener\u00f3 una ley de incentivos que crea condiciones para que las empresas nos elijan. M\u00e1s inversiones en turismo representan m\u00e1s actividad econ\u00f3mica y m\u00e1s puestos de trabajo para la gente de nuestra provincia\u201d.<\/p>\n\n\n\n<p><strong>Destacada participaci\u00f3n de Chubut<\/strong><\/p>\n\n\n\n<p>A su turno, la subsecretaria de Turismo de la provincia, Magal\u00ed Volpi, indic\u00f3 que \u201cen la edici\u00f3n de este a\u00f1o de la FIT, Chubut est\u00e1 presentando una excelente convocatoria por parte de los diferentes destinos que ofrece nuestra provincia. Tenemos 15 destinos y 27 privados que van a estar presentes durante estos cuatro d\u00edas en diversas actividades que se desarrollar\u00e1n durante el transcurso del evento\u201d.<\/p>\n\n\n\n<p>Volpi agreg\u00f3 que \u201ceste es el encuentro integrador por excelencia para el turismo de Am\u00e9rica Latina. Nuestra provincia est\u00e1 participando junto a la regi\u00f3n patag\u00f3nica en un stand de 180 metros cuadrados, estamos trabajando fuertemente con las provincias vecinas, potenciando nuestros destinos a trav\u00e9s de m\u00faltiples actividades de promoci\u00f3n y comercializaci\u00f3n. Tambi\u00e9n habr\u00e1 una presencia muy activa de los municipios chubutenses. Para los pr\u00f3ximos cuatro d\u00edas, hemos logrado organizar diez charlas diferentes sobre los diversos destinos que ofrece nuestra provincia durante todo el a\u00f1o\u201d.<\/p>\n\n\n\n<p><strong>Propuestas de actividades<\/strong><\/p>\n\n\n\n<p>Chubut cuenta con un stand institucional en el cual participan 15 destinos y 27 emprendimientos tur\u00edsticos, en el marco de acciones que viene llevando adelante el Ministerio de Turismo y \u00c1reas Protegidas y la Agencia Chubut Turismo, en forma coordinada con la Casa del Chubut. Durante el fin de semana estuvo abierto al p\u00fablico general para que todos puedan disfrutar de los atractivos de la feria con degustaciones gastron\u00f3micas, espect\u00e1culos art\u00edsticos regionales y la mejor oferta tur\u00edstica.<\/p>\n\n\n\n<p>En tanto que el lunes 29 y&nbsp;martes 30, de 10 a 19 horas, estar\u00e1n destinados exclusivamente a profesionales, rondas de negocios y capacitaciones. El evento no abrir\u00e1 para el p\u00fablico.<\/p>\n\n\n\n<p>Entre las principales actividades diagramadas por el Gobierno del Chubut estuvo la presentaci\u00f3n en vivo de Yoel Hern\u00e1ndez y Yhosva Montoya. Adem\u00e1s, se realiz\u00f3 una clase de cocina en vivo a cargo de los chefs Walter \u00c1lvarez y Juan Pablo L\u00f3pez, en el Stand Patagonia.<\/p>\n\n\n\n<p>Distintos destinos de la provincia realizaron charlas abiertas al p\u00fablico y al sector comercial. Entre ellas se destac\u00f3 el lanzamiento de temporada de Tulipanes, a cargo de Juan Carlos Ledesma de Tulipanes Patagonia; \u201cPuerto Madryn, naturaleza muy cerca\u201d, a cargo del fot\u00f3grafo Maxi Jonas; adem\u00e1s de presentaciones de Trevelin, Comodoro Rivadavia, Cholila y Esquel.<\/p>\n\n\n\n<p><strong>Presencia chubutense<\/strong><\/p>\n\n\n\n<p>En el stand institucional de Chubut est\u00e1n participando referentes tur\u00edsticos de las localidades de Rada Tilly, Puerto Pir\u00e1mides, Gualjaina, Sarmiento, Corcovado, Esquel, Trevelin, Cholila, Gaiman y Epuy\u00e9n. Tambi\u00e9n participan el Ente Comodoro Turismo, el Ente Mixto de Promoci\u00f3n Tur\u00edstica Puerto Madryn, el Ente Mixto Rawson Tur\u00edstico (EMRATUR) y el Ente Trelew Tur\u00edstico (ENTRETUR).<\/p>\n\n\n\n<p>Adem\u00e1s, el sector privado cuenta con la representaci\u00f3n de 27 emprendimientos: la C\u00e1mara de Turismo y Servicios de Pen\u00ednsula Vald\u00e9s (CAPENVAL) y CAMTUR de Lago Puelo; las agencias de viajes Cuyun Co, Huinca Travel, Flamenco Tour, Sussanich Turismo, Dos Oc\u00e9anos, Arnez Travel, Animal Travel, Kai Travel, R\u00fastica Patagonia, Forastero Tours y Odisea Patagonia; adem\u00e1s de Tremun Hoteles, Hotel Yene Hue y Hostel Viajeros de Puerto Madryn.<\/p>\n\n\n\n<p>De Comodoro Rivadavia participan Roqueta Prat S.A., Hotel Austral, Habitantes del Mar Lafkenche, Tonina Tour y Buceo y la agencia de viajes Mar del Sur Viajes. Por parte de Trelew, las agencias de viajes Euforia, Calew Travel y Euforia Viajes. Tambi\u00e9n el alojamiento tur\u00edstico Arroyo Escondido y la agencia de viajes Marcando Ruta, de Trevelin; Peke Sosa Avistajes, de Puerto Pir\u00e1mides; y la agencia de viajes Meraki Sur, de Esquel.<\/p>\n\n\n\n<p>Por \u00faltimo, un total de 15 productores chubutenses tambi\u00e9n participan de la feria en el espacio FIT-Food: Pino &amp; Lana, Fieltro Patag\u00f3nico, Estrenc, Chacra Kaish, R\u00fastika Sur, Serajuana, De Los Abuelos, Cuyen, Cervecer\u00eda Radal, Franca, Ama Maitea, Piqui Gin, Aiwen, Paso Ancho Berries y Saffron Golden Gin.&#8211;<\/p>\n","protected":false},"excerpt":{"rendered":"<p>El ministro Diego Lapenna destac\u00f3 \u201clos enormes avances que ha logrado el sector en nuestra provincia durante los \u00faltimos dos a\u00f1os gracias al fuerte liderazgo que ha ejercido el gobernador&hellip; <\/p>\n","protected":false},"author":2,"featured_media":18141,"comment_status":"closed","ping_status":"closed","sticky":false,"template":"","format":"standard","meta":{"footnotes":""},"categories":[15],"tags":[],"class_list":["post-18142","post","type-post","status-publish","format-standard","has-post-thumbnail","hentry","category-locales"],"yoast_head":"<!-- This site is optimized with the Yoast SEO plugin v27.4 - https:\/\/yoast.com\/product\/yoast-seo-wordpress\/ -->\n<title>Chubut brilla en la Feria Internacional de Turismo en Buenos Aires - FM Patagonia Madryn<\/title>\n<meta name=\"robots\" content=\"index, follow, max-snippet:-1, max-image-preview:large, max-video-preview:-1\" \/>\n<link rel=\"canonical\" href=\"https:\/\/fmpatagoniamadryn.com.ar\/?p=18142\" \/>\n<meta property=\"og:locale\" content=\"es_ES\" \/>\n<meta property=\"og:type\" content=\"article\" \/>\n<meta property=\"og:title\" content=\"Chubut brilla en la Feria Internacional de Turismo en Buenos Aires - FM Patagonia Madryn\" \/>\n<meta property=\"og:description\" content=\"El ministro Diego Lapenna destac\u00f3 \u201clos enormes avances que ha logrado el sector en nuestra provincia durante los \u00faltimos dos a\u00f1os gracias al fuerte liderazgo que ha ejercido el gobernador&hellip;\" \/>\n<meta property=\"og:url\" content=\"https:\/\/fmpatagoniamadryn.com.ar\/?p=18142\" \/>\n<meta property=\"og:site_name\" content=\"FM Patagonia Madryn\" \/>\n<meta property=\"article:published_time\" content=\"2025-09-30T14:30:43+00:00\" \/>\n<meta property=\"og:image\" content=\"https:\/\/fmpatagoniamadryn.com.ar\/wp-content\/uploads\/2025\/09\/img_5561.jpg\" \/>\n\t<meta property=\"og:image:width\" content=\"2000\" \/>\n\t<meta property=\"og:image:height\" content=\"1333\" \/>\n\t<meta property=\"og:image:type\" content=\"image\/jpeg\" \/>\n<meta name=\"author\" content=\"FM Patagonia\" \/>\n<meta name=\"twitter:card\" content=\"summary_large_image\" \/>\n<meta name=\"twitter:label1\" content=\"Escrito por\" \/>\n\t<meta name=\"twitter:data1\" content=\"FM Patagonia\" \/>\n\t<meta name=\"twitter:label2\" content=\"Tiempo de lectura\" \/>\n\t<meta name=\"twitter:data2\" content=\"6 minutos\" \/>\n<script type=\"application\/ld+json\" class=\"yoast-schema-graph\">{\"@context\":\"https:\\\/\\\/schema.org\",\"@graph\":[{\"@type\":\"Article\",\"@id\":\"https:\\\/\\\/fmpatagoniamadryn.com.ar\\\/?p=18142#article\",\"isPartOf\":{\"@id\":\"https:\\\/\\\/fmpatagoniamadryn.com.ar\\\/?p=18142\"},\"author\":{\"name\":\"FM Patagonia\",\"@id\":\"https:\\\/\\\/fmpatagoniamadryn.com.ar\\\/#\\\/schema\\\/person\\\/8a3de4ad7efceacab06c1641c50303b7\"},\"headline\":\"Chubut brilla en la Feria Internacional de Turismo en Buenos Aires\",\"datePublished\":\"2025-09-30T14:30:43+00:00\",\"mainEntityOfPage\":{\"@id\":\"https:\\\/\\\/fmpatagoniamadryn.com.ar\\\/?p=18142\"},\"wordCount\":1115,\"publisher\":{\"@id\":\"https:\\\/\\\/fmpatagoniamadryn.com.ar\\\/#organization\"},\"image\":{\"@id\":\"https:\\\/\\\/fmpatagoniamadryn.com.ar\\\/?p=18142#primaryimage\"},\"thumbnailUrl\":\"https:\\\/\\\/fmpatagoniamadryn.com.ar\\\/wp-content\\\/uploads\\\/2025\\\/09\\\/img_5561.jpg\",\"articleSection\":[\"Locales\"],\"inLanguage\":\"es\"},{\"@type\":\"WebPage\",\"@id\":\"https:\\\/\\\/fmpatagoniamadryn.com.ar\\\/?p=18142\",\"url\":\"https:\\\/\\\/fmpatagoniamadryn.com.ar\\\/?p=18142\",\"name\":\"Chubut brilla en la Feria Internacional de Turismo en Buenos Aires - FM Patagonia Madryn\",\"isPartOf\":{\"@id\":\"https:\\\/\\\/fmpatagoniamadryn.com.ar\\\/#website\"},\"primaryImageOfPage\":{\"@id\":\"https:\\\/\\\/fmpatagoniamadryn.com.ar\\\/?p=18142#primaryimage\"},\"image\":{\"@id\":\"https:\\\/\\\/fmpatagoniamadryn.com.ar\\\/?p=18142#primaryimage\"},\"thumbnailUrl\":\"https:\\\/\\\/fmpatagoniamadryn.com.ar\\\/wp-content\\\/uploads\\\/2025\\\/09\\\/img_5561.jpg\",\"datePublished\":\"2025-09-30T14:30:43+00:00\",\"breadcrumb\":{\"@id\":\"https:\\\/\\\/fmpatagoniamadryn.com.ar\\\/?p=18142#breadcrumb\"},\"inLanguage\":\"es\",\"potentialAction\":[{\"@type\":\"ReadAction\",\"target\":[\"https:\\\/\\\/fmpatagoniamadryn.com.ar\\\/?p=18142\"]}]},{\"@type\":\"ImageObject\",\"inLanguage\":\"es\",\"@id\":\"https:\\\/\\\/fmpatagoniamadryn.com.ar\\\/?p=18142#primaryimage\",\"url\":\"https:\\\/\\\/fmpatagoniamadryn.com.ar\\\/wp-content\\\/uploads\\\/2025\\\/09\\\/img_5561.jpg\",\"contentUrl\":\"https:\\\/\\\/fmpatagoniamadryn.com.ar\\\/wp-content\\\/uploads\\\/2025\\\/09\\\/img_5561.jpg\",\"width\":2000,\"height\":1333},{\"@type\":\"BreadcrumbList\",\"@id\":\"https:\\\/\\\/fmpatagoniamadryn.com.ar\\\/?p=18142#breadcrumb\",\"itemListElement\":[{\"@type\":\"ListItem\",\"position\":1,\"name\":\"Portada\",\"item\":\"https:\\\/\\\/fmpatagoniamadryn.com.ar\\\/\"},{\"@type\":\"ListItem\",\"position\":2,\"name\":\"Chubut brilla en la Feria Internacional de Turismo en Buenos Aires\"}]},{\"@type\":\"WebSite\",\"@id\":\"https:\\\/\\\/fmpatagoniamadryn.com.ar\\\/#website\",\"url\":\"https:\\\/\\\/fmpatagoniamadryn.com.ar\\\/\",\"name\":\"FM Patagonia Madryn\",\"description\":\"Radio Patagonia 105.5\",\"publisher\":{\"@id\":\"https:\\\/\\\/fmpatagoniamadryn.com.ar\\\/#organization\"},\"potentialAction\":[{\"@type\":\"SearchAction\",\"target\":{\"@type\":\"EntryPoint\",\"urlTemplate\":\"https:\\\/\\\/fmpatagoniamadryn.com.ar\\\/?s={search_term_string}\"},\"query-input\":{\"@type\":\"PropertyValueSpecification\",\"valueRequired\":true,\"valueName\":\"search_term_string\"}}],\"inLanguage\":\"es\"},{\"@type\":\"Organization\",\"@id\":\"https:\\\/\\\/fmpatagoniamadryn.com.ar\\\/#organization\",\"name\":\"FM Patagonia Madryn\",\"url\":\"https:\\\/\\\/fmpatagoniamadryn.com.ar\\\/\",\"logo\":{\"@type\":\"ImageObject\",\"inLanguage\":\"es\",\"@id\":\"https:\\\/\\\/fmpatagoniamadryn.com.ar\\\/#\\\/schema\\\/logo\\\/image\\\/\",\"url\":\"https:\\\/\\\/fmpatagoniamadryn.com.ar\\\/wp-content\\\/uploads\\\/2023\\\/01\\\/cropped-Diseno-sin-titulo.png\",\"contentUrl\":\"https:\\\/\\\/fmpatagoniamadryn.com.ar\\\/wp-content\\\/uploads\\\/2023\\\/01\\\/cropped-Diseno-sin-titulo.png\",\"width\":6911,\"height\":2657,\"caption\":\"FM Patagonia Madryn\"},\"image\":{\"@id\":\"https:\\\/\\\/fmpatagoniamadryn.com.ar\\\/#\\\/schema\\\/logo\\\/image\\\/\"}},{\"@type\":\"Person\",\"@id\":\"https:\\\/\\\/fmpatagoniamadryn.com.ar\\\/#\\\/schema\\\/person\\\/8a3de4ad7efceacab06c1641c50303b7\",\"name\":\"FM Patagonia\",\"url\":\"https:\\\/\\\/fmpatagoniamadryn.com.ar\\\/?author=2\"}]}<\/script>\n<!-- \/ Yoast SEO plugin. -->","yoast_head_json":{"title":"Chubut brilla en la Feria Internacional de Turismo en Buenos Aires - FM Patagonia Madryn","robots":{"index":"index","follow":"follow","max-snippet":"max-snippet:-1","max-image-preview":"max-image-preview:large","max-video-preview":"max-video-preview:-1"},"canonical":"https:\/\/fmpatagoniamadryn.com.ar\/?p=18142","og_locale":"es_ES","og_type":"article","og_title":"Chubut brilla en la Feria Internacional de Turismo en Buenos Aires - FM Patagonia Madryn","og_description":"El ministro Diego Lapenna destac\u00f3 \u201clos enormes avances que ha logrado el sector en nuestra provincia durante los \u00faltimos dos a\u00f1os gracias al fuerte liderazgo que ha ejercido el gobernador&hellip;","og_url":"https:\/\/fmpatagoniamadryn.com.ar\/?p=18142","og_site_name":"FM Patagonia Madryn","article_published_time":"2025-09-30T14:30:43+00:00","og_image":[{"width":2000,"height":1333,"url":"https:\/\/fmpatagoniamadryn.com.ar\/wp-content\/uploads\/2025\/09\/img_5561.jpg","type":"image\/jpeg"}],"author":"FM Patagonia","twitter_card":"summary_large_image","twitter_misc":{"Escrito por":"FM Patagonia","Tiempo de lectura":"6 minutos"},"schema":{"@context":"https:\/\/schema.org","@graph":[{"@type":"Article","@id":"https:\/\/fmpatagoniamadryn.com.ar\/?p=18142#article","isPartOf":{"@id":"https:\/\/fmpatagoniamadryn.com.ar\/?p=18142"},"author":{"name":"FM Patagonia","@id":"https:\/\/fmpatagoniamadryn.com.ar\/#\/schema\/person\/8a3de4ad7efceacab06c1641c50303b7"},"headline":"Chubut brilla en la Feria Internacional de Turismo en Buenos Aires","datePublished":"2025-09-30T14:30:43+00:00","mainEntityOfPage":{"@id":"https:\/\/fmpatagoniamadryn.com.ar\/?p=18142"},"wordCount":1115,"publisher":{"@id":"https:\/\/fmpatagoniamadryn.com.ar\/#organization"},"image":{"@id":"https:\/\/fmpatagoniamadryn.com.ar\/?p=18142#primaryimage"},"thumbnailUrl":"https:\/\/fmpatagoniamadryn.com.ar\/wp-content\/uploads\/2025\/09\/img_5561.jpg","articleSection":["Locales"],"inLanguage":"es"},{"@type":"WebPage","@id":"https:\/\/fmpatagoniamadryn.com.ar\/?p=18142","url":"https:\/\/fmpatagoniamadryn.com.ar\/?p=18142","name":"Chubut brilla en la Feria Internacional de Turismo en Buenos Aires - FM Patagonia Madryn","isPartOf":{"@id":"https:\/\/fmpatagoniamadryn.com.ar\/#website"},"primaryImageOfPage":{"@id":"https:\/\/fmpatagoniamadryn.com.ar\/?p=18142#primaryimage"},"image":{"@id":"https:\/\/fmpatagoniamadryn.com.ar\/?p=18142#primaryimage"},"thumbnailUrl":"https:\/\/fmpatagoniamadryn.com.ar\/wp-content\/uploads\/2025\/09\/img_5561.jpg","datePublished":"2025-09-30T14:30:43+00:00","breadcrumb":{"@id":"https:\/\/fmpatagoniamadryn.com.ar\/?p=18142#breadcrumb"},"inLanguage":"es","potentialAction":[{"@type":"ReadAction","target":["https:\/\/fmpatagoniamadryn.com.ar\/?p=18142"]}]},{"@type":"ImageObject","inLanguage":"es","@id":"https:\/\/fmpatagoniamadryn.com.ar\/?p=18142#primaryimage","url":"https:\/\/fmpatagoniamadryn.com.ar\/wp-content\/uploads\/2025\/09\/img_5561.jpg","contentUrl":"https:\/\/fmpatagoniamadryn.com.ar\/wp-content\/uploads\/2025\/09\/img_5561.jpg","width":2000,"height":1333},{"@type":"BreadcrumbList","@id":"https:\/\/fmpatagoniamadryn.com.ar\/?p=18142#breadcrumb","itemListElement":[{"@type":"ListItem","position":1,"name":"Portada","item":"https:\/\/fmpatagoniamadryn.com.ar\/"},{"@type":"ListItem","position":2,"name":"Chubut brilla en la Feria Internacional de Turismo en Buenos Aires"}]},{"@type":"WebSite","@id":"https:\/\/fmpatagoniamadryn.com.ar\/#website","url":"https:\/\/fmpatagoniamadryn.com.ar\/","name":"FM Patagonia Madryn","description":"Radio Patagonia 105.5","publisher":{"@id":"https:\/\/fmpatagoniamadryn.com.ar\/#organization"},"potentialAction":[{"@type":"SearchAction","target":{"@type":"EntryPoint","urlTemplate":"https:\/\/fmpatagoniamadryn.com.ar\/?s={search_term_string}"},"query-input":{"@type":"PropertyValueSpecification","valueRequired":true,"valueName":"search_term_string"}}],"inLanguage":"es"},{"@type":"Organization","@id":"https:\/\/fmpatagoniamadryn.com.ar\/#organization","name":"FM Patagonia Madryn","url":"https:\/\/fmpatagoniamadryn.com.ar\/","logo":{"@type":"ImageObject","inLanguage":"es","@id":"https:\/\/fmpatagoniamadryn.com.ar\/#\/schema\/logo\/image\/","url":"https:\/\/fmpatagoniamadryn.com.ar\/wp-content\/uploads\/2023\/01\/cropped-Diseno-sin-titulo.png","contentUrl":"https:\/\/fmpatagoniamadryn.com.ar\/wp-content\/uploads\/2023\/01\/cropped-Diseno-sin-titulo.png","width":6911,"height":2657,"caption":"FM Patagonia Madryn"},"image":{"@id":"https:\/\/fmpatagoniamadryn.com.ar\/#\/schema\/logo\/image\/"}},{"@type":"Person","@id":"https:\/\/fmpatagoniamadryn.com.ar\/#\/schema\/person\/8a3de4ad7efceacab06c1641c50303b7","name":"FM Patagonia","url":"https:\/\/fmpatagoniamadryn.com.ar\/?author=2"}]}},"jetpack_featured_media_url":"https:\/\/fmpatagoniamadryn.com.ar\/wp-content\/uploads\/2025\/09\/img_5561.jpg","_links":{"self":[{"href":"https:\/\/fmpatagoniamadryn.com.ar\/index.php?rest_route=\/wp\/v2\/posts\/18142","targetHints":{"allow":["GET"]}}],"collection":[{"href":"https:\/\/fmpatagoniamadryn.com.ar\/index.php?rest_route=\/wp\/v2\/posts"}],"about":[{"href":"https:\/\/fmpatagoniamadryn.com.ar\/index.php?rest_route=\/wp\/v2\/types\/post"}],"author":[{"embeddable":true,"href":"https:\/\/fmpatagoniamadryn.com.ar\/index.php?rest_route=\/wp\/v2\/users\/2"}],"replies":[{"embeddable":true,"href":"https:\/\/fmpatagoniamadryn.com.ar\/index.php?rest_route=%2Fwp%2Fv2%2Fcomments&post=18142"}],"version-history":[{"count":1,"href":"https:\/\/fmpatagoniamadryn.com.ar\/index.php?rest_route=\/wp\/v2\/posts\/18142\/revisions"}],"predecessor-version":[{"id":18143,"href":"https:\/\/fmpatagoniamadryn.com.ar\/index.php?rest_route=\/wp\/v2\/posts\/18142\/revisions\/18143"}],"wp:featuredmedia":[{"embeddable":true,"href":"https:\/\/fmpatagoniamadryn.com.ar\/index.php?rest_route=\/wp\/v2\/media\/18141"}],"wp:attachment":[{"href":"https:\/\/fmpatagoniamadryn.com.ar\/index.php?rest_route=%2Fwp%2Fv2%2Fmedia&parent=18142"}],"wp:term":[{"taxonomy":"category","embeddable":true,"href":"https:\/\/fmpatagoniamadryn.com.ar\/index.php?rest_route=%2Fwp%2Fv2%2Fcategories&post=18142"},{"taxonomy":"post_tag","embeddable":true,"href":"https:\/\/fmpatagoniamadryn.com.ar\/index.php?rest_route=%2Fwp%2Fv2%2Ftags&post=18142"}],"curies":[{"name":"wp","href":"https:\/\/api.w.org\/{rel}","templated":true}]}}