{"id":18145,"date":"2025-09-30T20:04:23","date_gmt":"2025-09-30T23:04:23","guid":{"rendered":"https:\/\/fmpatagoniamadryn.com.ar\/?p=18145"},"modified":"2025-09-30T20:04:23","modified_gmt":"2025-09-30T23:04:23","slug":"provincia-controlo-cerca-de-8-000-vehiculos-y-retiro-de-la-via-publica-a-75-conductores-durante-el-fin-de-semana","status":"publish","type":"post","link":"https:\/\/fmpatagoniamadryn.com.ar\/?p=18145","title":{"rendered":"Provincia control\u00f3 cerca de 8.000 veh\u00edculos y retir\u00f3 de la v\u00eda p\u00fablica a 75 conductores durante el fin de semana"},"content":{"rendered":"\n<p><\/p>\n\n\n\n<p><em>Se retuvieron nueve rodados y se labraron 218 infracciones a la Ley Nacional de Tr\u00e1nsito.<\/em><\/p>\n\n\n\n<p>El Gobierno del Chubut, a trav\u00e9s del Ministerio de Seguridad y Justicia, desarroll\u00f3 operativos de fiscalizaci\u00f3n vial en rutas, ciudades y accesos en distintos puntos del territorio provincial.<\/p>\n\n\n\n<p>En total, la Subsecretar\u00eda de Seguridad Vial control\u00f3 7.767 veh\u00edculos, realiz\u00f3 3.473 test de alcoholemia y retir\u00f3 a 75 conductores alcoholizados de la v\u00eda p\u00fablica. Los procedimientos se llevaron adelante de manera coordinada con la Polic\u00eda del Chubut, Fuerzas Federales de Seguridad y organismos municipales de Tr\u00e1nsito.<\/p>\n\n\n\n<p><em>Rawson y Playa Uni\u00f3n<\/em><\/p>\n\n\n\n<p>En el despliegue en la capital provincial los controles tuvieron lugar en los ingresos a la ciudad tanto sobre la Ruta Provincial N\u00ba 7 como en la Ruta Nacional N\u00ba 25 incluyendo los ingresos a Playa Uni\u00f3n.<\/p>\n\n\n\n<p>Durante las tareas de prevenci\u00f3n, se controlaron 713 veh\u00edculos, se realizaron 604 test de alcoholemia, hubo 7 casos positivos, se labraron 15 infracciones y no se retuvieron autom\u00f3viles.<\/p>\n\n\n\n<p><em>Trelew, Gaiman y Dolavon<\/em><\/p>\n\n\n\n<p>Los operativos se llevaron adelante en distintos puntos del casco urbano y en la periferia de la ciudad como as\u00ed tambi\u00e9n en la Ruta Nacional N\u00ba 3, tanto en el ingreso norte como en el acceso sur.<\/p>\n\n\n\n<p>En total, se verificaron 952 veh\u00edculos, se efectuaron 856 test de alcoholemia en los que se detectaron a 23 conductores en estado de ebriedad. Asimismo, se registraron 30 infracciones a la Ley Nacional de Tr\u00e1nsito y se retuvieron 4 rodados.<\/p>\n\n\n\n<p>En Gaiman, se controlaron 182 veh\u00edculos, se llevaron a cabo 182 test de alcoholemia, se comprobaron 6 alcoholemias positivas, se efectuaron 9 infracciones y no se retuvieron autom\u00f3viles.<\/p>\n\n\n\n<p>En Dolavon, se controlaron 127 veh\u00edculos, se realizaron 127 test de alcoholemia, se detect\u00f3 un caso positivo, se labraron 4 infracciones y no se retuvo ning\u00fan autom\u00f3vil.<\/p>\n\n\n\n<p><em>Comodoro Rivadavia<\/em><\/p>\n\n\n\n<p>En Comodoro Rivadavia, se llevaron a cabo operativos en distintos puntos de la ciudad y la periferia en el marco de las tareas preventivas que lleva adelante el Comando Unificado de Seguridad en la regi\u00f3n.<\/p>\n\n\n\n<p>En total, se controlaron 2.401 veh\u00edculos, se realizaron 78 test de alcoholemia, se detect\u00f3 a 13 conductores en estado de ebriedad, se labraron 93 infracciones y se retuvo un autom\u00f3vil.<\/p>\n\n\n\n<p><em>Rada Tilly<\/em><\/p>\n\n\n\n<p>Se controlaron 227 veh\u00edculos, no se efectuaron test de alcoholemia, se labr\u00f3 una infracci\u00f3n y no se retuvo ning\u00fan autom\u00f3vil.<\/p>\n\n\n\n<p><em>Camarones<\/em><\/p>\n\n\n\n<p>Se controlaron 39 veh\u00edculos, no se realizaron test de alcoholemia ni se elaboraron infracciones.<\/p>\n\n\n\n<p><em>Comarca Andina<\/em><\/p>\n\n\n\n<p>Las tareas de prevenci\u00f3n tuvieron lugar sobre las rutas y accesos a Cholila, El Mait\u00e9n, El Hoyo y Lago Puelo con un total de 796 veh\u00edculos verificados en diversos controles.<\/p>\n\n\n\n<p>En estos operativos, se efectuaron 154 test de alcoholemia, se comprobaron 5 casos positivos, se labraron 13 infracciones y se retuvieron 2 autom\u00f3viles.<\/p>\n\n\n\n<p><em>Esquel<\/em><\/p>\n\n\n\n<p>En Esquel, se controlaron 1.328 veh\u00edculos, se realizaron 1.213 test de alcoholemia, se comprobaron 18 casos positivos, se labraron 47 infracciones y se retuvieron 2 rodados.<\/p>\n\n\n\n<p><em>Trevelin<\/em><\/p>\n\n\n\n<p>Se controlaron 128 veh\u00edculos, se llevaron a cabo 128 test de alcoholemia, se comprob\u00f3 un caso positivo, se confeccionaron dos infracciones y no se retuvo ning\u00fan autom\u00f3vil.<\/p>\n\n\n\n<p><em>Jos\u00e9 de San Mart\u00edn, Paso de Indios, Gobernador Costa, R\u00edo Pico y Tecka<\/em><\/p>\n\n\n\n<p>En Jos\u00e9 de San Mart\u00edn, se controlaron 79 veh\u00edculos, no se desarrollaron test de alcoholemia y se registr\u00f3 una infracci\u00f3n. En Paso de Indios, se controlaron 22 veh\u00edculos y no se desarrollaron infracciones.<\/p>\n\n\n\n<p>En Gobernador Costa, se verificaron 206 veh\u00edculos, no se efectuaron test de alcoholemia y no se labr\u00f3 ninguna infracci\u00f3n.<\/p>\n\n\n\n<p>En R\u00edo Pico, se controlaron 296 veh\u00edculos, se llevaron a cabo 131 test de alcoholemia, se comprob\u00f3 un caso positivo y se efectuaron tres infracciones. En Tecka, se controlaron 271 rodados y no se labr\u00f3 ninguna infracci\u00f3n ni se retuvo ning\u00fan autom\u00f3vil.<\/p>\n","protected":false},"excerpt":{"rendered":"<p>Se retuvieron nueve rodados y se labraron 218 infracciones a la Ley Nacional de Tr\u00e1nsito. El Gobierno del Chubut, a trav\u00e9s del Ministerio de Seguridad y Justicia, desarroll\u00f3 operativos de&hellip; <\/p>\n","protected":false},"author":2,"featured_media":18144,"comment_status":"closed","ping_status":"closed","sticky":false,"template":"","format":"standard","meta":{"footnotes":""},"categories":[14],"tags":[],"class_list":["post-18145","post","type-post","status-publish","format-standard","has-post-thumbnail","hentry","category-provinciales"],"yoast_head":"<!-- This site is optimized with the Yoast SEO plugin v27.4 - https:\/\/yoast.com\/product\/yoast-seo-wordpress\/ -->\n<title>Provincia control\u00f3 cerca de 8.000 veh\u00edculos y retir\u00f3 de la v\u00eda p\u00fablica a 75 conductores durante el fin de semana - FM Patagonia Madryn<\/title>\n<meta name=\"robots\" content=\"index, follow, max-snippet:-1, max-image-preview:large, max-video-preview:-1\" \/>\n<link rel=\"canonical\" href=\"https:\/\/fmpatagoniamadryn.com.ar\/?p=18145\" \/>\n<meta property=\"og:locale\" content=\"es_ES\" \/>\n<meta property=\"og:type\" content=\"article\" \/>\n<meta property=\"og:title\" content=\"Provincia control\u00f3 cerca de 8.000 veh\u00edculos y retir\u00f3 de la v\u00eda p\u00fablica a 75 conductores durante el fin de semana - FM Patagonia Madryn\" \/>\n<meta property=\"og:description\" content=\"Se retuvieron nueve rodados y se labraron 218 infracciones a la Ley Nacional de Tr\u00e1nsito. El Gobierno del Chubut, a trav\u00e9s del Ministerio de Seguridad y Justicia, desarroll\u00f3 operativos de&hellip;\" \/>\n<meta property=\"og:url\" content=\"https:\/\/fmpatagoniamadryn.com.ar\/?p=18145\" \/>\n<meta property=\"og:site_name\" content=\"FM Patagonia Madryn\" \/>\n<meta property=\"article:published_time\" content=\"2025-09-30T23:04:23+00:00\" \/>\n<meta property=\"og:image\" content=\"https:\/\/fmpatagoniamadryn.com.ar\/wp-content\/uploads\/2025\/09\/400da4a8-356f-44b6-8851-e2ba7c20a6d8.jpg\" \/>\n\t<meta property=\"og:image:width\" content=\"759\" \/>\n\t<meta property=\"og:image:height\" content=\"636\" \/>\n\t<meta property=\"og:image:type\" content=\"image\/jpeg\" \/>\n<meta name=\"author\" content=\"FM Patagonia\" \/>\n<meta name=\"twitter:card\" content=\"summary_large_image\" \/>\n<meta name=\"twitter:label1\" content=\"Escrito por\" \/>\n\t<meta name=\"twitter:data1\" content=\"FM Patagonia\" \/>\n\t<meta name=\"twitter:label2\" content=\"Tiempo de lectura\" \/>\n\t<meta name=\"twitter:data2\" content=\"3 minutos\" \/>\n<script type=\"application\/ld+json\" class=\"yoast-schema-graph\">{\"@context\":\"https:\\\/\\\/schema.org\",\"@graph\":[{\"@type\":\"Article\",\"@id\":\"https:\\\/\\\/fmpatagoniamadryn.com.ar\\\/?p=18145#article\",\"isPartOf\":{\"@id\":\"https:\\\/\\\/fmpatagoniamadryn.com.ar\\\/?p=18145\"},\"author\":{\"name\":\"FM Patagonia\",\"@id\":\"https:\\\/\\\/fmpatagoniamadryn.com.ar\\\/#\\\/schema\\\/person\\\/8a3de4ad7efceacab06c1641c50303b7\"},\"headline\":\"Provincia control\u00f3 cerca de 8.000 veh\u00edculos y retir\u00f3 de la v\u00eda p\u00fablica a 75 conductores durante el fin de semana\",\"datePublished\":\"2025-09-30T23:04:23+00:00\",\"mainEntityOfPage\":{\"@id\":\"https:\\\/\\\/fmpatagoniamadryn.com.ar\\\/?p=18145\"},\"wordCount\":641,\"publisher\":{\"@id\":\"https:\\\/\\\/fmpatagoniamadryn.com.ar\\\/#organization\"},\"image\":{\"@id\":\"https:\\\/\\\/fmpatagoniamadryn.com.ar\\\/?p=18145#primaryimage\"},\"thumbnailUrl\":\"https:\\\/\\\/fmpatagoniamadryn.com.ar\\\/wp-content\\\/uploads\\\/2025\\\/09\\\/400da4a8-356f-44b6-8851-e2ba7c20a6d8.jpg\",\"articleSection\":[\"Provinciales\"],\"inLanguage\":\"es\"},{\"@type\":\"WebPage\",\"@id\":\"https:\\\/\\\/fmpatagoniamadryn.com.ar\\\/?p=18145\",\"url\":\"https:\\\/\\\/fmpatagoniamadryn.com.ar\\\/?p=18145\",\"name\":\"Provincia control\u00f3 cerca de 8.000 veh\u00edculos y retir\u00f3 de la v\u00eda p\u00fablica a 75 conductores durante el fin de semana - FM Patagonia Madryn\",\"isPartOf\":{\"@id\":\"https:\\\/\\\/fmpatagoniamadryn.com.ar\\\/#website\"},\"primaryImageOfPage\":{\"@id\":\"https:\\\/\\\/fmpatagoniamadryn.com.ar\\\/?p=18145#primaryimage\"},\"image\":{\"@id\":\"https:\\\/\\\/fmpatagoniamadryn.com.ar\\\/?p=18145#primaryimage\"},\"thumbnailUrl\":\"https:\\\/\\\/fmpatagoniamadryn.com.ar\\\/wp-content\\\/uploads\\\/2025\\\/09\\\/400da4a8-356f-44b6-8851-e2ba7c20a6d8.jpg\",\"datePublished\":\"2025-09-30T23:04:23+00:00\",\"breadcrumb\":{\"@id\":\"https:\\\/\\\/fmpatagoniamadryn.com.ar\\\/?p=18145#breadcrumb\"},\"inLanguage\":\"es\",\"potentialAction\":[{\"@type\":\"ReadAction\",\"target\":[\"https:\\\/\\\/fmpatagoniamadryn.com.ar\\\/?p=18145\"]}]},{\"@type\":\"ImageObject\",\"inLanguage\":\"es\",\"@id\":\"https:\\\/\\\/fmpatagoniamadryn.com.ar\\\/?p=18145#primaryimage\",\"url\":\"https:\\\/\\\/fmpatagoniamadryn.com.ar\\\/wp-content\\\/uploads\\\/2025\\\/09\\\/400da4a8-356f-44b6-8851-e2ba7c20a6d8.jpg\",\"contentUrl\":\"https:\\\/\\\/fmpatagoniamadryn.com.ar\\\/wp-content\\\/uploads\\\/2025\\\/09\\\/400da4a8-356f-44b6-8851-e2ba7c20a6d8.jpg\",\"width\":759,\"height\":636},{\"@type\":\"BreadcrumbList\",\"@id\":\"https:\\\/\\\/fmpatagoniamadryn.com.ar\\\/?p=18145#breadcrumb\",\"itemListElement\":[{\"@type\":\"ListItem\",\"position\":1,\"name\":\"Portada\",\"item\":\"https:\\\/\\\/fmpatagoniamadryn.com.ar\\\/\"},{\"@type\":\"ListItem\",\"position\":2,\"name\":\"Provincia control\u00f3 cerca de 8.000 veh\u00edculos y retir\u00f3 de la v\u00eda p\u00fablica a 75 conductores durante el fin de semana\"}]},{\"@type\":\"WebSite\",\"@id\":\"https:\\\/\\\/fmpatagoniamadryn.com.ar\\\/#website\",\"url\":\"https:\\\/\\\/fmpatagoniamadryn.com.ar\\\/\",\"name\":\"FM Patagonia Madryn\",\"description\":\"Radio Patagonia 105.5\",\"publisher\":{\"@id\":\"https:\\\/\\\/fmpatagoniamadryn.com.ar\\\/#organization\"},\"potentialAction\":[{\"@type\":\"SearchAction\",\"target\":{\"@type\":\"EntryPoint\",\"urlTemplate\":\"https:\\\/\\\/fmpatagoniamadryn.com.ar\\\/?s={search_term_string}\"},\"query-input\":{\"@type\":\"PropertyValueSpecification\",\"valueRequired\":true,\"valueName\":\"search_term_string\"}}],\"inLanguage\":\"es\"},{\"@type\":\"Organization\",\"@id\":\"https:\\\/\\\/fmpatagoniamadryn.com.ar\\\/#organization\",\"name\":\"FM Patagonia Madryn\",\"url\":\"https:\\\/\\\/fmpatagoniamadryn.com.ar\\\/\",\"logo\":{\"@type\":\"ImageObject\",\"inLanguage\":\"es\",\"@id\":\"https:\\\/\\\/fmpatagoniamadryn.com.ar\\\/#\\\/schema\\\/logo\\\/image\\\/\",\"url\":\"https:\\\/\\\/fmpatagoniamadryn.com.ar\\\/wp-content\\\/uploads\\\/2023\\\/01\\\/cropped-Diseno-sin-titulo.png\",\"contentUrl\":\"https:\\\/\\\/fmpatagoniamadryn.com.ar\\\/wp-content\\\/uploads\\\/2023\\\/01\\\/cropped-Diseno-sin-titulo.png\",\"width\":6911,\"height\":2657,\"caption\":\"FM Patagonia Madryn\"},\"image\":{\"@id\":\"https:\\\/\\\/fmpatagoniamadryn.com.ar\\\/#\\\/schema\\\/logo\\\/image\\\/\"}},{\"@type\":\"Person\",\"@id\":\"https:\\\/\\\/fmpatagoniamadryn.com.ar\\\/#\\\/schema\\\/person\\\/8a3de4ad7efceacab06c1641c50303b7\",\"name\":\"FM Patagonia\",\"url\":\"https:\\\/\\\/fmpatagoniamadryn.com.ar\\\/?author=2\"}]}<\/script>\n<!-- \/ Yoast SEO plugin. -->","yoast_head_json":{"title":"Provincia control\u00f3 cerca de 8.000 veh\u00edculos y retir\u00f3 de la v\u00eda p\u00fablica a 75 conductores durante el fin de semana - FM Patagonia Madryn","robots":{"index":"index","follow":"follow","max-snippet":"max-snippet:-1","max-image-preview":"max-image-preview:large","max-video-preview":"max-video-preview:-1"},"canonical":"https:\/\/fmpatagoniamadryn.com.ar\/?p=18145","og_locale":"es_ES","og_type":"article","og_title":"Provincia control\u00f3 cerca de 8.000 veh\u00edculos y retir\u00f3 de la v\u00eda p\u00fablica a 75 conductores durante el fin de semana - FM Patagonia Madryn","og_description":"Se retuvieron nueve rodados y se labraron 218 infracciones a la Ley Nacional de Tr\u00e1nsito. El Gobierno del Chubut, a trav\u00e9s del Ministerio de Seguridad y Justicia, desarroll\u00f3 operativos de&hellip;","og_url":"https:\/\/fmpatagoniamadryn.com.ar\/?p=18145","og_site_name":"FM Patagonia Madryn","article_published_time":"2025-09-30T23:04:23+00:00","og_image":[{"width":759,"height":636,"url":"https:\/\/fmpatagoniamadryn.com.ar\/wp-content\/uploads\/2025\/09\/400da4a8-356f-44b6-8851-e2ba7c20a6d8.jpg","type":"image\/jpeg"}],"author":"FM Patagonia","twitter_card":"summary_large_image","twitter_misc":{"Escrito por":"FM Patagonia","Tiempo de lectura":"3 minutos"},"schema":{"@context":"https:\/\/schema.org","@graph":[{"@type":"Article","@id":"https:\/\/fmpatagoniamadryn.com.ar\/?p=18145#article","isPartOf":{"@id":"https:\/\/fmpatagoniamadryn.com.ar\/?p=18145"},"author":{"name":"FM Patagonia","@id":"https:\/\/fmpatagoniamadryn.com.ar\/#\/schema\/person\/8a3de4ad7efceacab06c1641c50303b7"},"headline":"Provincia control\u00f3 cerca de 8.000 veh\u00edculos y retir\u00f3 de la v\u00eda p\u00fablica a 75 conductores durante el fin de semana","datePublished":"2025-09-30T23:04:23+00:00","mainEntityOfPage":{"@id":"https:\/\/fmpatagoniamadryn.com.ar\/?p=18145"},"wordCount":641,"publisher":{"@id":"https:\/\/fmpatagoniamadryn.com.ar\/#organization"},"image":{"@id":"https:\/\/fmpatagoniamadryn.com.ar\/?p=18145#primaryimage"},"thumbnailUrl":"https:\/\/fmpatagoniamadryn.com.ar\/wp-content\/uploads\/2025\/09\/400da4a8-356f-44b6-8851-e2ba7c20a6d8.jpg","articleSection":["Provinciales"],"inLanguage":"es"},{"@type":"WebPage","@id":"https:\/\/fmpatagoniamadryn.com.ar\/?p=18145","url":"https:\/\/fmpatagoniamadryn.com.ar\/?p=18145","name":"Provincia control\u00f3 cerca de 8.000 veh\u00edculos y retir\u00f3 de la v\u00eda p\u00fablica a 75 conductores durante el fin de semana - FM Patagonia Madryn","isPartOf":{"@id":"https:\/\/fmpatagoniamadryn.com.ar\/#website"},"primaryImageOfPage":{"@id":"https:\/\/fmpatagoniamadryn.com.ar\/?p=18145#primaryimage"},"image":{"@id":"https:\/\/fmpatagoniamadryn.com.ar\/?p=18145#primaryimage"},"thumbnailUrl":"https:\/\/fmpatagoniamadryn.com.ar\/wp-content\/uploads\/2025\/09\/400da4a8-356f-44b6-8851-e2ba7c20a6d8.jpg","datePublished":"2025-09-30T23:04:23+00:00","breadcrumb":{"@id":"https:\/\/fmpatagoniamadryn.com.ar\/?p=18145#breadcrumb"},"inLanguage":"es","potentialAction":[{"@type":"ReadAction","target":["https:\/\/fmpatagoniamadryn.com.ar\/?p=18145"]}]},{"@type":"ImageObject","inLanguage":"es","@id":"https:\/\/fmpatagoniamadryn.com.ar\/?p=18145#primaryimage","url":"https:\/\/fmpatagoniamadryn.com.ar\/wp-content\/uploads\/2025\/09\/400da4a8-356f-44b6-8851-e2ba7c20a6d8.jpg","contentUrl":"https:\/\/fmpatagoniamadryn.com.ar\/wp-content\/uploads\/2025\/09\/400da4a8-356f-44b6-8851-e2ba7c20a6d8.jpg","width":759,"height":636},{"@type":"BreadcrumbList","@id":"https:\/\/fmpatagoniamadryn.com.ar\/?p=18145#breadcrumb","itemListElement":[{"@type":"ListItem","position":1,"name":"Portada","item":"https:\/\/fmpatagoniamadryn.com.ar\/"},{"@type":"ListItem","position":2,"name":"Provincia control\u00f3 cerca de 8.000 veh\u00edculos y retir\u00f3 de la v\u00eda p\u00fablica a 75 conductores durante el fin de semana"}]},{"@type":"WebSite","@id":"https:\/\/fmpatagoniamadryn.com.ar\/#website","url":"https:\/\/fmpatagoniamadryn.com.ar\/","name":"FM Patagonia Madryn","description":"Radio Patagonia 105.5","publisher":{"@id":"https:\/\/fmpatagoniamadryn.com.ar\/#organization"},"potentialAction":[{"@type":"SearchAction","target":{"@type":"EntryPoint","urlTemplate":"https:\/\/fmpatagoniamadryn.com.ar\/?s={search_term_string}"},"query-input":{"@type":"PropertyValueSpecification","valueRequired":true,"valueName":"search_term_string"}}],"inLanguage":"es"},{"@type":"Organization","@id":"https:\/\/fmpatagoniamadryn.com.ar\/#organization","name":"FM Patagonia Madryn","url":"https:\/\/fmpatagoniamadryn.com.ar\/","logo":{"@type":"ImageObject","inLanguage":"es","@id":"https:\/\/fmpatagoniamadryn.com.ar\/#\/schema\/logo\/image\/","url":"https:\/\/fmpatagoniamadryn.com.ar\/wp-content\/uploads\/2023\/01\/cropped-Diseno-sin-titulo.png","contentUrl":"https:\/\/fmpatagoniamadryn.com.ar\/wp-content\/uploads\/2023\/01\/cropped-Diseno-sin-titulo.png","width":6911,"height":2657,"caption":"FM Patagonia Madryn"},"image":{"@id":"https:\/\/fmpatagoniamadryn.com.ar\/#\/schema\/logo\/image\/"}},{"@type":"Person","@id":"https:\/\/fmpatagoniamadryn.com.ar\/#\/schema\/person\/8a3de4ad7efceacab06c1641c50303b7","name":"FM Patagonia","url":"https:\/\/fmpatagoniamadryn.com.ar\/?author=2"}]}},"jetpack_featured_media_url":"https:\/\/fmpatagoniamadryn.com.ar\/wp-content\/uploads\/2025\/09\/400da4a8-356f-44b6-8851-e2ba7c20a6d8.jpg","_links":{"self":[{"href":"https:\/\/fmpatagoniamadryn.com.ar\/index.php?rest_route=\/wp\/v2\/posts\/18145","targetHints":{"allow":["GET"]}}],"collection":[{"href":"https:\/\/fmpatagoniamadryn.com.ar\/index.php?rest_route=\/wp\/v2\/posts"}],"about":[{"href":"https:\/\/fmpatagoniamadryn.com.ar\/index.php?rest_route=\/wp\/v2\/types\/post"}],"author":[{"embeddable":true,"href":"https:\/\/fmpatagoniamadryn.com.ar\/index.php?rest_route=\/wp\/v2\/users\/2"}],"replies":[{"embeddable":true,"href":"https:\/\/fmpatagoniamadryn.com.ar\/index.php?rest_route=%2Fwp%2Fv2%2Fcomments&post=18145"}],"version-history":[{"count":1,"href":"https:\/\/fmpatagoniamadryn.com.ar\/index.php?rest_route=\/wp\/v2\/posts\/18145\/revisions"}],"predecessor-version":[{"id":18146,"href":"https:\/\/fmpatagoniamadryn.com.ar\/index.php?rest_route=\/wp\/v2\/posts\/18145\/revisions\/18146"}],"wp:featuredmedia":[{"embeddable":true,"href":"https:\/\/fmpatagoniamadryn.com.ar\/index.php?rest_route=\/wp\/v2\/media\/18144"}],"wp:attachment":[{"href":"https:\/\/fmpatagoniamadryn.com.ar\/index.php?rest_route=%2Fwp%2Fv2%2Fmedia&parent=18145"}],"wp:term":[{"taxonomy":"category","embeddable":true,"href":"https:\/\/fmpatagoniamadryn.com.ar\/index.php?rest_route=%2Fwp%2Fv2%2Fcategories&post=18145"},{"taxonomy":"post_tag","embeddable":true,"href":"https:\/\/fmpatagoniamadryn.com.ar\/index.php?rest_route=%2Fwp%2Fv2%2Ftags&post=18145"}],"curies":[{"name":"wp","href":"https:\/\/api.w.org\/{rel}","templated":true}]}}