{"id":18148,"date":"2025-10-01T08:09:32","date_gmt":"2025-10-01T11:09:32","guid":{"rendered":"https:\/\/fmpatagoniamadryn.com.ar\/?p=18148"},"modified":"2025-10-01T08:09:32","modified_gmt":"2025-10-01T11:09:32","slug":"presentaron-la-capacitacion-herramientas-de-accion-frente-a-las-violencias","status":"publish","type":"post","link":"https:\/\/fmpatagoniamadryn.com.ar\/?p=18148","title":{"rendered":"PRESENTARON LA CAPACITACI\u00d3N \u201cHERRAMIENTAS DE ACCI\u00d3N FRENTE A LAS VIOLENCIAS\u201d"},"content":{"rendered":"\n<p><br><em>La propuesta, impulsada junto a la Fundaci\u00f3n Apuntalar y el Superior Tribunal de Justicia, est\u00e1 dirigida a profesionales de Educaci\u00f3n, Salud y Justicia con el objetivo de fortalecer la detecci\u00f3n y el abordaje de situaciones de violencia en el \u00e1mbito escolar<\/em><\/p>\n\n\n\n<p>La Municipalidad de Puerto Madryn, en conjunto con la Fundaci\u00f3n Apuntalar y el Superior Tribunal de Justicia (STJ), present\u00f3 la capacitaci\u00f3n \u201cHerramientas de Acci\u00f3n frente a las Violencias\u201d, una iniciativa que busca brindar formaci\u00f3n espec\u00edfica a profesionales de las \u00e1reas de Educaci\u00f3n, Salud y Justicia para la detecci\u00f3n temprana, abordaje adecuado y derivaci\u00f3n efectiva de casos de violencia, con especial \u00e9nfasis en contextos escolares.<\/p>\n\n\n\n<p>Entre los objetivos principales se destacan brindar herramientas conceptuales y pr\u00e1cticas que permitan detectar y actuar frente a situaciones de violencia, fortalecer las redes locales a partir del conocimiento y acceso a las v\u00edas judiciales tanto a nivel municipal como provincial y promover la articulaci\u00f3n con organismos estatales y organizaciones de la sociedad civil. Asimismo, se busca avanzar en el dise\u00f1o de instrumentos preventivos que contribuyan a construir entornos escolares m\u00e1s seguros, inclusivos y sostenidos en v\u00ednculos saludables.<\/p>\n\n\n\n<p>Durante la presentaci\u00f3n estuvieron el secretario de Desarrollo Comunitario, Roberto Neme, el subsecretario de Educaci\u00f3n, Pablo Sappa, por la Municipalidad de Puerto Madryn y Cristina Alcal\u00e1, en representaci\u00f3n de la sede local de SITRAED.<\/p>\n\n\n\n<p>INSCRIPCIONES<br \/>Las personas interesadas en participar pueden inscribirse a trav\u00e9s del siguiente enlace&nbsp;<a href=\"https:\/\/acortar.link\/oiUwA4\">https:\/\/acortar.link\/oiUwA4<\/a><\/p>\n\n\n\n<p>Para m\u00e1s informaci\u00f3n o consultas, se encuentran disponibles el correo electr\u00f3nico&nbsp;<a href=\"mailto:formacionacademica@apuntalar.org\">formacionacademica@apuntalar.org<\/a>&nbsp;y el tel\u00e9fono&nbsp;2804-994088.<\/p>\n","protected":false},"excerpt":{"rendered":"<p>La propuesta, impulsada junto a la Fundaci\u00f3n Apuntalar y el Superior Tribunal de Justicia, est\u00e1 dirigida a profesionales de Educaci\u00f3n, Salud y Justicia con el objetivo de fortalecer la detecci\u00f3n&hellip; <\/p>\n","protected":false},"author":2,"featured_media":18147,"comment_status":"closed","ping_status":"closed","sticky":false,"template":"","format":"standard","meta":{"footnotes":""},"categories":[15],"tags":[],"class_list":["post-18148","post","type-post","status-publish","format-standard","has-post-thumbnail","hentry","category-locales"],"yoast_head":"<!-- This site is optimized with the Yoast SEO plugin v27.4 - https:\/\/yoast.com\/product\/yoast-seo-wordpress\/ -->\n<title>PRESENTARON LA CAPACITACI\u00d3N \u201cHERRAMIENTAS DE ACCI\u00d3N FRENTE A LAS VIOLENCIAS\u201d - FM Patagonia Madryn<\/title>\n<meta name=\"robots\" content=\"index, follow, max-snippet:-1, max-image-preview:large, max-video-preview:-1\" \/>\n<link rel=\"canonical\" href=\"https:\/\/fmpatagoniamadryn.com.ar\/?p=18148\" \/>\n<meta property=\"og:locale\" content=\"es_ES\" \/>\n<meta property=\"og:type\" content=\"article\" \/>\n<meta property=\"og:title\" content=\"PRESENTARON LA CAPACITACI\u00d3N \u201cHERRAMIENTAS DE ACCI\u00d3N FRENTE A LAS VIOLENCIAS\u201d - FM Patagonia Madryn\" \/>\n<meta property=\"og:description\" content=\"La propuesta, impulsada junto a la Fundaci\u00f3n Apuntalar y el Superior Tribunal de Justicia, est\u00e1 dirigida a profesionales de Educaci\u00f3n, Salud y Justicia con el objetivo de fortalecer la detecci\u00f3n&hellip;\" \/>\n<meta property=\"og:url\" content=\"https:\/\/fmpatagoniamadryn.com.ar\/?p=18148\" \/>\n<meta property=\"og:site_name\" content=\"FM Patagonia Madryn\" \/>\n<meta property=\"article:published_time\" content=\"2025-10-01T11:09:32+00:00\" \/>\n<meta property=\"og:image\" content=\"https:\/\/fmpatagoniamadryn.com.ar\/wp-content\/uploads\/2025\/10\/img_5596.jpg\" \/>\n\t<meta property=\"og:image:width\" content=\"1600\" \/>\n\t<meta property=\"og:image:height\" content=\"897\" \/>\n\t<meta property=\"og:image:type\" content=\"image\/jpeg\" \/>\n<meta name=\"author\" content=\"FM Patagonia\" \/>\n<meta name=\"twitter:card\" content=\"summary_large_image\" \/>\n<meta name=\"twitter:label1\" content=\"Escrito por\" \/>\n\t<meta name=\"twitter:data1\" content=\"FM Patagonia\" \/>\n\t<meta name=\"twitter:label2\" content=\"Tiempo de lectura\" \/>\n\t<meta name=\"twitter:data2\" content=\"1 minuto\" \/>\n<script type=\"application\/ld+json\" class=\"yoast-schema-graph\">{\"@context\":\"https:\\\/\\\/schema.org\",\"@graph\":[{\"@type\":\"Article\",\"@id\":\"https:\\\/\\\/fmpatagoniamadryn.com.ar\\\/?p=18148#article\",\"isPartOf\":{\"@id\":\"https:\\\/\\\/fmpatagoniamadryn.com.ar\\\/?p=18148\"},\"author\":{\"name\":\"FM Patagonia\",\"@id\":\"https:\\\/\\\/fmpatagoniamadryn.com.ar\\\/#\\\/schema\\\/person\\\/8a3de4ad7efceacab06c1641c50303b7\"},\"headline\":\"PRESENTARON LA CAPACITACI\u00d3N \u201cHERRAMIENTAS DE ACCI\u00d3N FRENTE A LAS VIOLENCIAS\u201d\",\"datePublished\":\"2025-10-01T11:09:32+00:00\",\"mainEntityOfPage\":{\"@id\":\"https:\\\/\\\/fmpatagoniamadryn.com.ar\\\/?p=18148\"},\"wordCount\":292,\"publisher\":{\"@id\":\"https:\\\/\\\/fmpatagoniamadryn.com.ar\\\/#organization\"},\"image\":{\"@id\":\"https:\\\/\\\/fmpatagoniamadryn.com.ar\\\/?p=18148#primaryimage\"},\"thumbnailUrl\":\"https:\\\/\\\/fmpatagoniamadryn.com.ar\\\/wp-content\\\/uploads\\\/2025\\\/10\\\/img_5596.jpg\",\"articleSection\":[\"Locales\"],\"inLanguage\":\"es\"},{\"@type\":\"WebPage\",\"@id\":\"https:\\\/\\\/fmpatagoniamadryn.com.ar\\\/?p=18148\",\"url\":\"https:\\\/\\\/fmpatagoniamadryn.com.ar\\\/?p=18148\",\"name\":\"PRESENTARON LA CAPACITACI\u00d3N \u201cHERRAMIENTAS DE ACCI\u00d3N FRENTE A LAS VIOLENCIAS\u201d - FM Patagonia Madryn\",\"isPartOf\":{\"@id\":\"https:\\\/\\\/fmpatagoniamadryn.com.ar\\\/#website\"},\"primaryImageOfPage\":{\"@id\":\"https:\\\/\\\/fmpatagoniamadryn.com.ar\\\/?p=18148#primaryimage\"},\"image\":{\"@id\":\"https:\\\/\\\/fmpatagoniamadryn.com.ar\\\/?p=18148#primaryimage\"},\"thumbnailUrl\":\"https:\\\/\\\/fmpatagoniamadryn.com.ar\\\/wp-content\\\/uploads\\\/2025\\\/10\\\/img_5596.jpg\",\"datePublished\":\"2025-10-01T11:09:32+00:00\",\"breadcrumb\":{\"@id\":\"https:\\\/\\\/fmpatagoniamadryn.com.ar\\\/?p=18148#breadcrumb\"},\"inLanguage\":\"es\",\"potentialAction\":[{\"@type\":\"ReadAction\",\"target\":[\"https:\\\/\\\/fmpatagoniamadryn.com.ar\\\/?p=18148\"]}]},{\"@type\":\"ImageObject\",\"inLanguage\":\"es\",\"@id\":\"https:\\\/\\\/fmpatagoniamadryn.com.ar\\\/?p=18148#primaryimage\",\"url\":\"https:\\\/\\\/fmpatagoniamadryn.com.ar\\\/wp-content\\\/uploads\\\/2025\\\/10\\\/img_5596.jpg\",\"contentUrl\":\"https:\\\/\\\/fmpatagoniamadryn.com.ar\\\/wp-content\\\/uploads\\\/2025\\\/10\\\/img_5596.jpg\",\"width\":1600,\"height\":897},{\"@type\":\"BreadcrumbList\",\"@id\":\"https:\\\/\\\/fmpatagoniamadryn.com.ar\\\/?p=18148#breadcrumb\",\"itemListElement\":[{\"@type\":\"ListItem\",\"position\":1,\"name\":\"Portada\",\"item\":\"https:\\\/\\\/fmpatagoniamadryn.com.ar\\\/\"},{\"@type\":\"ListItem\",\"position\":2,\"name\":\"PRESENTARON LA CAPACITACI\u00d3N \u201cHERRAMIENTAS DE ACCI\u00d3N FRENTE A LAS VIOLENCIAS\u201d\"}]},{\"@type\":\"WebSite\",\"@id\":\"https:\\\/\\\/fmpatagoniamadryn.com.ar\\\/#website\",\"url\":\"https:\\\/\\\/fmpatagoniamadryn.com.ar\\\/\",\"name\":\"FM Patagonia Madryn\",\"description\":\"Radio Patagonia 105.5\",\"publisher\":{\"@id\":\"https:\\\/\\\/fmpatagoniamadryn.com.ar\\\/#organization\"},\"potentialAction\":[{\"@type\":\"SearchAction\",\"target\":{\"@type\":\"EntryPoint\",\"urlTemplate\":\"https:\\\/\\\/fmpatagoniamadryn.com.ar\\\/?s={search_term_string}\"},\"query-input\":{\"@type\":\"PropertyValueSpecification\",\"valueRequired\":true,\"valueName\":\"search_term_string\"}}],\"inLanguage\":\"es\"},{\"@type\":\"Organization\",\"@id\":\"https:\\\/\\\/fmpatagoniamadryn.com.ar\\\/#organization\",\"name\":\"FM Patagonia Madryn\",\"url\":\"https:\\\/\\\/fmpatagoniamadryn.com.ar\\\/\",\"logo\":{\"@type\":\"ImageObject\",\"inLanguage\":\"es\",\"@id\":\"https:\\\/\\\/fmpatagoniamadryn.com.ar\\\/#\\\/schema\\\/logo\\\/image\\\/\",\"url\":\"https:\\\/\\\/fmpatagoniamadryn.com.ar\\\/wp-content\\\/uploads\\\/2023\\\/01\\\/cropped-Diseno-sin-titulo.png\",\"contentUrl\":\"https:\\\/\\\/fmpatagoniamadryn.com.ar\\\/wp-content\\\/uploads\\\/2023\\\/01\\\/cropped-Diseno-sin-titulo.png\",\"width\":6911,\"height\":2657,\"caption\":\"FM Patagonia Madryn\"},\"image\":{\"@id\":\"https:\\\/\\\/fmpatagoniamadryn.com.ar\\\/#\\\/schema\\\/logo\\\/image\\\/\"}},{\"@type\":\"Person\",\"@id\":\"https:\\\/\\\/fmpatagoniamadryn.com.ar\\\/#\\\/schema\\\/person\\\/8a3de4ad7efceacab06c1641c50303b7\",\"name\":\"FM Patagonia\",\"url\":\"https:\\\/\\\/fmpatagoniamadryn.com.ar\\\/?author=2\"}]}<\/script>\n<!-- \/ Yoast SEO plugin. -->","yoast_head_json":{"title":"PRESENTARON LA CAPACITACI\u00d3N \u201cHERRAMIENTAS DE ACCI\u00d3N FRENTE A LAS VIOLENCIAS\u201d - FM Patagonia Madryn","robots":{"index":"index","follow":"follow","max-snippet":"max-snippet:-1","max-image-preview":"max-image-preview:large","max-video-preview":"max-video-preview:-1"},"canonical":"https:\/\/fmpatagoniamadryn.com.ar\/?p=18148","og_locale":"es_ES","og_type":"article","og_title":"PRESENTARON LA CAPACITACI\u00d3N \u201cHERRAMIENTAS DE ACCI\u00d3N FRENTE A LAS VIOLENCIAS\u201d - FM Patagonia Madryn","og_description":"La propuesta, impulsada junto a la Fundaci\u00f3n Apuntalar y el Superior Tribunal de Justicia, est\u00e1 dirigida a profesionales de Educaci\u00f3n, Salud y Justicia con el objetivo de fortalecer la detecci\u00f3n&hellip;","og_url":"https:\/\/fmpatagoniamadryn.com.ar\/?p=18148","og_site_name":"FM Patagonia Madryn","article_published_time":"2025-10-01T11:09:32+00:00","og_image":[{"width":1600,"height":897,"url":"https:\/\/fmpatagoniamadryn.com.ar\/wp-content\/uploads\/2025\/10\/img_5596.jpg","type":"image\/jpeg"}],"author":"FM Patagonia","twitter_card":"summary_large_image","twitter_misc":{"Escrito por":"FM Patagonia","Tiempo de lectura":"1 minuto"},"schema":{"@context":"https:\/\/schema.org","@graph":[{"@type":"Article","@id":"https:\/\/fmpatagoniamadryn.com.ar\/?p=18148#article","isPartOf":{"@id":"https:\/\/fmpatagoniamadryn.com.ar\/?p=18148"},"author":{"name":"FM Patagonia","@id":"https:\/\/fmpatagoniamadryn.com.ar\/#\/schema\/person\/8a3de4ad7efceacab06c1641c50303b7"},"headline":"PRESENTARON LA CAPACITACI\u00d3N \u201cHERRAMIENTAS DE ACCI\u00d3N FRENTE A LAS VIOLENCIAS\u201d","datePublished":"2025-10-01T11:09:32+00:00","mainEntityOfPage":{"@id":"https:\/\/fmpatagoniamadryn.com.ar\/?p=18148"},"wordCount":292,"publisher":{"@id":"https:\/\/fmpatagoniamadryn.com.ar\/#organization"},"image":{"@id":"https:\/\/fmpatagoniamadryn.com.ar\/?p=18148#primaryimage"},"thumbnailUrl":"https:\/\/fmpatagoniamadryn.com.ar\/wp-content\/uploads\/2025\/10\/img_5596.jpg","articleSection":["Locales"],"inLanguage":"es"},{"@type":"WebPage","@id":"https:\/\/fmpatagoniamadryn.com.ar\/?p=18148","url":"https:\/\/fmpatagoniamadryn.com.ar\/?p=18148","name":"PRESENTARON LA CAPACITACI\u00d3N \u201cHERRAMIENTAS DE ACCI\u00d3N FRENTE A LAS VIOLENCIAS\u201d - FM Patagonia Madryn","isPartOf":{"@id":"https:\/\/fmpatagoniamadryn.com.ar\/#website"},"primaryImageOfPage":{"@id":"https:\/\/fmpatagoniamadryn.com.ar\/?p=18148#primaryimage"},"image":{"@id":"https:\/\/fmpatagoniamadryn.com.ar\/?p=18148#primaryimage"},"thumbnailUrl":"https:\/\/fmpatagoniamadryn.com.ar\/wp-content\/uploads\/2025\/10\/img_5596.jpg","datePublished":"2025-10-01T11:09:32+00:00","breadcrumb":{"@id":"https:\/\/fmpatagoniamadryn.com.ar\/?p=18148#breadcrumb"},"inLanguage":"es","potentialAction":[{"@type":"ReadAction","target":["https:\/\/fmpatagoniamadryn.com.ar\/?p=18148"]}]},{"@type":"ImageObject","inLanguage":"es","@id":"https:\/\/fmpatagoniamadryn.com.ar\/?p=18148#primaryimage","url":"https:\/\/fmpatagoniamadryn.com.ar\/wp-content\/uploads\/2025\/10\/img_5596.jpg","contentUrl":"https:\/\/fmpatagoniamadryn.com.ar\/wp-content\/uploads\/2025\/10\/img_5596.jpg","width":1600,"height":897},{"@type":"BreadcrumbList","@id":"https:\/\/fmpatagoniamadryn.com.ar\/?p=18148#breadcrumb","itemListElement":[{"@type":"ListItem","position":1,"name":"Portada","item":"https:\/\/fmpatagoniamadryn.com.ar\/"},{"@type":"ListItem","position":2,"name":"PRESENTARON LA CAPACITACI\u00d3N \u201cHERRAMIENTAS DE ACCI\u00d3N FRENTE A LAS VIOLENCIAS\u201d"}]},{"@type":"WebSite","@id":"https:\/\/fmpatagoniamadryn.com.ar\/#website","url":"https:\/\/fmpatagoniamadryn.com.ar\/","name":"FM Patagonia Madryn","description":"Radio Patagonia 105.5","publisher":{"@id":"https:\/\/fmpatagoniamadryn.com.ar\/#organization"},"potentialAction":[{"@type":"SearchAction","target":{"@type":"EntryPoint","urlTemplate":"https:\/\/fmpatagoniamadryn.com.ar\/?s={search_term_string}"},"query-input":{"@type":"PropertyValueSpecification","valueRequired":true,"valueName":"search_term_string"}}],"inLanguage":"es"},{"@type":"Organization","@id":"https:\/\/fmpatagoniamadryn.com.ar\/#organization","name":"FM Patagonia Madryn","url":"https:\/\/fmpatagoniamadryn.com.ar\/","logo":{"@type":"ImageObject","inLanguage":"es","@id":"https:\/\/fmpatagoniamadryn.com.ar\/#\/schema\/logo\/image\/","url":"https:\/\/fmpatagoniamadryn.com.ar\/wp-content\/uploads\/2023\/01\/cropped-Diseno-sin-titulo.png","contentUrl":"https:\/\/fmpatagoniamadryn.com.ar\/wp-content\/uploads\/2023\/01\/cropped-Diseno-sin-titulo.png","width":6911,"height":2657,"caption":"FM Patagonia Madryn"},"image":{"@id":"https:\/\/fmpatagoniamadryn.com.ar\/#\/schema\/logo\/image\/"}},{"@type":"Person","@id":"https:\/\/fmpatagoniamadryn.com.ar\/#\/schema\/person\/8a3de4ad7efceacab06c1641c50303b7","name":"FM Patagonia","url":"https:\/\/fmpatagoniamadryn.com.ar\/?author=2"}]}},"jetpack_featured_media_url":"https:\/\/fmpatagoniamadryn.com.ar\/wp-content\/uploads\/2025\/10\/img_5596.jpg","_links":{"self":[{"href":"https:\/\/fmpatagoniamadryn.com.ar\/index.php?rest_route=\/wp\/v2\/posts\/18148","targetHints":{"allow":["GET"]}}],"collection":[{"href":"https:\/\/fmpatagoniamadryn.com.ar\/index.php?rest_route=\/wp\/v2\/posts"}],"about":[{"href":"https:\/\/fmpatagoniamadryn.com.ar\/index.php?rest_route=\/wp\/v2\/types\/post"}],"author":[{"embeddable":true,"href":"https:\/\/fmpatagoniamadryn.com.ar\/index.php?rest_route=\/wp\/v2\/users\/2"}],"replies":[{"embeddable":true,"href":"https:\/\/fmpatagoniamadryn.com.ar\/index.php?rest_route=%2Fwp%2Fv2%2Fcomments&post=18148"}],"version-history":[{"count":1,"href":"https:\/\/fmpatagoniamadryn.com.ar\/index.php?rest_route=\/wp\/v2\/posts\/18148\/revisions"}],"predecessor-version":[{"id":18149,"href":"https:\/\/fmpatagoniamadryn.com.ar\/index.php?rest_route=\/wp\/v2\/posts\/18148\/revisions\/18149"}],"wp:featuredmedia":[{"embeddable":true,"href":"https:\/\/fmpatagoniamadryn.com.ar\/index.php?rest_route=\/wp\/v2\/media\/18147"}],"wp:attachment":[{"href":"https:\/\/fmpatagoniamadryn.com.ar\/index.php?rest_route=%2Fwp%2Fv2%2Fmedia&parent=18148"}],"wp:term":[{"taxonomy":"category","embeddable":true,"href":"https:\/\/fmpatagoniamadryn.com.ar\/index.php?rest_route=%2Fwp%2Fv2%2Fcategories&post=18148"},{"taxonomy":"post_tag","embeddable":true,"href":"https:\/\/fmpatagoniamadryn.com.ar\/index.php?rest_route=%2Fwp%2Fv2%2Ftags&post=18148"}],"curies":[{"name":"wp","href":"https:\/\/api.w.org\/{rel}","templated":true}]}}