{"id":18160,"date":"2025-10-02T09:42:59","date_gmt":"2025-10-02T12:42:59","guid":{"rendered":"https:\/\/fmpatagoniamadryn.com.ar\/?p=18160"},"modified":"2025-10-02T09:42:59","modified_gmt":"2025-10-02T12:42:59","slug":"destacada-participacion-de-productores-chubutenses-en-la-feria-de-las-regiones-en-buenos-aires","status":"publish","type":"post","link":"https:\/\/fmpatagoniamadryn.com.ar\/?p=18160","title":{"rendered":"Destacada participaci\u00f3n de productores chubutenses en la Feria de las Regiones en Buenos Aires"},"content":{"rendered":"\n<p><\/p>\n\n\n\n<p><em>Abalauquen Dulces (Lago Puelo), R\u00fastika Sur (Lago Puelo), Piqui Gin (Puerto Madryn), Serajuana Escabeches (Trelew) y Aromas de la Cordillera (El Hoyo) estuvieron presentes en este evento federal, que se desarrolla todos los a\u00f1os en distintos barrios de la Ciudad de Buenos Aires.<\/em><\/p>\n\n\n\n<p>En el marco de la pol\u00edtica de promoci\u00f3n de los peque\u00f1os y medianos productores chubutenses que impulsa desde el inicio de su gesti\u00f3n el gobernador del Chubut, Ignacio \u201cNacho\u201d Torres, cinco emprendimientos de diferentes localidades de la provincia participaron con gran destaque en la Feria de las Regiones en Buenos Aires, que cada a\u00f1o se organiza en diferentes barrios de la Capital Federal.<\/p>\n\n\n\n<p>Abalauquen Dulces (Lago Puelo), R\u00fastika Sur (Lago Puelo), Piqui Gin (Puerto Madryn), Serajuana Escabeches (Trelew) y Aromas de la Cordillera (El Hoyo) despertaron un marcado inter\u00e9s entre el p\u00fablico, principalmente por la alta calidad de los productos que ofrece cada uno de estos emprendimientos.<\/p>\n\n\n\n<p><strong>Stand chubutense<\/strong><\/p>\n\n\n\n<p>En esta edici\u00f3n, que reuni\u00f3 de manera conjunta a las regiones Patagonia y Litoral, las actividades se desarrollaron en torno a la Glorieta de la Plaza Barrancas de Belgrano, con una gran concurrencia de p\u00fablico y una amplia variedad de espect\u00e1culos art\u00edsticos y culturales representativos de las provincias participantes.<\/p>\n\n\n\n<p>Adem\u00e1s de Chubut, estuvieron presentes Corrientes, Chaco, Formosa, Misiones, Entre R\u00edos, La Pampa, Santa Cruz, Neuqu\u00e9n, R\u00edo Negro y Tierra del Fuego.<\/p>\n\n\n\n<p>Gracias a un trabajo coordinado por la Casa del Chubut, la provincia cont\u00f3 con un amplio stand institucional en el que se brind\u00f3 informaci\u00f3n sobre las riquezas art\u00edsticas, culturales, tur\u00edsticas y productivas del territorio, en un espacio ubicado frente a la tradicional Glorieta de Barrancas de Belgrano.<\/p>\n\n\n\n<p><strong>Una marca registrada<\/strong><\/p>\n\n\n\n<p>En di\u00e1logo con la prensa, Ana Rubbo, propietaria de Serajuana Escabeches (Trelew), explic\u00f3:<br \/>\u201cNosotros elaboramos conservas de mariscos, carnes y pescados de la Patagonia, los cuales se obtienen en la zona de Pen\u00ednsula Vald\u00e9s. Puntualmente, en esta feria trajimos un mix de mariscos, algunos mariscos en particular, adem\u00e1s de cordero patag\u00f3nico, una l\u00ednea vegetariana con berenjenas y un mix de porotos en escabeche\u201d.<\/p>\n\n\n\n<p>Rubbo agreg\u00f3: \u201cBuenos Aires es una gran vidriera. Si bien ya tenemos ventas a comercios en todo el pa\u00eds, venir ac\u00e1 siempre es bueno porque nos van conociendo y la marca, de a poco, se va convirtiendo en una marca registrada\u201d.<\/p>\n\n\n\n<p>Por \u00faltimo, la emprendedora se\u00f1al\u00f3: \u201cSiempre destacamos que nuestra participaci\u00f3n en estas ferias es posible gracias al apoyo del Ministerio de Producci\u00f3n del Gobierno del Chubut. Este fin de semana estuvimos presentes en la Feria de las Regiones y tambi\u00e9n en la FIT (Feria Internacional de Turismo) de Buenos Aires\u201d.<\/p>\n\n\n\n<p><strong>Agradecimiento al Gobierno del Chubut<\/strong><\/p>\n\n\n\n<p>Por su parte, Roberto Lucas, propietario de Aromas de la Cordillera (El Hoyo), indic\u00f3 que \u201cdesde 1997 trabajamos con plantas arom\u00e1ticas y medicinales. Hoy estamos ofreciendo en Buenos Aires flores secas de lavanda, a granel y fraccionadas, aceites esenciales y aguas florales\u201d.<\/p>\n\n\n\n<p>Adem\u00e1s, Lucas a\u00f1adi\u00f3: \u201cNuestra producci\u00f3n est\u00e1 en El Hoyo, y distribuimos en Playa Uni\u00f3n, Esquel, El Bols\u00f3n, Bariloche y, desde Rosario, abastecemos a distintos lugares del pa\u00eds como Buenos Aires y Entre R\u00edos, entre otros\u201d.<\/p>\n\n\n\n<p>Finalmente, el emprendedor cordillerano agradeci\u00f3 al Gobierno del Chubut por \u201cel empuje que nos permite presentarnos en estos eventos, lo que nos ayuda enormemente. Hoy hemos tenido una jornada muy buena, con muchas ventas y gran inter\u00e9s del p\u00fablico por conocer nuestros productos\u201d.<\/p>\n","protected":false},"excerpt":{"rendered":"<p>Abalauquen Dulces (Lago Puelo), R\u00fastika Sur (Lago Puelo), Piqui Gin (Puerto Madryn), Serajuana Escabeches (Trelew) y Aromas de la Cordillera (El Hoyo) estuvieron presentes en este evento federal, que se&hellip; <\/p>\n","protected":false},"author":2,"featured_media":18159,"comment_status":"closed","ping_status":"closed","sticky":false,"template":"","format":"standard","meta":{"footnotes":""},"categories":[15],"tags":[],"class_list":["post-18160","post","type-post","status-publish","format-standard","has-post-thumbnail","hentry","category-locales"],"yoast_head":"<!-- This site is optimized with the Yoast SEO plugin v27.4 - https:\/\/yoast.com\/product\/yoast-seo-wordpress\/ -->\n<title>Destacada participaci\u00f3n de productores chubutenses en la Feria de las Regiones en Buenos Aires - FM Patagonia Madryn<\/title>\n<meta name=\"robots\" content=\"index, follow, max-snippet:-1, max-image-preview:large, max-video-preview:-1\" \/>\n<link rel=\"canonical\" href=\"https:\/\/fmpatagoniamadryn.com.ar\/?p=18160\" \/>\n<meta property=\"og:locale\" content=\"es_ES\" \/>\n<meta property=\"og:type\" content=\"article\" \/>\n<meta property=\"og:title\" content=\"Destacada participaci\u00f3n de productores chubutenses en la Feria de las Regiones en Buenos Aires - FM Patagonia Madryn\" \/>\n<meta property=\"og:description\" content=\"Abalauquen Dulces (Lago Puelo), R\u00fastika Sur (Lago Puelo), Piqui Gin (Puerto Madryn), Serajuana Escabeches (Trelew) y Aromas de la Cordillera (El Hoyo) estuvieron presentes en este evento federal, que se&hellip;\" \/>\n<meta property=\"og:url\" content=\"https:\/\/fmpatagoniamadryn.com.ar\/?p=18160\" \/>\n<meta property=\"og:site_name\" content=\"FM Patagonia Madryn\" \/>\n<meta property=\"article:published_time\" content=\"2025-10-02T12:42:59+00:00\" \/>\n<meta property=\"og:image\" content=\"https:\/\/fmpatagoniamadryn.com.ar\/wp-content\/uploads\/2025\/10\/img_5696.jpg\" \/>\n\t<meta property=\"og:image:width\" content=\"2000\" \/>\n\t<meta property=\"og:image:height\" content=\"1371\" \/>\n\t<meta property=\"og:image:type\" content=\"image\/jpeg\" \/>\n<meta name=\"author\" content=\"FM Patagonia\" \/>\n<meta name=\"twitter:card\" content=\"summary_large_image\" \/>\n<meta name=\"twitter:label1\" content=\"Escrito por\" \/>\n\t<meta name=\"twitter:data1\" content=\"FM Patagonia\" \/>\n\t<meta name=\"twitter:label2\" content=\"Tiempo de lectura\" \/>\n\t<meta name=\"twitter:data2\" content=\"3 minutos\" \/>\n<script type=\"application\/ld+json\" class=\"yoast-schema-graph\">{\"@context\":\"https:\\\/\\\/schema.org\",\"@graph\":[{\"@type\":\"Article\",\"@id\":\"https:\\\/\\\/fmpatagoniamadryn.com.ar\\\/?p=18160#article\",\"isPartOf\":{\"@id\":\"https:\\\/\\\/fmpatagoniamadryn.com.ar\\\/?p=18160\"},\"author\":{\"name\":\"FM Patagonia\",\"@id\":\"https:\\\/\\\/fmpatagoniamadryn.com.ar\\\/#\\\/schema\\\/person\\\/8a3de4ad7efceacab06c1641c50303b7\"},\"headline\":\"Destacada participaci\u00f3n de productores chubutenses en la Feria de las Regiones en Buenos Aires\",\"datePublished\":\"2025-10-02T12:42:59+00:00\",\"mainEntityOfPage\":{\"@id\":\"https:\\\/\\\/fmpatagoniamadryn.com.ar\\\/?p=18160\"},\"wordCount\":608,\"publisher\":{\"@id\":\"https:\\\/\\\/fmpatagoniamadryn.com.ar\\\/#organization\"},\"image\":{\"@id\":\"https:\\\/\\\/fmpatagoniamadryn.com.ar\\\/?p=18160#primaryimage\"},\"thumbnailUrl\":\"https:\\\/\\\/fmpatagoniamadryn.com.ar\\\/wp-content\\\/uploads\\\/2025\\\/10\\\/img_5696.jpg\",\"articleSection\":[\"Locales\"],\"inLanguage\":\"es\"},{\"@type\":\"WebPage\",\"@id\":\"https:\\\/\\\/fmpatagoniamadryn.com.ar\\\/?p=18160\",\"url\":\"https:\\\/\\\/fmpatagoniamadryn.com.ar\\\/?p=18160\",\"name\":\"Destacada participaci\u00f3n de productores chubutenses en la Feria de las Regiones en Buenos Aires - FM Patagonia Madryn\",\"isPartOf\":{\"@id\":\"https:\\\/\\\/fmpatagoniamadryn.com.ar\\\/#website\"},\"primaryImageOfPage\":{\"@id\":\"https:\\\/\\\/fmpatagoniamadryn.com.ar\\\/?p=18160#primaryimage\"},\"image\":{\"@id\":\"https:\\\/\\\/fmpatagoniamadryn.com.ar\\\/?p=18160#primaryimage\"},\"thumbnailUrl\":\"https:\\\/\\\/fmpatagoniamadryn.com.ar\\\/wp-content\\\/uploads\\\/2025\\\/10\\\/img_5696.jpg\",\"datePublished\":\"2025-10-02T12:42:59+00:00\",\"breadcrumb\":{\"@id\":\"https:\\\/\\\/fmpatagoniamadryn.com.ar\\\/?p=18160#breadcrumb\"},\"inLanguage\":\"es\",\"potentialAction\":[{\"@type\":\"ReadAction\",\"target\":[\"https:\\\/\\\/fmpatagoniamadryn.com.ar\\\/?p=18160\"]}]},{\"@type\":\"ImageObject\",\"inLanguage\":\"es\",\"@id\":\"https:\\\/\\\/fmpatagoniamadryn.com.ar\\\/?p=18160#primaryimage\",\"url\":\"https:\\\/\\\/fmpatagoniamadryn.com.ar\\\/wp-content\\\/uploads\\\/2025\\\/10\\\/img_5696.jpg\",\"contentUrl\":\"https:\\\/\\\/fmpatagoniamadryn.com.ar\\\/wp-content\\\/uploads\\\/2025\\\/10\\\/img_5696.jpg\",\"width\":2000,\"height\":1371},{\"@type\":\"BreadcrumbList\",\"@id\":\"https:\\\/\\\/fmpatagoniamadryn.com.ar\\\/?p=18160#breadcrumb\",\"itemListElement\":[{\"@type\":\"ListItem\",\"position\":1,\"name\":\"Portada\",\"item\":\"https:\\\/\\\/fmpatagoniamadryn.com.ar\\\/\"},{\"@type\":\"ListItem\",\"position\":2,\"name\":\"Destacada participaci\u00f3n de productores chubutenses en la Feria de las Regiones en Buenos Aires\"}]},{\"@type\":\"WebSite\",\"@id\":\"https:\\\/\\\/fmpatagoniamadryn.com.ar\\\/#website\",\"url\":\"https:\\\/\\\/fmpatagoniamadryn.com.ar\\\/\",\"name\":\"FM Patagonia Madryn\",\"description\":\"Radio Patagonia 105.5\",\"publisher\":{\"@id\":\"https:\\\/\\\/fmpatagoniamadryn.com.ar\\\/#organization\"},\"potentialAction\":[{\"@type\":\"SearchAction\",\"target\":{\"@type\":\"EntryPoint\",\"urlTemplate\":\"https:\\\/\\\/fmpatagoniamadryn.com.ar\\\/?s={search_term_string}\"},\"query-input\":{\"@type\":\"PropertyValueSpecification\",\"valueRequired\":true,\"valueName\":\"search_term_string\"}}],\"inLanguage\":\"es\"},{\"@type\":\"Organization\",\"@id\":\"https:\\\/\\\/fmpatagoniamadryn.com.ar\\\/#organization\",\"name\":\"FM Patagonia Madryn\",\"url\":\"https:\\\/\\\/fmpatagoniamadryn.com.ar\\\/\",\"logo\":{\"@type\":\"ImageObject\",\"inLanguage\":\"es\",\"@id\":\"https:\\\/\\\/fmpatagoniamadryn.com.ar\\\/#\\\/schema\\\/logo\\\/image\\\/\",\"url\":\"https:\\\/\\\/fmpatagoniamadryn.com.ar\\\/wp-content\\\/uploads\\\/2023\\\/01\\\/cropped-Diseno-sin-titulo.png\",\"contentUrl\":\"https:\\\/\\\/fmpatagoniamadryn.com.ar\\\/wp-content\\\/uploads\\\/2023\\\/01\\\/cropped-Diseno-sin-titulo.png\",\"width\":6911,\"height\":2657,\"caption\":\"FM Patagonia Madryn\"},\"image\":{\"@id\":\"https:\\\/\\\/fmpatagoniamadryn.com.ar\\\/#\\\/schema\\\/logo\\\/image\\\/\"}},{\"@type\":\"Person\",\"@id\":\"https:\\\/\\\/fmpatagoniamadryn.com.ar\\\/#\\\/schema\\\/person\\\/8a3de4ad7efceacab06c1641c50303b7\",\"name\":\"FM Patagonia\",\"url\":\"https:\\\/\\\/fmpatagoniamadryn.com.ar\\\/?author=2\"}]}<\/script>\n<!-- \/ Yoast SEO plugin. -->","yoast_head_json":{"title":"Destacada participaci\u00f3n de productores chubutenses en la Feria de las Regiones en Buenos Aires - FM Patagonia Madryn","robots":{"index":"index","follow":"follow","max-snippet":"max-snippet:-1","max-image-preview":"max-image-preview:large","max-video-preview":"max-video-preview:-1"},"canonical":"https:\/\/fmpatagoniamadryn.com.ar\/?p=18160","og_locale":"es_ES","og_type":"article","og_title":"Destacada participaci\u00f3n de productores chubutenses en la Feria de las Regiones en Buenos Aires - FM Patagonia Madryn","og_description":"Abalauquen Dulces (Lago Puelo), R\u00fastika Sur (Lago Puelo), Piqui Gin (Puerto Madryn), Serajuana Escabeches (Trelew) y Aromas de la Cordillera (El Hoyo) estuvieron presentes en este evento federal, que se&hellip;","og_url":"https:\/\/fmpatagoniamadryn.com.ar\/?p=18160","og_site_name":"FM Patagonia Madryn","article_published_time":"2025-10-02T12:42:59+00:00","og_image":[{"width":2000,"height":1371,"url":"https:\/\/fmpatagoniamadryn.com.ar\/wp-content\/uploads\/2025\/10\/img_5696.jpg","type":"image\/jpeg"}],"author":"FM Patagonia","twitter_card":"summary_large_image","twitter_misc":{"Escrito por":"FM Patagonia","Tiempo de lectura":"3 minutos"},"schema":{"@context":"https:\/\/schema.org","@graph":[{"@type":"Article","@id":"https:\/\/fmpatagoniamadryn.com.ar\/?p=18160#article","isPartOf":{"@id":"https:\/\/fmpatagoniamadryn.com.ar\/?p=18160"},"author":{"name":"FM Patagonia","@id":"https:\/\/fmpatagoniamadryn.com.ar\/#\/schema\/person\/8a3de4ad7efceacab06c1641c50303b7"},"headline":"Destacada participaci\u00f3n de productores chubutenses en la Feria de las Regiones en Buenos Aires","datePublished":"2025-10-02T12:42:59+00:00","mainEntityOfPage":{"@id":"https:\/\/fmpatagoniamadryn.com.ar\/?p=18160"},"wordCount":608,"publisher":{"@id":"https:\/\/fmpatagoniamadryn.com.ar\/#organization"},"image":{"@id":"https:\/\/fmpatagoniamadryn.com.ar\/?p=18160#primaryimage"},"thumbnailUrl":"https:\/\/fmpatagoniamadryn.com.ar\/wp-content\/uploads\/2025\/10\/img_5696.jpg","articleSection":["Locales"],"inLanguage":"es"},{"@type":"WebPage","@id":"https:\/\/fmpatagoniamadryn.com.ar\/?p=18160","url":"https:\/\/fmpatagoniamadryn.com.ar\/?p=18160","name":"Destacada participaci\u00f3n de productores chubutenses en la Feria de las Regiones en Buenos Aires - FM Patagonia Madryn","isPartOf":{"@id":"https:\/\/fmpatagoniamadryn.com.ar\/#website"},"primaryImageOfPage":{"@id":"https:\/\/fmpatagoniamadryn.com.ar\/?p=18160#primaryimage"},"image":{"@id":"https:\/\/fmpatagoniamadryn.com.ar\/?p=18160#primaryimage"},"thumbnailUrl":"https:\/\/fmpatagoniamadryn.com.ar\/wp-content\/uploads\/2025\/10\/img_5696.jpg","datePublished":"2025-10-02T12:42:59+00:00","breadcrumb":{"@id":"https:\/\/fmpatagoniamadryn.com.ar\/?p=18160#breadcrumb"},"inLanguage":"es","potentialAction":[{"@type":"ReadAction","target":["https:\/\/fmpatagoniamadryn.com.ar\/?p=18160"]}]},{"@type":"ImageObject","inLanguage":"es","@id":"https:\/\/fmpatagoniamadryn.com.ar\/?p=18160#primaryimage","url":"https:\/\/fmpatagoniamadryn.com.ar\/wp-content\/uploads\/2025\/10\/img_5696.jpg","contentUrl":"https:\/\/fmpatagoniamadryn.com.ar\/wp-content\/uploads\/2025\/10\/img_5696.jpg","width":2000,"height":1371},{"@type":"BreadcrumbList","@id":"https:\/\/fmpatagoniamadryn.com.ar\/?p=18160#breadcrumb","itemListElement":[{"@type":"ListItem","position":1,"name":"Portada","item":"https:\/\/fmpatagoniamadryn.com.ar\/"},{"@type":"ListItem","position":2,"name":"Destacada participaci\u00f3n de productores chubutenses en la Feria de las Regiones en Buenos Aires"}]},{"@type":"WebSite","@id":"https:\/\/fmpatagoniamadryn.com.ar\/#website","url":"https:\/\/fmpatagoniamadryn.com.ar\/","name":"FM Patagonia Madryn","description":"Radio Patagonia 105.5","publisher":{"@id":"https:\/\/fmpatagoniamadryn.com.ar\/#organization"},"potentialAction":[{"@type":"SearchAction","target":{"@type":"EntryPoint","urlTemplate":"https:\/\/fmpatagoniamadryn.com.ar\/?s={search_term_string}"},"query-input":{"@type":"PropertyValueSpecification","valueRequired":true,"valueName":"search_term_string"}}],"inLanguage":"es"},{"@type":"Organization","@id":"https:\/\/fmpatagoniamadryn.com.ar\/#organization","name":"FM Patagonia Madryn","url":"https:\/\/fmpatagoniamadryn.com.ar\/","logo":{"@type":"ImageObject","inLanguage":"es","@id":"https:\/\/fmpatagoniamadryn.com.ar\/#\/schema\/logo\/image\/","url":"https:\/\/fmpatagoniamadryn.com.ar\/wp-content\/uploads\/2023\/01\/cropped-Diseno-sin-titulo.png","contentUrl":"https:\/\/fmpatagoniamadryn.com.ar\/wp-content\/uploads\/2023\/01\/cropped-Diseno-sin-titulo.png","width":6911,"height":2657,"caption":"FM Patagonia Madryn"},"image":{"@id":"https:\/\/fmpatagoniamadryn.com.ar\/#\/schema\/logo\/image\/"}},{"@type":"Person","@id":"https:\/\/fmpatagoniamadryn.com.ar\/#\/schema\/person\/8a3de4ad7efceacab06c1641c50303b7","name":"FM Patagonia","url":"https:\/\/fmpatagoniamadryn.com.ar\/?author=2"}]}},"jetpack_featured_media_url":"https:\/\/fmpatagoniamadryn.com.ar\/wp-content\/uploads\/2025\/10\/img_5696.jpg","_links":{"self":[{"href":"https:\/\/fmpatagoniamadryn.com.ar\/index.php?rest_route=\/wp\/v2\/posts\/18160","targetHints":{"allow":["GET"]}}],"collection":[{"href":"https:\/\/fmpatagoniamadryn.com.ar\/index.php?rest_route=\/wp\/v2\/posts"}],"about":[{"href":"https:\/\/fmpatagoniamadryn.com.ar\/index.php?rest_route=\/wp\/v2\/types\/post"}],"author":[{"embeddable":true,"href":"https:\/\/fmpatagoniamadryn.com.ar\/index.php?rest_route=\/wp\/v2\/users\/2"}],"replies":[{"embeddable":true,"href":"https:\/\/fmpatagoniamadryn.com.ar\/index.php?rest_route=%2Fwp%2Fv2%2Fcomments&post=18160"}],"version-history":[{"count":1,"href":"https:\/\/fmpatagoniamadryn.com.ar\/index.php?rest_route=\/wp\/v2\/posts\/18160\/revisions"}],"predecessor-version":[{"id":18161,"href":"https:\/\/fmpatagoniamadryn.com.ar\/index.php?rest_route=\/wp\/v2\/posts\/18160\/revisions\/18161"}],"wp:featuredmedia":[{"embeddable":true,"href":"https:\/\/fmpatagoniamadryn.com.ar\/index.php?rest_route=\/wp\/v2\/media\/18159"}],"wp:attachment":[{"href":"https:\/\/fmpatagoniamadryn.com.ar\/index.php?rest_route=%2Fwp%2Fv2%2Fmedia&parent=18160"}],"wp:term":[{"taxonomy":"category","embeddable":true,"href":"https:\/\/fmpatagoniamadryn.com.ar\/index.php?rest_route=%2Fwp%2Fv2%2Fcategories&post=18160"},{"taxonomy":"post_tag","embeddable":true,"href":"https:\/\/fmpatagoniamadryn.com.ar\/index.php?rest_route=%2Fwp%2Fv2%2Ftags&post=18160"}],"curies":[{"name":"wp","href":"https:\/\/api.w.org\/{rel}","templated":true}]}}