{"id":18163,"date":"2025-10-02T13:26:52","date_gmt":"2025-10-02T16:26:52","guid":{"rendered":"https:\/\/fmpatagoniamadryn.com.ar\/?p=18163"},"modified":"2025-10-02T13:26:52","modified_gmt":"2025-10-02T16:26:52","slug":"madryn-elecciones-de-delegados-el-proximo-sabado-4-de-octubre-en-servicoop","status":"publish","type":"post","link":"https:\/\/fmpatagoniamadryn.com.ar\/?p=18163","title":{"rendered":"Madryn | Elecciones de Delegados el pr\u00f3ximo s\u00e1bado 4 de octubre en Servicoop."},"content":{"rendered":"\n<h1 class=\"wp-block-heading\"><\/h1>\n\n\n\n<p>Este s\u00e1bado 04 de octubre, se llevar\u00e1n adelante las elecciones de Delegados y Delegadas de Servicoop. Dando cumplimiento a lo establecido por nuestro Estatuto Social y a lo reglamentado por la legislaci\u00f3n vigente, la Cooperativa inici\u00f3 el proceso eleccionario correspondiente al presente a\u00f1o, en el cual se presentaron cuatro reservas de n\u00famero y color, logrando participar la lista Verde N\u00b011 y la Lista Dorada N\u00b01. El resto de las listas (naranja N\u00b07 y blanca N\u00b055) no cumplieron con los requisitos estipulados por el Estatuto Social, por lo que finalmente no podr\u00e1n participar. Las elecciones se realizar\u00e1n en la Escuela N\u00b0 158 cita en Avenida Roca al 1750, en el horario de 10:00 a 16:00 horas. Todos los socios que pertenezcan a la secci\u00f3n 11 y est\u00e9n habilitados para sufragar, podr\u00e1n hacerlo s\u00f3lo con el requerimiento de presentar su DNI.<\/p>\n\n\n\n<p>Al respecto el presidente de la Cooperativa, Destac\u00f3: \u201cConvocamos a todos los usuarios de la Secci\u00f3n 11 a que participen del acto eleccionario. Es un proceso democr\u00e1tico de la Cooperativa y mientras m\u00e1s socios participen se fortalece la Instituci\u00f3n. En esta oportunidad s\u00f3lo se vota en la Secci\u00f3n 11 ya que la lista Verde N\u00b0 11 present\u00f3 candidatos a Delegados y Delegadas por la mencionada Secci\u00f3n, por lo que el resto de las Secciones no tendr\u00e1n elecciones, ya que hay una sola lista habilitada para participar que es la Dorada N\u00b0 1\u201d. Continuando con las palabras, el presidente de Servicoop expres\u00f3: \u201cTodos los a\u00f1os se deben realizar elecciones de Delegados y Delegadas y los requisitos son siempre los mismos. Esto quiere decir que las listas que quieran participar no pueden tener personas que no est\u00e9n habilitadas para integrar las n\u00f3minas y mucho menos documentaci\u00f3n adulterada\u201d.<\/p>\n\n\n\n<p>Sobre este \u00faltimo punto, Abel profundiz\u00f3: \u201cLa documentaci\u00f3n presentada por la lista Naranja y la Blanca no cumpl\u00eda con los requisitos solicitados. Lamentablemente es una situaci\u00f3n que se repite a\u00f1o a a\u00f1o y luego las listas que no pueden participar denuncian al sistema cooperativo, en vez de realizar la presentaci\u00f3n como corresponde y acorde a lo que estipulado el Estatuto Social. Tenemos casos de socios que realizan denuncias para justificar su accionar y lejos de lograr su objetivo, tanto el INAES como las autoridades provinciales, avalan lo actuado por la Cooperativa. En este caso hay vecinos reconocidos del \u00e1mbito cooperativo y pol\u00edtico que integran las listas de avales y que han manifestado a la Cooperativa que, bajo ning\u00fan punto de vista han firmado planilla de avales. Ya tenemos un proceso judicial en curso con hechos de estas caracter\u00edsticas, con firmas adulteradas y firmas de personas fallecidas y responde a las mismas personas que presentaron documentaci\u00f3n deficiente en este llamado a elecciones\u201d.<\/p>\n\n\n\n<p>Por \u00faltimo, Esteban Abel, manifest\u00f3: \u201cDesde el \u00e1mbito Cooperativo y particularmente desde este Consejo de Administraci\u00f3n fomentamos la participaci\u00f3n, no s\u00f3lo en las elecciones sino en la vida cotidiana de la Cooperativa. Es la primera vez que el Cuerpo de Delegados participa de las decisiones de la Cooperativa e integra mesas de trabajo, como por ejemplo con el plan de modernizaci\u00f3n de alumbrado. Tambi\u00e9n muestra de ello, es que la lista Verde N\u00b011 es la primera vez que se presenta y pudo hacerlo sin ning\u00fan tipo de dificultad ni impedimentos. La Cooperativa tiene las puertas abiertas para todo aquel socio que quiera participar, por eso es que somos una Instituci\u00f3n que antepone lo colectivo por sobre lo individual. Todo aquel socio que solicite, ser\u00e1 instruido por este Consejo de Administraci\u00f3n y la Sindicatura para que pueda participar, cumpliendo con los requisitos tanto del Estatuto como de la legislaci\u00f3n vigente\u201d.<\/p>\n","protected":false},"excerpt":{"rendered":"<p>Este s\u00e1bado 04 de octubre, se llevar\u00e1n adelante las elecciones de Delegados y Delegadas de Servicoop. Dando cumplimiento a lo establecido por nuestro Estatuto Social y a lo reglamentado por&hellip; <\/p>\n","protected":false},"author":2,"featured_media":18162,"comment_status":"closed","ping_status":"closed","sticky":false,"template":"","format":"standard","meta":{"footnotes":""},"categories":[15],"tags":[],"class_list":["post-18163","post","type-post","status-publish","format-standard","has-post-thumbnail","hentry","category-locales"],"yoast_head":"<!-- This site is optimized with the Yoast SEO plugin v27.4 - https:\/\/yoast.com\/product\/yoast-seo-wordpress\/ -->\n<title>Madryn | Elecciones de Delegados el pr\u00f3ximo s\u00e1bado 4 de octubre en Servicoop. - FM Patagonia Madryn<\/title>\n<meta name=\"robots\" content=\"index, follow, max-snippet:-1, max-image-preview:large, max-video-preview:-1\" \/>\n<link rel=\"canonical\" href=\"https:\/\/fmpatagoniamadryn.com.ar\/?p=18163\" \/>\n<meta property=\"og:locale\" content=\"es_ES\" \/>\n<meta property=\"og:type\" content=\"article\" \/>\n<meta property=\"og:title\" content=\"Madryn | Elecciones de Delegados el pr\u00f3ximo s\u00e1bado 4 de octubre en Servicoop. - FM Patagonia Madryn\" \/>\n<meta property=\"og:description\" content=\"Este s\u00e1bado 04 de octubre, se llevar\u00e1n adelante las elecciones de Delegados y Delegadas de Servicoop. Dando cumplimiento a lo establecido por nuestro Estatuto Social y a lo reglamentado por&hellip;\" \/>\n<meta property=\"og:url\" content=\"https:\/\/fmpatagoniamadryn.com.ar\/?p=18163\" \/>\n<meta property=\"og:site_name\" content=\"FM Patagonia Madryn\" \/>\n<meta property=\"article:published_time\" content=\"2025-10-02T16:26:52+00:00\" \/>\n<meta property=\"og:image\" content=\"https:\/\/fmpatagoniamadryn.com.ar\/wp-content\/uploads\/2025\/10\/img_5703.jpg\" \/>\n\t<meta property=\"og:image:width\" content=\"1600\" \/>\n\t<meta property=\"og:image:height\" content=\"1202\" \/>\n\t<meta property=\"og:image:type\" content=\"image\/jpeg\" \/>\n<meta name=\"author\" content=\"FM Patagonia\" \/>\n<meta name=\"twitter:card\" content=\"summary_large_image\" \/>\n<meta name=\"twitter:label1\" content=\"Escrito por\" \/>\n\t<meta name=\"twitter:data1\" content=\"FM Patagonia\" \/>\n\t<meta name=\"twitter:label2\" content=\"Tiempo de lectura\" \/>\n\t<meta name=\"twitter:data2\" content=\"3 minutos\" \/>\n<script type=\"application\/ld+json\" class=\"yoast-schema-graph\">{\"@context\":\"https:\\\/\\\/schema.org\",\"@graph\":[{\"@type\":\"Article\",\"@id\":\"https:\\\/\\\/fmpatagoniamadryn.com.ar\\\/?p=18163#article\",\"isPartOf\":{\"@id\":\"https:\\\/\\\/fmpatagoniamadryn.com.ar\\\/?p=18163\"},\"author\":{\"name\":\"FM Patagonia\",\"@id\":\"https:\\\/\\\/fmpatagoniamadryn.com.ar\\\/#\\\/schema\\\/person\\\/8a3de4ad7efceacab06c1641c50303b7\"},\"headline\":\"Madryn | Elecciones de Delegados el pr\u00f3ximo s\u00e1bado 4 de octubre en Servicoop.\",\"datePublished\":\"2025-10-02T16:26:52+00:00\",\"mainEntityOfPage\":{\"@id\":\"https:\\\/\\\/fmpatagoniamadryn.com.ar\\\/?p=18163\"},\"wordCount\":639,\"publisher\":{\"@id\":\"https:\\\/\\\/fmpatagoniamadryn.com.ar\\\/#organization\"},\"image\":{\"@id\":\"https:\\\/\\\/fmpatagoniamadryn.com.ar\\\/?p=18163#primaryimage\"},\"thumbnailUrl\":\"https:\\\/\\\/fmpatagoniamadryn.com.ar\\\/wp-content\\\/uploads\\\/2025\\\/10\\\/img_5703.jpg\",\"articleSection\":[\"Locales\"],\"inLanguage\":\"es\"},{\"@type\":\"WebPage\",\"@id\":\"https:\\\/\\\/fmpatagoniamadryn.com.ar\\\/?p=18163\",\"url\":\"https:\\\/\\\/fmpatagoniamadryn.com.ar\\\/?p=18163\",\"name\":\"Madryn | Elecciones de Delegados el pr\u00f3ximo s\u00e1bado 4 de octubre en Servicoop. - FM Patagonia Madryn\",\"isPartOf\":{\"@id\":\"https:\\\/\\\/fmpatagoniamadryn.com.ar\\\/#website\"},\"primaryImageOfPage\":{\"@id\":\"https:\\\/\\\/fmpatagoniamadryn.com.ar\\\/?p=18163#primaryimage\"},\"image\":{\"@id\":\"https:\\\/\\\/fmpatagoniamadryn.com.ar\\\/?p=18163#primaryimage\"},\"thumbnailUrl\":\"https:\\\/\\\/fmpatagoniamadryn.com.ar\\\/wp-content\\\/uploads\\\/2025\\\/10\\\/img_5703.jpg\",\"datePublished\":\"2025-10-02T16:26:52+00:00\",\"breadcrumb\":{\"@id\":\"https:\\\/\\\/fmpatagoniamadryn.com.ar\\\/?p=18163#breadcrumb\"},\"inLanguage\":\"es\",\"potentialAction\":[{\"@type\":\"ReadAction\",\"target\":[\"https:\\\/\\\/fmpatagoniamadryn.com.ar\\\/?p=18163\"]}]},{\"@type\":\"ImageObject\",\"inLanguage\":\"es\",\"@id\":\"https:\\\/\\\/fmpatagoniamadryn.com.ar\\\/?p=18163#primaryimage\",\"url\":\"https:\\\/\\\/fmpatagoniamadryn.com.ar\\\/wp-content\\\/uploads\\\/2025\\\/10\\\/img_5703.jpg\",\"contentUrl\":\"https:\\\/\\\/fmpatagoniamadryn.com.ar\\\/wp-content\\\/uploads\\\/2025\\\/10\\\/img_5703.jpg\",\"width\":1600,\"height\":1202},{\"@type\":\"BreadcrumbList\",\"@id\":\"https:\\\/\\\/fmpatagoniamadryn.com.ar\\\/?p=18163#breadcrumb\",\"itemListElement\":[{\"@type\":\"ListItem\",\"position\":1,\"name\":\"Portada\",\"item\":\"https:\\\/\\\/fmpatagoniamadryn.com.ar\\\/\"},{\"@type\":\"ListItem\",\"position\":2,\"name\":\"Madryn | Elecciones de Delegados el pr\u00f3ximo s\u00e1bado 4 de octubre en Servicoop.\"}]},{\"@type\":\"WebSite\",\"@id\":\"https:\\\/\\\/fmpatagoniamadryn.com.ar\\\/#website\",\"url\":\"https:\\\/\\\/fmpatagoniamadryn.com.ar\\\/\",\"name\":\"FM Patagonia Madryn\",\"description\":\"Radio Patagonia 105.5\",\"publisher\":{\"@id\":\"https:\\\/\\\/fmpatagoniamadryn.com.ar\\\/#organization\"},\"potentialAction\":[{\"@type\":\"SearchAction\",\"target\":{\"@type\":\"EntryPoint\",\"urlTemplate\":\"https:\\\/\\\/fmpatagoniamadryn.com.ar\\\/?s={search_term_string}\"},\"query-input\":{\"@type\":\"PropertyValueSpecification\",\"valueRequired\":true,\"valueName\":\"search_term_string\"}}],\"inLanguage\":\"es\"},{\"@type\":\"Organization\",\"@id\":\"https:\\\/\\\/fmpatagoniamadryn.com.ar\\\/#organization\",\"name\":\"FM Patagonia Madryn\",\"url\":\"https:\\\/\\\/fmpatagoniamadryn.com.ar\\\/\",\"logo\":{\"@type\":\"ImageObject\",\"inLanguage\":\"es\",\"@id\":\"https:\\\/\\\/fmpatagoniamadryn.com.ar\\\/#\\\/schema\\\/logo\\\/image\\\/\",\"url\":\"https:\\\/\\\/fmpatagoniamadryn.com.ar\\\/wp-content\\\/uploads\\\/2023\\\/01\\\/cropped-Diseno-sin-titulo.png\",\"contentUrl\":\"https:\\\/\\\/fmpatagoniamadryn.com.ar\\\/wp-content\\\/uploads\\\/2023\\\/01\\\/cropped-Diseno-sin-titulo.png\",\"width\":6911,\"height\":2657,\"caption\":\"FM Patagonia Madryn\"},\"image\":{\"@id\":\"https:\\\/\\\/fmpatagoniamadryn.com.ar\\\/#\\\/schema\\\/logo\\\/image\\\/\"}},{\"@type\":\"Person\",\"@id\":\"https:\\\/\\\/fmpatagoniamadryn.com.ar\\\/#\\\/schema\\\/person\\\/8a3de4ad7efceacab06c1641c50303b7\",\"name\":\"FM Patagonia\",\"url\":\"https:\\\/\\\/fmpatagoniamadryn.com.ar\\\/?author=2\"}]}<\/script>\n<!-- \/ Yoast SEO plugin. -->","yoast_head_json":{"title":"Madryn | Elecciones de Delegados el pr\u00f3ximo s\u00e1bado 4 de octubre en Servicoop. - FM Patagonia Madryn","robots":{"index":"index","follow":"follow","max-snippet":"max-snippet:-1","max-image-preview":"max-image-preview:large","max-video-preview":"max-video-preview:-1"},"canonical":"https:\/\/fmpatagoniamadryn.com.ar\/?p=18163","og_locale":"es_ES","og_type":"article","og_title":"Madryn | Elecciones de Delegados el pr\u00f3ximo s\u00e1bado 4 de octubre en Servicoop. - FM Patagonia Madryn","og_description":"Este s\u00e1bado 04 de octubre, se llevar\u00e1n adelante las elecciones de Delegados y Delegadas de Servicoop. Dando cumplimiento a lo establecido por nuestro Estatuto Social y a lo reglamentado por&hellip;","og_url":"https:\/\/fmpatagoniamadryn.com.ar\/?p=18163","og_site_name":"FM Patagonia Madryn","article_published_time":"2025-10-02T16:26:52+00:00","og_image":[{"width":1600,"height":1202,"url":"https:\/\/fmpatagoniamadryn.com.ar\/wp-content\/uploads\/2025\/10\/img_5703.jpg","type":"image\/jpeg"}],"author":"FM Patagonia","twitter_card":"summary_large_image","twitter_misc":{"Escrito por":"FM Patagonia","Tiempo de lectura":"3 minutos"},"schema":{"@context":"https:\/\/schema.org","@graph":[{"@type":"Article","@id":"https:\/\/fmpatagoniamadryn.com.ar\/?p=18163#article","isPartOf":{"@id":"https:\/\/fmpatagoniamadryn.com.ar\/?p=18163"},"author":{"name":"FM Patagonia","@id":"https:\/\/fmpatagoniamadryn.com.ar\/#\/schema\/person\/8a3de4ad7efceacab06c1641c50303b7"},"headline":"Madryn | Elecciones de Delegados el pr\u00f3ximo s\u00e1bado 4 de octubre en Servicoop.","datePublished":"2025-10-02T16:26:52+00:00","mainEntityOfPage":{"@id":"https:\/\/fmpatagoniamadryn.com.ar\/?p=18163"},"wordCount":639,"publisher":{"@id":"https:\/\/fmpatagoniamadryn.com.ar\/#organization"},"image":{"@id":"https:\/\/fmpatagoniamadryn.com.ar\/?p=18163#primaryimage"},"thumbnailUrl":"https:\/\/fmpatagoniamadryn.com.ar\/wp-content\/uploads\/2025\/10\/img_5703.jpg","articleSection":["Locales"],"inLanguage":"es"},{"@type":"WebPage","@id":"https:\/\/fmpatagoniamadryn.com.ar\/?p=18163","url":"https:\/\/fmpatagoniamadryn.com.ar\/?p=18163","name":"Madryn | Elecciones de Delegados el pr\u00f3ximo s\u00e1bado 4 de octubre en Servicoop. - FM Patagonia Madryn","isPartOf":{"@id":"https:\/\/fmpatagoniamadryn.com.ar\/#website"},"primaryImageOfPage":{"@id":"https:\/\/fmpatagoniamadryn.com.ar\/?p=18163#primaryimage"},"image":{"@id":"https:\/\/fmpatagoniamadryn.com.ar\/?p=18163#primaryimage"},"thumbnailUrl":"https:\/\/fmpatagoniamadryn.com.ar\/wp-content\/uploads\/2025\/10\/img_5703.jpg","datePublished":"2025-10-02T16:26:52+00:00","breadcrumb":{"@id":"https:\/\/fmpatagoniamadryn.com.ar\/?p=18163#breadcrumb"},"inLanguage":"es","potentialAction":[{"@type":"ReadAction","target":["https:\/\/fmpatagoniamadryn.com.ar\/?p=18163"]}]},{"@type":"ImageObject","inLanguage":"es","@id":"https:\/\/fmpatagoniamadryn.com.ar\/?p=18163#primaryimage","url":"https:\/\/fmpatagoniamadryn.com.ar\/wp-content\/uploads\/2025\/10\/img_5703.jpg","contentUrl":"https:\/\/fmpatagoniamadryn.com.ar\/wp-content\/uploads\/2025\/10\/img_5703.jpg","width":1600,"height":1202},{"@type":"BreadcrumbList","@id":"https:\/\/fmpatagoniamadryn.com.ar\/?p=18163#breadcrumb","itemListElement":[{"@type":"ListItem","position":1,"name":"Portada","item":"https:\/\/fmpatagoniamadryn.com.ar\/"},{"@type":"ListItem","position":2,"name":"Madryn | Elecciones de Delegados el pr\u00f3ximo s\u00e1bado 4 de octubre en Servicoop."}]},{"@type":"WebSite","@id":"https:\/\/fmpatagoniamadryn.com.ar\/#website","url":"https:\/\/fmpatagoniamadryn.com.ar\/","name":"FM Patagonia Madryn","description":"Radio Patagonia 105.5","publisher":{"@id":"https:\/\/fmpatagoniamadryn.com.ar\/#organization"},"potentialAction":[{"@type":"SearchAction","target":{"@type":"EntryPoint","urlTemplate":"https:\/\/fmpatagoniamadryn.com.ar\/?s={search_term_string}"},"query-input":{"@type":"PropertyValueSpecification","valueRequired":true,"valueName":"search_term_string"}}],"inLanguage":"es"},{"@type":"Organization","@id":"https:\/\/fmpatagoniamadryn.com.ar\/#organization","name":"FM Patagonia Madryn","url":"https:\/\/fmpatagoniamadryn.com.ar\/","logo":{"@type":"ImageObject","inLanguage":"es","@id":"https:\/\/fmpatagoniamadryn.com.ar\/#\/schema\/logo\/image\/","url":"https:\/\/fmpatagoniamadryn.com.ar\/wp-content\/uploads\/2023\/01\/cropped-Diseno-sin-titulo.png","contentUrl":"https:\/\/fmpatagoniamadryn.com.ar\/wp-content\/uploads\/2023\/01\/cropped-Diseno-sin-titulo.png","width":6911,"height":2657,"caption":"FM Patagonia Madryn"},"image":{"@id":"https:\/\/fmpatagoniamadryn.com.ar\/#\/schema\/logo\/image\/"}},{"@type":"Person","@id":"https:\/\/fmpatagoniamadryn.com.ar\/#\/schema\/person\/8a3de4ad7efceacab06c1641c50303b7","name":"FM Patagonia","url":"https:\/\/fmpatagoniamadryn.com.ar\/?author=2"}]}},"jetpack_featured_media_url":"https:\/\/fmpatagoniamadryn.com.ar\/wp-content\/uploads\/2025\/10\/img_5703.jpg","_links":{"self":[{"href":"https:\/\/fmpatagoniamadryn.com.ar\/index.php?rest_route=\/wp\/v2\/posts\/18163","targetHints":{"allow":["GET"]}}],"collection":[{"href":"https:\/\/fmpatagoniamadryn.com.ar\/index.php?rest_route=\/wp\/v2\/posts"}],"about":[{"href":"https:\/\/fmpatagoniamadryn.com.ar\/index.php?rest_route=\/wp\/v2\/types\/post"}],"author":[{"embeddable":true,"href":"https:\/\/fmpatagoniamadryn.com.ar\/index.php?rest_route=\/wp\/v2\/users\/2"}],"replies":[{"embeddable":true,"href":"https:\/\/fmpatagoniamadryn.com.ar\/index.php?rest_route=%2Fwp%2Fv2%2Fcomments&post=18163"}],"version-history":[{"count":1,"href":"https:\/\/fmpatagoniamadryn.com.ar\/index.php?rest_route=\/wp\/v2\/posts\/18163\/revisions"}],"predecessor-version":[{"id":18164,"href":"https:\/\/fmpatagoniamadryn.com.ar\/index.php?rest_route=\/wp\/v2\/posts\/18163\/revisions\/18164"}],"wp:featuredmedia":[{"embeddable":true,"href":"https:\/\/fmpatagoniamadryn.com.ar\/index.php?rest_route=\/wp\/v2\/media\/18162"}],"wp:attachment":[{"href":"https:\/\/fmpatagoniamadryn.com.ar\/index.php?rest_route=%2Fwp%2Fv2%2Fmedia&parent=18163"}],"wp:term":[{"taxonomy":"category","embeddable":true,"href":"https:\/\/fmpatagoniamadryn.com.ar\/index.php?rest_route=%2Fwp%2Fv2%2Fcategories&post=18163"},{"taxonomy":"post_tag","embeddable":true,"href":"https:\/\/fmpatagoniamadryn.com.ar\/index.php?rest_route=%2Fwp%2Fv2%2Ftags&post=18163"}],"curies":[{"name":"wp","href":"https:\/\/api.w.org\/{rel}","templated":true}]}}