{"id":18199,"date":"2025-10-06T12:25:49","date_gmt":"2025-10-06T15:25:49","guid":{"rendered":"https:\/\/fmpatagoniamadryn.com.ar\/?p=18199"},"modified":"2025-10-06T12:25:49","modified_gmt":"2025-10-06T15:25:49","slug":"madryn-a-pedido-de-la-fiscalia-revocan-una-condena-en-suspenso-y-ordenan-prision-efectiva","status":"publish","type":"post","link":"https:\/\/fmpatagoniamadryn.com.ar\/?p=18199","title":{"rendered":"Madryn: A pedido de la fiscal\u00eda, revocan una condena en suspenso y ordenan prisi\u00f3n efectiva"},"content":{"rendered":"\n<p><\/p>\n\n\n\n<p>A pedido de la Fiscal\u00eda, el juez penal Horacio Yang\u00fcela resolvi\u00f3 revocar una condena de tres a\u00f1os de prisi\u00f3n en suspenso que pesaba sobre Andr\u00e9s Lorenzo, quien ahora deber\u00e1 cumplir la pena de manera efectiva.<\/p>\n\n\n\n<p>La decisi\u00f3n se adopt\u00f3 a pedido del funcionario de Fiscal\u00eda Mauricio Baigorria, luego de acreditarse que el condenado incumpli\u00f3 las pautas de conducta que le hab\u00edan sido impuestas en el fallo original.<\/p>\n\n\n\n<p>Lorenzo hab\u00eda sido condenado por diversos delitos menores, entre ellos el hurto tentado de una motocicleta en la v\u00eda p\u00fablica. Al no respetar las condiciones fijadas por el tribunal, la fiscal\u00eda solicit\u00f3 la revocaci\u00f3n del beneficio de la condicional, medida que fue aceptada por el juez.<\/p>\n\n\n\n<p>Adem\u00e1s, el imputado fue detenido nuevamente en el marco de una nueva causa penal, vinculada a un delito contra la propiedad, en la cual se dispuso su prisi\u00f3n preventiva durante la investigaci\u00f3n.<\/p>\n\n\n\n<p>*<\/p>\n\n\n\n<p>La prisi\u00f3n condicional es una modalidad prevista en el art\u00edculo 26 del C\u00f3digo Penal que permite suspender el cumplimiento efectivo de una pena de prisi\u00f3n cuando no supera los tres a\u00f1os y el condenado re\u00fane ciertos requisitos, como no tener antecedentes. En esos casos, el juez impone pautas de conducta que deben cumplirse durante un plazo determinado. Seg\u00fan la Ley de Ejecuci\u00f3n Penal (Ley 24.660), si el condenado incumple esas obligaciones o comete un nuevo delito, el tribunal puede revocar la condicionalidad y ordenar que la pena se cumpla de manera efectiva.<\/p>\n\n\n\n<p>Fuente Ministerio Fical de PM <\/p>\n","protected":false},"excerpt":{"rendered":"<p>A pedido de la Fiscal\u00eda, el juez penal Horacio Yang\u00fcela resolvi\u00f3 revocar una condena de tres a\u00f1os de prisi\u00f3n en suspenso que pesaba sobre Andr\u00e9s Lorenzo, quien ahora deber\u00e1 cumplir&hellip; <\/p>\n","protected":false},"author":2,"featured_media":18198,"comment_status":"closed","ping_status":"closed","sticky":false,"template":"","format":"standard","meta":{"footnotes":""},"categories":[15],"tags":[],"class_list":["post-18199","post","type-post","status-publish","format-standard","has-post-thumbnail","hentry","category-locales"],"yoast_head":"<!-- This site is optimized with the Yoast SEO plugin v27.4 - https:\/\/yoast.com\/product\/yoast-seo-wordpress\/ -->\n<title>Madryn: A pedido de la fiscal\u00eda, revocan una condena en suspenso y ordenan prisi\u00f3n efectiva - FM Patagonia Madryn<\/title>\n<meta name=\"robots\" content=\"index, follow, max-snippet:-1, max-image-preview:large, max-video-preview:-1\" \/>\n<link rel=\"canonical\" href=\"https:\/\/fmpatagoniamadryn.com.ar\/?p=18199\" \/>\n<meta property=\"og:locale\" content=\"es_ES\" \/>\n<meta property=\"og:type\" content=\"article\" \/>\n<meta property=\"og:title\" content=\"Madryn: A pedido de la fiscal\u00eda, revocan una condena en suspenso y ordenan prisi\u00f3n efectiva - FM Patagonia Madryn\" \/>\n<meta property=\"og:description\" content=\"A pedido de la Fiscal\u00eda, el juez penal Horacio Yang\u00fcela resolvi\u00f3 revocar una condena de tres a\u00f1os de prisi\u00f3n en suspenso que pesaba sobre Andr\u00e9s Lorenzo, quien ahora deber\u00e1 cumplir&hellip;\" \/>\n<meta property=\"og:url\" content=\"https:\/\/fmpatagoniamadryn.com.ar\/?p=18199\" \/>\n<meta property=\"og:site_name\" content=\"FM Patagonia Madryn\" \/>\n<meta property=\"article:published_time\" content=\"2025-10-06T15:25:49+00:00\" \/>\n<meta property=\"og:image\" content=\"https:\/\/fmpatagoniamadryn.com.ar\/wp-content\/uploads\/2025\/10\/img_5913.jpg\" \/>\n\t<meta property=\"og:image:width\" content=\"1080\" \/>\n\t<meta property=\"og:image:height\" content=\"1350\" \/>\n\t<meta property=\"og:image:type\" content=\"image\/jpeg\" \/>\n<meta name=\"author\" content=\"FM Patagonia\" \/>\n<meta name=\"twitter:card\" content=\"summary_large_image\" \/>\n<meta name=\"twitter:label1\" content=\"Escrito por\" \/>\n\t<meta name=\"twitter:data1\" content=\"FM Patagonia\" \/>\n\t<meta name=\"twitter:label2\" content=\"Tiempo de lectura\" \/>\n\t<meta name=\"twitter:data2\" content=\"1 minuto\" \/>\n<script type=\"application\/ld+json\" class=\"yoast-schema-graph\">{\"@context\":\"https:\\\/\\\/schema.org\",\"@graph\":[{\"@type\":\"Article\",\"@id\":\"https:\\\/\\\/fmpatagoniamadryn.com.ar\\\/?p=18199#article\",\"isPartOf\":{\"@id\":\"https:\\\/\\\/fmpatagoniamadryn.com.ar\\\/?p=18199\"},\"author\":{\"name\":\"FM Patagonia\",\"@id\":\"https:\\\/\\\/fmpatagoniamadryn.com.ar\\\/#\\\/schema\\\/person\\\/8a3de4ad7efceacab06c1641c50303b7\"},\"headline\":\"Madryn: A pedido de la fiscal\u00eda, revocan una condena en suspenso y ordenan prisi\u00f3n efectiva\",\"datePublished\":\"2025-10-06T15:25:49+00:00\",\"mainEntityOfPage\":{\"@id\":\"https:\\\/\\\/fmpatagoniamadryn.com.ar\\\/?p=18199\"},\"wordCount\":281,\"publisher\":{\"@id\":\"https:\\\/\\\/fmpatagoniamadryn.com.ar\\\/#organization\"},\"image\":{\"@id\":\"https:\\\/\\\/fmpatagoniamadryn.com.ar\\\/?p=18199#primaryimage\"},\"thumbnailUrl\":\"https:\\\/\\\/fmpatagoniamadryn.com.ar\\\/wp-content\\\/uploads\\\/2025\\\/10\\\/img_5913.jpg\",\"articleSection\":[\"Locales\"],\"inLanguage\":\"es\"},{\"@type\":\"WebPage\",\"@id\":\"https:\\\/\\\/fmpatagoniamadryn.com.ar\\\/?p=18199\",\"url\":\"https:\\\/\\\/fmpatagoniamadryn.com.ar\\\/?p=18199\",\"name\":\"Madryn: A pedido de la fiscal\u00eda, revocan una condena en suspenso y ordenan prisi\u00f3n efectiva - FM Patagonia Madryn\",\"isPartOf\":{\"@id\":\"https:\\\/\\\/fmpatagoniamadryn.com.ar\\\/#website\"},\"primaryImageOfPage\":{\"@id\":\"https:\\\/\\\/fmpatagoniamadryn.com.ar\\\/?p=18199#primaryimage\"},\"image\":{\"@id\":\"https:\\\/\\\/fmpatagoniamadryn.com.ar\\\/?p=18199#primaryimage\"},\"thumbnailUrl\":\"https:\\\/\\\/fmpatagoniamadryn.com.ar\\\/wp-content\\\/uploads\\\/2025\\\/10\\\/img_5913.jpg\",\"datePublished\":\"2025-10-06T15:25:49+00:00\",\"breadcrumb\":{\"@id\":\"https:\\\/\\\/fmpatagoniamadryn.com.ar\\\/?p=18199#breadcrumb\"},\"inLanguage\":\"es\",\"potentialAction\":[{\"@type\":\"ReadAction\",\"target\":[\"https:\\\/\\\/fmpatagoniamadryn.com.ar\\\/?p=18199\"]}]},{\"@type\":\"ImageObject\",\"inLanguage\":\"es\",\"@id\":\"https:\\\/\\\/fmpatagoniamadryn.com.ar\\\/?p=18199#primaryimage\",\"url\":\"https:\\\/\\\/fmpatagoniamadryn.com.ar\\\/wp-content\\\/uploads\\\/2025\\\/10\\\/img_5913.jpg\",\"contentUrl\":\"https:\\\/\\\/fmpatagoniamadryn.com.ar\\\/wp-content\\\/uploads\\\/2025\\\/10\\\/img_5913.jpg\",\"width\":1080,\"height\":1350},{\"@type\":\"BreadcrumbList\",\"@id\":\"https:\\\/\\\/fmpatagoniamadryn.com.ar\\\/?p=18199#breadcrumb\",\"itemListElement\":[{\"@type\":\"ListItem\",\"position\":1,\"name\":\"Portada\",\"item\":\"https:\\\/\\\/fmpatagoniamadryn.com.ar\\\/\"},{\"@type\":\"ListItem\",\"position\":2,\"name\":\"Madryn: A pedido de la fiscal\u00eda, revocan una condena en suspenso y ordenan prisi\u00f3n efectiva\"}]},{\"@type\":\"WebSite\",\"@id\":\"https:\\\/\\\/fmpatagoniamadryn.com.ar\\\/#website\",\"url\":\"https:\\\/\\\/fmpatagoniamadryn.com.ar\\\/\",\"name\":\"FM Patagonia Madryn\",\"description\":\"Radio Patagonia 105.5\",\"publisher\":{\"@id\":\"https:\\\/\\\/fmpatagoniamadryn.com.ar\\\/#organization\"},\"potentialAction\":[{\"@type\":\"SearchAction\",\"target\":{\"@type\":\"EntryPoint\",\"urlTemplate\":\"https:\\\/\\\/fmpatagoniamadryn.com.ar\\\/?s={search_term_string}\"},\"query-input\":{\"@type\":\"PropertyValueSpecification\",\"valueRequired\":true,\"valueName\":\"search_term_string\"}}],\"inLanguage\":\"es\"},{\"@type\":\"Organization\",\"@id\":\"https:\\\/\\\/fmpatagoniamadryn.com.ar\\\/#organization\",\"name\":\"FM Patagonia Madryn\",\"url\":\"https:\\\/\\\/fmpatagoniamadryn.com.ar\\\/\",\"logo\":{\"@type\":\"ImageObject\",\"inLanguage\":\"es\",\"@id\":\"https:\\\/\\\/fmpatagoniamadryn.com.ar\\\/#\\\/schema\\\/logo\\\/image\\\/\",\"url\":\"https:\\\/\\\/fmpatagoniamadryn.com.ar\\\/wp-content\\\/uploads\\\/2023\\\/01\\\/cropped-Diseno-sin-titulo.png\",\"contentUrl\":\"https:\\\/\\\/fmpatagoniamadryn.com.ar\\\/wp-content\\\/uploads\\\/2023\\\/01\\\/cropped-Diseno-sin-titulo.png\",\"width\":6911,\"height\":2657,\"caption\":\"FM Patagonia Madryn\"},\"image\":{\"@id\":\"https:\\\/\\\/fmpatagoniamadryn.com.ar\\\/#\\\/schema\\\/logo\\\/image\\\/\"}},{\"@type\":\"Person\",\"@id\":\"https:\\\/\\\/fmpatagoniamadryn.com.ar\\\/#\\\/schema\\\/person\\\/8a3de4ad7efceacab06c1641c50303b7\",\"name\":\"FM Patagonia\",\"url\":\"https:\\\/\\\/fmpatagoniamadryn.com.ar\\\/?author=2\"}]}<\/script>\n<!-- \/ Yoast SEO plugin. -->","yoast_head_json":{"title":"Madryn: A pedido de la fiscal\u00eda, revocan una condena en suspenso y ordenan prisi\u00f3n efectiva - FM Patagonia Madryn","robots":{"index":"index","follow":"follow","max-snippet":"max-snippet:-1","max-image-preview":"max-image-preview:large","max-video-preview":"max-video-preview:-1"},"canonical":"https:\/\/fmpatagoniamadryn.com.ar\/?p=18199","og_locale":"es_ES","og_type":"article","og_title":"Madryn: A pedido de la fiscal\u00eda, revocan una condena en suspenso y ordenan prisi\u00f3n efectiva - FM Patagonia Madryn","og_description":"A pedido de la Fiscal\u00eda, el juez penal Horacio Yang\u00fcela resolvi\u00f3 revocar una condena de tres a\u00f1os de prisi\u00f3n en suspenso que pesaba sobre Andr\u00e9s Lorenzo, quien ahora deber\u00e1 cumplir&hellip;","og_url":"https:\/\/fmpatagoniamadryn.com.ar\/?p=18199","og_site_name":"FM Patagonia Madryn","article_published_time":"2025-10-06T15:25:49+00:00","og_image":[{"width":1080,"height":1350,"url":"https:\/\/fmpatagoniamadryn.com.ar\/wp-content\/uploads\/2025\/10\/img_5913.jpg","type":"image\/jpeg"}],"author":"FM Patagonia","twitter_card":"summary_large_image","twitter_misc":{"Escrito por":"FM Patagonia","Tiempo de lectura":"1 minuto"},"schema":{"@context":"https:\/\/schema.org","@graph":[{"@type":"Article","@id":"https:\/\/fmpatagoniamadryn.com.ar\/?p=18199#article","isPartOf":{"@id":"https:\/\/fmpatagoniamadryn.com.ar\/?p=18199"},"author":{"name":"FM Patagonia","@id":"https:\/\/fmpatagoniamadryn.com.ar\/#\/schema\/person\/8a3de4ad7efceacab06c1641c50303b7"},"headline":"Madryn: A pedido de la fiscal\u00eda, revocan una condena en suspenso y ordenan prisi\u00f3n efectiva","datePublished":"2025-10-06T15:25:49+00:00","mainEntityOfPage":{"@id":"https:\/\/fmpatagoniamadryn.com.ar\/?p=18199"},"wordCount":281,"publisher":{"@id":"https:\/\/fmpatagoniamadryn.com.ar\/#organization"},"image":{"@id":"https:\/\/fmpatagoniamadryn.com.ar\/?p=18199#primaryimage"},"thumbnailUrl":"https:\/\/fmpatagoniamadryn.com.ar\/wp-content\/uploads\/2025\/10\/img_5913.jpg","articleSection":["Locales"],"inLanguage":"es"},{"@type":"WebPage","@id":"https:\/\/fmpatagoniamadryn.com.ar\/?p=18199","url":"https:\/\/fmpatagoniamadryn.com.ar\/?p=18199","name":"Madryn: A pedido de la fiscal\u00eda, revocan una condena en suspenso y ordenan prisi\u00f3n efectiva - FM Patagonia Madryn","isPartOf":{"@id":"https:\/\/fmpatagoniamadryn.com.ar\/#website"},"primaryImageOfPage":{"@id":"https:\/\/fmpatagoniamadryn.com.ar\/?p=18199#primaryimage"},"image":{"@id":"https:\/\/fmpatagoniamadryn.com.ar\/?p=18199#primaryimage"},"thumbnailUrl":"https:\/\/fmpatagoniamadryn.com.ar\/wp-content\/uploads\/2025\/10\/img_5913.jpg","datePublished":"2025-10-06T15:25:49+00:00","breadcrumb":{"@id":"https:\/\/fmpatagoniamadryn.com.ar\/?p=18199#breadcrumb"},"inLanguage":"es","potentialAction":[{"@type":"ReadAction","target":["https:\/\/fmpatagoniamadryn.com.ar\/?p=18199"]}]},{"@type":"ImageObject","inLanguage":"es","@id":"https:\/\/fmpatagoniamadryn.com.ar\/?p=18199#primaryimage","url":"https:\/\/fmpatagoniamadryn.com.ar\/wp-content\/uploads\/2025\/10\/img_5913.jpg","contentUrl":"https:\/\/fmpatagoniamadryn.com.ar\/wp-content\/uploads\/2025\/10\/img_5913.jpg","width":1080,"height":1350},{"@type":"BreadcrumbList","@id":"https:\/\/fmpatagoniamadryn.com.ar\/?p=18199#breadcrumb","itemListElement":[{"@type":"ListItem","position":1,"name":"Portada","item":"https:\/\/fmpatagoniamadryn.com.ar\/"},{"@type":"ListItem","position":2,"name":"Madryn: A pedido de la fiscal\u00eda, revocan una condena en suspenso y ordenan prisi\u00f3n efectiva"}]},{"@type":"WebSite","@id":"https:\/\/fmpatagoniamadryn.com.ar\/#website","url":"https:\/\/fmpatagoniamadryn.com.ar\/","name":"FM Patagonia Madryn","description":"Radio Patagonia 105.5","publisher":{"@id":"https:\/\/fmpatagoniamadryn.com.ar\/#organization"},"potentialAction":[{"@type":"SearchAction","target":{"@type":"EntryPoint","urlTemplate":"https:\/\/fmpatagoniamadryn.com.ar\/?s={search_term_string}"},"query-input":{"@type":"PropertyValueSpecification","valueRequired":true,"valueName":"search_term_string"}}],"inLanguage":"es"},{"@type":"Organization","@id":"https:\/\/fmpatagoniamadryn.com.ar\/#organization","name":"FM Patagonia Madryn","url":"https:\/\/fmpatagoniamadryn.com.ar\/","logo":{"@type":"ImageObject","inLanguage":"es","@id":"https:\/\/fmpatagoniamadryn.com.ar\/#\/schema\/logo\/image\/","url":"https:\/\/fmpatagoniamadryn.com.ar\/wp-content\/uploads\/2023\/01\/cropped-Diseno-sin-titulo.png","contentUrl":"https:\/\/fmpatagoniamadryn.com.ar\/wp-content\/uploads\/2023\/01\/cropped-Diseno-sin-titulo.png","width":6911,"height":2657,"caption":"FM Patagonia Madryn"},"image":{"@id":"https:\/\/fmpatagoniamadryn.com.ar\/#\/schema\/logo\/image\/"}},{"@type":"Person","@id":"https:\/\/fmpatagoniamadryn.com.ar\/#\/schema\/person\/8a3de4ad7efceacab06c1641c50303b7","name":"FM Patagonia","url":"https:\/\/fmpatagoniamadryn.com.ar\/?author=2"}]}},"jetpack_featured_media_url":"https:\/\/fmpatagoniamadryn.com.ar\/wp-content\/uploads\/2025\/10\/img_5913.jpg","_links":{"self":[{"href":"https:\/\/fmpatagoniamadryn.com.ar\/index.php?rest_route=\/wp\/v2\/posts\/18199","targetHints":{"allow":["GET"]}}],"collection":[{"href":"https:\/\/fmpatagoniamadryn.com.ar\/index.php?rest_route=\/wp\/v2\/posts"}],"about":[{"href":"https:\/\/fmpatagoniamadryn.com.ar\/index.php?rest_route=\/wp\/v2\/types\/post"}],"author":[{"embeddable":true,"href":"https:\/\/fmpatagoniamadryn.com.ar\/index.php?rest_route=\/wp\/v2\/users\/2"}],"replies":[{"embeddable":true,"href":"https:\/\/fmpatagoniamadryn.com.ar\/index.php?rest_route=%2Fwp%2Fv2%2Fcomments&post=18199"}],"version-history":[{"count":1,"href":"https:\/\/fmpatagoniamadryn.com.ar\/index.php?rest_route=\/wp\/v2\/posts\/18199\/revisions"}],"predecessor-version":[{"id":18200,"href":"https:\/\/fmpatagoniamadryn.com.ar\/index.php?rest_route=\/wp\/v2\/posts\/18199\/revisions\/18200"}],"wp:featuredmedia":[{"embeddable":true,"href":"https:\/\/fmpatagoniamadryn.com.ar\/index.php?rest_route=\/wp\/v2\/media\/18198"}],"wp:attachment":[{"href":"https:\/\/fmpatagoniamadryn.com.ar\/index.php?rest_route=%2Fwp%2Fv2%2Fmedia&parent=18199"}],"wp:term":[{"taxonomy":"category","embeddable":true,"href":"https:\/\/fmpatagoniamadryn.com.ar\/index.php?rest_route=%2Fwp%2Fv2%2Fcategories&post=18199"},{"taxonomy":"post_tag","embeddable":true,"href":"https:\/\/fmpatagoniamadryn.com.ar\/index.php?rest_route=%2Fwp%2Fv2%2Ftags&post=18199"}],"curies":[{"name":"wp","href":"https:\/\/api.w.org\/{rel}","templated":true}]}}