{"id":18220,"date":"2025-10-08T22:44:13","date_gmt":"2025-10-09T01:44:13","guid":{"rendered":"https:\/\/fmpatagoniamadryn.com.ar\/?p=18220"},"modified":"2025-10-08T22:44:13","modified_gmt":"2025-10-09T01:44:13","slug":"la-expoedupesca-es-motivo-de-orgullo-para-la-educacion-municipal","status":"publish","type":"post","link":"https:\/\/fmpatagoniamadryn.com.ar\/?p=18220","title":{"rendered":"\u201cLA EXPOEDUPESCA ES MOTIVO DE ORGULLO PARA LA EDUCACI\u00d3N MUNICIPAL\u201d"},"content":{"rendered":"\n<p class=\"MsoNormal\"><\/p>\n\n\n\n<p class=\"MsoNormal\">&nbsp;<\/p>\n\n\n\n<p class=\"MsoNormal\"><em>As\u00ed se refiri\u00f3 el Intendente a la tradicional Exposici\u00f3n anual que se realiza en la Escuela Municipal de Pesca. \u201cInvitan a cursos de otros establecimientos y muestran los proyectos y el trabajo que realizan a diario en sus materias. La educaci\u00f3n municipal y estas actividades, son motivo de orgullo para la gesti\u00f3n\u201d, dijo Gustavo Sastre<\/em><\/p>\n\n\n\n<p class=\"MsoNormal\">&nbsp;<\/p>\n\n\n\n<p class=\"MsoNormal\">El Intendente Gustavo Sastre particip\u00f3 junto a parte de su equipo de la Expoedupesca 2025, que se realiza los d\u00edas 8 y 9 del corriente mes en instalaciones de la Escuela Municipal de Pesca de nuestra ciudad.<\/p>\n\n\n\n<p class=\"MsoNormal\">&nbsp;<\/p>\n\n\n\n<p class=\"MsoNormal\">Junto al Jefe Comunal estuvo el Subsecretario de Educaci\u00f3n, Pablo Sappa, y directivos y personal docente del establecimiento educativo, adem\u00e1s de la comunidad escolar que expuso sus trabajos en cada una de las materias.<\/p>\n\n\n\n<p class=\"MsoNormal\">&nbsp;<\/p>\n\n\n\n<p class=\"MsoNormal\">\u201cPara este equipo de trabajo la Educaci\u00f3n Municipal siempre es una prioridad, y actividades como la Expoedupesca son motivo de orgullo para todos nosotros. Lo que se busca es invitar a alumnos de otros establecimientos educativos, para que puedan ver la oferta educativa de esta Escuela de Pesca a trav\u00e9s de exposiciones de proyectos, pr\u00e1cticas y trabajos realizados por los estudiantes. El objetivo es el de fortalecer el v\u00ednculo entre escuela y comunidad, para as\u00ed poder orientar vocacionalmente a futuros estudiantes\u201d, admiti\u00f3 Gustavo Sastre.&nbsp;<\/p>\n\n\n\n<p class=\"MsoNormal\">&nbsp;<\/p>\n\n\n\n<p class=\"MsoNormal\">El Intendente recorri\u00f3 todas las instalaciones, ya que se montaron exposiciones de diversas tem\u00e1ticas en cada una de las aulas, y tambi\u00e9n en los distintos talleres que trabajan en forma cotidiana.<\/p>\n\n\n\n<p class=\"MsoNormal\">&nbsp;<\/p>\n\n\n\n<p class=\"MsoNormal\">Esta feria educativa que presenta la propuesta acad\u00e9mica de la Escuela Municipal de Pesca N\u00b0 2701 busca demostrar el recorrido formativo de los alumnos. Desde all\u00ed se puede fortalecer el v\u00ednculo entre la escuela y la comunidad, y tambi\u00e9n ofrecer a los futuros estudiantes un conocimiento cercano de la escuela y su ambiente.&nbsp;<\/p>\n\n\n\n<p class=\"MsoNormal\">&nbsp;<\/p>\n\n\n\n<p class=\"MsoNormal\">Para promocionar la formaci\u00f3n t\u00e9cnica vinculada al mar, los alumnos se encargan de realizar muestras de \u00e1reas t\u00e9cnicas, presentaciones de materias del ciclo b\u00e1sico y proyectos desarrollados por los propios estudiantes, permitiendo la interacci\u00f3n directa.&nbsp;<\/p>\n\n\n\n<p class=\"MsoNormal\">&nbsp;<\/p>\n\n\n\n<p class=\"MsoNormal\">Adem\u00e1s se realizan exhibiciones de los productos elaborados en los laboratorios de las tecnicaturas de alimentos y qu\u00edmica, con estudiantes de sexto a\u00f1o de distintas escuelas de la ciudad como invitados, adem\u00e1s de ser abierta tambi\u00e9n para los vecinos y vecinas.<\/p>\n\n\n\n<p class=\"MsoNormal\">&nbsp;<\/p>\n\n\n\n<p class=\"MsoNormal\">Esta Expoedupesca se ha transformado en una cita obligada en forma anual \u201cy tambi\u00e9n en motivo de orgullo para esta gesti\u00f3n, porque son proyectos que nacieron desde la Educaci\u00f3n Municipal que d\u00eda a d\u00eda sigue creciendo a paso firme en nuestra comunidad\u201d, cerr\u00f3 el Intendente Sastre.<\/p>\n","protected":false},"excerpt":{"rendered":"<p>&nbsp; As\u00ed se refiri\u00f3 el Intendente a la tradicional Exposici\u00f3n anual que se realiza en la Escuela Municipal de Pesca. \u201cInvitan a cursos de otros establecimientos y muestran los proyectos&hellip; <\/p>\n","protected":false},"author":2,"featured_media":18219,"comment_status":"closed","ping_status":"closed","sticky":false,"template":"","format":"standard","meta":{"footnotes":""},"categories":[15],"tags":[],"class_list":["post-18220","post","type-post","status-publish","format-standard","has-post-thumbnail","hentry","category-locales"],"yoast_head":"<!-- This site is optimized with the Yoast SEO plugin v27.4 - https:\/\/yoast.com\/product\/yoast-seo-wordpress\/ -->\n<title>\u201cLA EXPOEDUPESCA ES MOTIVO DE ORGULLO PARA LA EDUCACI\u00d3N MUNICIPAL\u201d - FM Patagonia Madryn<\/title>\n<meta name=\"robots\" content=\"index, follow, max-snippet:-1, max-image-preview:large, max-video-preview:-1\" \/>\n<link rel=\"canonical\" href=\"https:\/\/fmpatagoniamadryn.com.ar\/?p=18220\" \/>\n<meta property=\"og:locale\" content=\"es_ES\" \/>\n<meta property=\"og:type\" content=\"article\" \/>\n<meta property=\"og:title\" content=\"\u201cLA EXPOEDUPESCA ES MOTIVO DE ORGULLO PARA LA EDUCACI\u00d3N MUNICIPAL\u201d - FM Patagonia Madryn\" \/>\n<meta property=\"og:description\" content=\"&nbsp; As\u00ed se refiri\u00f3 el Intendente a la tradicional Exposici\u00f3n anual que se realiza en la Escuela Municipal de Pesca. \u201cInvitan a cursos de otros establecimientos y muestran los proyectos&hellip;\" \/>\n<meta property=\"og:url\" content=\"https:\/\/fmpatagoniamadryn.com.ar\/?p=18220\" \/>\n<meta property=\"og:site_name\" content=\"FM Patagonia Madryn\" \/>\n<meta property=\"article:published_time\" content=\"2025-10-09T01:44:13+00:00\" \/>\n<meta property=\"og:image\" content=\"https:\/\/fmpatagoniamadryn.com.ar\/wp-content\/uploads\/2025\/10\/img_6023.jpg\" \/>\n\t<meta property=\"og:image:width\" content=\"2000\" \/>\n\t<meta property=\"og:image:height\" content=\"1333\" \/>\n\t<meta property=\"og:image:type\" content=\"image\/jpeg\" \/>\n<meta name=\"author\" content=\"FM Patagonia\" \/>\n<meta name=\"twitter:card\" content=\"summary_large_image\" \/>\n<meta name=\"twitter:label1\" content=\"Escrito por\" \/>\n\t<meta name=\"twitter:data1\" content=\"FM Patagonia\" \/>\n\t<meta name=\"twitter:label2\" content=\"Tiempo de lectura\" \/>\n\t<meta name=\"twitter:data2\" content=\"2 minutos\" \/>\n<script type=\"application\/ld+json\" class=\"yoast-schema-graph\">{\"@context\":\"https:\\\/\\\/schema.org\",\"@graph\":[{\"@type\":\"Article\",\"@id\":\"https:\\\/\\\/fmpatagoniamadryn.com.ar\\\/?p=18220#article\",\"isPartOf\":{\"@id\":\"https:\\\/\\\/fmpatagoniamadryn.com.ar\\\/?p=18220\"},\"author\":{\"name\":\"FM Patagonia\",\"@id\":\"https:\\\/\\\/fmpatagoniamadryn.com.ar\\\/#\\\/schema\\\/person\\\/8a3de4ad7efceacab06c1641c50303b7\"},\"headline\":\"\u201cLA EXPOEDUPESCA ES MOTIVO DE ORGULLO PARA LA EDUCACI\u00d3N MUNICIPAL\u201d\",\"datePublished\":\"2025-10-09T01:44:13+00:00\",\"mainEntityOfPage\":{\"@id\":\"https:\\\/\\\/fmpatagoniamadryn.com.ar\\\/?p=18220\"},\"wordCount\":465,\"publisher\":{\"@id\":\"https:\\\/\\\/fmpatagoniamadryn.com.ar\\\/#organization\"},\"image\":{\"@id\":\"https:\\\/\\\/fmpatagoniamadryn.com.ar\\\/?p=18220#primaryimage\"},\"thumbnailUrl\":\"https:\\\/\\\/fmpatagoniamadryn.com.ar\\\/wp-content\\\/uploads\\\/2025\\\/10\\\/img_6023.jpg\",\"articleSection\":[\"Locales\"],\"inLanguage\":\"es\"},{\"@type\":\"WebPage\",\"@id\":\"https:\\\/\\\/fmpatagoniamadryn.com.ar\\\/?p=18220\",\"url\":\"https:\\\/\\\/fmpatagoniamadryn.com.ar\\\/?p=18220\",\"name\":\"\u201cLA EXPOEDUPESCA ES MOTIVO DE ORGULLO PARA LA EDUCACI\u00d3N MUNICIPAL\u201d - FM Patagonia Madryn\",\"isPartOf\":{\"@id\":\"https:\\\/\\\/fmpatagoniamadryn.com.ar\\\/#website\"},\"primaryImageOfPage\":{\"@id\":\"https:\\\/\\\/fmpatagoniamadryn.com.ar\\\/?p=18220#primaryimage\"},\"image\":{\"@id\":\"https:\\\/\\\/fmpatagoniamadryn.com.ar\\\/?p=18220#primaryimage\"},\"thumbnailUrl\":\"https:\\\/\\\/fmpatagoniamadryn.com.ar\\\/wp-content\\\/uploads\\\/2025\\\/10\\\/img_6023.jpg\",\"datePublished\":\"2025-10-09T01:44:13+00:00\",\"breadcrumb\":{\"@id\":\"https:\\\/\\\/fmpatagoniamadryn.com.ar\\\/?p=18220#breadcrumb\"},\"inLanguage\":\"es\",\"potentialAction\":[{\"@type\":\"ReadAction\",\"target\":[\"https:\\\/\\\/fmpatagoniamadryn.com.ar\\\/?p=18220\"]}]},{\"@type\":\"ImageObject\",\"inLanguage\":\"es\",\"@id\":\"https:\\\/\\\/fmpatagoniamadryn.com.ar\\\/?p=18220#primaryimage\",\"url\":\"https:\\\/\\\/fmpatagoniamadryn.com.ar\\\/wp-content\\\/uploads\\\/2025\\\/10\\\/img_6023.jpg\",\"contentUrl\":\"https:\\\/\\\/fmpatagoniamadryn.com.ar\\\/wp-content\\\/uploads\\\/2025\\\/10\\\/img_6023.jpg\",\"width\":2000,\"height\":1333},{\"@type\":\"BreadcrumbList\",\"@id\":\"https:\\\/\\\/fmpatagoniamadryn.com.ar\\\/?p=18220#breadcrumb\",\"itemListElement\":[{\"@type\":\"ListItem\",\"position\":1,\"name\":\"Portada\",\"item\":\"https:\\\/\\\/fmpatagoniamadryn.com.ar\\\/\"},{\"@type\":\"ListItem\",\"position\":2,\"name\":\"\u201cLA EXPOEDUPESCA ES MOTIVO DE ORGULLO PARA LA EDUCACI\u00d3N MUNICIPAL\u201d\"}]},{\"@type\":\"WebSite\",\"@id\":\"https:\\\/\\\/fmpatagoniamadryn.com.ar\\\/#website\",\"url\":\"https:\\\/\\\/fmpatagoniamadryn.com.ar\\\/\",\"name\":\"FM Patagonia Madryn\",\"description\":\"Radio Patagonia 105.5\",\"publisher\":{\"@id\":\"https:\\\/\\\/fmpatagoniamadryn.com.ar\\\/#organization\"},\"potentialAction\":[{\"@type\":\"SearchAction\",\"target\":{\"@type\":\"EntryPoint\",\"urlTemplate\":\"https:\\\/\\\/fmpatagoniamadryn.com.ar\\\/?s={search_term_string}\"},\"query-input\":{\"@type\":\"PropertyValueSpecification\",\"valueRequired\":true,\"valueName\":\"search_term_string\"}}],\"inLanguage\":\"es\"},{\"@type\":\"Organization\",\"@id\":\"https:\\\/\\\/fmpatagoniamadryn.com.ar\\\/#organization\",\"name\":\"FM Patagonia Madryn\",\"url\":\"https:\\\/\\\/fmpatagoniamadryn.com.ar\\\/\",\"logo\":{\"@type\":\"ImageObject\",\"inLanguage\":\"es\",\"@id\":\"https:\\\/\\\/fmpatagoniamadryn.com.ar\\\/#\\\/schema\\\/logo\\\/image\\\/\",\"url\":\"https:\\\/\\\/fmpatagoniamadryn.com.ar\\\/wp-content\\\/uploads\\\/2023\\\/01\\\/cropped-Diseno-sin-titulo.png\",\"contentUrl\":\"https:\\\/\\\/fmpatagoniamadryn.com.ar\\\/wp-content\\\/uploads\\\/2023\\\/01\\\/cropped-Diseno-sin-titulo.png\",\"width\":6911,\"height\":2657,\"caption\":\"FM Patagonia Madryn\"},\"image\":{\"@id\":\"https:\\\/\\\/fmpatagoniamadryn.com.ar\\\/#\\\/schema\\\/logo\\\/image\\\/\"}},{\"@type\":\"Person\",\"@id\":\"https:\\\/\\\/fmpatagoniamadryn.com.ar\\\/#\\\/schema\\\/person\\\/8a3de4ad7efceacab06c1641c50303b7\",\"name\":\"FM Patagonia\",\"url\":\"https:\\\/\\\/fmpatagoniamadryn.com.ar\\\/?author=2\"}]}<\/script>\n<!-- \/ Yoast SEO plugin. -->","yoast_head_json":{"title":"\u201cLA EXPOEDUPESCA ES MOTIVO DE ORGULLO PARA LA EDUCACI\u00d3N MUNICIPAL\u201d - FM Patagonia Madryn","robots":{"index":"index","follow":"follow","max-snippet":"max-snippet:-1","max-image-preview":"max-image-preview:large","max-video-preview":"max-video-preview:-1"},"canonical":"https:\/\/fmpatagoniamadryn.com.ar\/?p=18220","og_locale":"es_ES","og_type":"article","og_title":"\u201cLA EXPOEDUPESCA ES MOTIVO DE ORGULLO PARA LA EDUCACI\u00d3N MUNICIPAL\u201d - FM Patagonia Madryn","og_description":"&nbsp; As\u00ed se refiri\u00f3 el Intendente a la tradicional Exposici\u00f3n anual que se realiza en la Escuela Municipal de Pesca. \u201cInvitan a cursos de otros establecimientos y muestran los proyectos&hellip;","og_url":"https:\/\/fmpatagoniamadryn.com.ar\/?p=18220","og_site_name":"FM Patagonia Madryn","article_published_time":"2025-10-09T01:44:13+00:00","og_image":[{"width":2000,"height":1333,"url":"https:\/\/fmpatagoniamadryn.com.ar\/wp-content\/uploads\/2025\/10\/img_6023.jpg","type":"image\/jpeg"}],"author":"FM Patagonia","twitter_card":"summary_large_image","twitter_misc":{"Escrito por":"FM Patagonia","Tiempo de lectura":"2 minutos"},"schema":{"@context":"https:\/\/schema.org","@graph":[{"@type":"Article","@id":"https:\/\/fmpatagoniamadryn.com.ar\/?p=18220#article","isPartOf":{"@id":"https:\/\/fmpatagoniamadryn.com.ar\/?p=18220"},"author":{"name":"FM Patagonia","@id":"https:\/\/fmpatagoniamadryn.com.ar\/#\/schema\/person\/8a3de4ad7efceacab06c1641c50303b7"},"headline":"\u201cLA EXPOEDUPESCA ES MOTIVO DE ORGULLO PARA LA EDUCACI\u00d3N MUNICIPAL\u201d","datePublished":"2025-10-09T01:44:13+00:00","mainEntityOfPage":{"@id":"https:\/\/fmpatagoniamadryn.com.ar\/?p=18220"},"wordCount":465,"publisher":{"@id":"https:\/\/fmpatagoniamadryn.com.ar\/#organization"},"image":{"@id":"https:\/\/fmpatagoniamadryn.com.ar\/?p=18220#primaryimage"},"thumbnailUrl":"https:\/\/fmpatagoniamadryn.com.ar\/wp-content\/uploads\/2025\/10\/img_6023.jpg","articleSection":["Locales"],"inLanguage":"es"},{"@type":"WebPage","@id":"https:\/\/fmpatagoniamadryn.com.ar\/?p=18220","url":"https:\/\/fmpatagoniamadryn.com.ar\/?p=18220","name":"\u201cLA EXPOEDUPESCA ES MOTIVO DE ORGULLO PARA LA EDUCACI\u00d3N MUNICIPAL\u201d - FM Patagonia Madryn","isPartOf":{"@id":"https:\/\/fmpatagoniamadryn.com.ar\/#website"},"primaryImageOfPage":{"@id":"https:\/\/fmpatagoniamadryn.com.ar\/?p=18220#primaryimage"},"image":{"@id":"https:\/\/fmpatagoniamadryn.com.ar\/?p=18220#primaryimage"},"thumbnailUrl":"https:\/\/fmpatagoniamadryn.com.ar\/wp-content\/uploads\/2025\/10\/img_6023.jpg","datePublished":"2025-10-09T01:44:13+00:00","breadcrumb":{"@id":"https:\/\/fmpatagoniamadryn.com.ar\/?p=18220#breadcrumb"},"inLanguage":"es","potentialAction":[{"@type":"ReadAction","target":["https:\/\/fmpatagoniamadryn.com.ar\/?p=18220"]}]},{"@type":"ImageObject","inLanguage":"es","@id":"https:\/\/fmpatagoniamadryn.com.ar\/?p=18220#primaryimage","url":"https:\/\/fmpatagoniamadryn.com.ar\/wp-content\/uploads\/2025\/10\/img_6023.jpg","contentUrl":"https:\/\/fmpatagoniamadryn.com.ar\/wp-content\/uploads\/2025\/10\/img_6023.jpg","width":2000,"height":1333},{"@type":"BreadcrumbList","@id":"https:\/\/fmpatagoniamadryn.com.ar\/?p=18220#breadcrumb","itemListElement":[{"@type":"ListItem","position":1,"name":"Portada","item":"https:\/\/fmpatagoniamadryn.com.ar\/"},{"@type":"ListItem","position":2,"name":"\u201cLA EXPOEDUPESCA ES MOTIVO DE ORGULLO PARA LA EDUCACI\u00d3N MUNICIPAL\u201d"}]},{"@type":"WebSite","@id":"https:\/\/fmpatagoniamadryn.com.ar\/#website","url":"https:\/\/fmpatagoniamadryn.com.ar\/","name":"FM Patagonia Madryn","description":"Radio Patagonia 105.5","publisher":{"@id":"https:\/\/fmpatagoniamadryn.com.ar\/#organization"},"potentialAction":[{"@type":"SearchAction","target":{"@type":"EntryPoint","urlTemplate":"https:\/\/fmpatagoniamadryn.com.ar\/?s={search_term_string}"},"query-input":{"@type":"PropertyValueSpecification","valueRequired":true,"valueName":"search_term_string"}}],"inLanguage":"es"},{"@type":"Organization","@id":"https:\/\/fmpatagoniamadryn.com.ar\/#organization","name":"FM Patagonia Madryn","url":"https:\/\/fmpatagoniamadryn.com.ar\/","logo":{"@type":"ImageObject","inLanguage":"es","@id":"https:\/\/fmpatagoniamadryn.com.ar\/#\/schema\/logo\/image\/","url":"https:\/\/fmpatagoniamadryn.com.ar\/wp-content\/uploads\/2023\/01\/cropped-Diseno-sin-titulo.png","contentUrl":"https:\/\/fmpatagoniamadryn.com.ar\/wp-content\/uploads\/2023\/01\/cropped-Diseno-sin-titulo.png","width":6911,"height":2657,"caption":"FM Patagonia Madryn"},"image":{"@id":"https:\/\/fmpatagoniamadryn.com.ar\/#\/schema\/logo\/image\/"}},{"@type":"Person","@id":"https:\/\/fmpatagoniamadryn.com.ar\/#\/schema\/person\/8a3de4ad7efceacab06c1641c50303b7","name":"FM Patagonia","url":"https:\/\/fmpatagoniamadryn.com.ar\/?author=2"}]}},"jetpack_featured_media_url":"https:\/\/fmpatagoniamadryn.com.ar\/wp-content\/uploads\/2025\/10\/img_6023.jpg","_links":{"self":[{"href":"https:\/\/fmpatagoniamadryn.com.ar\/index.php?rest_route=\/wp\/v2\/posts\/18220","targetHints":{"allow":["GET"]}}],"collection":[{"href":"https:\/\/fmpatagoniamadryn.com.ar\/index.php?rest_route=\/wp\/v2\/posts"}],"about":[{"href":"https:\/\/fmpatagoniamadryn.com.ar\/index.php?rest_route=\/wp\/v2\/types\/post"}],"author":[{"embeddable":true,"href":"https:\/\/fmpatagoniamadryn.com.ar\/index.php?rest_route=\/wp\/v2\/users\/2"}],"replies":[{"embeddable":true,"href":"https:\/\/fmpatagoniamadryn.com.ar\/index.php?rest_route=%2Fwp%2Fv2%2Fcomments&post=18220"}],"version-history":[{"count":1,"href":"https:\/\/fmpatagoniamadryn.com.ar\/index.php?rest_route=\/wp\/v2\/posts\/18220\/revisions"}],"predecessor-version":[{"id":18221,"href":"https:\/\/fmpatagoniamadryn.com.ar\/index.php?rest_route=\/wp\/v2\/posts\/18220\/revisions\/18221"}],"wp:featuredmedia":[{"embeddable":true,"href":"https:\/\/fmpatagoniamadryn.com.ar\/index.php?rest_route=\/wp\/v2\/media\/18219"}],"wp:attachment":[{"href":"https:\/\/fmpatagoniamadryn.com.ar\/index.php?rest_route=%2Fwp%2Fv2%2Fmedia&parent=18220"}],"wp:term":[{"taxonomy":"category","embeddable":true,"href":"https:\/\/fmpatagoniamadryn.com.ar\/index.php?rest_route=%2Fwp%2Fv2%2Fcategories&post=18220"},{"taxonomy":"post_tag","embeddable":true,"href":"https:\/\/fmpatagoniamadryn.com.ar\/index.php?rest_route=%2Fwp%2Fv2%2Ftags&post=18220"}],"curies":[{"name":"wp","href":"https:\/\/api.w.org\/{rel}","templated":true}]}}