{"id":18230,"date":"2025-10-11T08:38:37","date_gmt":"2025-10-11T11:38:37","guid":{"rendered":"https:\/\/fmpatagoniamadryn.com.ar\/?p=18230"},"modified":"2025-10-11T08:38:37","modified_gmt":"2025-10-11T11:38:37","slug":"sastre-hemos-fortalecido-el-ecosistema-emprendedor-de-nuestra-ciudad","status":"publish","type":"post","link":"https:\/\/fmpatagoniamadryn.com.ar\/?p=18230","title":{"rendered":"SASTRE: \u201cHEMOS FORTALECIDO EL ECOSISTEMA EMPRENDEDOR DE NUESTRA CIUDAD\u201d"},"content":{"rendered":"\n<p><\/p>\n\n\n\n<p><em>Desde el \u00e1rea de Producci\u00f3n, Innovaci\u00f3n y Empleo municipal, se contin\u00faan fortaleciendo los v\u00ednculos con los emprendedores. \u201cNuestro desaf\u00edo es seguir generando oportunidades para que m\u00e1s madrynenses puedan desarrollarse, generar empleo y vivir de lo que producen\u201d, dijo Sastre<\/em><\/p>\n\n\n\n<p>El intendente Gustavo Sastre ven\u00eda de participar en un encuentro con emprendedores locales premiados con sellos de distinci\u00f3n a nivel nacional.<\/p>\n\n\n\n<p>Sobre esto se\u00f1al\u00f3 que \u201cen la reuni\u00f3n con los proyectos de ERISEA, Bolsa RED y RHEA SUP, pudimos hablar con quienes encabezan cada emprendimiento, pero detr\u00e1s de ellos en la ciudad hay cientos y cientos m\u00e1s, que se encuentran en etapa de iniciaci\u00f3n, otros consolid\u00e1ndose de a poco, y muchos de ellos ya asentados, con sus primeras ventas realizadas hace ya tiempo\u201d, dice el Intendente.<\/p>\n\n\n\n<p>En este sentido, agreg\u00f3 que \u201cdesde la Secretar\u00eda de Producci\u00f3n, Innovaci\u00f3n y Empleo de la Municipalidad, encabezada por Enrique Calvo, se presentaron ya los resultados del Registro de Emprendedores Locales (REL), que reflejan un ecosistema diverso, en expansi\u00f3n y con gran potencial de crecimiento\u201d, destaca el Jefe Comunal.<\/p>\n\n\n\n<p>Tambi\u00e9n explic\u00f3 que \u201cel compromiso de nuestra gesti\u00f3n es acompa\u00f1ar, impulsar y dar herramientas concretas a quienes eligen emprender en Puerto Madryn.<\/p>\n\n\n\n<p>Sabemos que detr\u00e1s de cada proyecto hay esfuerzo, creatividad y una historia que representa el crecimiento del sector productivo local. Nuestro desaf\u00edo es seguir generando oportunidades para que m\u00e1s madrynenses puedan desarrollarse, generar empleo y vivir de lo que producen\u201d.<\/p>\n\n\n\n<p>LOS N\u00daMEROS&nbsp;<\/p>\n\n\n\n<p>Durante el per\u00edodo se\u00f1alado en el informe, que es entre 2024 y 2025, se sumaron 134 emprendedores a las inscripciones en la base de datos oficial, aportando informaci\u00f3n valiosa que permite conocer, promover y fortalecer la oferta de productos y servicios locales que caracterizan a la ciudad.<\/p>\n\n\n\n<p>El informe destaca que el 81% de los emprendimientos est\u00e1n liderados por mujeres, con una edad promedio de 42 a\u00f1os, y una fuerte presencia de proyectos unipersonales y familiares.<\/p>\n\n\n\n<p>La mayor\u00eda inici\u00f3 su actividad durante la pandemia, en 2020, y los rubros m\u00e1s representativos son textil, alimentos y productos de dise\u00f1o con identidad propia.&nbsp;<\/p>\n\n\n\n<p>M\u00e1s de la mitad de los emprendedores (51%) tiene en su proyecto su principal fuente de ingresos, y el 38% genera empleo directo, lo que demuestra el impacto social y econ\u00f3mico de este sector en la comunidad. Adem\u00e1s, el 90% cuenta con carnet de manipulaci\u00f3n de alimentos.<\/p>\n\n\n\n<p>FORTALECIMIENTO<\/p>\n\n\n\n<p>Durante el 2024\/2025 se desarrollaron capacitaciones y actividades formativas orientadas a fortalecer las capacidades emprendedoras, principalmente en marketing digital, comercializaci\u00f3n y educaci\u00f3n financiera.<\/p>\n\n\n\n<p>Las m\u00e1s destacadas ya fueron dictadas con gran participaci\u00f3n, y se continuar\u00e1 trabajando en esta l\u00ednea en pos del fortalecimiento del rubro emprendedor en base a los resultados que vamos obteniendo de la base de datos, ya que es una herramienta fundamental para acompa\u00f1arlos, impulsarlos y visibilizarlos.<\/p>\n\n\n\n<p>El Registro de Emprendedores Locales contin\u00faa abierto. Desde la Secretar\u00eda se invita a todos los emprendedores a inscribirse para ser parte de la base de datos oficial, acceder a asesoramiento personalizado, acompa\u00f1amiento en procesos de habilitaci\u00f3n, capacitaci\u00f3n y promoci\u00f3n, y participar en ferias y eventos que buscan visibilizar y potenciar el talento local.<\/p>\n\n\n\n<p>\u201cSABOR A MADRYN\u201d<\/p>\n\n\n\n<p>En esta misma l\u00ednea se promueve la actividad comercial de los emprendimientos locales a trav\u00e9s de la feria \u201cCon sabor a Madryn\u201d, un espacio de exposici\u00f3n y ventas que funciona hace varios a\u00f1os en el Parador Municipal N\u00b09, integrando los recorridos habituales de residentes y turistas.<\/p>\n\n\n\n<p>Actualmente, la feria tambi\u00e9n opera como una incubadora de proyectos, brindando apoyo, orientaci\u00f3n y formaci\u00f3n para promover el crecimiento y mejorar las ventas de los productores locales. Para quienes est\u00e1n dando sus primeros pasos, contar con un espacio como este es fundamental: permite establecer contacto directo con sus clientes, vincularse con otros emprendimientos, reforzar la visibilidad en redes sociales y consolidar su identidad comercial.<\/p>\n\n\n\n<p>El objetivo central es que cada persona que emprende, con todos los desaf\u00edos que eso implica, cuente con el respaldo del Estado municipal, que acompa\u00f1a desde los primeros pasos con asesoramiento, formaci\u00f3n y herramientas que le permitan consolidar, crecer y escalar hacia un comercio habilitado.<\/p>\n\n\n\n<p>\u201cComo gesti\u00f3n reafirmamos nuestro compromiso con el desarrollo productivo local, acompa\u00f1ando, potenciando y visibilizando el trabajo emprendedor, verdadero motor del crecimiento econ\u00f3mico y social de nuestra ciudad\u201d, cerr\u00f3 Sastre.<\/p>\n","protected":false},"excerpt":{"rendered":"<p>Desde el \u00e1rea de Producci\u00f3n, Innovaci\u00f3n y Empleo municipal, se contin\u00faan fortaleciendo los v\u00ednculos con los emprendedores. \u201cNuestro desaf\u00edo es seguir generando oportunidades para que m\u00e1s madrynenses puedan desarrollarse, generar&hellip; <\/p>\n","protected":false},"author":2,"featured_media":18229,"comment_status":"closed","ping_status":"closed","sticky":false,"template":"","format":"standard","meta":{"footnotes":""},"categories":[15],"tags":[],"class_list":["post-18230","post","type-post","status-publish","format-standard","has-post-thumbnail","hentry","category-locales"],"yoast_head":"<!-- This site is optimized with the Yoast SEO plugin v27.4 - https:\/\/yoast.com\/product\/yoast-seo-wordpress\/ -->\n<title>SASTRE: \u201cHEMOS FORTALECIDO EL ECOSISTEMA EMPRENDEDOR DE NUESTRA CIUDAD\u201d - FM Patagonia Madryn<\/title>\n<meta name=\"robots\" content=\"index, follow, max-snippet:-1, max-image-preview:large, max-video-preview:-1\" \/>\n<link rel=\"canonical\" href=\"https:\/\/fmpatagoniamadryn.com.ar\/?p=18230\" \/>\n<meta property=\"og:locale\" content=\"es_ES\" \/>\n<meta property=\"og:type\" content=\"article\" \/>\n<meta property=\"og:title\" content=\"SASTRE: \u201cHEMOS FORTALECIDO EL ECOSISTEMA EMPRENDEDOR DE NUESTRA CIUDAD\u201d - FM Patagonia Madryn\" \/>\n<meta property=\"og:description\" content=\"Desde el \u00e1rea de Producci\u00f3n, Innovaci\u00f3n y Empleo municipal, se contin\u00faan fortaleciendo los v\u00ednculos con los emprendedores. \u201cNuestro desaf\u00edo es seguir generando oportunidades para que m\u00e1s madrynenses puedan desarrollarse, generar&hellip;\" \/>\n<meta property=\"og:url\" content=\"https:\/\/fmpatagoniamadryn.com.ar\/?p=18230\" \/>\n<meta property=\"og:site_name\" content=\"FM Patagonia Madryn\" \/>\n<meta property=\"article:published_time\" content=\"2025-10-11T11:38:37+00:00\" \/>\n<meta property=\"og:image\" content=\"https:\/\/fmpatagoniamadryn.com.ar\/wp-content\/uploads\/2025\/10\/img_6090.jpg\" \/>\n\t<meta property=\"og:image:width\" content=\"723\" \/>\n\t<meta property=\"og:image:height\" content=\"405\" \/>\n\t<meta property=\"og:image:type\" content=\"image\/jpeg\" \/>\n<meta name=\"author\" content=\"FM Patagonia\" \/>\n<meta name=\"twitter:card\" content=\"summary_large_image\" \/>\n<meta name=\"twitter:label1\" content=\"Escrito por\" \/>\n\t<meta name=\"twitter:data1\" content=\"FM Patagonia\" \/>\n\t<meta name=\"twitter:label2\" content=\"Tiempo de lectura\" \/>\n\t<meta name=\"twitter:data2\" content=\"4 minutos\" \/>\n<script type=\"application\/ld+json\" class=\"yoast-schema-graph\">{\"@context\":\"https:\\\/\\\/schema.org\",\"@graph\":[{\"@type\":\"Article\",\"@id\":\"https:\\\/\\\/fmpatagoniamadryn.com.ar\\\/?p=18230#article\",\"isPartOf\":{\"@id\":\"https:\\\/\\\/fmpatagoniamadryn.com.ar\\\/?p=18230\"},\"author\":{\"name\":\"FM Patagonia\",\"@id\":\"https:\\\/\\\/fmpatagoniamadryn.com.ar\\\/#\\\/schema\\\/person\\\/8a3de4ad7efceacab06c1641c50303b7\"},\"headline\":\"SASTRE: \u201cHEMOS FORTALECIDO EL ECOSISTEMA EMPRENDEDOR DE NUESTRA CIUDAD\u201d\",\"datePublished\":\"2025-10-11T11:38:37+00:00\",\"mainEntityOfPage\":{\"@id\":\"https:\\\/\\\/fmpatagoniamadryn.com.ar\\\/?p=18230\"},\"wordCount\":760,\"publisher\":{\"@id\":\"https:\\\/\\\/fmpatagoniamadryn.com.ar\\\/#organization\"},\"image\":{\"@id\":\"https:\\\/\\\/fmpatagoniamadryn.com.ar\\\/?p=18230#primaryimage\"},\"thumbnailUrl\":\"https:\\\/\\\/fmpatagoniamadryn.com.ar\\\/wp-content\\\/uploads\\\/2025\\\/10\\\/img_6090.jpg\",\"articleSection\":[\"Locales\"],\"inLanguage\":\"es\"},{\"@type\":\"WebPage\",\"@id\":\"https:\\\/\\\/fmpatagoniamadryn.com.ar\\\/?p=18230\",\"url\":\"https:\\\/\\\/fmpatagoniamadryn.com.ar\\\/?p=18230\",\"name\":\"SASTRE: \u201cHEMOS FORTALECIDO EL ECOSISTEMA EMPRENDEDOR DE NUESTRA CIUDAD\u201d - FM Patagonia Madryn\",\"isPartOf\":{\"@id\":\"https:\\\/\\\/fmpatagoniamadryn.com.ar\\\/#website\"},\"primaryImageOfPage\":{\"@id\":\"https:\\\/\\\/fmpatagoniamadryn.com.ar\\\/?p=18230#primaryimage\"},\"image\":{\"@id\":\"https:\\\/\\\/fmpatagoniamadryn.com.ar\\\/?p=18230#primaryimage\"},\"thumbnailUrl\":\"https:\\\/\\\/fmpatagoniamadryn.com.ar\\\/wp-content\\\/uploads\\\/2025\\\/10\\\/img_6090.jpg\",\"datePublished\":\"2025-10-11T11:38:37+00:00\",\"breadcrumb\":{\"@id\":\"https:\\\/\\\/fmpatagoniamadryn.com.ar\\\/?p=18230#breadcrumb\"},\"inLanguage\":\"es\",\"potentialAction\":[{\"@type\":\"ReadAction\",\"target\":[\"https:\\\/\\\/fmpatagoniamadryn.com.ar\\\/?p=18230\"]}]},{\"@type\":\"ImageObject\",\"inLanguage\":\"es\",\"@id\":\"https:\\\/\\\/fmpatagoniamadryn.com.ar\\\/?p=18230#primaryimage\",\"url\":\"https:\\\/\\\/fmpatagoniamadryn.com.ar\\\/wp-content\\\/uploads\\\/2025\\\/10\\\/img_6090.jpg\",\"contentUrl\":\"https:\\\/\\\/fmpatagoniamadryn.com.ar\\\/wp-content\\\/uploads\\\/2025\\\/10\\\/img_6090.jpg\",\"width\":723,\"height\":405},{\"@type\":\"BreadcrumbList\",\"@id\":\"https:\\\/\\\/fmpatagoniamadryn.com.ar\\\/?p=18230#breadcrumb\",\"itemListElement\":[{\"@type\":\"ListItem\",\"position\":1,\"name\":\"Portada\",\"item\":\"https:\\\/\\\/fmpatagoniamadryn.com.ar\\\/\"},{\"@type\":\"ListItem\",\"position\":2,\"name\":\"SASTRE: \u201cHEMOS FORTALECIDO EL ECOSISTEMA EMPRENDEDOR DE NUESTRA CIUDAD\u201d\"}]},{\"@type\":\"WebSite\",\"@id\":\"https:\\\/\\\/fmpatagoniamadryn.com.ar\\\/#website\",\"url\":\"https:\\\/\\\/fmpatagoniamadryn.com.ar\\\/\",\"name\":\"FM Patagonia Madryn\",\"description\":\"Radio Patagonia 105.5\",\"publisher\":{\"@id\":\"https:\\\/\\\/fmpatagoniamadryn.com.ar\\\/#organization\"},\"potentialAction\":[{\"@type\":\"SearchAction\",\"target\":{\"@type\":\"EntryPoint\",\"urlTemplate\":\"https:\\\/\\\/fmpatagoniamadryn.com.ar\\\/?s={search_term_string}\"},\"query-input\":{\"@type\":\"PropertyValueSpecification\",\"valueRequired\":true,\"valueName\":\"search_term_string\"}}],\"inLanguage\":\"es\"},{\"@type\":\"Organization\",\"@id\":\"https:\\\/\\\/fmpatagoniamadryn.com.ar\\\/#organization\",\"name\":\"FM Patagonia Madryn\",\"url\":\"https:\\\/\\\/fmpatagoniamadryn.com.ar\\\/\",\"logo\":{\"@type\":\"ImageObject\",\"inLanguage\":\"es\",\"@id\":\"https:\\\/\\\/fmpatagoniamadryn.com.ar\\\/#\\\/schema\\\/logo\\\/image\\\/\",\"url\":\"https:\\\/\\\/fmpatagoniamadryn.com.ar\\\/wp-content\\\/uploads\\\/2023\\\/01\\\/cropped-Diseno-sin-titulo.png\",\"contentUrl\":\"https:\\\/\\\/fmpatagoniamadryn.com.ar\\\/wp-content\\\/uploads\\\/2023\\\/01\\\/cropped-Diseno-sin-titulo.png\",\"width\":6911,\"height\":2657,\"caption\":\"FM Patagonia Madryn\"},\"image\":{\"@id\":\"https:\\\/\\\/fmpatagoniamadryn.com.ar\\\/#\\\/schema\\\/logo\\\/image\\\/\"}},{\"@type\":\"Person\",\"@id\":\"https:\\\/\\\/fmpatagoniamadryn.com.ar\\\/#\\\/schema\\\/person\\\/8a3de4ad7efceacab06c1641c50303b7\",\"name\":\"FM Patagonia\",\"url\":\"https:\\\/\\\/fmpatagoniamadryn.com.ar\\\/?author=2\"}]}<\/script>\n<!-- \/ Yoast SEO plugin. -->","yoast_head_json":{"title":"SASTRE: \u201cHEMOS FORTALECIDO EL ECOSISTEMA EMPRENDEDOR DE NUESTRA CIUDAD\u201d - FM Patagonia Madryn","robots":{"index":"index","follow":"follow","max-snippet":"max-snippet:-1","max-image-preview":"max-image-preview:large","max-video-preview":"max-video-preview:-1"},"canonical":"https:\/\/fmpatagoniamadryn.com.ar\/?p=18230","og_locale":"es_ES","og_type":"article","og_title":"SASTRE: \u201cHEMOS FORTALECIDO EL ECOSISTEMA EMPRENDEDOR DE NUESTRA CIUDAD\u201d - FM Patagonia Madryn","og_description":"Desde el \u00e1rea de Producci\u00f3n, Innovaci\u00f3n y Empleo municipal, se contin\u00faan fortaleciendo los v\u00ednculos con los emprendedores. \u201cNuestro desaf\u00edo es seguir generando oportunidades para que m\u00e1s madrynenses puedan desarrollarse, generar&hellip;","og_url":"https:\/\/fmpatagoniamadryn.com.ar\/?p=18230","og_site_name":"FM Patagonia Madryn","article_published_time":"2025-10-11T11:38:37+00:00","og_image":[{"width":723,"height":405,"url":"https:\/\/fmpatagoniamadryn.com.ar\/wp-content\/uploads\/2025\/10\/img_6090.jpg","type":"image\/jpeg"}],"author":"FM Patagonia","twitter_card":"summary_large_image","twitter_misc":{"Escrito por":"FM Patagonia","Tiempo de lectura":"4 minutos"},"schema":{"@context":"https:\/\/schema.org","@graph":[{"@type":"Article","@id":"https:\/\/fmpatagoniamadryn.com.ar\/?p=18230#article","isPartOf":{"@id":"https:\/\/fmpatagoniamadryn.com.ar\/?p=18230"},"author":{"name":"FM Patagonia","@id":"https:\/\/fmpatagoniamadryn.com.ar\/#\/schema\/person\/8a3de4ad7efceacab06c1641c50303b7"},"headline":"SASTRE: \u201cHEMOS FORTALECIDO EL ECOSISTEMA EMPRENDEDOR DE NUESTRA CIUDAD\u201d","datePublished":"2025-10-11T11:38:37+00:00","mainEntityOfPage":{"@id":"https:\/\/fmpatagoniamadryn.com.ar\/?p=18230"},"wordCount":760,"publisher":{"@id":"https:\/\/fmpatagoniamadryn.com.ar\/#organization"},"image":{"@id":"https:\/\/fmpatagoniamadryn.com.ar\/?p=18230#primaryimage"},"thumbnailUrl":"https:\/\/fmpatagoniamadryn.com.ar\/wp-content\/uploads\/2025\/10\/img_6090.jpg","articleSection":["Locales"],"inLanguage":"es"},{"@type":"WebPage","@id":"https:\/\/fmpatagoniamadryn.com.ar\/?p=18230","url":"https:\/\/fmpatagoniamadryn.com.ar\/?p=18230","name":"SASTRE: \u201cHEMOS FORTALECIDO EL ECOSISTEMA EMPRENDEDOR DE NUESTRA CIUDAD\u201d - FM Patagonia Madryn","isPartOf":{"@id":"https:\/\/fmpatagoniamadryn.com.ar\/#website"},"primaryImageOfPage":{"@id":"https:\/\/fmpatagoniamadryn.com.ar\/?p=18230#primaryimage"},"image":{"@id":"https:\/\/fmpatagoniamadryn.com.ar\/?p=18230#primaryimage"},"thumbnailUrl":"https:\/\/fmpatagoniamadryn.com.ar\/wp-content\/uploads\/2025\/10\/img_6090.jpg","datePublished":"2025-10-11T11:38:37+00:00","breadcrumb":{"@id":"https:\/\/fmpatagoniamadryn.com.ar\/?p=18230#breadcrumb"},"inLanguage":"es","potentialAction":[{"@type":"ReadAction","target":["https:\/\/fmpatagoniamadryn.com.ar\/?p=18230"]}]},{"@type":"ImageObject","inLanguage":"es","@id":"https:\/\/fmpatagoniamadryn.com.ar\/?p=18230#primaryimage","url":"https:\/\/fmpatagoniamadryn.com.ar\/wp-content\/uploads\/2025\/10\/img_6090.jpg","contentUrl":"https:\/\/fmpatagoniamadryn.com.ar\/wp-content\/uploads\/2025\/10\/img_6090.jpg","width":723,"height":405},{"@type":"BreadcrumbList","@id":"https:\/\/fmpatagoniamadryn.com.ar\/?p=18230#breadcrumb","itemListElement":[{"@type":"ListItem","position":1,"name":"Portada","item":"https:\/\/fmpatagoniamadryn.com.ar\/"},{"@type":"ListItem","position":2,"name":"SASTRE: \u201cHEMOS FORTALECIDO EL ECOSISTEMA EMPRENDEDOR DE NUESTRA CIUDAD\u201d"}]},{"@type":"WebSite","@id":"https:\/\/fmpatagoniamadryn.com.ar\/#website","url":"https:\/\/fmpatagoniamadryn.com.ar\/","name":"FM Patagonia Madryn","description":"Radio Patagonia 105.5","publisher":{"@id":"https:\/\/fmpatagoniamadryn.com.ar\/#organization"},"potentialAction":[{"@type":"SearchAction","target":{"@type":"EntryPoint","urlTemplate":"https:\/\/fmpatagoniamadryn.com.ar\/?s={search_term_string}"},"query-input":{"@type":"PropertyValueSpecification","valueRequired":true,"valueName":"search_term_string"}}],"inLanguage":"es"},{"@type":"Organization","@id":"https:\/\/fmpatagoniamadryn.com.ar\/#organization","name":"FM Patagonia Madryn","url":"https:\/\/fmpatagoniamadryn.com.ar\/","logo":{"@type":"ImageObject","inLanguage":"es","@id":"https:\/\/fmpatagoniamadryn.com.ar\/#\/schema\/logo\/image\/","url":"https:\/\/fmpatagoniamadryn.com.ar\/wp-content\/uploads\/2023\/01\/cropped-Diseno-sin-titulo.png","contentUrl":"https:\/\/fmpatagoniamadryn.com.ar\/wp-content\/uploads\/2023\/01\/cropped-Diseno-sin-titulo.png","width":6911,"height":2657,"caption":"FM Patagonia Madryn"},"image":{"@id":"https:\/\/fmpatagoniamadryn.com.ar\/#\/schema\/logo\/image\/"}},{"@type":"Person","@id":"https:\/\/fmpatagoniamadryn.com.ar\/#\/schema\/person\/8a3de4ad7efceacab06c1641c50303b7","name":"FM Patagonia","url":"https:\/\/fmpatagoniamadryn.com.ar\/?author=2"}]}},"jetpack_featured_media_url":"https:\/\/fmpatagoniamadryn.com.ar\/wp-content\/uploads\/2025\/10\/img_6090.jpg","_links":{"self":[{"href":"https:\/\/fmpatagoniamadryn.com.ar\/index.php?rest_route=\/wp\/v2\/posts\/18230","targetHints":{"allow":["GET"]}}],"collection":[{"href":"https:\/\/fmpatagoniamadryn.com.ar\/index.php?rest_route=\/wp\/v2\/posts"}],"about":[{"href":"https:\/\/fmpatagoniamadryn.com.ar\/index.php?rest_route=\/wp\/v2\/types\/post"}],"author":[{"embeddable":true,"href":"https:\/\/fmpatagoniamadryn.com.ar\/index.php?rest_route=\/wp\/v2\/users\/2"}],"replies":[{"embeddable":true,"href":"https:\/\/fmpatagoniamadryn.com.ar\/index.php?rest_route=%2Fwp%2Fv2%2Fcomments&post=18230"}],"version-history":[{"count":1,"href":"https:\/\/fmpatagoniamadryn.com.ar\/index.php?rest_route=\/wp\/v2\/posts\/18230\/revisions"}],"predecessor-version":[{"id":18231,"href":"https:\/\/fmpatagoniamadryn.com.ar\/index.php?rest_route=\/wp\/v2\/posts\/18230\/revisions\/18231"}],"wp:featuredmedia":[{"embeddable":true,"href":"https:\/\/fmpatagoniamadryn.com.ar\/index.php?rest_route=\/wp\/v2\/media\/18229"}],"wp:attachment":[{"href":"https:\/\/fmpatagoniamadryn.com.ar\/index.php?rest_route=%2Fwp%2Fv2%2Fmedia&parent=18230"}],"wp:term":[{"taxonomy":"category","embeddable":true,"href":"https:\/\/fmpatagoniamadryn.com.ar\/index.php?rest_route=%2Fwp%2Fv2%2Fcategories&post=18230"},{"taxonomy":"post_tag","embeddable":true,"href":"https:\/\/fmpatagoniamadryn.com.ar\/index.php?rest_route=%2Fwp%2Fv2%2Ftags&post=18230"}],"curies":[{"name":"wp","href":"https:\/\/api.w.org\/{rel}","templated":true}]}}