{"id":18233,"date":"2025-10-12T10:19:12","date_gmt":"2025-10-12T13:19:12","guid":{"rendered":"https:\/\/fmpatagoniamadryn.com.ar\/?p=18233"},"modified":"2025-10-12T10:19:12","modified_gmt":"2025-10-12T13:19:12","slug":"sastre-con-emprendedores-locales-reconocidos-a-nivel-nacional","status":"publish","type":"post","link":"https:\/\/fmpatagoniamadryn.com.ar\/?p=18233","title":{"rendered":"SASTRE CON EMPRENDEDORES LOCALES RECONOCIDOS A NIVEL NACIONAL"},"content":{"rendered":"\n<p><\/p>\n\n\n\n<p><em>Junto al equipo del \u00e1rea de Producci\u00f3n, recibi\u00f3 a vecinos y vecinas de la ciudad destacados por sus distintos productos en el concurso \u201cEmprendimiento Argentino\u201d 2025, desarrollado por Naci\u00f3n. \u201cEl acompa\u00f1amiento del Municipio es clave en estos emprendimientos locales que atraviesan fronteras provinciales y nacionales\u201d, dijo Sastre<\/em><\/p>\n\n\n\n<p>El Intendente recibi\u00f3 junto al equipo de Producci\u00f3n a emprendedores de la ciudad que participaron a fines de septiembre del concurso \u201cEmprendimiento Argentino\u201d, un encuentro que congreg\u00f3 a 46 emprendimientos destacados de todo el pa\u00eds, previamente seleccionados en instancias provinciales.<\/p>\n\n\n\n<p>La iniciativa reconoce y visibiliza a las propuestas m\u00e1s innovadoras y con mayor potencial de crecimiento dentro del ecosistema emprendedor.<\/p>\n\n\n\n<p>Junto a Sastre estuvieron la doctora Tamara Rubilar, de ERISEA, Gabriela Pastore y Luis Niemetschek, de la firma RHEA SUP, y Luciana Varela, de Bolsa RED.<\/p>\n\n\n\n<p>En total, se presentaron 801 emprendimientos de todo el pa\u00eds y los finalistas se dividieron en dos categor\u00edas. La de \u2018Despegue Emprendedor\u2019, destinada a iniciativas en etapa inicial que hayan validado su propuesta de valor y concretado su primera venta en los \u00faltimos dos a\u00f1os, en la categor\u00eda \u2018Crecimiento y Expansi\u00f3n\u2019, enfocada en emprendimientos con trayectoria consolidada y ventas demostrables, cuya primera venta haya ocurrido hace m\u00e1s de dos a\u00f1os.<\/p>\n\n\n\n<p>Para el Intendente, estos son \u201cemprendimientos que deben llenarnos de orgullo madrynense. Se trata de vecinos que han nacido o que est\u00e1n hace much\u00edsimos a\u00f1os radicados en nuestra ciudad, y que han logrado atravesar l\u00edmites con esos proyectos que alguna vez fueron un sue\u00f1o. Es impresionante ver la calidad de los productos, y la cantidad de menciones que tienen a nivel pa\u00eds. Realmente es una felicidad enorme, adem\u00e1s porque los hemos acompa\u00f1ado en ese proceso, y lo sentimos tan nuestro como lo sienten ellos\u201d, explic\u00f3 Sastre.<\/p>\n\n\n\n<p>ERISEA<\/p>\n\n\n\n<p>La ganadora en la categor\u00eda Crecimiento y Expansi\u00f3n fue ERISEA, fundada por la Dra. Tamara Rubilar, como la primera empresa en desarrollar suplementos dietarios para la salud humana a partir de espinocromas extra\u00eddos de huevas de erizos de mar.<\/p>\n\n\n\n<p>Hay que destacar que los ganadores recibieron un premio especial de la Fundaci\u00f3n Banco Naci\u00f3n, adem\u00e1s de becas, mentor\u00edas y membres\u00edas gratuitas otorgadas por los auspiciantes.<\/p>\n\n\n\n<p>ERISEA es la primera empresa de base tecnol\u00f3gica en la Patagonia con licencia exclusiva de biotecnolog\u00eda acu\u00edcola de CONICET, y crearon la marca Promarine Antioxidants, producto de Origen Chubut.<\/p>\n\n\n\n<p>RHEA<\/p>\n\n\n\n<p>La Empresa RHEA SUP se especializa en el dise\u00f1o y la fabricaci\u00f3n artesanal de tablas de surf y stand-up paddle (SUP). A diferencia de las tablas tradicionales, las de RHEA est\u00e1n hechas con materiales locales y biodegradables, lo que las convierte en una opci\u00f3n sostenible y amigable con el medio ambiente.<\/p>\n\n\n\n<p>RHEA fue distinguida con el \u201cSello de Buen Dise\u00f1o Argentino 2025\u201d y ha obtenido importantes reconocimientos que validan su compromiso con la calidad y la sostenibilidad.<\/p>\n\n\n\n<p>En el \u00e1mbito deportivo, la empresa tambi\u00e9n ha demostrado su excelencia con un primer puesto en la competencia de SUP 1500 metros (categor\u00eda mujer) y un segundo puesto en la clasificaci\u00f3n general en el Festival de Deportes de Playa \u201cAntonio Torrej\u00f3n\u201d, y pertenece a Gabriela Pastore y Luis Niemetschek.<\/p>\n\n\n\n<p>RED<\/p>\n\n\n\n<p>Por su parte la \u201cBolsa RED\u201d, con dise\u00f1o sustentable desde Puerto Madryn, recibi\u00f3 el sello DAE -Dise\u00f1o Argentino Exponencial-, una iniciativa impulsada por las industrias creativas de Argentina y patrocinada por la Fundaci\u00f3n Bunge y Born junto al British Council.<\/p>\n\n\n\n<p>Este sello reconoce proyectos con proyecci\u00f3n nacional e internacional que promueven el dise\u00f1o como motor de transformaci\u00f3n cultural y productiva. En 2024 fueron seleccionadas como emprendimiento distinguido y beneficiarias del Fondo Semilla DAE, y este a\u00f1o regresaron a participar del cierre del programa, acompa\u00f1ando el fortalecimiento de esta red que impulsa el desarrollo creativo argentino.&nbsp;<\/p>\n\n\n\n<p>Adem\u00e1s, obtuvieron el sello \u201cBuen Dise\u00f1o Argentino\u201d otorgado por el Ministerio de Producci\u00f3n de la Naci\u00f3n, que reconoce productos que evidencian innovaci\u00f3n, identidad y sostenibilidad. El proyecto tambi\u00e9n fue reconocido con el Premio FedEx al Emprendimiento Sustentable, y actualmente sus productos forman parte de la tienda del Museo de Arte Latinoamericano de Buenos Aires (MALBA). La firma pertenece a la sociedad compuesta por Luciana Varela y Cintia Rebour.<\/p>\n","protected":false},"excerpt":{"rendered":"<p>Junto al equipo del \u00e1rea de Producci\u00f3n, recibi\u00f3 a vecinos y vecinas de la ciudad destacados por sus distintos productos en el concurso \u201cEmprendimiento Argentino\u201d 2025, desarrollado por Naci\u00f3n. \u201cEl&hellip; <\/p>\n","protected":false},"author":2,"featured_media":18232,"comment_status":"closed","ping_status":"closed","sticky":false,"template":"","format":"standard","meta":{"footnotes":""},"categories":[15],"tags":[],"class_list":["post-18233","post","type-post","status-publish","format-standard","has-post-thumbnail","hentry","category-locales"],"yoast_head":"<!-- This site is optimized with the Yoast SEO plugin v27.4 - https:\/\/yoast.com\/product\/yoast-seo-wordpress\/ -->\n<title>SASTRE CON EMPRENDEDORES LOCALES RECONOCIDOS A NIVEL NACIONAL - FM Patagonia Madryn<\/title>\n<meta name=\"robots\" content=\"index, follow, max-snippet:-1, max-image-preview:large, max-video-preview:-1\" \/>\n<link rel=\"canonical\" href=\"https:\/\/fmpatagoniamadryn.com.ar\/?p=18233\" \/>\n<meta property=\"og:locale\" content=\"es_ES\" \/>\n<meta property=\"og:type\" content=\"article\" \/>\n<meta property=\"og:title\" content=\"SASTRE CON EMPRENDEDORES LOCALES RECONOCIDOS A NIVEL NACIONAL - FM Patagonia Madryn\" \/>\n<meta property=\"og:description\" content=\"Junto al equipo del \u00e1rea de Producci\u00f3n, recibi\u00f3 a vecinos y vecinas de la ciudad destacados por sus distintos productos en el concurso \u201cEmprendimiento Argentino\u201d 2025, desarrollado por Naci\u00f3n. \u201cEl&hellip;\" \/>\n<meta property=\"og:url\" content=\"https:\/\/fmpatagoniamadryn.com.ar\/?p=18233\" \/>\n<meta property=\"og:site_name\" content=\"FM Patagonia Madryn\" \/>\n<meta property=\"article:published_time\" content=\"2025-10-12T13:19:12+00:00\" \/>\n<meta property=\"og:image\" content=\"https:\/\/fmpatagoniamadryn.com.ar\/wp-content\/uploads\/2025\/10\/img_6151.jpg\" \/>\n\t<meta property=\"og:image:width\" content=\"2000\" \/>\n\t<meta property=\"og:image:height\" content=\"1250\" \/>\n\t<meta property=\"og:image:type\" content=\"image\/jpeg\" \/>\n<meta name=\"author\" content=\"FM Patagonia\" \/>\n<meta name=\"twitter:card\" content=\"summary_large_image\" \/>\n<meta name=\"twitter:label1\" content=\"Escrito por\" \/>\n\t<meta name=\"twitter:data1\" content=\"FM Patagonia\" \/>\n\t<meta name=\"twitter:label2\" content=\"Tiempo de lectura\" \/>\n\t<meta name=\"twitter:data2\" content=\"4 minutos\" \/>\n<script type=\"application\/ld+json\" class=\"yoast-schema-graph\">{\"@context\":\"https:\\\/\\\/schema.org\",\"@graph\":[{\"@type\":\"Article\",\"@id\":\"https:\\\/\\\/fmpatagoniamadryn.com.ar\\\/?p=18233#article\",\"isPartOf\":{\"@id\":\"https:\\\/\\\/fmpatagoniamadryn.com.ar\\\/?p=18233\"},\"author\":{\"name\":\"FM Patagonia\",\"@id\":\"https:\\\/\\\/fmpatagoniamadryn.com.ar\\\/#\\\/schema\\\/person\\\/8a3de4ad7efceacab06c1641c50303b7\"},\"headline\":\"SASTRE CON EMPRENDEDORES LOCALES RECONOCIDOS A NIVEL NACIONAL\",\"datePublished\":\"2025-10-12T13:19:12+00:00\",\"mainEntityOfPage\":{\"@id\":\"https:\\\/\\\/fmpatagoniamadryn.com.ar\\\/?p=18233\"},\"wordCount\":733,\"publisher\":{\"@id\":\"https:\\\/\\\/fmpatagoniamadryn.com.ar\\\/#organization\"},\"image\":{\"@id\":\"https:\\\/\\\/fmpatagoniamadryn.com.ar\\\/?p=18233#primaryimage\"},\"thumbnailUrl\":\"https:\\\/\\\/fmpatagoniamadryn.com.ar\\\/wp-content\\\/uploads\\\/2025\\\/10\\\/img_6151.jpg\",\"articleSection\":[\"Locales\"],\"inLanguage\":\"es\"},{\"@type\":\"WebPage\",\"@id\":\"https:\\\/\\\/fmpatagoniamadryn.com.ar\\\/?p=18233\",\"url\":\"https:\\\/\\\/fmpatagoniamadryn.com.ar\\\/?p=18233\",\"name\":\"SASTRE CON EMPRENDEDORES LOCALES RECONOCIDOS A NIVEL NACIONAL - FM Patagonia Madryn\",\"isPartOf\":{\"@id\":\"https:\\\/\\\/fmpatagoniamadryn.com.ar\\\/#website\"},\"primaryImageOfPage\":{\"@id\":\"https:\\\/\\\/fmpatagoniamadryn.com.ar\\\/?p=18233#primaryimage\"},\"image\":{\"@id\":\"https:\\\/\\\/fmpatagoniamadryn.com.ar\\\/?p=18233#primaryimage\"},\"thumbnailUrl\":\"https:\\\/\\\/fmpatagoniamadryn.com.ar\\\/wp-content\\\/uploads\\\/2025\\\/10\\\/img_6151.jpg\",\"datePublished\":\"2025-10-12T13:19:12+00:00\",\"breadcrumb\":{\"@id\":\"https:\\\/\\\/fmpatagoniamadryn.com.ar\\\/?p=18233#breadcrumb\"},\"inLanguage\":\"es\",\"potentialAction\":[{\"@type\":\"ReadAction\",\"target\":[\"https:\\\/\\\/fmpatagoniamadryn.com.ar\\\/?p=18233\"]}]},{\"@type\":\"ImageObject\",\"inLanguage\":\"es\",\"@id\":\"https:\\\/\\\/fmpatagoniamadryn.com.ar\\\/?p=18233#primaryimage\",\"url\":\"https:\\\/\\\/fmpatagoniamadryn.com.ar\\\/wp-content\\\/uploads\\\/2025\\\/10\\\/img_6151.jpg\",\"contentUrl\":\"https:\\\/\\\/fmpatagoniamadryn.com.ar\\\/wp-content\\\/uploads\\\/2025\\\/10\\\/img_6151.jpg\",\"width\":2000,\"height\":1250},{\"@type\":\"BreadcrumbList\",\"@id\":\"https:\\\/\\\/fmpatagoniamadryn.com.ar\\\/?p=18233#breadcrumb\",\"itemListElement\":[{\"@type\":\"ListItem\",\"position\":1,\"name\":\"Portada\",\"item\":\"https:\\\/\\\/fmpatagoniamadryn.com.ar\\\/\"},{\"@type\":\"ListItem\",\"position\":2,\"name\":\"SASTRE CON EMPRENDEDORES LOCALES RECONOCIDOS A NIVEL NACIONAL\"}]},{\"@type\":\"WebSite\",\"@id\":\"https:\\\/\\\/fmpatagoniamadryn.com.ar\\\/#website\",\"url\":\"https:\\\/\\\/fmpatagoniamadryn.com.ar\\\/\",\"name\":\"FM Patagonia Madryn\",\"description\":\"Radio Patagonia 105.5\",\"publisher\":{\"@id\":\"https:\\\/\\\/fmpatagoniamadryn.com.ar\\\/#organization\"},\"potentialAction\":[{\"@type\":\"SearchAction\",\"target\":{\"@type\":\"EntryPoint\",\"urlTemplate\":\"https:\\\/\\\/fmpatagoniamadryn.com.ar\\\/?s={search_term_string}\"},\"query-input\":{\"@type\":\"PropertyValueSpecification\",\"valueRequired\":true,\"valueName\":\"search_term_string\"}}],\"inLanguage\":\"es\"},{\"@type\":\"Organization\",\"@id\":\"https:\\\/\\\/fmpatagoniamadryn.com.ar\\\/#organization\",\"name\":\"FM Patagonia Madryn\",\"url\":\"https:\\\/\\\/fmpatagoniamadryn.com.ar\\\/\",\"logo\":{\"@type\":\"ImageObject\",\"inLanguage\":\"es\",\"@id\":\"https:\\\/\\\/fmpatagoniamadryn.com.ar\\\/#\\\/schema\\\/logo\\\/image\\\/\",\"url\":\"https:\\\/\\\/fmpatagoniamadryn.com.ar\\\/wp-content\\\/uploads\\\/2023\\\/01\\\/cropped-Diseno-sin-titulo.png\",\"contentUrl\":\"https:\\\/\\\/fmpatagoniamadryn.com.ar\\\/wp-content\\\/uploads\\\/2023\\\/01\\\/cropped-Diseno-sin-titulo.png\",\"width\":6911,\"height\":2657,\"caption\":\"FM Patagonia Madryn\"},\"image\":{\"@id\":\"https:\\\/\\\/fmpatagoniamadryn.com.ar\\\/#\\\/schema\\\/logo\\\/image\\\/\"}},{\"@type\":\"Person\",\"@id\":\"https:\\\/\\\/fmpatagoniamadryn.com.ar\\\/#\\\/schema\\\/person\\\/8a3de4ad7efceacab06c1641c50303b7\",\"name\":\"FM Patagonia\",\"url\":\"https:\\\/\\\/fmpatagoniamadryn.com.ar\\\/?author=2\"}]}<\/script>\n<!-- \/ Yoast SEO plugin. -->","yoast_head_json":{"title":"SASTRE CON EMPRENDEDORES LOCALES RECONOCIDOS A NIVEL NACIONAL - FM Patagonia Madryn","robots":{"index":"index","follow":"follow","max-snippet":"max-snippet:-1","max-image-preview":"max-image-preview:large","max-video-preview":"max-video-preview:-1"},"canonical":"https:\/\/fmpatagoniamadryn.com.ar\/?p=18233","og_locale":"es_ES","og_type":"article","og_title":"SASTRE CON EMPRENDEDORES LOCALES RECONOCIDOS A NIVEL NACIONAL - FM Patagonia Madryn","og_description":"Junto al equipo del \u00e1rea de Producci\u00f3n, recibi\u00f3 a vecinos y vecinas de la ciudad destacados por sus distintos productos en el concurso \u201cEmprendimiento Argentino\u201d 2025, desarrollado por Naci\u00f3n. \u201cEl&hellip;","og_url":"https:\/\/fmpatagoniamadryn.com.ar\/?p=18233","og_site_name":"FM Patagonia Madryn","article_published_time":"2025-10-12T13:19:12+00:00","og_image":[{"width":2000,"height":1250,"url":"https:\/\/fmpatagoniamadryn.com.ar\/wp-content\/uploads\/2025\/10\/img_6151.jpg","type":"image\/jpeg"}],"author":"FM Patagonia","twitter_card":"summary_large_image","twitter_misc":{"Escrito por":"FM Patagonia","Tiempo de lectura":"4 minutos"},"schema":{"@context":"https:\/\/schema.org","@graph":[{"@type":"Article","@id":"https:\/\/fmpatagoniamadryn.com.ar\/?p=18233#article","isPartOf":{"@id":"https:\/\/fmpatagoniamadryn.com.ar\/?p=18233"},"author":{"name":"FM Patagonia","@id":"https:\/\/fmpatagoniamadryn.com.ar\/#\/schema\/person\/8a3de4ad7efceacab06c1641c50303b7"},"headline":"SASTRE CON EMPRENDEDORES LOCALES RECONOCIDOS A NIVEL NACIONAL","datePublished":"2025-10-12T13:19:12+00:00","mainEntityOfPage":{"@id":"https:\/\/fmpatagoniamadryn.com.ar\/?p=18233"},"wordCount":733,"publisher":{"@id":"https:\/\/fmpatagoniamadryn.com.ar\/#organization"},"image":{"@id":"https:\/\/fmpatagoniamadryn.com.ar\/?p=18233#primaryimage"},"thumbnailUrl":"https:\/\/fmpatagoniamadryn.com.ar\/wp-content\/uploads\/2025\/10\/img_6151.jpg","articleSection":["Locales"],"inLanguage":"es"},{"@type":"WebPage","@id":"https:\/\/fmpatagoniamadryn.com.ar\/?p=18233","url":"https:\/\/fmpatagoniamadryn.com.ar\/?p=18233","name":"SASTRE CON EMPRENDEDORES LOCALES RECONOCIDOS A NIVEL NACIONAL - FM Patagonia Madryn","isPartOf":{"@id":"https:\/\/fmpatagoniamadryn.com.ar\/#website"},"primaryImageOfPage":{"@id":"https:\/\/fmpatagoniamadryn.com.ar\/?p=18233#primaryimage"},"image":{"@id":"https:\/\/fmpatagoniamadryn.com.ar\/?p=18233#primaryimage"},"thumbnailUrl":"https:\/\/fmpatagoniamadryn.com.ar\/wp-content\/uploads\/2025\/10\/img_6151.jpg","datePublished":"2025-10-12T13:19:12+00:00","breadcrumb":{"@id":"https:\/\/fmpatagoniamadryn.com.ar\/?p=18233#breadcrumb"},"inLanguage":"es","potentialAction":[{"@type":"ReadAction","target":["https:\/\/fmpatagoniamadryn.com.ar\/?p=18233"]}]},{"@type":"ImageObject","inLanguage":"es","@id":"https:\/\/fmpatagoniamadryn.com.ar\/?p=18233#primaryimage","url":"https:\/\/fmpatagoniamadryn.com.ar\/wp-content\/uploads\/2025\/10\/img_6151.jpg","contentUrl":"https:\/\/fmpatagoniamadryn.com.ar\/wp-content\/uploads\/2025\/10\/img_6151.jpg","width":2000,"height":1250},{"@type":"BreadcrumbList","@id":"https:\/\/fmpatagoniamadryn.com.ar\/?p=18233#breadcrumb","itemListElement":[{"@type":"ListItem","position":1,"name":"Portada","item":"https:\/\/fmpatagoniamadryn.com.ar\/"},{"@type":"ListItem","position":2,"name":"SASTRE CON EMPRENDEDORES LOCALES RECONOCIDOS A NIVEL NACIONAL"}]},{"@type":"WebSite","@id":"https:\/\/fmpatagoniamadryn.com.ar\/#website","url":"https:\/\/fmpatagoniamadryn.com.ar\/","name":"FM Patagonia Madryn","description":"Radio Patagonia 105.5","publisher":{"@id":"https:\/\/fmpatagoniamadryn.com.ar\/#organization"},"potentialAction":[{"@type":"SearchAction","target":{"@type":"EntryPoint","urlTemplate":"https:\/\/fmpatagoniamadryn.com.ar\/?s={search_term_string}"},"query-input":{"@type":"PropertyValueSpecification","valueRequired":true,"valueName":"search_term_string"}}],"inLanguage":"es"},{"@type":"Organization","@id":"https:\/\/fmpatagoniamadryn.com.ar\/#organization","name":"FM Patagonia Madryn","url":"https:\/\/fmpatagoniamadryn.com.ar\/","logo":{"@type":"ImageObject","inLanguage":"es","@id":"https:\/\/fmpatagoniamadryn.com.ar\/#\/schema\/logo\/image\/","url":"https:\/\/fmpatagoniamadryn.com.ar\/wp-content\/uploads\/2023\/01\/cropped-Diseno-sin-titulo.png","contentUrl":"https:\/\/fmpatagoniamadryn.com.ar\/wp-content\/uploads\/2023\/01\/cropped-Diseno-sin-titulo.png","width":6911,"height":2657,"caption":"FM Patagonia Madryn"},"image":{"@id":"https:\/\/fmpatagoniamadryn.com.ar\/#\/schema\/logo\/image\/"}},{"@type":"Person","@id":"https:\/\/fmpatagoniamadryn.com.ar\/#\/schema\/person\/8a3de4ad7efceacab06c1641c50303b7","name":"FM Patagonia","url":"https:\/\/fmpatagoniamadryn.com.ar\/?author=2"}]}},"jetpack_featured_media_url":"https:\/\/fmpatagoniamadryn.com.ar\/wp-content\/uploads\/2025\/10\/img_6151.jpg","_links":{"self":[{"href":"https:\/\/fmpatagoniamadryn.com.ar\/index.php?rest_route=\/wp\/v2\/posts\/18233","targetHints":{"allow":["GET"]}}],"collection":[{"href":"https:\/\/fmpatagoniamadryn.com.ar\/index.php?rest_route=\/wp\/v2\/posts"}],"about":[{"href":"https:\/\/fmpatagoniamadryn.com.ar\/index.php?rest_route=\/wp\/v2\/types\/post"}],"author":[{"embeddable":true,"href":"https:\/\/fmpatagoniamadryn.com.ar\/index.php?rest_route=\/wp\/v2\/users\/2"}],"replies":[{"embeddable":true,"href":"https:\/\/fmpatagoniamadryn.com.ar\/index.php?rest_route=%2Fwp%2Fv2%2Fcomments&post=18233"}],"version-history":[{"count":1,"href":"https:\/\/fmpatagoniamadryn.com.ar\/index.php?rest_route=\/wp\/v2\/posts\/18233\/revisions"}],"predecessor-version":[{"id":18234,"href":"https:\/\/fmpatagoniamadryn.com.ar\/index.php?rest_route=\/wp\/v2\/posts\/18233\/revisions\/18234"}],"wp:featuredmedia":[{"embeddable":true,"href":"https:\/\/fmpatagoniamadryn.com.ar\/index.php?rest_route=\/wp\/v2\/media\/18232"}],"wp:attachment":[{"href":"https:\/\/fmpatagoniamadryn.com.ar\/index.php?rest_route=%2Fwp%2Fv2%2Fmedia&parent=18233"}],"wp:term":[{"taxonomy":"category","embeddable":true,"href":"https:\/\/fmpatagoniamadryn.com.ar\/index.php?rest_route=%2Fwp%2Fv2%2Fcategories&post=18233"},{"taxonomy":"post_tag","embeddable":true,"href":"https:\/\/fmpatagoniamadryn.com.ar\/index.php?rest_route=%2Fwp%2Fv2%2Ftags&post=18233"}],"curies":[{"name":"wp","href":"https:\/\/api.w.org\/{rel}","templated":true}]}}