{"id":18248,"date":"2025-10-13T10:44:51","date_gmt":"2025-10-13T13:44:51","guid":{"rendered":"https:\/\/fmpatagoniamadryn.com.ar\/?p=18248"},"modified":"2025-10-13T10:44:51","modified_gmt":"2025-10-13T13:44:51","slug":"se-realizo-la-cuarta-edicion-del-programa-el-deporte-habla-de-salud-mental","status":"publish","type":"post","link":"https:\/\/fmpatagoniamadryn.com.ar\/?p=18248","title":{"rendered":"SE REALIZ\u00d3 LA CUARTA EDICI\u00d3N DEL PROGRAMA \u201cEL DEPORTE HABLA DE SALUD MENTAL\u201d"},"content":{"rendered":"\n<p class=\"MsoNormal\"><\/p>\n\n\n\n<p class=\"MsoNormal\"><em>Se llevaron a cabo dos capacitaciones con gran convocatoria<\/em><\/p>\n\n\n\n<p class=\"MsoNormal\">En el marco del D\u00eda Mundial de la Salud Mental, que se conmemora cada 10 de octubre, Puerto Madryn fue nuevamente sede de la cuarta edici\u00f3n del programa \u201cEl Deporte Habla de Salud Mental\u201d, a trav\u00e9s de la campa\u00f1a \u201cHablemos de lo que no se ve\u201d. La iniciativa, impulsada por la Subsecretar\u00eda de Deportes del Municipio, busca visibilizar y reflexionar sobre la tem\u00e1tica dentro del \u00e1mbito deportivo.<\/p>\n\n\n\n<p class=\"MsoNormal\">El programa, que se desarrolla desde octubre de 2022, promueve acciones concretas orientadas a poner en agenda el bienestar emocional de deportistas, entrenadores, dirigentes y todos los actores del ecosistema deportivo.<\/p>\n\n\n\n<p class=\"MsoNormal\"><strong>Capacitaciones abiertas y gratuitas<\/strong><\/p>\n\n\n\n<p class=\"MsoNormal\">Como parte de la campa\u00f1a, se realizaron dos jornadas abiertas y gratuitas, que contaron con una importante participaci\u00f3n.<\/p>\n\n\n\n<p class=\"MsoNormal\">El martes 7 de octubre, la licenciada Vanesa Mon\u00edn abord\u00f3 el impacto de la figura del entrenador en el desarrollo integral de los deportistas, promoviendo v\u00ednculos saludables y entornos seguros, con la capacitaci\u00f3n titulada \u201cRol del entrenador: liderazgo y comunicaci\u00f3n\u201d.<\/p>\n\n\n\n<p class=\"MsoNormal\">En tanto, el mi\u00e9rcoles 8, las licenciadas Fernanda Cont\u00edn y Gabriela Fassio disertaron sobre la relaci\u00f3n entre el rendimiento deportivo y el cuidado de la salud mental, compartiendo herramientas pr\u00e1cticas y enfoques actuales, en la charla \u201cJugar con la mente\u201d.<\/p>\n\n\n\n<p class=\"MsoNormal\"><strong>Un compromiso que se consolida<\/strong><\/p>\n\n\n\n<p class=\"MsoNormal\">\u201cEl Deporte Habla de Salud Mental\u201d forma parte de una estrategia integral de sensibilizaci\u00f3n y formaci\u00f3n que busca generar espacios de escucha, contenci\u00f3n y fortalecimiento emocional para todos los actores del deporte, en todos sus niveles y disciplinas.<\/p>\n\n\n\n<p class=\"MsoNormal\">Con cada edici\u00f3n, el programa reafirma su prop\u00f3sito: poner en valor lo que muchas veces no se ve, pero s\u00ed se siente: la salud mental como parte esencial del desarrollo deportivo y humano.<\/p>\n","protected":false},"excerpt":{"rendered":"<p>Se llevaron a cabo dos capacitaciones con gran convocatoria En el marco del D\u00eda Mundial de la Salud Mental, que se conmemora cada 10 de octubre, Puerto Madryn fue nuevamente&hellip; <\/p>\n","protected":false},"author":2,"featured_media":18247,"comment_status":"closed","ping_status":"closed","sticky":false,"template":"","format":"standard","meta":{"footnotes":""},"categories":[15],"tags":[],"class_list":["post-18248","post","type-post","status-publish","format-standard","has-post-thumbnail","hentry","category-locales"],"yoast_head":"<!-- This site is optimized with the Yoast SEO plugin v27.4 - https:\/\/yoast.com\/product\/yoast-seo-wordpress\/ -->\n<title>SE REALIZ\u00d3 LA CUARTA EDICI\u00d3N DEL PROGRAMA \u201cEL DEPORTE HABLA DE SALUD MENTAL\u201d - FM Patagonia Madryn<\/title>\n<meta name=\"robots\" content=\"index, follow, max-snippet:-1, max-image-preview:large, max-video-preview:-1\" \/>\n<link rel=\"canonical\" href=\"https:\/\/fmpatagoniamadryn.com.ar\/?p=18248\" \/>\n<meta property=\"og:locale\" content=\"es_ES\" \/>\n<meta property=\"og:type\" content=\"article\" \/>\n<meta property=\"og:title\" content=\"SE REALIZ\u00d3 LA CUARTA EDICI\u00d3N DEL PROGRAMA \u201cEL DEPORTE HABLA DE SALUD MENTAL\u201d - FM Patagonia Madryn\" \/>\n<meta property=\"og:description\" content=\"Se llevaron a cabo dos capacitaciones con gran convocatoria En el marco del D\u00eda Mundial de la Salud Mental, que se conmemora cada 10 de octubre, Puerto Madryn fue nuevamente&hellip;\" \/>\n<meta property=\"og:url\" content=\"https:\/\/fmpatagoniamadryn.com.ar\/?p=18248\" \/>\n<meta property=\"og:site_name\" content=\"FM Patagonia Madryn\" \/>\n<meta property=\"article:published_time\" content=\"2025-10-13T13:44:51+00:00\" \/>\n<meta property=\"og:image\" content=\"https:\/\/fmpatagoniamadryn.com.ar\/wp-content\/uploads\/2025\/10\/img_6213.jpg\" \/>\n\t<meta property=\"og:image:width\" content=\"1600\" \/>\n\t<meta property=\"og:image:height\" content=\"940\" \/>\n\t<meta property=\"og:image:type\" content=\"image\/jpeg\" \/>\n<meta name=\"author\" content=\"FM Patagonia\" \/>\n<meta name=\"twitter:card\" content=\"summary_large_image\" \/>\n<meta name=\"twitter:label1\" content=\"Escrito por\" \/>\n\t<meta name=\"twitter:data1\" content=\"FM Patagonia\" \/>\n\t<meta name=\"twitter:label2\" content=\"Tiempo de lectura\" \/>\n\t<meta name=\"twitter:data2\" content=\"2 minutos\" \/>\n<script type=\"application\/ld+json\" class=\"yoast-schema-graph\">{\"@context\":\"https:\\\/\\\/schema.org\",\"@graph\":[{\"@type\":\"Article\",\"@id\":\"https:\\\/\\\/fmpatagoniamadryn.com.ar\\\/?p=18248#article\",\"isPartOf\":{\"@id\":\"https:\\\/\\\/fmpatagoniamadryn.com.ar\\\/?p=18248\"},\"author\":{\"name\":\"FM Patagonia\",\"@id\":\"https:\\\/\\\/fmpatagoniamadryn.com.ar\\\/#\\\/schema\\\/person\\\/8a3de4ad7efceacab06c1641c50303b7\"},\"headline\":\"SE REALIZ\u00d3 LA CUARTA EDICI\u00d3N DEL PROGRAMA \u201cEL DEPORTE HABLA DE SALUD MENTAL\u201d\",\"datePublished\":\"2025-10-13T13:44:51+00:00\",\"mainEntityOfPage\":{\"@id\":\"https:\\\/\\\/fmpatagoniamadryn.com.ar\\\/?p=18248\"},\"wordCount\":316,\"publisher\":{\"@id\":\"https:\\\/\\\/fmpatagoniamadryn.com.ar\\\/#organization\"},\"image\":{\"@id\":\"https:\\\/\\\/fmpatagoniamadryn.com.ar\\\/?p=18248#primaryimage\"},\"thumbnailUrl\":\"https:\\\/\\\/fmpatagoniamadryn.com.ar\\\/wp-content\\\/uploads\\\/2025\\\/10\\\/img_6213.jpg\",\"articleSection\":[\"Locales\"],\"inLanguage\":\"es\"},{\"@type\":\"WebPage\",\"@id\":\"https:\\\/\\\/fmpatagoniamadryn.com.ar\\\/?p=18248\",\"url\":\"https:\\\/\\\/fmpatagoniamadryn.com.ar\\\/?p=18248\",\"name\":\"SE REALIZ\u00d3 LA CUARTA EDICI\u00d3N DEL PROGRAMA \u201cEL DEPORTE HABLA DE SALUD MENTAL\u201d - FM Patagonia Madryn\",\"isPartOf\":{\"@id\":\"https:\\\/\\\/fmpatagoniamadryn.com.ar\\\/#website\"},\"primaryImageOfPage\":{\"@id\":\"https:\\\/\\\/fmpatagoniamadryn.com.ar\\\/?p=18248#primaryimage\"},\"image\":{\"@id\":\"https:\\\/\\\/fmpatagoniamadryn.com.ar\\\/?p=18248#primaryimage\"},\"thumbnailUrl\":\"https:\\\/\\\/fmpatagoniamadryn.com.ar\\\/wp-content\\\/uploads\\\/2025\\\/10\\\/img_6213.jpg\",\"datePublished\":\"2025-10-13T13:44:51+00:00\",\"breadcrumb\":{\"@id\":\"https:\\\/\\\/fmpatagoniamadryn.com.ar\\\/?p=18248#breadcrumb\"},\"inLanguage\":\"es\",\"potentialAction\":[{\"@type\":\"ReadAction\",\"target\":[\"https:\\\/\\\/fmpatagoniamadryn.com.ar\\\/?p=18248\"]}]},{\"@type\":\"ImageObject\",\"inLanguage\":\"es\",\"@id\":\"https:\\\/\\\/fmpatagoniamadryn.com.ar\\\/?p=18248#primaryimage\",\"url\":\"https:\\\/\\\/fmpatagoniamadryn.com.ar\\\/wp-content\\\/uploads\\\/2025\\\/10\\\/img_6213.jpg\",\"contentUrl\":\"https:\\\/\\\/fmpatagoniamadryn.com.ar\\\/wp-content\\\/uploads\\\/2025\\\/10\\\/img_6213.jpg\",\"width\":1600,\"height\":940},{\"@type\":\"BreadcrumbList\",\"@id\":\"https:\\\/\\\/fmpatagoniamadryn.com.ar\\\/?p=18248#breadcrumb\",\"itemListElement\":[{\"@type\":\"ListItem\",\"position\":1,\"name\":\"Portada\",\"item\":\"https:\\\/\\\/fmpatagoniamadryn.com.ar\\\/\"},{\"@type\":\"ListItem\",\"position\":2,\"name\":\"SE REALIZ\u00d3 LA CUARTA EDICI\u00d3N DEL PROGRAMA \u201cEL DEPORTE HABLA DE SALUD MENTAL\u201d\"}]},{\"@type\":\"WebSite\",\"@id\":\"https:\\\/\\\/fmpatagoniamadryn.com.ar\\\/#website\",\"url\":\"https:\\\/\\\/fmpatagoniamadryn.com.ar\\\/\",\"name\":\"FM Patagonia Madryn\",\"description\":\"Radio Patagonia 105.5\",\"publisher\":{\"@id\":\"https:\\\/\\\/fmpatagoniamadryn.com.ar\\\/#organization\"},\"potentialAction\":[{\"@type\":\"SearchAction\",\"target\":{\"@type\":\"EntryPoint\",\"urlTemplate\":\"https:\\\/\\\/fmpatagoniamadryn.com.ar\\\/?s={search_term_string}\"},\"query-input\":{\"@type\":\"PropertyValueSpecification\",\"valueRequired\":true,\"valueName\":\"search_term_string\"}}],\"inLanguage\":\"es\"},{\"@type\":\"Organization\",\"@id\":\"https:\\\/\\\/fmpatagoniamadryn.com.ar\\\/#organization\",\"name\":\"FM Patagonia Madryn\",\"url\":\"https:\\\/\\\/fmpatagoniamadryn.com.ar\\\/\",\"logo\":{\"@type\":\"ImageObject\",\"inLanguage\":\"es\",\"@id\":\"https:\\\/\\\/fmpatagoniamadryn.com.ar\\\/#\\\/schema\\\/logo\\\/image\\\/\",\"url\":\"https:\\\/\\\/fmpatagoniamadryn.com.ar\\\/wp-content\\\/uploads\\\/2023\\\/01\\\/cropped-Diseno-sin-titulo.png\",\"contentUrl\":\"https:\\\/\\\/fmpatagoniamadryn.com.ar\\\/wp-content\\\/uploads\\\/2023\\\/01\\\/cropped-Diseno-sin-titulo.png\",\"width\":6911,\"height\":2657,\"caption\":\"FM Patagonia Madryn\"},\"image\":{\"@id\":\"https:\\\/\\\/fmpatagoniamadryn.com.ar\\\/#\\\/schema\\\/logo\\\/image\\\/\"}},{\"@type\":\"Person\",\"@id\":\"https:\\\/\\\/fmpatagoniamadryn.com.ar\\\/#\\\/schema\\\/person\\\/8a3de4ad7efceacab06c1641c50303b7\",\"name\":\"FM Patagonia\",\"url\":\"https:\\\/\\\/fmpatagoniamadryn.com.ar\\\/?author=2\"}]}<\/script>\n<!-- \/ Yoast SEO plugin. -->","yoast_head_json":{"title":"SE REALIZ\u00d3 LA CUARTA EDICI\u00d3N DEL PROGRAMA \u201cEL DEPORTE HABLA DE SALUD MENTAL\u201d - FM Patagonia Madryn","robots":{"index":"index","follow":"follow","max-snippet":"max-snippet:-1","max-image-preview":"max-image-preview:large","max-video-preview":"max-video-preview:-1"},"canonical":"https:\/\/fmpatagoniamadryn.com.ar\/?p=18248","og_locale":"es_ES","og_type":"article","og_title":"SE REALIZ\u00d3 LA CUARTA EDICI\u00d3N DEL PROGRAMA \u201cEL DEPORTE HABLA DE SALUD MENTAL\u201d - FM Patagonia Madryn","og_description":"Se llevaron a cabo dos capacitaciones con gran convocatoria En el marco del D\u00eda Mundial de la Salud Mental, que se conmemora cada 10 de octubre, Puerto Madryn fue nuevamente&hellip;","og_url":"https:\/\/fmpatagoniamadryn.com.ar\/?p=18248","og_site_name":"FM Patagonia Madryn","article_published_time":"2025-10-13T13:44:51+00:00","og_image":[{"width":1600,"height":940,"url":"https:\/\/fmpatagoniamadryn.com.ar\/wp-content\/uploads\/2025\/10\/img_6213.jpg","type":"image\/jpeg"}],"author":"FM Patagonia","twitter_card":"summary_large_image","twitter_misc":{"Escrito por":"FM Patagonia","Tiempo de lectura":"2 minutos"},"schema":{"@context":"https:\/\/schema.org","@graph":[{"@type":"Article","@id":"https:\/\/fmpatagoniamadryn.com.ar\/?p=18248#article","isPartOf":{"@id":"https:\/\/fmpatagoniamadryn.com.ar\/?p=18248"},"author":{"name":"FM Patagonia","@id":"https:\/\/fmpatagoniamadryn.com.ar\/#\/schema\/person\/8a3de4ad7efceacab06c1641c50303b7"},"headline":"SE REALIZ\u00d3 LA CUARTA EDICI\u00d3N DEL PROGRAMA \u201cEL DEPORTE HABLA DE SALUD MENTAL\u201d","datePublished":"2025-10-13T13:44:51+00:00","mainEntityOfPage":{"@id":"https:\/\/fmpatagoniamadryn.com.ar\/?p=18248"},"wordCount":316,"publisher":{"@id":"https:\/\/fmpatagoniamadryn.com.ar\/#organization"},"image":{"@id":"https:\/\/fmpatagoniamadryn.com.ar\/?p=18248#primaryimage"},"thumbnailUrl":"https:\/\/fmpatagoniamadryn.com.ar\/wp-content\/uploads\/2025\/10\/img_6213.jpg","articleSection":["Locales"],"inLanguage":"es"},{"@type":"WebPage","@id":"https:\/\/fmpatagoniamadryn.com.ar\/?p=18248","url":"https:\/\/fmpatagoniamadryn.com.ar\/?p=18248","name":"SE REALIZ\u00d3 LA CUARTA EDICI\u00d3N DEL PROGRAMA \u201cEL DEPORTE HABLA DE SALUD MENTAL\u201d - FM Patagonia Madryn","isPartOf":{"@id":"https:\/\/fmpatagoniamadryn.com.ar\/#website"},"primaryImageOfPage":{"@id":"https:\/\/fmpatagoniamadryn.com.ar\/?p=18248#primaryimage"},"image":{"@id":"https:\/\/fmpatagoniamadryn.com.ar\/?p=18248#primaryimage"},"thumbnailUrl":"https:\/\/fmpatagoniamadryn.com.ar\/wp-content\/uploads\/2025\/10\/img_6213.jpg","datePublished":"2025-10-13T13:44:51+00:00","breadcrumb":{"@id":"https:\/\/fmpatagoniamadryn.com.ar\/?p=18248#breadcrumb"},"inLanguage":"es","potentialAction":[{"@type":"ReadAction","target":["https:\/\/fmpatagoniamadryn.com.ar\/?p=18248"]}]},{"@type":"ImageObject","inLanguage":"es","@id":"https:\/\/fmpatagoniamadryn.com.ar\/?p=18248#primaryimage","url":"https:\/\/fmpatagoniamadryn.com.ar\/wp-content\/uploads\/2025\/10\/img_6213.jpg","contentUrl":"https:\/\/fmpatagoniamadryn.com.ar\/wp-content\/uploads\/2025\/10\/img_6213.jpg","width":1600,"height":940},{"@type":"BreadcrumbList","@id":"https:\/\/fmpatagoniamadryn.com.ar\/?p=18248#breadcrumb","itemListElement":[{"@type":"ListItem","position":1,"name":"Portada","item":"https:\/\/fmpatagoniamadryn.com.ar\/"},{"@type":"ListItem","position":2,"name":"SE REALIZ\u00d3 LA CUARTA EDICI\u00d3N DEL PROGRAMA \u201cEL DEPORTE HABLA DE SALUD MENTAL\u201d"}]},{"@type":"WebSite","@id":"https:\/\/fmpatagoniamadryn.com.ar\/#website","url":"https:\/\/fmpatagoniamadryn.com.ar\/","name":"FM Patagonia Madryn","description":"Radio Patagonia 105.5","publisher":{"@id":"https:\/\/fmpatagoniamadryn.com.ar\/#organization"},"potentialAction":[{"@type":"SearchAction","target":{"@type":"EntryPoint","urlTemplate":"https:\/\/fmpatagoniamadryn.com.ar\/?s={search_term_string}"},"query-input":{"@type":"PropertyValueSpecification","valueRequired":true,"valueName":"search_term_string"}}],"inLanguage":"es"},{"@type":"Organization","@id":"https:\/\/fmpatagoniamadryn.com.ar\/#organization","name":"FM Patagonia Madryn","url":"https:\/\/fmpatagoniamadryn.com.ar\/","logo":{"@type":"ImageObject","inLanguage":"es","@id":"https:\/\/fmpatagoniamadryn.com.ar\/#\/schema\/logo\/image\/","url":"https:\/\/fmpatagoniamadryn.com.ar\/wp-content\/uploads\/2023\/01\/cropped-Diseno-sin-titulo.png","contentUrl":"https:\/\/fmpatagoniamadryn.com.ar\/wp-content\/uploads\/2023\/01\/cropped-Diseno-sin-titulo.png","width":6911,"height":2657,"caption":"FM Patagonia Madryn"},"image":{"@id":"https:\/\/fmpatagoniamadryn.com.ar\/#\/schema\/logo\/image\/"}},{"@type":"Person","@id":"https:\/\/fmpatagoniamadryn.com.ar\/#\/schema\/person\/8a3de4ad7efceacab06c1641c50303b7","name":"FM Patagonia","url":"https:\/\/fmpatagoniamadryn.com.ar\/?author=2"}]}},"jetpack_featured_media_url":"https:\/\/fmpatagoniamadryn.com.ar\/wp-content\/uploads\/2025\/10\/img_6213.jpg","_links":{"self":[{"href":"https:\/\/fmpatagoniamadryn.com.ar\/index.php?rest_route=\/wp\/v2\/posts\/18248","targetHints":{"allow":["GET"]}}],"collection":[{"href":"https:\/\/fmpatagoniamadryn.com.ar\/index.php?rest_route=\/wp\/v2\/posts"}],"about":[{"href":"https:\/\/fmpatagoniamadryn.com.ar\/index.php?rest_route=\/wp\/v2\/types\/post"}],"author":[{"embeddable":true,"href":"https:\/\/fmpatagoniamadryn.com.ar\/index.php?rest_route=\/wp\/v2\/users\/2"}],"replies":[{"embeddable":true,"href":"https:\/\/fmpatagoniamadryn.com.ar\/index.php?rest_route=%2Fwp%2Fv2%2Fcomments&post=18248"}],"version-history":[{"count":1,"href":"https:\/\/fmpatagoniamadryn.com.ar\/index.php?rest_route=\/wp\/v2\/posts\/18248\/revisions"}],"predecessor-version":[{"id":18249,"href":"https:\/\/fmpatagoniamadryn.com.ar\/index.php?rest_route=\/wp\/v2\/posts\/18248\/revisions\/18249"}],"wp:featuredmedia":[{"embeddable":true,"href":"https:\/\/fmpatagoniamadryn.com.ar\/index.php?rest_route=\/wp\/v2\/media\/18247"}],"wp:attachment":[{"href":"https:\/\/fmpatagoniamadryn.com.ar\/index.php?rest_route=%2Fwp%2Fv2%2Fmedia&parent=18248"}],"wp:term":[{"taxonomy":"category","embeddable":true,"href":"https:\/\/fmpatagoniamadryn.com.ar\/index.php?rest_route=%2Fwp%2Fv2%2Fcategories&post=18248"},{"taxonomy":"post_tag","embeddable":true,"href":"https:\/\/fmpatagoniamadryn.com.ar\/index.php?rest_route=%2Fwp%2Fv2%2Ftags&post=18248"}],"curies":[{"name":"wp","href":"https:\/\/api.w.org\/{rel}","templated":true}]}}