{"id":18285,"date":"2025-10-16T07:23:47","date_gmt":"2025-10-16T10:23:47","guid":{"rendered":"https:\/\/fmpatagoniamadryn.com.ar\/?p=18285"},"modified":"2025-10-16T07:23:47","modified_gmt":"2025-10-16T10:23:47","slug":"comienza-la-13o-edicion-del-mafici","status":"publish","type":"post","link":"https:\/\/fmpatagoniamadryn.com.ar\/?p=18285","title":{"rendered":"COMIENZA LA 13\u00ba EDICI\u00d3N DEL MAFICI"},"content":{"rendered":"\n<p class=\"MsoNormal\"><em><br>Del 17 al 26 de octubre, la ciudad se convierte en la sede del Festival Internacional de Cine de Puerto Madryn con proyecciones gratuitas e invitados especiales&nbsp;<\/em><br><br><br>Se present\u00f3 la 13\u00ba edici\u00f3n del Festival Internacional de Cine de Puerto Madryn (MAFICI), con diez d\u00edas dedicados a la cultura y el encuentro con la naturaleza. El evento, que tiene el acompa\u00f1amiento de la Municipalidad de Puerto Madryn, contar\u00e1 con la presencia de invitados especiales, medios nacionales y una amplia programaci\u00f3n de actividades con entrada libre y gratuita.<br><br>En esta nueva edici\u00f3n, que se desarrollar\u00e1&nbsp;del 17 al 26 de octubre, se proyectar\u00e1n m\u00e1s de 100 pel\u00edculas de todo el mundo distribuidas en distintas secciones: Competencia Oficial de \u00d3peras Primas, Competencia Oficial de Documental Ambiental, Competencia de Cortometrajes, Mini MAFICI (cine para las infancias), Panorama Argentino, Panorama Patagonia, Mujeres en foco, Cine en los barrios, Cine en las escuelas, el cl\u00e1sico Autocine frente al mar, Cine en la playa y La escuela va al Cine.<br><br>Todas las funciones podr\u00e1n disfrutarse de manera presencial en las sedes del festival o en formato online a trav\u00e9s de la plataforma propia MAFICITV.<br><br>La gala de apertura oficial ser\u00e1&nbsp;el s\u00e1bado 18 de octubre a las 17 horas&nbsp;en el Cine Teatro Auditorium, con alfombra roja e invitados de lujo: Celeste Cid, Luciano C\u00e1ceres, Santiago Korovsky (creador y protagonista de la serie \u201cDivisi\u00f3n Palermo\u201d), Laura Novoa, Fern\u00e1n Mir\u00e1s, Marcelo Pi\u00f1eyro y Cecilia Roth, entre otros.<br><br>Adem\u00e1s, el festival rendir\u00e1 homenaje a los 30 a\u00f1os del cl\u00e1sico \u201cCaballos Salvajes\u201d, con la presencia de su director Marcelo Pi\u00f1eyro y el actor Fern\u00e1n Mir\u00e1s, durante una proyecci\u00f3n especial&nbsp;el viernes 17 a las 19:30&nbsp;horas en el Auditorio del Ecocentro.<br><br>La pel\u00edcula de apertura, \u201cAdi\u00f3s Madrid\u201d de Diego Corsini, se proyectar\u00e1&nbsp;el s\u00e1bado 18 de octubre a las 17 horas&nbsp;en el Cine Auditorium, con la presencia de su protagonista Luciano C\u00e1ceres. El film fue ganador del Premio del P\u00fablico en el 33\u00b0 Festival de Cine de Madrid-PNR y particip\u00f3 en competencias oficiales de Mar del Plata y La Habana, entre otros festivales internacionales.<br><br>Las entradas para todas las funciones son gratuitas, sujetas a la capacidad de las salas, y se retiran el mismo d\u00eda de cada proyecci\u00f3n (no se realizan reservas).<br><br>MAFICI ofrece todas sus proyecciones y actividades con entrada libre y gratuita, acercando el cine a la comunidad y generando un encuentro cultural y tur\u00edstico conjugando CINE y el encuentro con la naturaleza.<\/p>\n\n\n\n<p class=\"MsoNormal\"><br \/>En la web oficial&nbsp;<a href=\"http:\/\/www.mafici.com.ar\/\">www.mafici.com.ar<\/a>&nbsp;y en las redes sociales del festival estar\u00e1n disponibles todas las novedades.<\/p>\n\n\n\n<p class=\"MsoNormal\"><br \/>CRONOGRAMA<\/p>\n\n\n\n<p class=\"MsoNormal\"><br>Viernes 17 de octubre<br>15 horas &#8211; Pap\u00e1 por dos + charla abierta con Celeste Cid (Auditorio Ecocentro)<br>18 horas &#8211; Encuentro con Santiago Korovsky (Divisi\u00f3n Palermo, Netflix &#8211; Auditorio Ecocentro)<br>19:30&nbsp;horas &#8211; Proyecci\u00f3n homenaje \u201cCaballos Salvajes\u201d con Marcelo Pi\u00f1eyro y Fern\u00e1n Mir\u00e1s (Auditorio Ecocentro)<br>20 horas &#8211; Cine en la playa \u2013 \u201cEl documental del 10\u201d, sobre Diego Maradona (Bajada 1, N\u00e1utico Bistr\u00f3 de Mar)<br>21 horas &#8211; \u201cSenhoritas\u201d, Brasil \u2013 Competencia Oficial de \u00d3peras Primas<br><br>S\u00e1bado 18 de octubre<br>17 horas &#8211; *Gala de apertura + proyecci\u00f3n \u201cAdi\u00f3s Madrid\u201d (Cine Teatro Auditorium)<br>21 horas &#8211; \u201cLinda\u201d, con presencia de la directora Mariana Waistein (Teatro de la Rosada &#8211; Paulina Escard\u00f3 187)<br><br>Domingo 19 de octubre<br>17 horas &#8211; \u201cCine en los barrios\u201d con chocolatada y churros (Junta Vecinal del barrio Fontana)<br>18 horas &#8211; Charla abierta con Cecilia Roth (Teatro de la Rosada)<br>20 horas &#8211; Autocine familiar \u2013 \u201cGigantes\u201d de Gonzalo Guti\u00e9rrez (con inscripci\u00f3n previa en la web)<br><br>Lunes 20 de octubre<br>9:30&nbsp;horas &#8211; Clase magistral con Nico Sor\u00edn (El Uno y la Belleza &#8211; Paulina Escard\u00f3 158)<br>18 horas &#8211; Charla abierta con Laura Novoa (El Uno y la Belleza)<br>20 horas &#8211; Ant\u00e1rtida Dominio Uno \u2013 Documental ambiental con presencia del director Joaqu\u00edn Azulay (El Uno y la Belleza)<\/p>\n","protected":false},"excerpt":{"rendered":"<p>Del 17 al 26 de octubre, la ciudad se convierte en la sede del Festival Internacional de Cine de Puerto Madryn con proyecciones gratuitas e invitados especiales&nbsp; Se present\u00f3 la&hellip; <\/p>\n","protected":false},"author":2,"featured_media":18284,"comment_status":"closed","ping_status":"closed","sticky":false,"template":"","format":"standard","meta":{"footnotes":""},"categories":[15],"tags":[],"class_list":["post-18285","post","type-post","status-publish","format-standard","has-post-thumbnail","hentry","category-locales"],"yoast_head":"<!-- This site is optimized with the Yoast SEO plugin v27.5 - https:\/\/yoast.com\/product\/yoast-seo-wordpress\/ -->\n<title>COMIENZA LA 13\u00ba EDICI\u00d3N DEL MAFICI - FM Patagonia Madryn<\/title>\n<meta name=\"robots\" content=\"index, follow, max-snippet:-1, max-image-preview:large, max-video-preview:-1\" \/>\n<link rel=\"canonical\" href=\"https:\/\/fmpatagoniamadryn.com.ar\/?p=18285\" \/>\n<meta property=\"og:locale\" content=\"es_ES\" \/>\n<meta property=\"og:type\" content=\"article\" \/>\n<meta property=\"og:title\" content=\"COMIENZA LA 13\u00ba EDICI\u00d3N DEL MAFICI - FM Patagonia Madryn\" \/>\n<meta property=\"og:description\" content=\"Del 17 al 26 de octubre, la ciudad se convierte en la sede del Festival Internacional de Cine de Puerto Madryn con proyecciones gratuitas e invitados especiales&nbsp; Se present\u00f3 la&hellip;\" \/>\n<meta property=\"og:url\" content=\"https:\/\/fmpatagoniamadryn.com.ar\/?p=18285\" \/>\n<meta property=\"og:site_name\" content=\"FM Patagonia Madryn\" \/>\n<meta property=\"article:published_time\" content=\"2025-10-16T10:23:47+00:00\" \/>\n<meta property=\"og:image\" content=\"https:\/\/fmpatagoniamadryn.com.ar\/wp-content\/uploads\/2025\/10\/img_6422.jpg\" \/>\n\t<meta property=\"og:image:width\" content=\"2000\" \/>\n\t<meta property=\"og:image:height\" content=\"1333\" \/>\n\t<meta property=\"og:image:type\" content=\"image\/jpeg\" \/>\n<meta name=\"author\" content=\"FM Patagonia\" \/>\n<meta name=\"twitter:card\" content=\"summary_large_image\" \/>\n<meta name=\"twitter:label1\" content=\"Escrito por\" \/>\n\t<meta name=\"twitter:data1\" content=\"FM Patagonia\" \/>\n\t<meta name=\"twitter:label2\" content=\"Tiempo de lectura\" \/>\n\t<meta name=\"twitter:data2\" content=\"3 minutos\" \/>\n<script type=\"application\/ld+json\" class=\"yoast-schema-graph\">{\"@context\":\"https:\\\/\\\/schema.org\",\"@graph\":[{\"@type\":\"Article\",\"@id\":\"https:\\\/\\\/fmpatagoniamadryn.com.ar\\\/?p=18285#article\",\"isPartOf\":{\"@id\":\"https:\\\/\\\/fmpatagoniamadryn.com.ar\\\/?p=18285\"},\"author\":{\"name\":\"FM Patagonia\",\"@id\":\"https:\\\/\\\/fmpatagoniamadryn.com.ar\\\/#\\\/schema\\\/person\\\/8a3de4ad7efceacab06c1641c50303b7\"},\"headline\":\"COMIENZA LA 13\u00ba EDICI\u00d3N DEL MAFICI\",\"datePublished\":\"2025-10-16T10:23:47+00:00\",\"mainEntityOfPage\":{\"@id\":\"https:\\\/\\\/fmpatagoniamadryn.com.ar\\\/?p=18285\"},\"wordCount\":667,\"publisher\":{\"@id\":\"https:\\\/\\\/fmpatagoniamadryn.com.ar\\\/#organization\"},\"image\":{\"@id\":\"https:\\\/\\\/fmpatagoniamadryn.com.ar\\\/?p=18285#primaryimage\"},\"thumbnailUrl\":\"https:\\\/\\\/fmpatagoniamadryn.com.ar\\\/wp-content\\\/uploads\\\/2025\\\/10\\\/img_6422.jpg\",\"articleSection\":[\"Locales\"],\"inLanguage\":\"es\"},{\"@type\":\"WebPage\",\"@id\":\"https:\\\/\\\/fmpatagoniamadryn.com.ar\\\/?p=18285\",\"url\":\"https:\\\/\\\/fmpatagoniamadryn.com.ar\\\/?p=18285\",\"name\":\"COMIENZA LA 13\u00ba EDICI\u00d3N DEL MAFICI - FM Patagonia Madryn\",\"isPartOf\":{\"@id\":\"https:\\\/\\\/fmpatagoniamadryn.com.ar\\\/#website\"},\"primaryImageOfPage\":{\"@id\":\"https:\\\/\\\/fmpatagoniamadryn.com.ar\\\/?p=18285#primaryimage\"},\"image\":{\"@id\":\"https:\\\/\\\/fmpatagoniamadryn.com.ar\\\/?p=18285#primaryimage\"},\"thumbnailUrl\":\"https:\\\/\\\/fmpatagoniamadryn.com.ar\\\/wp-content\\\/uploads\\\/2025\\\/10\\\/img_6422.jpg\",\"datePublished\":\"2025-10-16T10:23:47+00:00\",\"breadcrumb\":{\"@id\":\"https:\\\/\\\/fmpatagoniamadryn.com.ar\\\/?p=18285#breadcrumb\"},\"inLanguage\":\"es\",\"potentialAction\":[{\"@type\":\"ReadAction\",\"target\":[\"https:\\\/\\\/fmpatagoniamadryn.com.ar\\\/?p=18285\"]}]},{\"@type\":\"ImageObject\",\"inLanguage\":\"es\",\"@id\":\"https:\\\/\\\/fmpatagoniamadryn.com.ar\\\/?p=18285#primaryimage\",\"url\":\"https:\\\/\\\/fmpatagoniamadryn.com.ar\\\/wp-content\\\/uploads\\\/2025\\\/10\\\/img_6422.jpg\",\"contentUrl\":\"https:\\\/\\\/fmpatagoniamadryn.com.ar\\\/wp-content\\\/uploads\\\/2025\\\/10\\\/img_6422.jpg\",\"width\":2000,\"height\":1333},{\"@type\":\"BreadcrumbList\",\"@id\":\"https:\\\/\\\/fmpatagoniamadryn.com.ar\\\/?p=18285#breadcrumb\",\"itemListElement\":[{\"@type\":\"ListItem\",\"position\":1,\"name\":\"Portada\",\"item\":\"https:\\\/\\\/fmpatagoniamadryn.com.ar\\\/\"},{\"@type\":\"ListItem\",\"position\":2,\"name\":\"COMIENZA LA 13\u00ba EDICI\u00d3N DEL MAFICI\"}]},{\"@type\":\"WebSite\",\"@id\":\"https:\\\/\\\/fmpatagoniamadryn.com.ar\\\/#website\",\"url\":\"https:\\\/\\\/fmpatagoniamadryn.com.ar\\\/\",\"name\":\"FM Patagonia Madryn\",\"description\":\"Radio Patagonia 105.5\",\"publisher\":{\"@id\":\"https:\\\/\\\/fmpatagoniamadryn.com.ar\\\/#organization\"},\"potentialAction\":[{\"@type\":\"SearchAction\",\"target\":{\"@type\":\"EntryPoint\",\"urlTemplate\":\"https:\\\/\\\/fmpatagoniamadryn.com.ar\\\/?s={search_term_string}\"},\"query-input\":{\"@type\":\"PropertyValueSpecification\",\"valueRequired\":true,\"valueName\":\"search_term_string\"}}],\"inLanguage\":\"es\"},{\"@type\":\"Organization\",\"@id\":\"https:\\\/\\\/fmpatagoniamadryn.com.ar\\\/#organization\",\"name\":\"FM Patagonia Madryn\",\"url\":\"https:\\\/\\\/fmpatagoniamadryn.com.ar\\\/\",\"logo\":{\"@type\":\"ImageObject\",\"inLanguage\":\"es\",\"@id\":\"https:\\\/\\\/fmpatagoniamadryn.com.ar\\\/#\\\/schema\\\/logo\\\/image\\\/\",\"url\":\"https:\\\/\\\/fmpatagoniamadryn.com.ar\\\/wp-content\\\/uploads\\\/2023\\\/01\\\/cropped-Diseno-sin-titulo.png\",\"contentUrl\":\"https:\\\/\\\/fmpatagoniamadryn.com.ar\\\/wp-content\\\/uploads\\\/2023\\\/01\\\/cropped-Diseno-sin-titulo.png\",\"width\":6911,\"height\":2657,\"caption\":\"FM Patagonia Madryn\"},\"image\":{\"@id\":\"https:\\\/\\\/fmpatagoniamadryn.com.ar\\\/#\\\/schema\\\/logo\\\/image\\\/\"}},{\"@type\":\"Person\",\"@id\":\"https:\\\/\\\/fmpatagoniamadryn.com.ar\\\/#\\\/schema\\\/person\\\/8a3de4ad7efceacab06c1641c50303b7\",\"name\":\"FM Patagonia\",\"url\":\"https:\\\/\\\/fmpatagoniamadryn.com.ar\\\/?author=2\"}]}<\/script>\n<!-- \/ Yoast SEO plugin. -->","yoast_head_json":{"title":"COMIENZA LA 13\u00ba EDICI\u00d3N DEL MAFICI - FM Patagonia Madryn","robots":{"index":"index","follow":"follow","max-snippet":"max-snippet:-1","max-image-preview":"max-image-preview:large","max-video-preview":"max-video-preview:-1"},"canonical":"https:\/\/fmpatagoniamadryn.com.ar\/?p=18285","og_locale":"es_ES","og_type":"article","og_title":"COMIENZA LA 13\u00ba EDICI\u00d3N DEL MAFICI - FM Patagonia Madryn","og_description":"Del 17 al 26 de octubre, la ciudad se convierte en la sede del Festival Internacional de Cine de Puerto Madryn con proyecciones gratuitas e invitados especiales&nbsp; Se present\u00f3 la&hellip;","og_url":"https:\/\/fmpatagoniamadryn.com.ar\/?p=18285","og_site_name":"FM Patagonia Madryn","article_published_time":"2025-10-16T10:23:47+00:00","og_image":[{"width":2000,"height":1333,"url":"https:\/\/fmpatagoniamadryn.com.ar\/wp-content\/uploads\/2025\/10\/img_6422.jpg","type":"image\/jpeg"}],"author":"FM Patagonia","twitter_card":"summary_large_image","twitter_misc":{"Escrito por":"FM Patagonia","Tiempo de lectura":"3 minutos"},"schema":{"@context":"https:\/\/schema.org","@graph":[{"@type":"Article","@id":"https:\/\/fmpatagoniamadryn.com.ar\/?p=18285#article","isPartOf":{"@id":"https:\/\/fmpatagoniamadryn.com.ar\/?p=18285"},"author":{"name":"FM Patagonia","@id":"https:\/\/fmpatagoniamadryn.com.ar\/#\/schema\/person\/8a3de4ad7efceacab06c1641c50303b7"},"headline":"COMIENZA LA 13\u00ba EDICI\u00d3N DEL MAFICI","datePublished":"2025-10-16T10:23:47+00:00","mainEntityOfPage":{"@id":"https:\/\/fmpatagoniamadryn.com.ar\/?p=18285"},"wordCount":667,"publisher":{"@id":"https:\/\/fmpatagoniamadryn.com.ar\/#organization"},"image":{"@id":"https:\/\/fmpatagoniamadryn.com.ar\/?p=18285#primaryimage"},"thumbnailUrl":"https:\/\/fmpatagoniamadryn.com.ar\/wp-content\/uploads\/2025\/10\/img_6422.jpg","articleSection":["Locales"],"inLanguage":"es"},{"@type":"WebPage","@id":"https:\/\/fmpatagoniamadryn.com.ar\/?p=18285","url":"https:\/\/fmpatagoniamadryn.com.ar\/?p=18285","name":"COMIENZA LA 13\u00ba EDICI\u00d3N DEL MAFICI - FM Patagonia Madryn","isPartOf":{"@id":"https:\/\/fmpatagoniamadryn.com.ar\/#website"},"primaryImageOfPage":{"@id":"https:\/\/fmpatagoniamadryn.com.ar\/?p=18285#primaryimage"},"image":{"@id":"https:\/\/fmpatagoniamadryn.com.ar\/?p=18285#primaryimage"},"thumbnailUrl":"https:\/\/fmpatagoniamadryn.com.ar\/wp-content\/uploads\/2025\/10\/img_6422.jpg","datePublished":"2025-10-16T10:23:47+00:00","breadcrumb":{"@id":"https:\/\/fmpatagoniamadryn.com.ar\/?p=18285#breadcrumb"},"inLanguage":"es","potentialAction":[{"@type":"ReadAction","target":["https:\/\/fmpatagoniamadryn.com.ar\/?p=18285"]}]},{"@type":"ImageObject","inLanguage":"es","@id":"https:\/\/fmpatagoniamadryn.com.ar\/?p=18285#primaryimage","url":"https:\/\/fmpatagoniamadryn.com.ar\/wp-content\/uploads\/2025\/10\/img_6422.jpg","contentUrl":"https:\/\/fmpatagoniamadryn.com.ar\/wp-content\/uploads\/2025\/10\/img_6422.jpg","width":2000,"height":1333},{"@type":"BreadcrumbList","@id":"https:\/\/fmpatagoniamadryn.com.ar\/?p=18285#breadcrumb","itemListElement":[{"@type":"ListItem","position":1,"name":"Portada","item":"https:\/\/fmpatagoniamadryn.com.ar\/"},{"@type":"ListItem","position":2,"name":"COMIENZA LA 13\u00ba EDICI\u00d3N DEL MAFICI"}]},{"@type":"WebSite","@id":"https:\/\/fmpatagoniamadryn.com.ar\/#website","url":"https:\/\/fmpatagoniamadryn.com.ar\/","name":"FM Patagonia Madryn","description":"Radio Patagonia 105.5","publisher":{"@id":"https:\/\/fmpatagoniamadryn.com.ar\/#organization"},"potentialAction":[{"@type":"SearchAction","target":{"@type":"EntryPoint","urlTemplate":"https:\/\/fmpatagoniamadryn.com.ar\/?s={search_term_string}"},"query-input":{"@type":"PropertyValueSpecification","valueRequired":true,"valueName":"search_term_string"}}],"inLanguage":"es"},{"@type":"Organization","@id":"https:\/\/fmpatagoniamadryn.com.ar\/#organization","name":"FM Patagonia Madryn","url":"https:\/\/fmpatagoniamadryn.com.ar\/","logo":{"@type":"ImageObject","inLanguage":"es","@id":"https:\/\/fmpatagoniamadryn.com.ar\/#\/schema\/logo\/image\/","url":"https:\/\/fmpatagoniamadryn.com.ar\/wp-content\/uploads\/2023\/01\/cropped-Diseno-sin-titulo.png","contentUrl":"https:\/\/fmpatagoniamadryn.com.ar\/wp-content\/uploads\/2023\/01\/cropped-Diseno-sin-titulo.png","width":6911,"height":2657,"caption":"FM Patagonia Madryn"},"image":{"@id":"https:\/\/fmpatagoniamadryn.com.ar\/#\/schema\/logo\/image\/"}},{"@type":"Person","@id":"https:\/\/fmpatagoniamadryn.com.ar\/#\/schema\/person\/8a3de4ad7efceacab06c1641c50303b7","name":"FM Patagonia","url":"https:\/\/fmpatagoniamadryn.com.ar\/?author=2"}]}},"jetpack_featured_media_url":"https:\/\/fmpatagoniamadryn.com.ar\/wp-content\/uploads\/2025\/10\/img_6422.jpg","_links":{"self":[{"href":"https:\/\/fmpatagoniamadryn.com.ar\/index.php?rest_route=\/wp\/v2\/posts\/18285","targetHints":{"allow":["GET"]}}],"collection":[{"href":"https:\/\/fmpatagoniamadryn.com.ar\/index.php?rest_route=\/wp\/v2\/posts"}],"about":[{"href":"https:\/\/fmpatagoniamadryn.com.ar\/index.php?rest_route=\/wp\/v2\/types\/post"}],"author":[{"embeddable":true,"href":"https:\/\/fmpatagoniamadryn.com.ar\/index.php?rest_route=\/wp\/v2\/users\/2"}],"replies":[{"embeddable":true,"href":"https:\/\/fmpatagoniamadryn.com.ar\/index.php?rest_route=%2Fwp%2Fv2%2Fcomments&post=18285"}],"version-history":[{"count":1,"href":"https:\/\/fmpatagoniamadryn.com.ar\/index.php?rest_route=\/wp\/v2\/posts\/18285\/revisions"}],"predecessor-version":[{"id":18286,"href":"https:\/\/fmpatagoniamadryn.com.ar\/index.php?rest_route=\/wp\/v2\/posts\/18285\/revisions\/18286"}],"wp:featuredmedia":[{"embeddable":true,"href":"https:\/\/fmpatagoniamadryn.com.ar\/index.php?rest_route=\/wp\/v2\/media\/18284"}],"wp:attachment":[{"href":"https:\/\/fmpatagoniamadryn.com.ar\/index.php?rest_route=%2Fwp%2Fv2%2Fmedia&parent=18285"}],"wp:term":[{"taxonomy":"category","embeddable":true,"href":"https:\/\/fmpatagoniamadryn.com.ar\/index.php?rest_route=%2Fwp%2Fv2%2Fcategories&post=18285"},{"taxonomy":"post_tag","embeddable":true,"href":"https:\/\/fmpatagoniamadryn.com.ar\/index.php?rest_route=%2Fwp%2Fv2%2Ftags&post=18285"}],"curies":[{"name":"wp","href":"https:\/\/api.w.org\/{rel}","templated":true}]}}