{"id":18295,"date":"2025-10-17T11:51:05","date_gmt":"2025-10-17T14:51:05","guid":{"rendered":"https:\/\/fmpatagoniamadryn.com.ar\/?p=18295"},"modified":"2025-10-17T11:51:05","modified_gmt":"2025-10-17T14:51:05","slug":"tenia-una-condena-en-suspenso-por-violencia-de-genero-ahora-ira-preso-por-no-cumplir-el-taller-obligatorio","status":"publish","type":"post","link":"https:\/\/fmpatagoniamadryn.com.ar\/?p=18295","title":{"rendered":"Ten\u00eda una condena en suspenso por violencia de g\u00e9nero: Ahora ir\u00e1 preso por no cumplir el taller obligatorio"},"content":{"rendered":"\n<p><\/p>\n\n\n\n<p>\u201cEl imputado no tiene la voluntad de cumplir las reglas que se le imponen\u201d, sostuvo el funcionario de Fiscal\u00eda Mauricio Baigorria<\/p>\n\n\n\n<p>Durante la audiencia el representante del Ministerio P\u00fablico Fiscal explic\u00f3 que el imputado fue condenado a una pena de prisi\u00f3n de seis meses en suspenso por amenazas en contexto de violencia de g\u00e9nero. La condena implicaba el cumplimiento de reglas de conductas durante dos a\u00f1os, entre las que figuraba abstenerse de mantener todo tipo de contacto y prohibici\u00f3n de acercamiento con la v\u00edctima, as\u00ed como la realizaci\u00f3n del Taller de Equidad y G\u00e9nero que brinda el municipio.<\/p>\n\n\n\n<p>Sin embargo, el imputado desobedeci\u00f3 esas pautas y por esta raz\u00f3n la representante del Ministerio P\u00fablico Fiscal solicit\u00f3 que la pena impuesta en modalidad condicional sea revocada y comience a cumplir la condena en una unidad penitenciaria.<\/p>\n\n\n\n<p>\u201cEl imputado no tiene la voluntad de cumplir las reglas que se le imponen\u201d, sostuvo el funcionario. Ante esta situaci\u00f3n, el juez Horacio Yanguela, resolvi\u00f3 revocar la condicionalidad de la pena y disponer que comience a cumplirla de forma efectiva en una unidad de detenci\u00f3n.<\/p>\n","protected":false},"excerpt":{"rendered":"<p>\u201cEl imputado no tiene la voluntad de cumplir las reglas que se le imponen\u201d, sostuvo el funcionario de Fiscal\u00eda Mauricio Baigorria Durante la audiencia el representante del Ministerio P\u00fablico Fiscal&hellip; <\/p>\n","protected":false},"author":2,"featured_media":0,"comment_status":"closed","ping_status":"closed","sticky":false,"template":"","format":"standard","meta":{"footnotes":""},"categories":[11],"tags":[],"class_list":["post-18295","post","type-post","status-publish","format-standard","hentry","category-policiales"],"yoast_head":"<!-- This site is optimized with the Yoast SEO plugin v27.5 - https:\/\/yoast.com\/product\/yoast-seo-wordpress\/ -->\n<title>Ten\u00eda una condena en suspenso por violencia de g\u00e9nero: Ahora ir\u00e1 preso por no cumplir el taller obligatorio - FM Patagonia Madryn<\/title>\n<meta name=\"robots\" content=\"index, follow, max-snippet:-1, max-image-preview:large, max-video-preview:-1\" \/>\n<link rel=\"canonical\" href=\"https:\/\/fmpatagoniamadryn.com.ar\/?p=18295\" \/>\n<meta property=\"og:locale\" content=\"es_ES\" \/>\n<meta property=\"og:type\" content=\"article\" \/>\n<meta property=\"og:title\" content=\"Ten\u00eda una condena en suspenso por violencia de g\u00e9nero: Ahora ir\u00e1 preso por no cumplir el taller obligatorio - FM Patagonia Madryn\" \/>\n<meta property=\"og:description\" content=\"\u201cEl imputado no tiene la voluntad de cumplir las reglas que se le imponen\u201d, sostuvo el funcionario de Fiscal\u00eda Mauricio Baigorria Durante la audiencia el representante del Ministerio P\u00fablico Fiscal&hellip;\" \/>\n<meta property=\"og:url\" content=\"https:\/\/fmpatagoniamadryn.com.ar\/?p=18295\" \/>\n<meta property=\"og:site_name\" content=\"FM Patagonia Madryn\" \/>\n<meta property=\"article:published_time\" content=\"2025-10-17T14:51:05+00:00\" \/>\n<meta name=\"author\" content=\"FM Patagonia\" \/>\n<meta name=\"twitter:card\" content=\"summary_large_image\" \/>\n<meta name=\"twitter:label1\" content=\"Escrito por\" \/>\n\t<meta name=\"twitter:data1\" content=\"FM Patagonia\" \/>\n\t<meta name=\"twitter:label2\" content=\"Tiempo de lectura\" \/>\n\t<meta name=\"twitter:data2\" content=\"1 minuto\" \/>\n<script type=\"application\/ld+json\" class=\"yoast-schema-graph\">{\"@context\":\"https:\\\/\\\/schema.org\",\"@graph\":[{\"@type\":\"Article\",\"@id\":\"https:\\\/\\\/fmpatagoniamadryn.com.ar\\\/?p=18295#article\",\"isPartOf\":{\"@id\":\"https:\\\/\\\/fmpatagoniamadryn.com.ar\\\/?p=18295\"},\"author\":{\"name\":\"FM Patagonia\",\"@id\":\"https:\\\/\\\/fmpatagoniamadryn.com.ar\\\/#\\\/schema\\\/person\\\/8a3de4ad7efceacab06c1641c50303b7\"},\"headline\":\"Ten\u00eda una condena en suspenso por violencia de g\u00e9nero: Ahora ir\u00e1 preso por no cumplir el taller obligatorio\",\"datePublished\":\"2025-10-17T14:51:05+00:00\",\"mainEntityOfPage\":{\"@id\":\"https:\\\/\\\/fmpatagoniamadryn.com.ar\\\/?p=18295\"},\"wordCount\":213,\"publisher\":{\"@id\":\"https:\\\/\\\/fmpatagoniamadryn.com.ar\\\/#organization\"},\"articleSection\":[\"Policiales\"],\"inLanguage\":\"es\"},{\"@type\":\"WebPage\",\"@id\":\"https:\\\/\\\/fmpatagoniamadryn.com.ar\\\/?p=18295\",\"url\":\"https:\\\/\\\/fmpatagoniamadryn.com.ar\\\/?p=18295\",\"name\":\"Ten\u00eda una condena en suspenso por violencia de g\u00e9nero: Ahora ir\u00e1 preso por no cumplir el taller obligatorio - FM Patagonia Madryn\",\"isPartOf\":{\"@id\":\"https:\\\/\\\/fmpatagoniamadryn.com.ar\\\/#website\"},\"datePublished\":\"2025-10-17T14:51:05+00:00\",\"breadcrumb\":{\"@id\":\"https:\\\/\\\/fmpatagoniamadryn.com.ar\\\/?p=18295#breadcrumb\"},\"inLanguage\":\"es\",\"potentialAction\":[{\"@type\":\"ReadAction\",\"target\":[\"https:\\\/\\\/fmpatagoniamadryn.com.ar\\\/?p=18295\"]}]},{\"@type\":\"BreadcrumbList\",\"@id\":\"https:\\\/\\\/fmpatagoniamadryn.com.ar\\\/?p=18295#breadcrumb\",\"itemListElement\":[{\"@type\":\"ListItem\",\"position\":1,\"name\":\"Portada\",\"item\":\"https:\\\/\\\/fmpatagoniamadryn.com.ar\\\/\"},{\"@type\":\"ListItem\",\"position\":2,\"name\":\"Ten\u00eda una condena en suspenso por violencia de g\u00e9nero: Ahora ir\u00e1 preso por no cumplir el taller obligatorio\"}]},{\"@type\":\"WebSite\",\"@id\":\"https:\\\/\\\/fmpatagoniamadryn.com.ar\\\/#website\",\"url\":\"https:\\\/\\\/fmpatagoniamadryn.com.ar\\\/\",\"name\":\"FM Patagonia Madryn\",\"description\":\"Radio Patagonia 105.5\",\"publisher\":{\"@id\":\"https:\\\/\\\/fmpatagoniamadryn.com.ar\\\/#organization\"},\"potentialAction\":[{\"@type\":\"SearchAction\",\"target\":{\"@type\":\"EntryPoint\",\"urlTemplate\":\"https:\\\/\\\/fmpatagoniamadryn.com.ar\\\/?s={search_term_string}\"},\"query-input\":{\"@type\":\"PropertyValueSpecification\",\"valueRequired\":true,\"valueName\":\"search_term_string\"}}],\"inLanguage\":\"es\"},{\"@type\":\"Organization\",\"@id\":\"https:\\\/\\\/fmpatagoniamadryn.com.ar\\\/#organization\",\"name\":\"FM Patagonia Madryn\",\"url\":\"https:\\\/\\\/fmpatagoniamadryn.com.ar\\\/\",\"logo\":{\"@type\":\"ImageObject\",\"inLanguage\":\"es\",\"@id\":\"https:\\\/\\\/fmpatagoniamadryn.com.ar\\\/#\\\/schema\\\/logo\\\/image\\\/\",\"url\":\"https:\\\/\\\/fmpatagoniamadryn.com.ar\\\/wp-content\\\/uploads\\\/2023\\\/01\\\/cropped-Diseno-sin-titulo.png\",\"contentUrl\":\"https:\\\/\\\/fmpatagoniamadryn.com.ar\\\/wp-content\\\/uploads\\\/2023\\\/01\\\/cropped-Diseno-sin-titulo.png\",\"width\":6911,\"height\":2657,\"caption\":\"FM Patagonia Madryn\"},\"image\":{\"@id\":\"https:\\\/\\\/fmpatagoniamadryn.com.ar\\\/#\\\/schema\\\/logo\\\/image\\\/\"}},{\"@type\":\"Person\",\"@id\":\"https:\\\/\\\/fmpatagoniamadryn.com.ar\\\/#\\\/schema\\\/person\\\/8a3de4ad7efceacab06c1641c50303b7\",\"name\":\"FM Patagonia\",\"url\":\"https:\\\/\\\/fmpatagoniamadryn.com.ar\\\/?author=2\"}]}<\/script>\n<!-- \/ Yoast SEO plugin. -->","yoast_head_json":{"title":"Ten\u00eda una condena en suspenso por violencia de g\u00e9nero: Ahora ir\u00e1 preso por no cumplir el taller obligatorio - FM Patagonia Madryn","robots":{"index":"index","follow":"follow","max-snippet":"max-snippet:-1","max-image-preview":"max-image-preview:large","max-video-preview":"max-video-preview:-1"},"canonical":"https:\/\/fmpatagoniamadryn.com.ar\/?p=18295","og_locale":"es_ES","og_type":"article","og_title":"Ten\u00eda una condena en suspenso por violencia de g\u00e9nero: Ahora ir\u00e1 preso por no cumplir el taller obligatorio - FM Patagonia Madryn","og_description":"\u201cEl imputado no tiene la voluntad de cumplir las reglas que se le imponen\u201d, sostuvo el funcionario de Fiscal\u00eda Mauricio Baigorria Durante la audiencia el representante del Ministerio P\u00fablico Fiscal&hellip;","og_url":"https:\/\/fmpatagoniamadryn.com.ar\/?p=18295","og_site_name":"FM Patagonia Madryn","article_published_time":"2025-10-17T14:51:05+00:00","author":"FM Patagonia","twitter_card":"summary_large_image","twitter_misc":{"Escrito por":"FM Patagonia","Tiempo de lectura":"1 minuto"},"schema":{"@context":"https:\/\/schema.org","@graph":[{"@type":"Article","@id":"https:\/\/fmpatagoniamadryn.com.ar\/?p=18295#article","isPartOf":{"@id":"https:\/\/fmpatagoniamadryn.com.ar\/?p=18295"},"author":{"name":"FM Patagonia","@id":"https:\/\/fmpatagoniamadryn.com.ar\/#\/schema\/person\/8a3de4ad7efceacab06c1641c50303b7"},"headline":"Ten\u00eda una condena en suspenso por violencia de g\u00e9nero: Ahora ir\u00e1 preso por no cumplir el taller obligatorio","datePublished":"2025-10-17T14:51:05+00:00","mainEntityOfPage":{"@id":"https:\/\/fmpatagoniamadryn.com.ar\/?p=18295"},"wordCount":213,"publisher":{"@id":"https:\/\/fmpatagoniamadryn.com.ar\/#organization"},"articleSection":["Policiales"],"inLanguage":"es"},{"@type":"WebPage","@id":"https:\/\/fmpatagoniamadryn.com.ar\/?p=18295","url":"https:\/\/fmpatagoniamadryn.com.ar\/?p=18295","name":"Ten\u00eda una condena en suspenso por violencia de g\u00e9nero: Ahora ir\u00e1 preso por no cumplir el taller obligatorio - FM Patagonia Madryn","isPartOf":{"@id":"https:\/\/fmpatagoniamadryn.com.ar\/#website"},"datePublished":"2025-10-17T14:51:05+00:00","breadcrumb":{"@id":"https:\/\/fmpatagoniamadryn.com.ar\/?p=18295#breadcrumb"},"inLanguage":"es","potentialAction":[{"@type":"ReadAction","target":["https:\/\/fmpatagoniamadryn.com.ar\/?p=18295"]}]},{"@type":"BreadcrumbList","@id":"https:\/\/fmpatagoniamadryn.com.ar\/?p=18295#breadcrumb","itemListElement":[{"@type":"ListItem","position":1,"name":"Portada","item":"https:\/\/fmpatagoniamadryn.com.ar\/"},{"@type":"ListItem","position":2,"name":"Ten\u00eda una condena en suspenso por violencia de g\u00e9nero: Ahora ir\u00e1 preso por no cumplir el taller obligatorio"}]},{"@type":"WebSite","@id":"https:\/\/fmpatagoniamadryn.com.ar\/#website","url":"https:\/\/fmpatagoniamadryn.com.ar\/","name":"FM Patagonia Madryn","description":"Radio Patagonia 105.5","publisher":{"@id":"https:\/\/fmpatagoniamadryn.com.ar\/#organization"},"potentialAction":[{"@type":"SearchAction","target":{"@type":"EntryPoint","urlTemplate":"https:\/\/fmpatagoniamadryn.com.ar\/?s={search_term_string}"},"query-input":{"@type":"PropertyValueSpecification","valueRequired":true,"valueName":"search_term_string"}}],"inLanguage":"es"},{"@type":"Organization","@id":"https:\/\/fmpatagoniamadryn.com.ar\/#organization","name":"FM Patagonia Madryn","url":"https:\/\/fmpatagoniamadryn.com.ar\/","logo":{"@type":"ImageObject","inLanguage":"es","@id":"https:\/\/fmpatagoniamadryn.com.ar\/#\/schema\/logo\/image\/","url":"https:\/\/fmpatagoniamadryn.com.ar\/wp-content\/uploads\/2023\/01\/cropped-Diseno-sin-titulo.png","contentUrl":"https:\/\/fmpatagoniamadryn.com.ar\/wp-content\/uploads\/2023\/01\/cropped-Diseno-sin-titulo.png","width":6911,"height":2657,"caption":"FM Patagonia Madryn"},"image":{"@id":"https:\/\/fmpatagoniamadryn.com.ar\/#\/schema\/logo\/image\/"}},{"@type":"Person","@id":"https:\/\/fmpatagoniamadryn.com.ar\/#\/schema\/person\/8a3de4ad7efceacab06c1641c50303b7","name":"FM Patagonia","url":"https:\/\/fmpatagoniamadryn.com.ar\/?author=2"}]}},"jetpack_featured_media_url":"","_links":{"self":[{"href":"https:\/\/fmpatagoniamadryn.com.ar\/index.php?rest_route=\/wp\/v2\/posts\/18295","targetHints":{"allow":["GET"]}}],"collection":[{"href":"https:\/\/fmpatagoniamadryn.com.ar\/index.php?rest_route=\/wp\/v2\/posts"}],"about":[{"href":"https:\/\/fmpatagoniamadryn.com.ar\/index.php?rest_route=\/wp\/v2\/types\/post"}],"author":[{"embeddable":true,"href":"https:\/\/fmpatagoniamadryn.com.ar\/index.php?rest_route=\/wp\/v2\/users\/2"}],"replies":[{"embeddable":true,"href":"https:\/\/fmpatagoniamadryn.com.ar\/index.php?rest_route=%2Fwp%2Fv2%2Fcomments&post=18295"}],"version-history":[{"count":1,"href":"https:\/\/fmpatagoniamadryn.com.ar\/index.php?rest_route=\/wp\/v2\/posts\/18295\/revisions"}],"predecessor-version":[{"id":18296,"href":"https:\/\/fmpatagoniamadryn.com.ar\/index.php?rest_route=\/wp\/v2\/posts\/18295\/revisions\/18296"}],"wp:attachment":[{"href":"https:\/\/fmpatagoniamadryn.com.ar\/index.php?rest_route=%2Fwp%2Fv2%2Fmedia&parent=18295"}],"wp:term":[{"taxonomy":"category","embeddable":true,"href":"https:\/\/fmpatagoniamadryn.com.ar\/index.php?rest_route=%2Fwp%2Fv2%2Fcategories&post=18295"},{"taxonomy":"post_tag","embeddable":true,"href":"https:\/\/fmpatagoniamadryn.com.ar\/index.php?rest_route=%2Fwp%2Fv2%2Ftags&post=18295"}],"curies":[{"name":"wp","href":"https:\/\/api.w.org\/{rel}","templated":true}]}}