{"id":18301,"date":"2025-10-17T15:54:37","date_gmt":"2025-10-17T18:54:37","guid":{"rendered":"https:\/\/fmpatagoniamadryn.com.ar\/?p=18301"},"modified":"2025-10-17T15:54:37","modified_gmt":"2025-10-17T18:54:37","slug":"autoridades-e-invitados-del-congreso-de-periodistas-deportivos-visitaron-la-mas-linda","status":"publish","type":"post","link":"https:\/\/fmpatagoniamadryn.com.ar\/?p=18301","title":{"rendered":"AUTORIDADES E INVITADOS DEL CONGRESO DE PERIODISTAS DEPORTIVOS VISITARON LA M\u00c1S LINDA"},"content":{"rendered":"\n<p><\/p>\n\n\n\n<p><em>Representantes de distintas provincias argentinas, Venezuela y Surinam participaron de experiencias tur\u00edsticas en Puerto Madryn y la Comarca<\/em><\/p>\n\n\n\n<p>En el marco del 55\u00b0 Congreso Internacional de Periodismo Deportivo, que se llev\u00f3 adelante en la zona, autoridades e invitados del evento visitaron la ciudad de Puerto Madryn, donde fueron recibidos por la secretaria de Turismo, Cecilia Pavia y el secretario de Cultura, Educaci\u00f3n y Deportes, Diego Gonz\u00e1lez.<\/p>\n\n\n\n<p>Entre los presentes se encontraban Santiago Veiga, presidente de la Federaci\u00f3n Argentina de Periodistas Deportivos (FAPED); Desney Romeo, presidente del C\u00edrculo de Periodistas Deportivos de la Rep\u00fablica de Surinam y Luis Vargas, presidente del C\u00edrculo de Periodistas Deportivos de la Rep\u00fablica de Venezuela. Tambi\u00e9n acompa\u00f1aron la visita el reconocido periodista Alejandro Fabbri, invitado especial del Congreso y representantes del C\u00edrculo de Periodistas Deportivos de Chubut.<\/p>\n\n\n\n<p>Con la participaci\u00f3n de 16 c\u00edrculos de todo el pa\u00eds y especialistas del deporte del exterior, el Congreso, organizado por el C\u00edrculo de Periodistas Deportivos de Chubut y la Federaci\u00f3n Argentina de Periodistas Deportivos (FAPED), entidad afiliada a la Asociaci\u00f3n Internacional de Prensa Deportiva (AIPS) que re\u00fane a profesionales de la comunicaci\u00f3n deportiva de Jujuy, Salta, La Rioja, Catamarca, Santiago del Estero, Chaco, Formosa, Concepci\u00f3n del Uruguay, San Pedro, Villa Mercedes, Z\u00e1rate, Necochea, C\u00f3rdoba, Chubut, Mar del Plata, Buenos Aires, Mercedes, San Nicol\u00e1s y Venado Tuerto, adem\u00e1s de Venezuela, Colombia y Surinam.<\/p>\n\n\n\n<p>Durante su paso por la ciudad, los participantes disfrutaron de diversas experiencias tur\u00edsticas en Puerto Madryn y la Comarca, entre ellas el avistaje costero en el \u00c1rea Natural Protegida El Doradillo, adem\u00e1s de recorridos por Punta Tombo y el Puerto de Rawson, donde pudieron conocer de cerca los atractivos naturales y culturales de la regi\u00f3n.<\/p>\n","protected":false},"excerpt":{"rendered":"<p>Representantes de distintas provincias argentinas, Venezuela y Surinam participaron de experiencias tur\u00edsticas en Puerto Madryn y la Comarca En el marco del 55\u00b0 Congreso Internacional de Periodismo Deportivo, que se&hellip; <\/p>\n","protected":false},"author":2,"featured_media":18300,"comment_status":"closed","ping_status":"closed","sticky":false,"template":"","format":"standard","meta":{"footnotes":""},"categories":[15],"tags":[],"class_list":["post-18301","post","type-post","status-publish","format-standard","has-post-thumbnail","hentry","category-locales"],"yoast_head":"<!-- This site is optimized with the Yoast SEO plugin v27.5 - https:\/\/yoast.com\/product\/yoast-seo-wordpress\/ -->\n<title>AUTORIDADES E INVITADOS DEL CONGRESO DE PERIODISTAS DEPORTIVOS VISITARON LA M\u00c1S LINDA - FM Patagonia Madryn<\/title>\n<meta name=\"robots\" content=\"index, follow, max-snippet:-1, max-image-preview:large, max-video-preview:-1\" \/>\n<link rel=\"canonical\" href=\"https:\/\/fmpatagoniamadryn.com.ar\/?p=18301\" \/>\n<meta property=\"og:locale\" content=\"es_ES\" \/>\n<meta property=\"og:type\" content=\"article\" \/>\n<meta property=\"og:title\" content=\"AUTORIDADES E INVITADOS DEL CONGRESO DE PERIODISTAS DEPORTIVOS VISITARON LA M\u00c1S LINDA - FM Patagonia Madryn\" \/>\n<meta property=\"og:description\" content=\"Representantes de distintas provincias argentinas, Venezuela y Surinam participaron de experiencias tur\u00edsticas en Puerto Madryn y la Comarca En el marco del 55\u00b0 Congreso Internacional de Periodismo Deportivo, que se&hellip;\" \/>\n<meta property=\"og:url\" content=\"https:\/\/fmpatagoniamadryn.com.ar\/?p=18301\" \/>\n<meta property=\"og:site_name\" content=\"FM Patagonia Madryn\" \/>\n<meta property=\"article:published_time\" content=\"2025-10-17T18:54:37+00:00\" \/>\n<meta property=\"og:image\" content=\"https:\/\/fmpatagoniamadryn.com.ar\/wp-content\/uploads\/2025\/10\/img_6836.jpg\" \/>\n\t<meta property=\"og:image:width\" content=\"1600\" \/>\n\t<meta property=\"og:image:height\" content=\"720\" \/>\n\t<meta property=\"og:image:type\" content=\"image\/jpeg\" \/>\n<meta name=\"author\" content=\"FM Patagonia\" \/>\n<meta name=\"twitter:card\" content=\"summary_large_image\" \/>\n<meta name=\"twitter:label1\" content=\"Escrito por\" \/>\n\t<meta name=\"twitter:data1\" content=\"FM Patagonia\" \/>\n\t<meta name=\"twitter:label2\" content=\"Tiempo de lectura\" \/>\n\t<meta name=\"twitter:data2\" content=\"2 minutos\" \/>\n<script type=\"application\/ld+json\" class=\"yoast-schema-graph\">{\"@context\":\"https:\\\/\\\/schema.org\",\"@graph\":[{\"@type\":\"Article\",\"@id\":\"https:\\\/\\\/fmpatagoniamadryn.com.ar\\\/?p=18301#article\",\"isPartOf\":{\"@id\":\"https:\\\/\\\/fmpatagoniamadryn.com.ar\\\/?p=18301\"},\"author\":{\"name\":\"FM Patagonia\",\"@id\":\"https:\\\/\\\/fmpatagoniamadryn.com.ar\\\/#\\\/schema\\\/person\\\/8a3de4ad7efceacab06c1641c50303b7\"},\"headline\":\"AUTORIDADES E INVITADOS DEL CONGRESO DE PERIODISTAS DEPORTIVOS VISITARON LA M\u00c1S LINDA\",\"datePublished\":\"2025-10-17T18:54:37+00:00\",\"mainEntityOfPage\":{\"@id\":\"https:\\\/\\\/fmpatagoniamadryn.com.ar\\\/?p=18301\"},\"wordCount\":316,\"publisher\":{\"@id\":\"https:\\\/\\\/fmpatagoniamadryn.com.ar\\\/#organization\"},\"image\":{\"@id\":\"https:\\\/\\\/fmpatagoniamadryn.com.ar\\\/?p=18301#primaryimage\"},\"thumbnailUrl\":\"https:\\\/\\\/fmpatagoniamadryn.com.ar\\\/wp-content\\\/uploads\\\/2025\\\/10\\\/img_6836.jpg\",\"articleSection\":[\"Locales\"],\"inLanguage\":\"es\"},{\"@type\":\"WebPage\",\"@id\":\"https:\\\/\\\/fmpatagoniamadryn.com.ar\\\/?p=18301\",\"url\":\"https:\\\/\\\/fmpatagoniamadryn.com.ar\\\/?p=18301\",\"name\":\"AUTORIDADES E INVITADOS DEL CONGRESO DE PERIODISTAS DEPORTIVOS VISITARON LA M\u00c1S LINDA - FM Patagonia Madryn\",\"isPartOf\":{\"@id\":\"https:\\\/\\\/fmpatagoniamadryn.com.ar\\\/#website\"},\"primaryImageOfPage\":{\"@id\":\"https:\\\/\\\/fmpatagoniamadryn.com.ar\\\/?p=18301#primaryimage\"},\"image\":{\"@id\":\"https:\\\/\\\/fmpatagoniamadryn.com.ar\\\/?p=18301#primaryimage\"},\"thumbnailUrl\":\"https:\\\/\\\/fmpatagoniamadryn.com.ar\\\/wp-content\\\/uploads\\\/2025\\\/10\\\/img_6836.jpg\",\"datePublished\":\"2025-10-17T18:54:37+00:00\",\"breadcrumb\":{\"@id\":\"https:\\\/\\\/fmpatagoniamadryn.com.ar\\\/?p=18301#breadcrumb\"},\"inLanguage\":\"es\",\"potentialAction\":[{\"@type\":\"ReadAction\",\"target\":[\"https:\\\/\\\/fmpatagoniamadryn.com.ar\\\/?p=18301\"]}]},{\"@type\":\"ImageObject\",\"inLanguage\":\"es\",\"@id\":\"https:\\\/\\\/fmpatagoniamadryn.com.ar\\\/?p=18301#primaryimage\",\"url\":\"https:\\\/\\\/fmpatagoniamadryn.com.ar\\\/wp-content\\\/uploads\\\/2025\\\/10\\\/img_6836.jpg\",\"contentUrl\":\"https:\\\/\\\/fmpatagoniamadryn.com.ar\\\/wp-content\\\/uploads\\\/2025\\\/10\\\/img_6836.jpg\",\"width\":1600,\"height\":720},{\"@type\":\"BreadcrumbList\",\"@id\":\"https:\\\/\\\/fmpatagoniamadryn.com.ar\\\/?p=18301#breadcrumb\",\"itemListElement\":[{\"@type\":\"ListItem\",\"position\":1,\"name\":\"Portada\",\"item\":\"https:\\\/\\\/fmpatagoniamadryn.com.ar\\\/\"},{\"@type\":\"ListItem\",\"position\":2,\"name\":\"AUTORIDADES E INVITADOS DEL CONGRESO DE PERIODISTAS DEPORTIVOS VISITARON LA M\u00c1S LINDA\"}]},{\"@type\":\"WebSite\",\"@id\":\"https:\\\/\\\/fmpatagoniamadryn.com.ar\\\/#website\",\"url\":\"https:\\\/\\\/fmpatagoniamadryn.com.ar\\\/\",\"name\":\"FM Patagonia Madryn\",\"description\":\"Radio Patagonia 105.5\",\"publisher\":{\"@id\":\"https:\\\/\\\/fmpatagoniamadryn.com.ar\\\/#organization\"},\"potentialAction\":[{\"@type\":\"SearchAction\",\"target\":{\"@type\":\"EntryPoint\",\"urlTemplate\":\"https:\\\/\\\/fmpatagoniamadryn.com.ar\\\/?s={search_term_string}\"},\"query-input\":{\"@type\":\"PropertyValueSpecification\",\"valueRequired\":true,\"valueName\":\"search_term_string\"}}],\"inLanguage\":\"es\"},{\"@type\":\"Organization\",\"@id\":\"https:\\\/\\\/fmpatagoniamadryn.com.ar\\\/#organization\",\"name\":\"FM Patagonia Madryn\",\"url\":\"https:\\\/\\\/fmpatagoniamadryn.com.ar\\\/\",\"logo\":{\"@type\":\"ImageObject\",\"inLanguage\":\"es\",\"@id\":\"https:\\\/\\\/fmpatagoniamadryn.com.ar\\\/#\\\/schema\\\/logo\\\/image\\\/\",\"url\":\"https:\\\/\\\/fmpatagoniamadryn.com.ar\\\/wp-content\\\/uploads\\\/2023\\\/01\\\/cropped-Diseno-sin-titulo.png\",\"contentUrl\":\"https:\\\/\\\/fmpatagoniamadryn.com.ar\\\/wp-content\\\/uploads\\\/2023\\\/01\\\/cropped-Diseno-sin-titulo.png\",\"width\":6911,\"height\":2657,\"caption\":\"FM Patagonia Madryn\"},\"image\":{\"@id\":\"https:\\\/\\\/fmpatagoniamadryn.com.ar\\\/#\\\/schema\\\/logo\\\/image\\\/\"}},{\"@type\":\"Person\",\"@id\":\"https:\\\/\\\/fmpatagoniamadryn.com.ar\\\/#\\\/schema\\\/person\\\/8a3de4ad7efceacab06c1641c50303b7\",\"name\":\"FM Patagonia\",\"url\":\"https:\\\/\\\/fmpatagoniamadryn.com.ar\\\/?author=2\"}]}<\/script>\n<!-- \/ Yoast SEO plugin. -->","yoast_head_json":{"title":"AUTORIDADES E INVITADOS DEL CONGRESO DE PERIODISTAS DEPORTIVOS VISITARON LA M\u00c1S LINDA - FM Patagonia Madryn","robots":{"index":"index","follow":"follow","max-snippet":"max-snippet:-1","max-image-preview":"max-image-preview:large","max-video-preview":"max-video-preview:-1"},"canonical":"https:\/\/fmpatagoniamadryn.com.ar\/?p=18301","og_locale":"es_ES","og_type":"article","og_title":"AUTORIDADES E INVITADOS DEL CONGRESO DE PERIODISTAS DEPORTIVOS VISITARON LA M\u00c1S LINDA - FM Patagonia Madryn","og_description":"Representantes de distintas provincias argentinas, Venezuela y Surinam participaron de experiencias tur\u00edsticas en Puerto Madryn y la Comarca En el marco del 55\u00b0 Congreso Internacional de Periodismo Deportivo, que se&hellip;","og_url":"https:\/\/fmpatagoniamadryn.com.ar\/?p=18301","og_site_name":"FM Patagonia Madryn","article_published_time":"2025-10-17T18:54:37+00:00","og_image":[{"width":1600,"height":720,"url":"https:\/\/fmpatagoniamadryn.com.ar\/wp-content\/uploads\/2025\/10\/img_6836.jpg","type":"image\/jpeg"}],"author":"FM Patagonia","twitter_card":"summary_large_image","twitter_misc":{"Escrito por":"FM Patagonia","Tiempo de lectura":"2 minutos"},"schema":{"@context":"https:\/\/schema.org","@graph":[{"@type":"Article","@id":"https:\/\/fmpatagoniamadryn.com.ar\/?p=18301#article","isPartOf":{"@id":"https:\/\/fmpatagoniamadryn.com.ar\/?p=18301"},"author":{"name":"FM Patagonia","@id":"https:\/\/fmpatagoniamadryn.com.ar\/#\/schema\/person\/8a3de4ad7efceacab06c1641c50303b7"},"headline":"AUTORIDADES E INVITADOS DEL CONGRESO DE PERIODISTAS DEPORTIVOS VISITARON LA M\u00c1S LINDA","datePublished":"2025-10-17T18:54:37+00:00","mainEntityOfPage":{"@id":"https:\/\/fmpatagoniamadryn.com.ar\/?p=18301"},"wordCount":316,"publisher":{"@id":"https:\/\/fmpatagoniamadryn.com.ar\/#organization"},"image":{"@id":"https:\/\/fmpatagoniamadryn.com.ar\/?p=18301#primaryimage"},"thumbnailUrl":"https:\/\/fmpatagoniamadryn.com.ar\/wp-content\/uploads\/2025\/10\/img_6836.jpg","articleSection":["Locales"],"inLanguage":"es"},{"@type":"WebPage","@id":"https:\/\/fmpatagoniamadryn.com.ar\/?p=18301","url":"https:\/\/fmpatagoniamadryn.com.ar\/?p=18301","name":"AUTORIDADES E INVITADOS DEL CONGRESO DE PERIODISTAS DEPORTIVOS VISITARON LA M\u00c1S LINDA - FM Patagonia Madryn","isPartOf":{"@id":"https:\/\/fmpatagoniamadryn.com.ar\/#website"},"primaryImageOfPage":{"@id":"https:\/\/fmpatagoniamadryn.com.ar\/?p=18301#primaryimage"},"image":{"@id":"https:\/\/fmpatagoniamadryn.com.ar\/?p=18301#primaryimage"},"thumbnailUrl":"https:\/\/fmpatagoniamadryn.com.ar\/wp-content\/uploads\/2025\/10\/img_6836.jpg","datePublished":"2025-10-17T18:54:37+00:00","breadcrumb":{"@id":"https:\/\/fmpatagoniamadryn.com.ar\/?p=18301#breadcrumb"},"inLanguage":"es","potentialAction":[{"@type":"ReadAction","target":["https:\/\/fmpatagoniamadryn.com.ar\/?p=18301"]}]},{"@type":"ImageObject","inLanguage":"es","@id":"https:\/\/fmpatagoniamadryn.com.ar\/?p=18301#primaryimage","url":"https:\/\/fmpatagoniamadryn.com.ar\/wp-content\/uploads\/2025\/10\/img_6836.jpg","contentUrl":"https:\/\/fmpatagoniamadryn.com.ar\/wp-content\/uploads\/2025\/10\/img_6836.jpg","width":1600,"height":720},{"@type":"BreadcrumbList","@id":"https:\/\/fmpatagoniamadryn.com.ar\/?p=18301#breadcrumb","itemListElement":[{"@type":"ListItem","position":1,"name":"Portada","item":"https:\/\/fmpatagoniamadryn.com.ar\/"},{"@type":"ListItem","position":2,"name":"AUTORIDADES E INVITADOS DEL CONGRESO DE PERIODISTAS DEPORTIVOS VISITARON LA M\u00c1S LINDA"}]},{"@type":"WebSite","@id":"https:\/\/fmpatagoniamadryn.com.ar\/#website","url":"https:\/\/fmpatagoniamadryn.com.ar\/","name":"FM Patagonia Madryn","description":"Radio Patagonia 105.5","publisher":{"@id":"https:\/\/fmpatagoniamadryn.com.ar\/#organization"},"potentialAction":[{"@type":"SearchAction","target":{"@type":"EntryPoint","urlTemplate":"https:\/\/fmpatagoniamadryn.com.ar\/?s={search_term_string}"},"query-input":{"@type":"PropertyValueSpecification","valueRequired":true,"valueName":"search_term_string"}}],"inLanguage":"es"},{"@type":"Organization","@id":"https:\/\/fmpatagoniamadryn.com.ar\/#organization","name":"FM Patagonia Madryn","url":"https:\/\/fmpatagoniamadryn.com.ar\/","logo":{"@type":"ImageObject","inLanguage":"es","@id":"https:\/\/fmpatagoniamadryn.com.ar\/#\/schema\/logo\/image\/","url":"https:\/\/fmpatagoniamadryn.com.ar\/wp-content\/uploads\/2023\/01\/cropped-Diseno-sin-titulo.png","contentUrl":"https:\/\/fmpatagoniamadryn.com.ar\/wp-content\/uploads\/2023\/01\/cropped-Diseno-sin-titulo.png","width":6911,"height":2657,"caption":"FM Patagonia Madryn"},"image":{"@id":"https:\/\/fmpatagoniamadryn.com.ar\/#\/schema\/logo\/image\/"}},{"@type":"Person","@id":"https:\/\/fmpatagoniamadryn.com.ar\/#\/schema\/person\/8a3de4ad7efceacab06c1641c50303b7","name":"FM Patagonia","url":"https:\/\/fmpatagoniamadryn.com.ar\/?author=2"}]}},"jetpack_featured_media_url":"https:\/\/fmpatagoniamadryn.com.ar\/wp-content\/uploads\/2025\/10\/img_6836.jpg","_links":{"self":[{"href":"https:\/\/fmpatagoniamadryn.com.ar\/index.php?rest_route=\/wp\/v2\/posts\/18301","targetHints":{"allow":["GET"]}}],"collection":[{"href":"https:\/\/fmpatagoniamadryn.com.ar\/index.php?rest_route=\/wp\/v2\/posts"}],"about":[{"href":"https:\/\/fmpatagoniamadryn.com.ar\/index.php?rest_route=\/wp\/v2\/types\/post"}],"author":[{"embeddable":true,"href":"https:\/\/fmpatagoniamadryn.com.ar\/index.php?rest_route=\/wp\/v2\/users\/2"}],"replies":[{"embeddable":true,"href":"https:\/\/fmpatagoniamadryn.com.ar\/index.php?rest_route=%2Fwp%2Fv2%2Fcomments&post=18301"}],"version-history":[{"count":1,"href":"https:\/\/fmpatagoniamadryn.com.ar\/index.php?rest_route=\/wp\/v2\/posts\/18301\/revisions"}],"predecessor-version":[{"id":18302,"href":"https:\/\/fmpatagoniamadryn.com.ar\/index.php?rest_route=\/wp\/v2\/posts\/18301\/revisions\/18302"}],"wp:featuredmedia":[{"embeddable":true,"href":"https:\/\/fmpatagoniamadryn.com.ar\/index.php?rest_route=\/wp\/v2\/media\/18300"}],"wp:attachment":[{"href":"https:\/\/fmpatagoniamadryn.com.ar\/index.php?rest_route=%2Fwp%2Fv2%2Fmedia&parent=18301"}],"wp:term":[{"taxonomy":"category","embeddable":true,"href":"https:\/\/fmpatagoniamadryn.com.ar\/index.php?rest_route=%2Fwp%2Fv2%2Fcategories&post=18301"},{"taxonomy":"post_tag","embeddable":true,"href":"https:\/\/fmpatagoniamadryn.com.ar\/index.php?rest_route=%2Fwp%2Fv2%2Ftags&post=18301"}],"curies":[{"name":"wp","href":"https:\/\/api.w.org\/{rel}","templated":true}]}}