{"id":18308,"date":"2025-10-18T11:13:59","date_gmt":"2025-10-18T14:13:59","guid":{"rendered":"https:\/\/fmpatagoniamadryn.com.ar\/?p=18308"},"modified":"2025-10-18T11:13:59","modified_gmt":"2025-10-18T14:13:59","slug":"doble-crimen-narco-en-madryn-la-justicia-avanza-hacia-el-juicio-oral","status":"publish","type":"post","link":"https:\/\/fmpatagoniamadryn.com.ar\/?p=18308","title":{"rendered":"Doble crimen narco en Madryn: la Justicia avanza hacia el juicio oral"},"content":{"rendered":"\n<p class=\"p1\"><\/p>\n\n\n\n<p class=\"p3\">La fiscal Silvana Salazar present\u00f3 la acusaci\u00f3n formal contra los seis imputados por los homicidios de Federico Lome\u00f1a y H\u00e9ctor Nehem\u00edas \u201cPato\u201d L\u00f3pez, ocurridos en Puerto Madryn durante diciembre de 2018. Con este paso, el caso podr\u00eda avanzar hacia la etapa de juicio oral ante un tribunal colegiado.<\/p>\n\n\n\n<p class=\"p1\">Los acusados<\/p>\n\n\n\n<p class=\"p3\">Los implicados son G.C.A. (27), G.D.C. (26), A.S. (26), B.B. (23, menor de edad al momento del hecho), N.Z. (25) y N.V. (27). Todos est\u00e1n se\u00f1alados por su presunta participaci\u00f3n en los hechos que derivaron en la muerte de las dos v\u00edctimas.<\/p>\n\n\n\n<p class=\"p1\">Los hechos<\/p>\n\n\n\n<p class=\"p3\">Seg\u00fan la investigaci\u00f3n, el 6 de diciembre de 2018, en una vivienda de la calle Berwin al 240, los acusados atacaron a Federico Lome\u00f1a con golpes y armas blancas, caus\u00e1ndole m\u00e1s de veinte heridas que afectaron \u00f3rganos vitales. Posteriormente, su cuerpo fue trasladado, ocultado y enterrado en la zona de Playa Paran\u00e1.<\/p>\n\n\n\n<p class=\"p3\">Cuatro d\u00edas despu\u00e9s, el 10 de diciembre, en el mismo domicilio, H\u00e9ctor Nehem\u00edas L\u00f3pez fue agredido con golpes y sufri\u00f3 un intento de sofocaci\u00f3n que le provoc\u00f3 lesiones mortales. Su cuerpo fue hallado enterrado en el Parque Ecol\u00f3gico El Doradillo.<\/p>\n\n\n\n<p class=\"p1\">Un proceso judicial complejo<\/p>\n\n\n\n<p class=\"p3\">La investigaci\u00f3n atraves\u00f3 varios a\u00f1os de idas y vueltas judiciales. En un principio, la causa pas\u00f3 al fuero federal por su posible v\u00ednculo con el narcotr\u00e1fico. Sin embargo, la Corte Suprema de Justicia de la Naci\u00f3n resolvi\u00f3 que correspond\u00eda al fuero provincial.<\/p>\n\n\n\n<p class=\"p3\">Tras ese fallo, el expediente regres\u00f3 a la justicia ordinaria, donde se reanudaron las actuaciones y se avanz\u00f3 hacia la elevaci\u00f3n a juicio oral.<\/p>\n\n\n\n<p class=\"p1\">Pr\u00f3ximos pasos<\/p>\n\n\n\n<p class=\"p3\">Con la presentaci\u00f3n de la acusaci\u00f3n formal, se convocar\u00e1 a una audiencia preliminar en la que se evaluar\u00e1 si la causa se eleva finalmente a juicio oral. All\u00ed se determinar\u00e1 si los seis acusados deber\u00e1n enfrentar al tribunal por el doble homicidio ocurrido en Puerto Madryn hace casi siete a\u00f1os.<\/p>\n","protected":false},"excerpt":{"rendered":"<p>La fiscal Silvana Salazar present\u00f3 la acusaci\u00f3n formal contra los seis imputados por los homicidios de Federico Lome\u00f1a y H\u00e9ctor Nehem\u00edas \u201cPato\u201d L\u00f3pez, ocurridos en Puerto Madryn durante diciembre de&hellip; <\/p>\n","protected":false},"author":2,"featured_media":18307,"comment_status":"closed","ping_status":"closed","sticky":false,"template":"","format":"standard","meta":{"footnotes":""},"categories":[11],"tags":[],"class_list":["post-18308","post","type-post","status-publish","format-standard","has-post-thumbnail","hentry","category-policiales"],"yoast_head":"<!-- This site is optimized with the Yoast SEO plugin v27.5 - https:\/\/yoast.com\/product\/yoast-seo-wordpress\/ -->\n<title>Doble crimen narco en Madryn: la Justicia avanza hacia el juicio oral - FM Patagonia Madryn<\/title>\n<meta name=\"robots\" content=\"index, follow, max-snippet:-1, max-image-preview:large, max-video-preview:-1\" \/>\n<link rel=\"canonical\" href=\"https:\/\/fmpatagoniamadryn.com.ar\/?p=18308\" \/>\n<meta property=\"og:locale\" content=\"es_ES\" \/>\n<meta property=\"og:type\" content=\"article\" \/>\n<meta property=\"og:title\" content=\"Doble crimen narco en Madryn: la Justicia avanza hacia el juicio oral - FM Patagonia Madryn\" \/>\n<meta property=\"og:description\" content=\"La fiscal Silvana Salazar present\u00f3 la acusaci\u00f3n formal contra los seis imputados por los homicidios de Federico Lome\u00f1a y H\u00e9ctor Nehem\u00edas \u201cPato\u201d L\u00f3pez, ocurridos en Puerto Madryn durante diciembre de&hellip;\" \/>\n<meta property=\"og:url\" content=\"https:\/\/fmpatagoniamadryn.com.ar\/?p=18308\" \/>\n<meta property=\"og:site_name\" content=\"FM Patagonia Madryn\" \/>\n<meta property=\"article:published_time\" content=\"2025-10-18T14:13:59+00:00\" \/>\n<meta property=\"og:image\" content=\"https:\/\/fmpatagoniamadryn.com.ar\/wp-content\/uploads\/2025\/10\/img_6864.jpg\" \/>\n\t<meta property=\"og:image:width\" content=\"1319\" \/>\n\t<meta property=\"og:image:height\" content=\"701\" \/>\n\t<meta property=\"og:image:type\" content=\"image\/jpeg\" \/>\n<meta name=\"author\" content=\"FM Patagonia\" \/>\n<meta name=\"twitter:card\" content=\"summary_large_image\" \/>\n<meta name=\"twitter:label1\" content=\"Escrito por\" \/>\n\t<meta name=\"twitter:data1\" content=\"FM Patagonia\" \/>\n\t<meta name=\"twitter:label2\" content=\"Tiempo de lectura\" \/>\n\t<meta name=\"twitter:data2\" content=\"2 minutos\" \/>\n<script type=\"application\/ld+json\" class=\"yoast-schema-graph\">{\"@context\":\"https:\\\/\\\/schema.org\",\"@graph\":[{\"@type\":\"Article\",\"@id\":\"https:\\\/\\\/fmpatagoniamadryn.com.ar\\\/?p=18308#article\",\"isPartOf\":{\"@id\":\"https:\\\/\\\/fmpatagoniamadryn.com.ar\\\/?p=18308\"},\"author\":{\"name\":\"FM Patagonia\",\"@id\":\"https:\\\/\\\/fmpatagoniamadryn.com.ar\\\/#\\\/schema\\\/person\\\/8a3de4ad7efceacab06c1641c50303b7\"},\"headline\":\"Doble crimen narco en Madryn: la Justicia avanza hacia el juicio oral\",\"datePublished\":\"2025-10-18T14:13:59+00:00\",\"mainEntityOfPage\":{\"@id\":\"https:\\\/\\\/fmpatagoniamadryn.com.ar\\\/?p=18308\"},\"wordCount\":351,\"publisher\":{\"@id\":\"https:\\\/\\\/fmpatagoniamadryn.com.ar\\\/#organization\"},\"image\":{\"@id\":\"https:\\\/\\\/fmpatagoniamadryn.com.ar\\\/?p=18308#primaryimage\"},\"thumbnailUrl\":\"https:\\\/\\\/fmpatagoniamadryn.com.ar\\\/wp-content\\\/uploads\\\/2025\\\/10\\\/img_6864.jpg\",\"articleSection\":[\"Policiales\"],\"inLanguage\":\"es\"},{\"@type\":\"WebPage\",\"@id\":\"https:\\\/\\\/fmpatagoniamadryn.com.ar\\\/?p=18308\",\"url\":\"https:\\\/\\\/fmpatagoniamadryn.com.ar\\\/?p=18308\",\"name\":\"Doble crimen narco en Madryn: la Justicia avanza hacia el juicio oral - FM Patagonia Madryn\",\"isPartOf\":{\"@id\":\"https:\\\/\\\/fmpatagoniamadryn.com.ar\\\/#website\"},\"primaryImageOfPage\":{\"@id\":\"https:\\\/\\\/fmpatagoniamadryn.com.ar\\\/?p=18308#primaryimage\"},\"image\":{\"@id\":\"https:\\\/\\\/fmpatagoniamadryn.com.ar\\\/?p=18308#primaryimage\"},\"thumbnailUrl\":\"https:\\\/\\\/fmpatagoniamadryn.com.ar\\\/wp-content\\\/uploads\\\/2025\\\/10\\\/img_6864.jpg\",\"datePublished\":\"2025-10-18T14:13:59+00:00\",\"breadcrumb\":{\"@id\":\"https:\\\/\\\/fmpatagoniamadryn.com.ar\\\/?p=18308#breadcrumb\"},\"inLanguage\":\"es\",\"potentialAction\":[{\"@type\":\"ReadAction\",\"target\":[\"https:\\\/\\\/fmpatagoniamadryn.com.ar\\\/?p=18308\"]}]},{\"@type\":\"ImageObject\",\"inLanguage\":\"es\",\"@id\":\"https:\\\/\\\/fmpatagoniamadryn.com.ar\\\/?p=18308#primaryimage\",\"url\":\"https:\\\/\\\/fmpatagoniamadryn.com.ar\\\/wp-content\\\/uploads\\\/2025\\\/10\\\/img_6864.jpg\",\"contentUrl\":\"https:\\\/\\\/fmpatagoniamadryn.com.ar\\\/wp-content\\\/uploads\\\/2025\\\/10\\\/img_6864.jpg\",\"width\":1319,\"height\":701},{\"@type\":\"BreadcrumbList\",\"@id\":\"https:\\\/\\\/fmpatagoniamadryn.com.ar\\\/?p=18308#breadcrumb\",\"itemListElement\":[{\"@type\":\"ListItem\",\"position\":1,\"name\":\"Portada\",\"item\":\"https:\\\/\\\/fmpatagoniamadryn.com.ar\\\/\"},{\"@type\":\"ListItem\",\"position\":2,\"name\":\"Doble crimen narco en Madryn: la Justicia avanza hacia el juicio oral\"}]},{\"@type\":\"WebSite\",\"@id\":\"https:\\\/\\\/fmpatagoniamadryn.com.ar\\\/#website\",\"url\":\"https:\\\/\\\/fmpatagoniamadryn.com.ar\\\/\",\"name\":\"FM Patagonia Madryn\",\"description\":\"Radio Patagonia 105.5\",\"publisher\":{\"@id\":\"https:\\\/\\\/fmpatagoniamadryn.com.ar\\\/#organization\"},\"potentialAction\":[{\"@type\":\"SearchAction\",\"target\":{\"@type\":\"EntryPoint\",\"urlTemplate\":\"https:\\\/\\\/fmpatagoniamadryn.com.ar\\\/?s={search_term_string}\"},\"query-input\":{\"@type\":\"PropertyValueSpecification\",\"valueRequired\":true,\"valueName\":\"search_term_string\"}}],\"inLanguage\":\"es\"},{\"@type\":\"Organization\",\"@id\":\"https:\\\/\\\/fmpatagoniamadryn.com.ar\\\/#organization\",\"name\":\"FM Patagonia Madryn\",\"url\":\"https:\\\/\\\/fmpatagoniamadryn.com.ar\\\/\",\"logo\":{\"@type\":\"ImageObject\",\"inLanguage\":\"es\",\"@id\":\"https:\\\/\\\/fmpatagoniamadryn.com.ar\\\/#\\\/schema\\\/logo\\\/image\\\/\",\"url\":\"https:\\\/\\\/fmpatagoniamadryn.com.ar\\\/wp-content\\\/uploads\\\/2023\\\/01\\\/cropped-Diseno-sin-titulo.png\",\"contentUrl\":\"https:\\\/\\\/fmpatagoniamadryn.com.ar\\\/wp-content\\\/uploads\\\/2023\\\/01\\\/cropped-Diseno-sin-titulo.png\",\"width\":6911,\"height\":2657,\"caption\":\"FM Patagonia Madryn\"},\"image\":{\"@id\":\"https:\\\/\\\/fmpatagoniamadryn.com.ar\\\/#\\\/schema\\\/logo\\\/image\\\/\"}},{\"@type\":\"Person\",\"@id\":\"https:\\\/\\\/fmpatagoniamadryn.com.ar\\\/#\\\/schema\\\/person\\\/8a3de4ad7efceacab06c1641c50303b7\",\"name\":\"FM Patagonia\",\"url\":\"https:\\\/\\\/fmpatagoniamadryn.com.ar\\\/?author=2\"}]}<\/script>\n<!-- \/ Yoast SEO plugin. -->","yoast_head_json":{"title":"Doble crimen narco en Madryn: la Justicia avanza hacia el juicio oral - FM Patagonia Madryn","robots":{"index":"index","follow":"follow","max-snippet":"max-snippet:-1","max-image-preview":"max-image-preview:large","max-video-preview":"max-video-preview:-1"},"canonical":"https:\/\/fmpatagoniamadryn.com.ar\/?p=18308","og_locale":"es_ES","og_type":"article","og_title":"Doble crimen narco en Madryn: la Justicia avanza hacia el juicio oral - FM Patagonia Madryn","og_description":"La fiscal Silvana Salazar present\u00f3 la acusaci\u00f3n formal contra los seis imputados por los homicidios de Federico Lome\u00f1a y H\u00e9ctor Nehem\u00edas \u201cPato\u201d L\u00f3pez, ocurridos en Puerto Madryn durante diciembre de&hellip;","og_url":"https:\/\/fmpatagoniamadryn.com.ar\/?p=18308","og_site_name":"FM Patagonia Madryn","article_published_time":"2025-10-18T14:13:59+00:00","og_image":[{"width":1319,"height":701,"url":"https:\/\/fmpatagoniamadryn.com.ar\/wp-content\/uploads\/2025\/10\/img_6864.jpg","type":"image\/jpeg"}],"author":"FM Patagonia","twitter_card":"summary_large_image","twitter_misc":{"Escrito por":"FM Patagonia","Tiempo de lectura":"2 minutos"},"schema":{"@context":"https:\/\/schema.org","@graph":[{"@type":"Article","@id":"https:\/\/fmpatagoniamadryn.com.ar\/?p=18308#article","isPartOf":{"@id":"https:\/\/fmpatagoniamadryn.com.ar\/?p=18308"},"author":{"name":"FM Patagonia","@id":"https:\/\/fmpatagoniamadryn.com.ar\/#\/schema\/person\/8a3de4ad7efceacab06c1641c50303b7"},"headline":"Doble crimen narco en Madryn: la Justicia avanza hacia el juicio oral","datePublished":"2025-10-18T14:13:59+00:00","mainEntityOfPage":{"@id":"https:\/\/fmpatagoniamadryn.com.ar\/?p=18308"},"wordCount":351,"publisher":{"@id":"https:\/\/fmpatagoniamadryn.com.ar\/#organization"},"image":{"@id":"https:\/\/fmpatagoniamadryn.com.ar\/?p=18308#primaryimage"},"thumbnailUrl":"https:\/\/fmpatagoniamadryn.com.ar\/wp-content\/uploads\/2025\/10\/img_6864.jpg","articleSection":["Policiales"],"inLanguage":"es"},{"@type":"WebPage","@id":"https:\/\/fmpatagoniamadryn.com.ar\/?p=18308","url":"https:\/\/fmpatagoniamadryn.com.ar\/?p=18308","name":"Doble crimen narco en Madryn: la Justicia avanza hacia el juicio oral - FM Patagonia Madryn","isPartOf":{"@id":"https:\/\/fmpatagoniamadryn.com.ar\/#website"},"primaryImageOfPage":{"@id":"https:\/\/fmpatagoniamadryn.com.ar\/?p=18308#primaryimage"},"image":{"@id":"https:\/\/fmpatagoniamadryn.com.ar\/?p=18308#primaryimage"},"thumbnailUrl":"https:\/\/fmpatagoniamadryn.com.ar\/wp-content\/uploads\/2025\/10\/img_6864.jpg","datePublished":"2025-10-18T14:13:59+00:00","breadcrumb":{"@id":"https:\/\/fmpatagoniamadryn.com.ar\/?p=18308#breadcrumb"},"inLanguage":"es","potentialAction":[{"@type":"ReadAction","target":["https:\/\/fmpatagoniamadryn.com.ar\/?p=18308"]}]},{"@type":"ImageObject","inLanguage":"es","@id":"https:\/\/fmpatagoniamadryn.com.ar\/?p=18308#primaryimage","url":"https:\/\/fmpatagoniamadryn.com.ar\/wp-content\/uploads\/2025\/10\/img_6864.jpg","contentUrl":"https:\/\/fmpatagoniamadryn.com.ar\/wp-content\/uploads\/2025\/10\/img_6864.jpg","width":1319,"height":701},{"@type":"BreadcrumbList","@id":"https:\/\/fmpatagoniamadryn.com.ar\/?p=18308#breadcrumb","itemListElement":[{"@type":"ListItem","position":1,"name":"Portada","item":"https:\/\/fmpatagoniamadryn.com.ar\/"},{"@type":"ListItem","position":2,"name":"Doble crimen narco en Madryn: la Justicia avanza hacia el juicio oral"}]},{"@type":"WebSite","@id":"https:\/\/fmpatagoniamadryn.com.ar\/#website","url":"https:\/\/fmpatagoniamadryn.com.ar\/","name":"FM Patagonia Madryn","description":"Radio Patagonia 105.5","publisher":{"@id":"https:\/\/fmpatagoniamadryn.com.ar\/#organization"},"potentialAction":[{"@type":"SearchAction","target":{"@type":"EntryPoint","urlTemplate":"https:\/\/fmpatagoniamadryn.com.ar\/?s={search_term_string}"},"query-input":{"@type":"PropertyValueSpecification","valueRequired":true,"valueName":"search_term_string"}}],"inLanguage":"es"},{"@type":"Organization","@id":"https:\/\/fmpatagoniamadryn.com.ar\/#organization","name":"FM Patagonia Madryn","url":"https:\/\/fmpatagoniamadryn.com.ar\/","logo":{"@type":"ImageObject","inLanguage":"es","@id":"https:\/\/fmpatagoniamadryn.com.ar\/#\/schema\/logo\/image\/","url":"https:\/\/fmpatagoniamadryn.com.ar\/wp-content\/uploads\/2023\/01\/cropped-Diseno-sin-titulo.png","contentUrl":"https:\/\/fmpatagoniamadryn.com.ar\/wp-content\/uploads\/2023\/01\/cropped-Diseno-sin-titulo.png","width":6911,"height":2657,"caption":"FM Patagonia Madryn"},"image":{"@id":"https:\/\/fmpatagoniamadryn.com.ar\/#\/schema\/logo\/image\/"}},{"@type":"Person","@id":"https:\/\/fmpatagoniamadryn.com.ar\/#\/schema\/person\/8a3de4ad7efceacab06c1641c50303b7","name":"FM Patagonia","url":"https:\/\/fmpatagoniamadryn.com.ar\/?author=2"}]}},"jetpack_featured_media_url":"https:\/\/fmpatagoniamadryn.com.ar\/wp-content\/uploads\/2025\/10\/img_6864.jpg","_links":{"self":[{"href":"https:\/\/fmpatagoniamadryn.com.ar\/index.php?rest_route=\/wp\/v2\/posts\/18308","targetHints":{"allow":["GET"]}}],"collection":[{"href":"https:\/\/fmpatagoniamadryn.com.ar\/index.php?rest_route=\/wp\/v2\/posts"}],"about":[{"href":"https:\/\/fmpatagoniamadryn.com.ar\/index.php?rest_route=\/wp\/v2\/types\/post"}],"author":[{"embeddable":true,"href":"https:\/\/fmpatagoniamadryn.com.ar\/index.php?rest_route=\/wp\/v2\/users\/2"}],"replies":[{"embeddable":true,"href":"https:\/\/fmpatagoniamadryn.com.ar\/index.php?rest_route=%2Fwp%2Fv2%2Fcomments&post=18308"}],"version-history":[{"count":1,"href":"https:\/\/fmpatagoniamadryn.com.ar\/index.php?rest_route=\/wp\/v2\/posts\/18308\/revisions"}],"predecessor-version":[{"id":18309,"href":"https:\/\/fmpatagoniamadryn.com.ar\/index.php?rest_route=\/wp\/v2\/posts\/18308\/revisions\/18309"}],"wp:featuredmedia":[{"embeddable":true,"href":"https:\/\/fmpatagoniamadryn.com.ar\/index.php?rest_route=\/wp\/v2\/media\/18307"}],"wp:attachment":[{"href":"https:\/\/fmpatagoniamadryn.com.ar\/index.php?rest_route=%2Fwp%2Fv2%2Fmedia&parent=18308"}],"wp:term":[{"taxonomy":"category","embeddable":true,"href":"https:\/\/fmpatagoniamadryn.com.ar\/index.php?rest_route=%2Fwp%2Fv2%2Fcategories&post=18308"},{"taxonomy":"post_tag","embeddable":true,"href":"https:\/\/fmpatagoniamadryn.com.ar\/index.php?rest_route=%2Fwp%2Fv2%2Ftags&post=18308"}],"curies":[{"name":"wp","href":"https:\/\/api.w.org\/{rel}","templated":true}]}}