{"id":18311,"date":"2025-10-18T11:15:39","date_gmt":"2025-10-18T14:15:39","guid":{"rendered":"https:\/\/fmpatagoniamadryn.com.ar\/?p=18311"},"modified":"2025-10-18T11:15:39","modified_gmt":"2025-10-18T14:15:39","slug":"torres-destaco-el-inicio-de-la-era-no-convencional-en-cerro-dragon-y-ratifico-que-defender-el-trabajo-en-nuestra-provincia-es-la-prioridad","status":"publish","type":"post","link":"https:\/\/fmpatagoniamadryn.com.ar\/?p=18311","title":{"rendered":"Torres destac\u00f3 el inicio de la era no convencional en Cerro Drag\u00f3n y ratific\u00f3 que \u00abdefender el trabajo en nuestra provincia es la prioridad\u00bb"},"content":{"rendered":"\n<p><\/p>\n\n\n\n<p><em>El proyecto implicar\u00e1 una inversi\u00f3n total de 250 millones de d\u00f3lares, con el objetivo de reforzar la producci\u00f3n de un \u00e1rea considerada clave para la econom\u00eda de la provincia, en el marco de la agenda de desarrollo impulsada por el mandatario. El titular del Ejecutivo puso en valor el acompa\u00f1amiento un\u00e1nime de operadoras del sector y dirigentes gremiales, con los cuales viajar\u00e1 a Buenos Aires la pr\u00f3xima semana \u00abpara exigir que Naci\u00f3n cumpla su parte, porque Chubut ya lo hizo\u00bb, seg\u00fan destac\u00f3.<\/em><\/p>\n\n\n\n<p>El gobernador del Chubut, Ignacio \u00abNacho\u00bb Torres, encabez\u00f3 el acto de presentaci\u00f3n del equipo que realizar\u00e1 el segundo pozo no convencional en Cerro Drag\u00f3n, a partir de una millonaria inversi\u00f3n de la empresa Pan American Energy, en el marco del plan piloto para la reconversi\u00f3n de la Cuenca Golfo San Jorge.<\/p>\n\n\n\n<p>El acto tuvo lugar en la base de la compa\u00f1\u00eda DLS en Comodoro Rivadavia, que en noviembre comenzar\u00e1 a perforar el segundo pozo no convencional en Cerro Drag\u00f3n, siendo este actualmente el primero aprobado en la reconversi\u00f3n del yacimiento.<\/p>\n\n\n\n<p>En el marco de los compromisos asumidos al momento de reconvertir la concesi\u00f3n, la compa\u00f1\u00eda desarrolla una inversi\u00f3n cercana a los 250 millones de d\u00f3lares, destinada a la ejecuci\u00f3n de un plan piloto con objetivo no convencional en Chubut, garantizando nuevas oportunidades de desarrollo e inversi\u00f3n para el futuro energ\u00e9tico de la regi\u00f3n.<\/p>\n\n\n\n<p>En este contexto, las autoridades de la compa\u00f1\u00eda formalizaron el compromiso adicional de llevar adelante la construcci\u00f3n de 17 proyectos de inyecci\u00f3n de pol\u00edmeros para recuperaci\u00f3n terciaria, que buscar\u00e1n contrarrestar el declino del \u00e1rea y maximizar la recuperaci\u00f3n de las reservas descubiertas.<\/p>\n\n\n\n<p><strong>\u00abChubut es esfuerzo y trabajo\u00bb<\/strong><\/p>\n\n\n\n<p>Torres sostuvo que \u00abhoy es un d\u00eda simb\u00f3lico desde muchos puntos de vista, porque donde muchos hablan de lealtades y levantan banderas partidarias, en momentos dif\u00edciles como los que estamos atravesando a nivel nacional, florece lo mejor de los dirigentes gremiales y pol\u00edticos\u00bb.<\/p>\n\n\n\n<p>\u00abLa \u00fanica lealtad que vamos a seguir defendiendo, hasta las \u00faltimas consecuencias, es a los chubutenses, al trabajo y la producci\u00f3n de nuestra provincia\u00bb, remarc\u00f3 el Gobernador, agregando que \u00abnuestra cuenca gener\u00f3, en los \u00faltimos cien a\u00f1os, m\u00e1s de 300 mil millones de d\u00f3lares a los distintos gobiernos nacionales, por eso en estos momentos dif\u00edciles, nuestra responsabilidad es con la gente, con nuestros trabajadores, los intendentes, los representantes gremiales y las operadoras\u00bb.<\/p>\n\n\n\n<p>Por otra parte, el titular del Ejecutivo resalt\u00f3 que \u00abeste es el segundo de diez pozos no convencionales que nos pueden poner en un lugar muy distinto y cambiar la matriz productiva de nuestra provincia\u00bb y ratific\u00f3 que \u00abvamos a seguir defendiendo el trabajo: esa es la prioridad de la provincia, de los municipios y de todos los que estamos presentes\u00bb.<\/p>\n\n\n\n<p>En la misma l\u00ednea, Torres agradeci\u00f3 \u00aba los distintos intendentes que acompa\u00f1an este compromiso conjunto; justicialistas, radicales y de otros partidos, porque ac\u00e1 no hay bander\u00edas pol\u00edticas, sino un llamado a la unidad de todos los chubutenses para hacer valer todo lo que generamos, que es lo nuestro\u00bb y anticip\u00f3 que la semana pr\u00f3xima viajar\u00e1 a Buenos Aires junto a los dirigentes gremiales del sector \u00abpara exigir a Naci\u00f3n que cumpla su parte, porque Chubut ya lo hizo\u00bb.<\/p>\n\n\n\n<p><strong>Millonaria inversi\u00f3n<\/strong><\/p>\n\n\n\n<p>En el mismo acto encabezado por Torres, se anunci\u00f3 una inversi\u00f3n estrat\u00e9gica en materia de recuperaci\u00f3n terciaria, que contempla la instalaci\u00f3n de 17 plantas de pol\u00edmeros, destinadas a casi duplicar la capacidad instalada en este tipo de proyectos dentro de la provincia. De la totalidad de plantas anunciadas, se proyecta durante los pr\u00f3ximos 12 meses la instalaci\u00f3n de las primeras 6 plantas incluidas en el plan.<\/p>\n\n\n\n<p>La inversi\u00f3n para la totalidad de los proyectos alcanzar\u00e1 los 250 millones de d\u00f3lares.<\/p>\n\n\n\n<p>Adem\u00e1s, con el fin de afrontar los desaf\u00edos t\u00e9cnicos que implica una perforaci\u00f3n de esta magnitud, el equipo perforador DLS-160 est\u00e1 siendo adaptado a los requerimientos espec\u00edficos del nuevo pozo, proceso que permitir\u00e1 maximizar el uso de equipamiento y mano de obra local.<\/p>\n\n\n\n<p>Se estima que durante la primera semana de noviembre concluir\u00e1n las tareas de adecuaci\u00f3n, tras lo cual el equipo iniciar\u00e1 su traslado al yacimiento para comenzar con las operaciones de este nuevo pozo no convencional.<\/p>\n\n\n\n<p><strong>Autoridades presentes<\/strong><\/p>\n\n\n\n<p>Durante el acto, acompa\u00f1aron al mandatario el vicegobernador Gustavo Menna; la diputada nacional Ana Clara Romero; ministro de Hidrocarburos del Chubut, Federico Ponce; el secretario general del Sindicato del Petr\u00f3leo y Gas Privado del Chubut, Jorge \u201cLoma\u201d \u00c1vila, y el secretario Adjunto del gremio, Carlos G\u00f3mez; los secretarios generales del Sindicato Petrolero Jer\u00e1rquico de la Patagonia Austral, Jos\u00e9 Lludgar; de la UOCRA Comodoro Rivadavia, Ra\u00fal Silva; del Sindicato de Camioneros de Chubut, Jorge Taboada; los intendentes de Comodoro Rivadavia, Othar Macharashvili; de Rada Tilly, Mariel Peralta; y de Sarmiento, Sebasti\u00e1n Balochi; el presidente de Petrominera Chubut S.E., H\u00e9ctor \u201cPato\u201d Millar; y por parte de la empresa Pan American Energy, el vicepresidente Corporativo de Relaciones Institucionales, Daniel Felici; el vicepresidente de Relaciones Laborales, Sergio Faraudo; el vicepresidente de Operaciones en Golfo San Jorge, Tom\u00e1s Catzman; el gerente Ejecutivo Regional, Gast\u00f3n Malbos; y el gerente de Relaciones Institucionales Golfo San Jorge, Horacio Garc\u00eda.<\/p>\n","protected":false},"excerpt":{"rendered":"<p>El proyecto implicar\u00e1 una inversi\u00f3n total de 250 millones de d\u00f3lares, con el objetivo de reforzar la producci\u00f3n de un \u00e1rea considerada clave para la econom\u00eda de la provincia, en&hellip; <\/p>\n","protected":false},"author":2,"featured_media":18310,"comment_status":"closed","ping_status":"closed","sticky":false,"template":"","format":"standard","meta":{"footnotes":""},"categories":[14],"tags":[],"class_list":["post-18311","post","type-post","status-publish","format-standard","has-post-thumbnail","hentry","category-provinciales"],"yoast_head":"<!-- This site is optimized with the Yoast SEO plugin v27.5 - https:\/\/yoast.com\/product\/yoast-seo-wordpress\/ -->\n<title>Torres destac\u00f3 el inicio de la era no convencional en Cerro Drag\u00f3n y ratific\u00f3 que &quot;defender el trabajo en nuestra provincia es la prioridad&quot; - FM Patagonia Madryn<\/title>\n<meta name=\"robots\" content=\"index, follow, max-snippet:-1, max-image-preview:large, max-video-preview:-1\" \/>\n<link rel=\"canonical\" href=\"https:\/\/fmpatagoniamadryn.com.ar\/?p=18311\" \/>\n<meta property=\"og:locale\" content=\"es_ES\" \/>\n<meta property=\"og:type\" content=\"article\" \/>\n<meta property=\"og:title\" content=\"Torres destac\u00f3 el inicio de la era no convencional en Cerro Drag\u00f3n y ratific\u00f3 que &quot;defender el trabajo en nuestra provincia es la prioridad&quot; - FM Patagonia Madryn\" \/>\n<meta property=\"og:description\" content=\"El proyecto implicar\u00e1 una inversi\u00f3n total de 250 millones de d\u00f3lares, con el objetivo de reforzar la producci\u00f3n de un \u00e1rea considerada clave para la econom\u00eda de la provincia, en&hellip;\" \/>\n<meta property=\"og:url\" content=\"https:\/\/fmpatagoniamadryn.com.ar\/?p=18311\" \/>\n<meta property=\"og:site_name\" content=\"FM Patagonia Madryn\" \/>\n<meta property=\"article:published_time\" content=\"2025-10-18T14:15:39+00:00\" \/>\n<meta property=\"og:image\" content=\"https:\/\/fmpatagoniamadryn.com.ar\/wp-content\/uploads\/2025\/10\/img_6865.jpg\" \/>\n\t<meta property=\"og:image:width\" content=\"2000\" \/>\n\t<meta property=\"og:image:height\" content=\"1333\" \/>\n\t<meta property=\"og:image:type\" content=\"image\/jpeg\" \/>\n<meta name=\"author\" content=\"FM Patagonia\" \/>\n<meta name=\"twitter:card\" content=\"summary_large_image\" \/>\n<meta name=\"twitter:label1\" content=\"Escrito por\" \/>\n\t<meta name=\"twitter:data1\" content=\"FM Patagonia\" \/>\n\t<meta name=\"twitter:label2\" content=\"Tiempo de lectura\" \/>\n\t<meta name=\"twitter:data2\" content=\"5 minutos\" \/>\n<script type=\"application\/ld+json\" class=\"yoast-schema-graph\">{\"@context\":\"https:\\\/\\\/schema.org\",\"@graph\":[{\"@type\":\"Article\",\"@id\":\"https:\\\/\\\/fmpatagoniamadryn.com.ar\\\/?p=18311#article\",\"isPartOf\":{\"@id\":\"https:\\\/\\\/fmpatagoniamadryn.com.ar\\\/?p=18311\"},\"author\":{\"name\":\"FM Patagonia\",\"@id\":\"https:\\\/\\\/fmpatagoniamadryn.com.ar\\\/#\\\/schema\\\/person\\\/8a3de4ad7efceacab06c1641c50303b7\"},\"headline\":\"Torres destac\u00f3 el inicio de la era no convencional en Cerro Drag\u00f3n y ratific\u00f3 que \u00abdefender el trabajo en nuestra provincia es la prioridad\u00bb\",\"datePublished\":\"2025-10-18T14:15:39+00:00\",\"mainEntityOfPage\":{\"@id\":\"https:\\\/\\\/fmpatagoniamadryn.com.ar\\\/?p=18311\"},\"wordCount\":930,\"publisher\":{\"@id\":\"https:\\\/\\\/fmpatagoniamadryn.com.ar\\\/#organization\"},\"image\":{\"@id\":\"https:\\\/\\\/fmpatagoniamadryn.com.ar\\\/?p=18311#primaryimage\"},\"thumbnailUrl\":\"https:\\\/\\\/fmpatagoniamadryn.com.ar\\\/wp-content\\\/uploads\\\/2025\\\/10\\\/img_6865.jpg\",\"articleSection\":[\"Provinciales\"],\"inLanguage\":\"es\"},{\"@type\":\"WebPage\",\"@id\":\"https:\\\/\\\/fmpatagoniamadryn.com.ar\\\/?p=18311\",\"url\":\"https:\\\/\\\/fmpatagoniamadryn.com.ar\\\/?p=18311\",\"name\":\"Torres destac\u00f3 el inicio de la era no convencional en Cerro Drag\u00f3n y ratific\u00f3 que \\\"defender el trabajo en nuestra provincia es la prioridad\\\" - FM Patagonia Madryn\",\"isPartOf\":{\"@id\":\"https:\\\/\\\/fmpatagoniamadryn.com.ar\\\/#website\"},\"primaryImageOfPage\":{\"@id\":\"https:\\\/\\\/fmpatagoniamadryn.com.ar\\\/?p=18311#primaryimage\"},\"image\":{\"@id\":\"https:\\\/\\\/fmpatagoniamadryn.com.ar\\\/?p=18311#primaryimage\"},\"thumbnailUrl\":\"https:\\\/\\\/fmpatagoniamadryn.com.ar\\\/wp-content\\\/uploads\\\/2025\\\/10\\\/img_6865.jpg\",\"datePublished\":\"2025-10-18T14:15:39+00:00\",\"breadcrumb\":{\"@id\":\"https:\\\/\\\/fmpatagoniamadryn.com.ar\\\/?p=18311#breadcrumb\"},\"inLanguage\":\"es\",\"potentialAction\":[{\"@type\":\"ReadAction\",\"target\":[\"https:\\\/\\\/fmpatagoniamadryn.com.ar\\\/?p=18311\"]}]},{\"@type\":\"ImageObject\",\"inLanguage\":\"es\",\"@id\":\"https:\\\/\\\/fmpatagoniamadryn.com.ar\\\/?p=18311#primaryimage\",\"url\":\"https:\\\/\\\/fmpatagoniamadryn.com.ar\\\/wp-content\\\/uploads\\\/2025\\\/10\\\/img_6865.jpg\",\"contentUrl\":\"https:\\\/\\\/fmpatagoniamadryn.com.ar\\\/wp-content\\\/uploads\\\/2025\\\/10\\\/img_6865.jpg\",\"width\":2000,\"height\":1333},{\"@type\":\"BreadcrumbList\",\"@id\":\"https:\\\/\\\/fmpatagoniamadryn.com.ar\\\/?p=18311#breadcrumb\",\"itemListElement\":[{\"@type\":\"ListItem\",\"position\":1,\"name\":\"Portada\",\"item\":\"https:\\\/\\\/fmpatagoniamadryn.com.ar\\\/\"},{\"@type\":\"ListItem\",\"position\":2,\"name\":\"Torres destac\u00f3 el inicio de la era no convencional en Cerro Drag\u00f3n y ratific\u00f3 que \u00abdefender el trabajo en nuestra provincia es la prioridad\u00bb\"}]},{\"@type\":\"WebSite\",\"@id\":\"https:\\\/\\\/fmpatagoniamadryn.com.ar\\\/#website\",\"url\":\"https:\\\/\\\/fmpatagoniamadryn.com.ar\\\/\",\"name\":\"FM Patagonia Madryn\",\"description\":\"Radio Patagonia 105.5\",\"publisher\":{\"@id\":\"https:\\\/\\\/fmpatagoniamadryn.com.ar\\\/#organization\"},\"potentialAction\":[{\"@type\":\"SearchAction\",\"target\":{\"@type\":\"EntryPoint\",\"urlTemplate\":\"https:\\\/\\\/fmpatagoniamadryn.com.ar\\\/?s={search_term_string}\"},\"query-input\":{\"@type\":\"PropertyValueSpecification\",\"valueRequired\":true,\"valueName\":\"search_term_string\"}}],\"inLanguage\":\"es\"},{\"@type\":\"Organization\",\"@id\":\"https:\\\/\\\/fmpatagoniamadryn.com.ar\\\/#organization\",\"name\":\"FM Patagonia Madryn\",\"url\":\"https:\\\/\\\/fmpatagoniamadryn.com.ar\\\/\",\"logo\":{\"@type\":\"ImageObject\",\"inLanguage\":\"es\",\"@id\":\"https:\\\/\\\/fmpatagoniamadryn.com.ar\\\/#\\\/schema\\\/logo\\\/image\\\/\",\"url\":\"https:\\\/\\\/fmpatagoniamadryn.com.ar\\\/wp-content\\\/uploads\\\/2023\\\/01\\\/cropped-Diseno-sin-titulo.png\",\"contentUrl\":\"https:\\\/\\\/fmpatagoniamadryn.com.ar\\\/wp-content\\\/uploads\\\/2023\\\/01\\\/cropped-Diseno-sin-titulo.png\",\"width\":6911,\"height\":2657,\"caption\":\"FM Patagonia Madryn\"},\"image\":{\"@id\":\"https:\\\/\\\/fmpatagoniamadryn.com.ar\\\/#\\\/schema\\\/logo\\\/image\\\/\"}},{\"@type\":\"Person\",\"@id\":\"https:\\\/\\\/fmpatagoniamadryn.com.ar\\\/#\\\/schema\\\/person\\\/8a3de4ad7efceacab06c1641c50303b7\",\"name\":\"FM Patagonia\",\"url\":\"https:\\\/\\\/fmpatagoniamadryn.com.ar\\\/?author=2\"}]}<\/script>\n<!-- \/ Yoast SEO plugin. -->","yoast_head_json":{"title":"Torres destac\u00f3 el inicio de la era no convencional en Cerro Drag\u00f3n y ratific\u00f3 que \"defender el trabajo en nuestra provincia es la prioridad\" - FM Patagonia Madryn","robots":{"index":"index","follow":"follow","max-snippet":"max-snippet:-1","max-image-preview":"max-image-preview:large","max-video-preview":"max-video-preview:-1"},"canonical":"https:\/\/fmpatagoniamadryn.com.ar\/?p=18311","og_locale":"es_ES","og_type":"article","og_title":"Torres destac\u00f3 el inicio de la era no convencional en Cerro Drag\u00f3n y ratific\u00f3 que \"defender el trabajo en nuestra provincia es la prioridad\" - FM Patagonia Madryn","og_description":"El proyecto implicar\u00e1 una inversi\u00f3n total de 250 millones de d\u00f3lares, con el objetivo de reforzar la producci\u00f3n de un \u00e1rea considerada clave para la econom\u00eda de la provincia, en&hellip;","og_url":"https:\/\/fmpatagoniamadryn.com.ar\/?p=18311","og_site_name":"FM Patagonia Madryn","article_published_time":"2025-10-18T14:15:39+00:00","og_image":[{"width":2000,"height":1333,"url":"https:\/\/fmpatagoniamadryn.com.ar\/wp-content\/uploads\/2025\/10\/img_6865.jpg","type":"image\/jpeg"}],"author":"FM Patagonia","twitter_card":"summary_large_image","twitter_misc":{"Escrito por":"FM Patagonia","Tiempo de lectura":"5 minutos"},"schema":{"@context":"https:\/\/schema.org","@graph":[{"@type":"Article","@id":"https:\/\/fmpatagoniamadryn.com.ar\/?p=18311#article","isPartOf":{"@id":"https:\/\/fmpatagoniamadryn.com.ar\/?p=18311"},"author":{"name":"FM Patagonia","@id":"https:\/\/fmpatagoniamadryn.com.ar\/#\/schema\/person\/8a3de4ad7efceacab06c1641c50303b7"},"headline":"Torres destac\u00f3 el inicio de la era no convencional en Cerro Drag\u00f3n y ratific\u00f3 que \u00abdefender el trabajo en nuestra provincia es la prioridad\u00bb","datePublished":"2025-10-18T14:15:39+00:00","mainEntityOfPage":{"@id":"https:\/\/fmpatagoniamadryn.com.ar\/?p=18311"},"wordCount":930,"publisher":{"@id":"https:\/\/fmpatagoniamadryn.com.ar\/#organization"},"image":{"@id":"https:\/\/fmpatagoniamadryn.com.ar\/?p=18311#primaryimage"},"thumbnailUrl":"https:\/\/fmpatagoniamadryn.com.ar\/wp-content\/uploads\/2025\/10\/img_6865.jpg","articleSection":["Provinciales"],"inLanguage":"es"},{"@type":"WebPage","@id":"https:\/\/fmpatagoniamadryn.com.ar\/?p=18311","url":"https:\/\/fmpatagoniamadryn.com.ar\/?p=18311","name":"Torres destac\u00f3 el inicio de la era no convencional en Cerro Drag\u00f3n y ratific\u00f3 que \"defender el trabajo en nuestra provincia es la prioridad\" - FM Patagonia Madryn","isPartOf":{"@id":"https:\/\/fmpatagoniamadryn.com.ar\/#website"},"primaryImageOfPage":{"@id":"https:\/\/fmpatagoniamadryn.com.ar\/?p=18311#primaryimage"},"image":{"@id":"https:\/\/fmpatagoniamadryn.com.ar\/?p=18311#primaryimage"},"thumbnailUrl":"https:\/\/fmpatagoniamadryn.com.ar\/wp-content\/uploads\/2025\/10\/img_6865.jpg","datePublished":"2025-10-18T14:15:39+00:00","breadcrumb":{"@id":"https:\/\/fmpatagoniamadryn.com.ar\/?p=18311#breadcrumb"},"inLanguage":"es","potentialAction":[{"@type":"ReadAction","target":["https:\/\/fmpatagoniamadryn.com.ar\/?p=18311"]}]},{"@type":"ImageObject","inLanguage":"es","@id":"https:\/\/fmpatagoniamadryn.com.ar\/?p=18311#primaryimage","url":"https:\/\/fmpatagoniamadryn.com.ar\/wp-content\/uploads\/2025\/10\/img_6865.jpg","contentUrl":"https:\/\/fmpatagoniamadryn.com.ar\/wp-content\/uploads\/2025\/10\/img_6865.jpg","width":2000,"height":1333},{"@type":"BreadcrumbList","@id":"https:\/\/fmpatagoniamadryn.com.ar\/?p=18311#breadcrumb","itemListElement":[{"@type":"ListItem","position":1,"name":"Portada","item":"https:\/\/fmpatagoniamadryn.com.ar\/"},{"@type":"ListItem","position":2,"name":"Torres destac\u00f3 el inicio de la era no convencional en Cerro Drag\u00f3n y ratific\u00f3 que \u00abdefender el trabajo en nuestra provincia es la prioridad\u00bb"}]},{"@type":"WebSite","@id":"https:\/\/fmpatagoniamadryn.com.ar\/#website","url":"https:\/\/fmpatagoniamadryn.com.ar\/","name":"FM Patagonia Madryn","description":"Radio Patagonia 105.5","publisher":{"@id":"https:\/\/fmpatagoniamadryn.com.ar\/#organization"},"potentialAction":[{"@type":"SearchAction","target":{"@type":"EntryPoint","urlTemplate":"https:\/\/fmpatagoniamadryn.com.ar\/?s={search_term_string}"},"query-input":{"@type":"PropertyValueSpecification","valueRequired":true,"valueName":"search_term_string"}}],"inLanguage":"es"},{"@type":"Organization","@id":"https:\/\/fmpatagoniamadryn.com.ar\/#organization","name":"FM Patagonia Madryn","url":"https:\/\/fmpatagoniamadryn.com.ar\/","logo":{"@type":"ImageObject","inLanguage":"es","@id":"https:\/\/fmpatagoniamadryn.com.ar\/#\/schema\/logo\/image\/","url":"https:\/\/fmpatagoniamadryn.com.ar\/wp-content\/uploads\/2023\/01\/cropped-Diseno-sin-titulo.png","contentUrl":"https:\/\/fmpatagoniamadryn.com.ar\/wp-content\/uploads\/2023\/01\/cropped-Diseno-sin-titulo.png","width":6911,"height":2657,"caption":"FM Patagonia Madryn"},"image":{"@id":"https:\/\/fmpatagoniamadryn.com.ar\/#\/schema\/logo\/image\/"}},{"@type":"Person","@id":"https:\/\/fmpatagoniamadryn.com.ar\/#\/schema\/person\/8a3de4ad7efceacab06c1641c50303b7","name":"FM Patagonia","url":"https:\/\/fmpatagoniamadryn.com.ar\/?author=2"}]}},"jetpack_featured_media_url":"https:\/\/fmpatagoniamadryn.com.ar\/wp-content\/uploads\/2025\/10\/img_6865.jpg","_links":{"self":[{"href":"https:\/\/fmpatagoniamadryn.com.ar\/index.php?rest_route=\/wp\/v2\/posts\/18311","targetHints":{"allow":["GET"]}}],"collection":[{"href":"https:\/\/fmpatagoniamadryn.com.ar\/index.php?rest_route=\/wp\/v2\/posts"}],"about":[{"href":"https:\/\/fmpatagoniamadryn.com.ar\/index.php?rest_route=\/wp\/v2\/types\/post"}],"author":[{"embeddable":true,"href":"https:\/\/fmpatagoniamadryn.com.ar\/index.php?rest_route=\/wp\/v2\/users\/2"}],"replies":[{"embeddable":true,"href":"https:\/\/fmpatagoniamadryn.com.ar\/index.php?rest_route=%2Fwp%2Fv2%2Fcomments&post=18311"}],"version-history":[{"count":1,"href":"https:\/\/fmpatagoniamadryn.com.ar\/index.php?rest_route=\/wp\/v2\/posts\/18311\/revisions"}],"predecessor-version":[{"id":18312,"href":"https:\/\/fmpatagoniamadryn.com.ar\/index.php?rest_route=\/wp\/v2\/posts\/18311\/revisions\/18312"}],"wp:featuredmedia":[{"embeddable":true,"href":"https:\/\/fmpatagoniamadryn.com.ar\/index.php?rest_route=\/wp\/v2\/media\/18310"}],"wp:attachment":[{"href":"https:\/\/fmpatagoniamadryn.com.ar\/index.php?rest_route=%2Fwp%2Fv2%2Fmedia&parent=18311"}],"wp:term":[{"taxonomy":"category","embeddable":true,"href":"https:\/\/fmpatagoniamadryn.com.ar\/index.php?rest_route=%2Fwp%2Fv2%2Fcategories&post=18311"},{"taxonomy":"post_tag","embeddable":true,"href":"https:\/\/fmpatagoniamadryn.com.ar\/index.php?rest_route=%2Fwp%2Fv2%2Ftags&post=18311"}],"curies":[{"name":"wp","href":"https:\/\/api.w.org\/{rel}","templated":true}]}}