{"id":18320,"date":"2025-10-20T13:09:19","date_gmt":"2025-10-20T16:09:19","guid":{"rendered":"https:\/\/fmpatagoniamadryn.com.ar\/?p=18320"},"modified":"2025-10-20T13:09:19","modified_gmt":"2025-10-20T16:09:19","slug":"pareja-desaparecida-en-chubut-a-esta-altura-no-podemos-descartar-nada","status":"publish","type":"post","link":"https:\/\/fmpatagoniamadryn.com.ar\/?p=18320","title":{"rendered":"Pareja desaparecida en Chubut: \u00abA esta altura no podemos descartar nada\u00bb"},"content":{"rendered":"\n<h1 class=\"wp-block-heading brxe-post-title\" id=\"brxe-vciond\"><\/h1>\n\n\n\n<h2 class=\"wp-block-heading brxe-text-basic bk__bajada--h3\" id=\"brxe-cwtgdu\">Con el correr de las horas crece la incertidumbre sobre lo que ocurri\u00f3 con Morales y Kreder. Fuerzas provinciales y voluntarios trabajan de manera ininterrumpida para intentar dar con el paradero de ambos.<\/h2>\n\n\n\n<p>Horas de gran incertidumbre y preocupaci\u00f3n por la desaparici\u00f3n de&nbsp;<strong>Pedro Kreder y Juana Morales<\/strong>, la pareja mayor de Comodoro Rivadavia que no es vista desde hace m\u00e1s de una semana.&nbsp;<\/p>\n\n\n\n<p>El caso, que comenz\u00f3 como una b\u00fasqueda de paradero, tom\u00f3 trascendencia nacional luego de que el viernes fuera encontrada su camioneta \u2014una Toyota Hilux\u2014 en una zona de dif\u00edcil acceso conocida como&nbsp;<strong>el Ca\u00f1ad\u00f3n de Visser<\/strong>, al norte de Caleta C\u00f3rdova.<\/p>\n\n\n\n<p>El veh\u00edculo fue hallado&nbsp;<strong>encajado en barro hasta las puertas, con las puertas cerradas y pertenencias en su interior<\/strong>, pero sin rastros de sus ocupantes. Desde entonces, fuerzas provinciales de seguridad, rescatistas y voluntarios trabajan de manera ininterrumpida para intentar dar con el paradero de la pareja.<\/p>\n\n\n\n<p>En ese contexto, el&nbsp;<strong>comisario Ra\u00fal Jones<\/strong>, segundo jefe de la Unidad Regional de Comodoro Rivadavia, explic\u00f3 que los trabajos comenzaron inmediatamente despu\u00e9s del hallazgo del rodado y no se han detenido desde entonces.&nbsp;<\/p>\n\n\n\n<p>\u201c<strong>Se sigue trabajando en la zona, no se dej\u00f3 de hacerlo ni un solo d\u00eda<\/strong>. Hoy volvi\u00f3 a salir una comitiva importante; el s\u00e1bado tambi\u00e9n estuve ah\u00ed y me encontr\u00e9 con varios voluntarios en motos, cuatriciclos y veh\u00edculos 4\u00d74, porque es un lugar muy inh\u00f3spito, al que se tarda m\u00e1s de una hora y media en llegar desde Caleta C\u00f3rdova\u201d, detall\u00f3 el jefe policial.<\/p>\n\n\n\n<p><strong>La camioneta qued\u00f3 atrapada en un sector con barro muy profundo<\/strong>, lo que habr\u00eda dificultado cualquier intento de volver al camino principal. \u201cCaminamos la zona y hay sectores donde el pie directamente se encaja en el terreno. Por eso el veh\u00edculo qued\u00f3 en esa posici\u00f3n\u201d, describi\u00f3.<\/p>\n\n\n\n<h3 class=\"wp-block-heading\">Rastrillajes con perros y drones<\/h3>\n\n\n\n<p>Desde el s\u00e1bado se desplegaron&nbsp;<strong>brigadas con perros de b\u00fasqueda<\/strong>, que siguieron rastros desde el veh\u00edculo hacia distintos puntos de la zona.&nbsp;<\/p>\n\n\n\n<p>\u201cSe hizo un rastreo importante hacia el norte, llegando hasta la estancia de la familia Willatowsky. Tambi\u00e9n se recorrieron algunos parajes de pescadores cercanos. Ayer se trabaj\u00f3 hacia el suroeste y hoy se contin\u00faa hacia el oeste, dividiendo los equipos para abarcar la mayor superficie posible\u201d, explic\u00f3 Jones.<\/p>\n\n\n\n<p>El operativo cuenta con&nbsp;<strong>drones, personal de bomberos de Comodoro, Trelew y Madryn<\/strong>, adem\u00e1s de efectivos de las divisiones de canes y la colaboraci\u00f3n de la Polic\u00eda Federal. En las \u00faltimas horas se sumaron voluntarios con equipos particulares de rastreo a\u00e9reo.<\/p>\n\n\n\n<h3 class=\"wp-block-heading\">Hip\u00f3tesis abiertas<\/h3>\n\n\n\n<p>Sobre las posibles causas de la desaparici\u00f3n, Jones aclar\u00f3 que&nbsp;<strong>no se descarta ninguna hip\u00f3tesis<\/strong>, incluyendo la posibilidad de un accidente o la intervenci\u00f3n de terceros. \u201cA esta altura no podemos descartar nada. Todo est\u00e1 en an\u00e1lisis bajo la direcci\u00f3n de la fiscal\u00eda\u201d, indic\u00f3.<\/p>\n\n\n\n<p>En los primeros d\u00edas, incluso las denuncias se realizaron por separado: primero la familia de Kreder report\u00f3 su ausencia, y luego, d\u00edas despu\u00e9s, lo hizo la de Morales, sin saber inicialmente que ambos se encontraban juntos. La investigaci\u00f3n permiti\u00f3 luego establecer que eran pareja desde hac\u00eda alg\u00fan tiempo y que hab\u00edan compartido el fin de semana del aniversario de Camarones antes de perder todo contacto.<\/p>\n\n\n\n<h3 class=\"wp-block-heading\">Un caso que conmueve<\/h3>\n\n\n\n<p>La desaparici\u00f3n de Pedro y Juana mantiene en vilo a toda la regi\u00f3n. \u201c<strong>Siempre tenemos esperanza de encontrarlos con vida<\/strong>\u201d, sostuvo el comisario Jones, quien destac\u00f3 la magnitud del operativo y la solidaridad de los vecinos.<\/p>\n\n\n\n<p>El Ministerio de Seguridad y Justicia provincial encabeza las tareas junto a la Brigada de Investigaciones, unidades especiales de rescate y voluntarios. La b\u00fasqueda se concentra por ahora en el Ca\u00f1ad\u00f3n de Visser y \u00e1reas cercanas a la costa, mientras las autoridades analizan nuevas l\u00edneas de rastreo basadas en la geolocalizaci\u00f3n de los tel\u00e9fonos celulares y testimonios recientes.<\/p>\n\n\n\n<p>Con el paso de los d\u00edas, la angustia crece, pero el operativo contin\u00faa sin descanso. \u201cNo se baja la intensidad, cada recurso se est\u00e1 utilizando\u201d, asegur\u00f3 Jones.<\/p>\n\n\n\n<p><\/p>\n\n\n\n<p>Fuente y redacci\u00f3n canal 12 web <\/p>\n","protected":false},"excerpt":{"rendered":"<p>Con el correr de las horas crece la incertidumbre sobre lo que ocurri\u00f3 con Morales y Kreder. Fuerzas provinciales y voluntarios trabajan de manera ininterrumpida para intentar dar con el&hellip; <\/p>\n","protected":false},"author":2,"featured_media":18319,"comment_status":"closed","ping_status":"closed","sticky":false,"template":"","format":"standard","meta":{"footnotes":""},"categories":[15],"tags":[],"class_list":["post-18320","post","type-post","status-publish","format-standard","has-post-thumbnail","hentry","category-locales"],"yoast_head":"<!-- This site is optimized with the Yoast SEO plugin v27.5 - https:\/\/yoast.com\/product\/yoast-seo-wordpress\/ -->\n<title>Pareja desaparecida en Chubut: \u00abA esta altura no podemos descartar nada\u00bb - FM Patagonia Madryn<\/title>\n<meta name=\"robots\" content=\"index, follow, max-snippet:-1, max-image-preview:large, max-video-preview:-1\" \/>\n<link rel=\"canonical\" href=\"https:\/\/fmpatagoniamadryn.com.ar\/?p=18320\" \/>\n<meta property=\"og:locale\" content=\"es_ES\" \/>\n<meta property=\"og:type\" content=\"article\" \/>\n<meta property=\"og:title\" content=\"Pareja desaparecida en Chubut: \u00abA esta altura no podemos descartar nada\u00bb - FM Patagonia Madryn\" \/>\n<meta property=\"og:description\" content=\"Con el correr de las horas crece la incertidumbre sobre lo que ocurri\u00f3 con Morales y Kreder. Fuerzas provinciales y voluntarios trabajan de manera ininterrumpida para intentar dar con el&hellip;\" \/>\n<meta property=\"og:url\" content=\"https:\/\/fmpatagoniamadryn.com.ar\/?p=18320\" \/>\n<meta property=\"og:site_name\" content=\"FM Patagonia Madryn\" \/>\n<meta property=\"article:published_time\" content=\"2025-10-20T16:09:19+00:00\" \/>\n<meta property=\"og:image\" content=\"https:\/\/fmpatagoniamadryn.com.ar\/wp-content\/uploads\/2025\/10\/img_6929.jpg\" \/>\n\t<meta property=\"og:image:width\" content=\"1200\" \/>\n\t<meta property=\"og:image:height\" content=\"799\" \/>\n\t<meta property=\"og:image:type\" content=\"image\/jpeg\" \/>\n<meta name=\"author\" content=\"FM Patagonia\" \/>\n<meta name=\"twitter:card\" content=\"summary_large_image\" \/>\n<meta name=\"twitter:label1\" content=\"Escrito por\" \/>\n\t<meta name=\"twitter:data1\" content=\"FM Patagonia\" \/>\n\t<meta name=\"twitter:label2\" content=\"Tiempo de lectura\" \/>\n\t<meta name=\"twitter:data2\" content=\"4 minutos\" \/>\n<script type=\"application\/ld+json\" class=\"yoast-schema-graph\">{\"@context\":\"https:\\\/\\\/schema.org\",\"@graph\":[{\"@type\":\"Article\",\"@id\":\"https:\\\/\\\/fmpatagoniamadryn.com.ar\\\/?p=18320#article\",\"isPartOf\":{\"@id\":\"https:\\\/\\\/fmpatagoniamadryn.com.ar\\\/?p=18320\"},\"author\":{\"name\":\"FM Patagonia\",\"@id\":\"https:\\\/\\\/fmpatagoniamadryn.com.ar\\\/#\\\/schema\\\/person\\\/8a3de4ad7efceacab06c1641c50303b7\"},\"headline\":\"Pareja desaparecida en Chubut: \u00abA esta altura no podemos descartar nada\u00bb\",\"datePublished\":\"2025-10-20T16:09:19+00:00\",\"mainEntityOfPage\":{\"@id\":\"https:\\\/\\\/fmpatagoniamadryn.com.ar\\\/?p=18320\"},\"wordCount\":728,\"publisher\":{\"@id\":\"https:\\\/\\\/fmpatagoniamadryn.com.ar\\\/#organization\"},\"image\":{\"@id\":\"https:\\\/\\\/fmpatagoniamadryn.com.ar\\\/?p=18320#primaryimage\"},\"thumbnailUrl\":\"https:\\\/\\\/fmpatagoniamadryn.com.ar\\\/wp-content\\\/uploads\\\/2025\\\/10\\\/img_6929.jpg\",\"articleSection\":[\"Locales\"],\"inLanguage\":\"es\"},{\"@type\":\"WebPage\",\"@id\":\"https:\\\/\\\/fmpatagoniamadryn.com.ar\\\/?p=18320\",\"url\":\"https:\\\/\\\/fmpatagoniamadryn.com.ar\\\/?p=18320\",\"name\":\"Pareja desaparecida en Chubut: \u00abA esta altura no podemos descartar nada\u00bb - FM Patagonia Madryn\",\"isPartOf\":{\"@id\":\"https:\\\/\\\/fmpatagoniamadryn.com.ar\\\/#website\"},\"primaryImageOfPage\":{\"@id\":\"https:\\\/\\\/fmpatagoniamadryn.com.ar\\\/?p=18320#primaryimage\"},\"image\":{\"@id\":\"https:\\\/\\\/fmpatagoniamadryn.com.ar\\\/?p=18320#primaryimage\"},\"thumbnailUrl\":\"https:\\\/\\\/fmpatagoniamadryn.com.ar\\\/wp-content\\\/uploads\\\/2025\\\/10\\\/img_6929.jpg\",\"datePublished\":\"2025-10-20T16:09:19+00:00\",\"breadcrumb\":{\"@id\":\"https:\\\/\\\/fmpatagoniamadryn.com.ar\\\/?p=18320#breadcrumb\"},\"inLanguage\":\"es\",\"potentialAction\":[{\"@type\":\"ReadAction\",\"target\":[\"https:\\\/\\\/fmpatagoniamadryn.com.ar\\\/?p=18320\"]}]},{\"@type\":\"ImageObject\",\"inLanguage\":\"es\",\"@id\":\"https:\\\/\\\/fmpatagoniamadryn.com.ar\\\/?p=18320#primaryimage\",\"url\":\"https:\\\/\\\/fmpatagoniamadryn.com.ar\\\/wp-content\\\/uploads\\\/2025\\\/10\\\/img_6929.jpg\",\"contentUrl\":\"https:\\\/\\\/fmpatagoniamadryn.com.ar\\\/wp-content\\\/uploads\\\/2025\\\/10\\\/img_6929.jpg\",\"width\":1200,\"height\":799},{\"@type\":\"BreadcrumbList\",\"@id\":\"https:\\\/\\\/fmpatagoniamadryn.com.ar\\\/?p=18320#breadcrumb\",\"itemListElement\":[{\"@type\":\"ListItem\",\"position\":1,\"name\":\"Portada\",\"item\":\"https:\\\/\\\/fmpatagoniamadryn.com.ar\\\/\"},{\"@type\":\"ListItem\",\"position\":2,\"name\":\"Pareja desaparecida en Chubut: \u00abA esta altura no podemos descartar nada\u00bb\"}]},{\"@type\":\"WebSite\",\"@id\":\"https:\\\/\\\/fmpatagoniamadryn.com.ar\\\/#website\",\"url\":\"https:\\\/\\\/fmpatagoniamadryn.com.ar\\\/\",\"name\":\"FM Patagonia Madryn\",\"description\":\"Radio Patagonia 105.5\",\"publisher\":{\"@id\":\"https:\\\/\\\/fmpatagoniamadryn.com.ar\\\/#organization\"},\"potentialAction\":[{\"@type\":\"SearchAction\",\"target\":{\"@type\":\"EntryPoint\",\"urlTemplate\":\"https:\\\/\\\/fmpatagoniamadryn.com.ar\\\/?s={search_term_string}\"},\"query-input\":{\"@type\":\"PropertyValueSpecification\",\"valueRequired\":true,\"valueName\":\"search_term_string\"}}],\"inLanguage\":\"es\"},{\"@type\":\"Organization\",\"@id\":\"https:\\\/\\\/fmpatagoniamadryn.com.ar\\\/#organization\",\"name\":\"FM Patagonia Madryn\",\"url\":\"https:\\\/\\\/fmpatagoniamadryn.com.ar\\\/\",\"logo\":{\"@type\":\"ImageObject\",\"inLanguage\":\"es\",\"@id\":\"https:\\\/\\\/fmpatagoniamadryn.com.ar\\\/#\\\/schema\\\/logo\\\/image\\\/\",\"url\":\"https:\\\/\\\/fmpatagoniamadryn.com.ar\\\/wp-content\\\/uploads\\\/2023\\\/01\\\/cropped-Diseno-sin-titulo.png\",\"contentUrl\":\"https:\\\/\\\/fmpatagoniamadryn.com.ar\\\/wp-content\\\/uploads\\\/2023\\\/01\\\/cropped-Diseno-sin-titulo.png\",\"width\":6911,\"height\":2657,\"caption\":\"FM Patagonia Madryn\"},\"image\":{\"@id\":\"https:\\\/\\\/fmpatagoniamadryn.com.ar\\\/#\\\/schema\\\/logo\\\/image\\\/\"}},{\"@type\":\"Person\",\"@id\":\"https:\\\/\\\/fmpatagoniamadryn.com.ar\\\/#\\\/schema\\\/person\\\/8a3de4ad7efceacab06c1641c50303b7\",\"name\":\"FM Patagonia\",\"url\":\"https:\\\/\\\/fmpatagoniamadryn.com.ar\\\/?author=2\"}]}<\/script>\n<!-- \/ Yoast SEO plugin. -->","yoast_head_json":{"title":"Pareja desaparecida en Chubut: \u00abA esta altura no podemos descartar nada\u00bb - FM Patagonia Madryn","robots":{"index":"index","follow":"follow","max-snippet":"max-snippet:-1","max-image-preview":"max-image-preview:large","max-video-preview":"max-video-preview:-1"},"canonical":"https:\/\/fmpatagoniamadryn.com.ar\/?p=18320","og_locale":"es_ES","og_type":"article","og_title":"Pareja desaparecida en Chubut: \u00abA esta altura no podemos descartar nada\u00bb - FM Patagonia Madryn","og_description":"Con el correr de las horas crece la incertidumbre sobre lo que ocurri\u00f3 con Morales y Kreder. Fuerzas provinciales y voluntarios trabajan de manera ininterrumpida para intentar dar con el&hellip;","og_url":"https:\/\/fmpatagoniamadryn.com.ar\/?p=18320","og_site_name":"FM Patagonia Madryn","article_published_time":"2025-10-20T16:09:19+00:00","og_image":[{"width":1200,"height":799,"url":"https:\/\/fmpatagoniamadryn.com.ar\/wp-content\/uploads\/2025\/10\/img_6929.jpg","type":"image\/jpeg"}],"author":"FM Patagonia","twitter_card":"summary_large_image","twitter_misc":{"Escrito por":"FM Patagonia","Tiempo de lectura":"4 minutos"},"schema":{"@context":"https:\/\/schema.org","@graph":[{"@type":"Article","@id":"https:\/\/fmpatagoniamadryn.com.ar\/?p=18320#article","isPartOf":{"@id":"https:\/\/fmpatagoniamadryn.com.ar\/?p=18320"},"author":{"name":"FM Patagonia","@id":"https:\/\/fmpatagoniamadryn.com.ar\/#\/schema\/person\/8a3de4ad7efceacab06c1641c50303b7"},"headline":"Pareja desaparecida en Chubut: \u00abA esta altura no podemos descartar nada\u00bb","datePublished":"2025-10-20T16:09:19+00:00","mainEntityOfPage":{"@id":"https:\/\/fmpatagoniamadryn.com.ar\/?p=18320"},"wordCount":728,"publisher":{"@id":"https:\/\/fmpatagoniamadryn.com.ar\/#organization"},"image":{"@id":"https:\/\/fmpatagoniamadryn.com.ar\/?p=18320#primaryimage"},"thumbnailUrl":"https:\/\/fmpatagoniamadryn.com.ar\/wp-content\/uploads\/2025\/10\/img_6929.jpg","articleSection":["Locales"],"inLanguage":"es"},{"@type":"WebPage","@id":"https:\/\/fmpatagoniamadryn.com.ar\/?p=18320","url":"https:\/\/fmpatagoniamadryn.com.ar\/?p=18320","name":"Pareja desaparecida en Chubut: \u00abA esta altura no podemos descartar nada\u00bb - FM Patagonia Madryn","isPartOf":{"@id":"https:\/\/fmpatagoniamadryn.com.ar\/#website"},"primaryImageOfPage":{"@id":"https:\/\/fmpatagoniamadryn.com.ar\/?p=18320#primaryimage"},"image":{"@id":"https:\/\/fmpatagoniamadryn.com.ar\/?p=18320#primaryimage"},"thumbnailUrl":"https:\/\/fmpatagoniamadryn.com.ar\/wp-content\/uploads\/2025\/10\/img_6929.jpg","datePublished":"2025-10-20T16:09:19+00:00","breadcrumb":{"@id":"https:\/\/fmpatagoniamadryn.com.ar\/?p=18320#breadcrumb"},"inLanguage":"es","potentialAction":[{"@type":"ReadAction","target":["https:\/\/fmpatagoniamadryn.com.ar\/?p=18320"]}]},{"@type":"ImageObject","inLanguage":"es","@id":"https:\/\/fmpatagoniamadryn.com.ar\/?p=18320#primaryimage","url":"https:\/\/fmpatagoniamadryn.com.ar\/wp-content\/uploads\/2025\/10\/img_6929.jpg","contentUrl":"https:\/\/fmpatagoniamadryn.com.ar\/wp-content\/uploads\/2025\/10\/img_6929.jpg","width":1200,"height":799},{"@type":"BreadcrumbList","@id":"https:\/\/fmpatagoniamadryn.com.ar\/?p=18320#breadcrumb","itemListElement":[{"@type":"ListItem","position":1,"name":"Portada","item":"https:\/\/fmpatagoniamadryn.com.ar\/"},{"@type":"ListItem","position":2,"name":"Pareja desaparecida en Chubut: \u00abA esta altura no podemos descartar nada\u00bb"}]},{"@type":"WebSite","@id":"https:\/\/fmpatagoniamadryn.com.ar\/#website","url":"https:\/\/fmpatagoniamadryn.com.ar\/","name":"FM Patagonia Madryn","description":"Radio Patagonia 105.5","publisher":{"@id":"https:\/\/fmpatagoniamadryn.com.ar\/#organization"},"potentialAction":[{"@type":"SearchAction","target":{"@type":"EntryPoint","urlTemplate":"https:\/\/fmpatagoniamadryn.com.ar\/?s={search_term_string}"},"query-input":{"@type":"PropertyValueSpecification","valueRequired":true,"valueName":"search_term_string"}}],"inLanguage":"es"},{"@type":"Organization","@id":"https:\/\/fmpatagoniamadryn.com.ar\/#organization","name":"FM Patagonia Madryn","url":"https:\/\/fmpatagoniamadryn.com.ar\/","logo":{"@type":"ImageObject","inLanguage":"es","@id":"https:\/\/fmpatagoniamadryn.com.ar\/#\/schema\/logo\/image\/","url":"https:\/\/fmpatagoniamadryn.com.ar\/wp-content\/uploads\/2023\/01\/cropped-Diseno-sin-titulo.png","contentUrl":"https:\/\/fmpatagoniamadryn.com.ar\/wp-content\/uploads\/2023\/01\/cropped-Diseno-sin-titulo.png","width":6911,"height":2657,"caption":"FM Patagonia Madryn"},"image":{"@id":"https:\/\/fmpatagoniamadryn.com.ar\/#\/schema\/logo\/image\/"}},{"@type":"Person","@id":"https:\/\/fmpatagoniamadryn.com.ar\/#\/schema\/person\/8a3de4ad7efceacab06c1641c50303b7","name":"FM Patagonia","url":"https:\/\/fmpatagoniamadryn.com.ar\/?author=2"}]}},"jetpack_featured_media_url":"https:\/\/fmpatagoniamadryn.com.ar\/wp-content\/uploads\/2025\/10\/img_6929.jpg","_links":{"self":[{"href":"https:\/\/fmpatagoniamadryn.com.ar\/index.php?rest_route=\/wp\/v2\/posts\/18320","targetHints":{"allow":["GET"]}}],"collection":[{"href":"https:\/\/fmpatagoniamadryn.com.ar\/index.php?rest_route=\/wp\/v2\/posts"}],"about":[{"href":"https:\/\/fmpatagoniamadryn.com.ar\/index.php?rest_route=\/wp\/v2\/types\/post"}],"author":[{"embeddable":true,"href":"https:\/\/fmpatagoniamadryn.com.ar\/index.php?rest_route=\/wp\/v2\/users\/2"}],"replies":[{"embeddable":true,"href":"https:\/\/fmpatagoniamadryn.com.ar\/index.php?rest_route=%2Fwp%2Fv2%2Fcomments&post=18320"}],"version-history":[{"count":1,"href":"https:\/\/fmpatagoniamadryn.com.ar\/index.php?rest_route=\/wp\/v2\/posts\/18320\/revisions"}],"predecessor-version":[{"id":18321,"href":"https:\/\/fmpatagoniamadryn.com.ar\/index.php?rest_route=\/wp\/v2\/posts\/18320\/revisions\/18321"}],"wp:featuredmedia":[{"embeddable":true,"href":"https:\/\/fmpatagoniamadryn.com.ar\/index.php?rest_route=\/wp\/v2\/media\/18319"}],"wp:attachment":[{"href":"https:\/\/fmpatagoniamadryn.com.ar\/index.php?rest_route=%2Fwp%2Fv2%2Fmedia&parent=18320"}],"wp:term":[{"taxonomy":"category","embeddable":true,"href":"https:\/\/fmpatagoniamadryn.com.ar\/index.php?rest_route=%2Fwp%2Fv2%2Fcategories&post=18320"},{"taxonomy":"post_tag","embeddable":true,"href":"https:\/\/fmpatagoniamadryn.com.ar\/index.php?rest_route=%2Fwp%2Fv2%2Ftags&post=18320"}],"curies":[{"name":"wp","href":"https:\/\/api.w.org\/{rel}","templated":true}]}}