{"id":18335,"date":"2025-10-21T10:25:38","date_gmt":"2025-10-21T13:25:38","guid":{"rendered":"https:\/\/fmpatagoniamadryn.com.ar\/?p=18335"},"modified":"2025-10-21T10:25:38","modified_gmt":"2025-10-21T13:25:38","slug":"revocaron-la-libertad-condicional-de-esteban-ojito-garay-tenia-prohibicion-de-salidas-nocturnas-y-la-policia-lo-encontro-afuera-de-su-domicilio","status":"publish","type":"post","link":"https:\/\/fmpatagoniamadryn.com.ar\/?p=18335","title":{"rendered":"Revocaron la libertad condicional de Esteban \u201cOjito\u201d Garay: ten\u00eda prohibici\u00f3n de salidas nocturnas y la polic\u00eda lo encontr\u00f3 afuera de su domicilio"},"content":{"rendered":"\n<p><\/p>\n\n\n\n<p>El tribunal integrado por los jueces Horacio Yanguela, Marcelo Orlando y Mar\u00eda In\u00e9s Bartels resolvi\u00f3 revocar la libertad condicional de Esteban Javier \u201cOjito\u201d Garay (37), quien deber\u00e1 cumplir en prisi\u00f3n el resto de su condena.<\/p>\n\n\n\n<p>La medida fue adoptada luego de que un informe de la Comisar\u00eda Cuarta revel\u00f3 incumplimientos a las pautas de conducta impuestas en la condena. En uno de los controles preventivos, personal policial observ\u00f3 a Garay a 200 metros de su domicilio durante la noche, violando la prohibici\u00f3n de salidas nocturnas. Con base en esa informaci\u00f3n, el funcionario de Fiscal\u00eda Mauricio Baigorria solicit\u00f3 la revocaci\u00f3n de la libertad asistida y la jueza Yamila Flores dispuso inicialmente esa medida, que fue apelada por la defensa p\u00fablica. Finalmente, el tribunal de revisi\u00f3n confirm\u00f3 la decisi\u00f3n.<\/p>\n\n\n\n<p>Garay hab\u00eda sido condenado por un hecho ocurrido el 5 de diciembre de 2023, cuando ingres\u00f3 a una vivienda de la calle Marcos A. Zar al 900, donde at\u00f3 al propietario para luego sustraer una billetera, ropa, un televisor, un tel\u00e9fono celular y una caja con relojes. Los hechos fueron considerados constitutivos de los delitos de robo en concurso con privaci\u00f3n ileg\u00edtima de la libertad y amenazas, con declaraci\u00f3n de reincidencia por tercera vez.<\/p>\n\n\n\n<p>Fuente Ministerio P\u00fablico Fiscal de PM<\/p>\n","protected":false},"excerpt":{"rendered":"<p>El tribunal integrado por los jueces Horacio Yanguela, Marcelo Orlando y Mar\u00eda In\u00e9s Bartels resolvi\u00f3 revocar la libertad condicional de Esteban Javier \u201cOjito\u201d Garay (37), quien deber\u00e1 cumplir en prisi\u00f3n&hellip; <\/p>\n","protected":false},"author":2,"featured_media":18334,"comment_status":"closed","ping_status":"closed","sticky":false,"template":"","format":"standard","meta":{"footnotes":""},"categories":[11],"tags":[],"class_list":["post-18335","post","type-post","status-publish","format-standard","has-post-thumbnail","hentry","category-policiales"],"yoast_head":"<!-- This site is optimized with the Yoast SEO plugin v27.5 - https:\/\/yoast.com\/product\/yoast-seo-wordpress\/ -->\n<title>Revocaron la libertad condicional de Esteban \u201cOjito\u201d Garay: ten\u00eda prohibici\u00f3n de salidas nocturnas y la polic\u00eda lo encontr\u00f3 afuera de su domicilio - FM Patagonia Madryn<\/title>\n<meta name=\"robots\" content=\"index, follow, max-snippet:-1, max-image-preview:large, max-video-preview:-1\" \/>\n<link rel=\"canonical\" href=\"https:\/\/fmpatagoniamadryn.com.ar\/?p=18335\" \/>\n<meta property=\"og:locale\" content=\"es_ES\" \/>\n<meta property=\"og:type\" content=\"article\" \/>\n<meta property=\"og:title\" content=\"Revocaron la libertad condicional de Esteban \u201cOjito\u201d Garay: ten\u00eda prohibici\u00f3n de salidas nocturnas y la polic\u00eda lo encontr\u00f3 afuera de su domicilio - FM Patagonia Madryn\" \/>\n<meta property=\"og:description\" content=\"El tribunal integrado por los jueces Horacio Yanguela, Marcelo Orlando y Mar\u00eda In\u00e9s Bartels resolvi\u00f3 revocar la libertad condicional de Esteban Javier \u201cOjito\u201d Garay (37), quien deber\u00e1 cumplir en prisi\u00f3n&hellip;\" \/>\n<meta property=\"og:url\" content=\"https:\/\/fmpatagoniamadryn.com.ar\/?p=18335\" \/>\n<meta property=\"og:site_name\" content=\"FM Patagonia Madryn\" \/>\n<meta property=\"article:published_time\" content=\"2025-10-21T13:25:38+00:00\" \/>\n<meta property=\"og:image\" content=\"https:\/\/fmpatagoniamadryn.com.ar\/wp-content\/uploads\/2025\/10\/img_7008.jpg\" \/>\n\t<meta property=\"og:image:width\" content=\"1080\" \/>\n\t<meta property=\"og:image:height\" content=\"1350\" \/>\n\t<meta property=\"og:image:type\" content=\"image\/jpeg\" \/>\n<meta name=\"author\" content=\"FM Patagonia\" \/>\n<meta name=\"twitter:card\" content=\"summary_large_image\" \/>\n<meta name=\"twitter:label1\" content=\"Escrito por\" \/>\n\t<meta name=\"twitter:data1\" content=\"FM Patagonia\" \/>\n\t<meta name=\"twitter:label2\" content=\"Tiempo de lectura\" \/>\n\t<meta name=\"twitter:data2\" content=\"1 minuto\" \/>\n<script type=\"application\/ld+json\" class=\"yoast-schema-graph\">{\"@context\":\"https:\\\/\\\/schema.org\",\"@graph\":[{\"@type\":\"Article\",\"@id\":\"https:\\\/\\\/fmpatagoniamadryn.com.ar\\\/?p=18335#article\",\"isPartOf\":{\"@id\":\"https:\\\/\\\/fmpatagoniamadryn.com.ar\\\/?p=18335\"},\"author\":{\"name\":\"FM Patagonia\",\"@id\":\"https:\\\/\\\/fmpatagoniamadryn.com.ar\\\/#\\\/schema\\\/person\\\/8a3de4ad7efceacab06c1641c50303b7\"},\"headline\":\"Revocaron la libertad condicional de Esteban \u201cOjito\u201d Garay: ten\u00eda prohibici\u00f3n de salidas nocturnas y la polic\u00eda lo encontr\u00f3 afuera de su domicilio\",\"datePublished\":\"2025-10-21T13:25:38+00:00\",\"mainEntityOfPage\":{\"@id\":\"https:\\\/\\\/fmpatagoniamadryn.com.ar\\\/?p=18335\"},\"wordCount\":244,\"publisher\":{\"@id\":\"https:\\\/\\\/fmpatagoniamadryn.com.ar\\\/#organization\"},\"image\":{\"@id\":\"https:\\\/\\\/fmpatagoniamadryn.com.ar\\\/?p=18335#primaryimage\"},\"thumbnailUrl\":\"https:\\\/\\\/fmpatagoniamadryn.com.ar\\\/wp-content\\\/uploads\\\/2025\\\/10\\\/img_7008.jpg\",\"articleSection\":[\"Policiales\"],\"inLanguage\":\"es\"},{\"@type\":\"WebPage\",\"@id\":\"https:\\\/\\\/fmpatagoniamadryn.com.ar\\\/?p=18335\",\"url\":\"https:\\\/\\\/fmpatagoniamadryn.com.ar\\\/?p=18335\",\"name\":\"Revocaron la libertad condicional de Esteban \u201cOjito\u201d Garay: ten\u00eda prohibici\u00f3n de salidas nocturnas y la polic\u00eda lo encontr\u00f3 afuera de su domicilio - FM Patagonia Madryn\",\"isPartOf\":{\"@id\":\"https:\\\/\\\/fmpatagoniamadryn.com.ar\\\/#website\"},\"primaryImageOfPage\":{\"@id\":\"https:\\\/\\\/fmpatagoniamadryn.com.ar\\\/?p=18335#primaryimage\"},\"image\":{\"@id\":\"https:\\\/\\\/fmpatagoniamadryn.com.ar\\\/?p=18335#primaryimage\"},\"thumbnailUrl\":\"https:\\\/\\\/fmpatagoniamadryn.com.ar\\\/wp-content\\\/uploads\\\/2025\\\/10\\\/img_7008.jpg\",\"datePublished\":\"2025-10-21T13:25:38+00:00\",\"breadcrumb\":{\"@id\":\"https:\\\/\\\/fmpatagoniamadryn.com.ar\\\/?p=18335#breadcrumb\"},\"inLanguage\":\"es\",\"potentialAction\":[{\"@type\":\"ReadAction\",\"target\":[\"https:\\\/\\\/fmpatagoniamadryn.com.ar\\\/?p=18335\"]}]},{\"@type\":\"ImageObject\",\"inLanguage\":\"es\",\"@id\":\"https:\\\/\\\/fmpatagoniamadryn.com.ar\\\/?p=18335#primaryimage\",\"url\":\"https:\\\/\\\/fmpatagoniamadryn.com.ar\\\/wp-content\\\/uploads\\\/2025\\\/10\\\/img_7008.jpg\",\"contentUrl\":\"https:\\\/\\\/fmpatagoniamadryn.com.ar\\\/wp-content\\\/uploads\\\/2025\\\/10\\\/img_7008.jpg\",\"width\":1080,\"height\":1350},{\"@type\":\"BreadcrumbList\",\"@id\":\"https:\\\/\\\/fmpatagoniamadryn.com.ar\\\/?p=18335#breadcrumb\",\"itemListElement\":[{\"@type\":\"ListItem\",\"position\":1,\"name\":\"Portada\",\"item\":\"https:\\\/\\\/fmpatagoniamadryn.com.ar\\\/\"},{\"@type\":\"ListItem\",\"position\":2,\"name\":\"Revocaron la libertad condicional de Esteban \u201cOjito\u201d Garay: ten\u00eda prohibici\u00f3n de salidas nocturnas y la polic\u00eda lo encontr\u00f3 afuera de su domicilio\"}]},{\"@type\":\"WebSite\",\"@id\":\"https:\\\/\\\/fmpatagoniamadryn.com.ar\\\/#website\",\"url\":\"https:\\\/\\\/fmpatagoniamadryn.com.ar\\\/\",\"name\":\"FM Patagonia Madryn\",\"description\":\"Radio Patagonia 105.5\",\"publisher\":{\"@id\":\"https:\\\/\\\/fmpatagoniamadryn.com.ar\\\/#organization\"},\"potentialAction\":[{\"@type\":\"SearchAction\",\"target\":{\"@type\":\"EntryPoint\",\"urlTemplate\":\"https:\\\/\\\/fmpatagoniamadryn.com.ar\\\/?s={search_term_string}\"},\"query-input\":{\"@type\":\"PropertyValueSpecification\",\"valueRequired\":true,\"valueName\":\"search_term_string\"}}],\"inLanguage\":\"es\"},{\"@type\":\"Organization\",\"@id\":\"https:\\\/\\\/fmpatagoniamadryn.com.ar\\\/#organization\",\"name\":\"FM Patagonia Madryn\",\"url\":\"https:\\\/\\\/fmpatagoniamadryn.com.ar\\\/\",\"logo\":{\"@type\":\"ImageObject\",\"inLanguage\":\"es\",\"@id\":\"https:\\\/\\\/fmpatagoniamadryn.com.ar\\\/#\\\/schema\\\/logo\\\/image\\\/\",\"url\":\"https:\\\/\\\/fmpatagoniamadryn.com.ar\\\/wp-content\\\/uploads\\\/2023\\\/01\\\/cropped-Diseno-sin-titulo.png\",\"contentUrl\":\"https:\\\/\\\/fmpatagoniamadryn.com.ar\\\/wp-content\\\/uploads\\\/2023\\\/01\\\/cropped-Diseno-sin-titulo.png\",\"width\":6911,\"height\":2657,\"caption\":\"FM Patagonia Madryn\"},\"image\":{\"@id\":\"https:\\\/\\\/fmpatagoniamadryn.com.ar\\\/#\\\/schema\\\/logo\\\/image\\\/\"}},{\"@type\":\"Person\",\"@id\":\"https:\\\/\\\/fmpatagoniamadryn.com.ar\\\/#\\\/schema\\\/person\\\/8a3de4ad7efceacab06c1641c50303b7\",\"name\":\"FM Patagonia\",\"url\":\"https:\\\/\\\/fmpatagoniamadryn.com.ar\\\/?author=2\"}]}<\/script>\n<!-- \/ Yoast SEO plugin. -->","yoast_head_json":{"title":"Revocaron la libertad condicional de Esteban \u201cOjito\u201d Garay: ten\u00eda prohibici\u00f3n de salidas nocturnas y la polic\u00eda lo encontr\u00f3 afuera de su domicilio - FM Patagonia Madryn","robots":{"index":"index","follow":"follow","max-snippet":"max-snippet:-1","max-image-preview":"max-image-preview:large","max-video-preview":"max-video-preview:-1"},"canonical":"https:\/\/fmpatagoniamadryn.com.ar\/?p=18335","og_locale":"es_ES","og_type":"article","og_title":"Revocaron la libertad condicional de Esteban \u201cOjito\u201d Garay: ten\u00eda prohibici\u00f3n de salidas nocturnas y la polic\u00eda lo encontr\u00f3 afuera de su domicilio - FM Patagonia Madryn","og_description":"El tribunal integrado por los jueces Horacio Yanguela, Marcelo Orlando y Mar\u00eda In\u00e9s Bartels resolvi\u00f3 revocar la libertad condicional de Esteban Javier \u201cOjito\u201d Garay (37), quien deber\u00e1 cumplir en prisi\u00f3n&hellip;","og_url":"https:\/\/fmpatagoniamadryn.com.ar\/?p=18335","og_site_name":"FM Patagonia Madryn","article_published_time":"2025-10-21T13:25:38+00:00","og_image":[{"width":1080,"height":1350,"url":"https:\/\/fmpatagoniamadryn.com.ar\/wp-content\/uploads\/2025\/10\/img_7008.jpg","type":"image\/jpeg"}],"author":"FM Patagonia","twitter_card":"summary_large_image","twitter_misc":{"Escrito por":"FM Patagonia","Tiempo de lectura":"1 minuto"},"schema":{"@context":"https:\/\/schema.org","@graph":[{"@type":"Article","@id":"https:\/\/fmpatagoniamadryn.com.ar\/?p=18335#article","isPartOf":{"@id":"https:\/\/fmpatagoniamadryn.com.ar\/?p=18335"},"author":{"name":"FM Patagonia","@id":"https:\/\/fmpatagoniamadryn.com.ar\/#\/schema\/person\/8a3de4ad7efceacab06c1641c50303b7"},"headline":"Revocaron la libertad condicional de Esteban \u201cOjito\u201d Garay: ten\u00eda prohibici\u00f3n de salidas nocturnas y la polic\u00eda lo encontr\u00f3 afuera de su domicilio","datePublished":"2025-10-21T13:25:38+00:00","mainEntityOfPage":{"@id":"https:\/\/fmpatagoniamadryn.com.ar\/?p=18335"},"wordCount":244,"publisher":{"@id":"https:\/\/fmpatagoniamadryn.com.ar\/#organization"},"image":{"@id":"https:\/\/fmpatagoniamadryn.com.ar\/?p=18335#primaryimage"},"thumbnailUrl":"https:\/\/fmpatagoniamadryn.com.ar\/wp-content\/uploads\/2025\/10\/img_7008.jpg","articleSection":["Policiales"],"inLanguage":"es"},{"@type":"WebPage","@id":"https:\/\/fmpatagoniamadryn.com.ar\/?p=18335","url":"https:\/\/fmpatagoniamadryn.com.ar\/?p=18335","name":"Revocaron la libertad condicional de Esteban \u201cOjito\u201d Garay: ten\u00eda prohibici\u00f3n de salidas nocturnas y la polic\u00eda lo encontr\u00f3 afuera de su domicilio - FM Patagonia Madryn","isPartOf":{"@id":"https:\/\/fmpatagoniamadryn.com.ar\/#website"},"primaryImageOfPage":{"@id":"https:\/\/fmpatagoniamadryn.com.ar\/?p=18335#primaryimage"},"image":{"@id":"https:\/\/fmpatagoniamadryn.com.ar\/?p=18335#primaryimage"},"thumbnailUrl":"https:\/\/fmpatagoniamadryn.com.ar\/wp-content\/uploads\/2025\/10\/img_7008.jpg","datePublished":"2025-10-21T13:25:38+00:00","breadcrumb":{"@id":"https:\/\/fmpatagoniamadryn.com.ar\/?p=18335#breadcrumb"},"inLanguage":"es","potentialAction":[{"@type":"ReadAction","target":["https:\/\/fmpatagoniamadryn.com.ar\/?p=18335"]}]},{"@type":"ImageObject","inLanguage":"es","@id":"https:\/\/fmpatagoniamadryn.com.ar\/?p=18335#primaryimage","url":"https:\/\/fmpatagoniamadryn.com.ar\/wp-content\/uploads\/2025\/10\/img_7008.jpg","contentUrl":"https:\/\/fmpatagoniamadryn.com.ar\/wp-content\/uploads\/2025\/10\/img_7008.jpg","width":1080,"height":1350},{"@type":"BreadcrumbList","@id":"https:\/\/fmpatagoniamadryn.com.ar\/?p=18335#breadcrumb","itemListElement":[{"@type":"ListItem","position":1,"name":"Portada","item":"https:\/\/fmpatagoniamadryn.com.ar\/"},{"@type":"ListItem","position":2,"name":"Revocaron la libertad condicional de Esteban \u201cOjito\u201d Garay: ten\u00eda prohibici\u00f3n de salidas nocturnas y la polic\u00eda lo encontr\u00f3 afuera de su domicilio"}]},{"@type":"WebSite","@id":"https:\/\/fmpatagoniamadryn.com.ar\/#website","url":"https:\/\/fmpatagoniamadryn.com.ar\/","name":"FM Patagonia Madryn","description":"Radio Patagonia 105.5","publisher":{"@id":"https:\/\/fmpatagoniamadryn.com.ar\/#organization"},"potentialAction":[{"@type":"SearchAction","target":{"@type":"EntryPoint","urlTemplate":"https:\/\/fmpatagoniamadryn.com.ar\/?s={search_term_string}"},"query-input":{"@type":"PropertyValueSpecification","valueRequired":true,"valueName":"search_term_string"}}],"inLanguage":"es"},{"@type":"Organization","@id":"https:\/\/fmpatagoniamadryn.com.ar\/#organization","name":"FM Patagonia Madryn","url":"https:\/\/fmpatagoniamadryn.com.ar\/","logo":{"@type":"ImageObject","inLanguage":"es","@id":"https:\/\/fmpatagoniamadryn.com.ar\/#\/schema\/logo\/image\/","url":"https:\/\/fmpatagoniamadryn.com.ar\/wp-content\/uploads\/2023\/01\/cropped-Diseno-sin-titulo.png","contentUrl":"https:\/\/fmpatagoniamadryn.com.ar\/wp-content\/uploads\/2023\/01\/cropped-Diseno-sin-titulo.png","width":6911,"height":2657,"caption":"FM Patagonia Madryn"},"image":{"@id":"https:\/\/fmpatagoniamadryn.com.ar\/#\/schema\/logo\/image\/"}},{"@type":"Person","@id":"https:\/\/fmpatagoniamadryn.com.ar\/#\/schema\/person\/8a3de4ad7efceacab06c1641c50303b7","name":"FM Patagonia","url":"https:\/\/fmpatagoniamadryn.com.ar\/?author=2"}]}},"jetpack_featured_media_url":"https:\/\/fmpatagoniamadryn.com.ar\/wp-content\/uploads\/2025\/10\/img_7008.jpg","_links":{"self":[{"href":"https:\/\/fmpatagoniamadryn.com.ar\/index.php?rest_route=\/wp\/v2\/posts\/18335","targetHints":{"allow":["GET"]}}],"collection":[{"href":"https:\/\/fmpatagoniamadryn.com.ar\/index.php?rest_route=\/wp\/v2\/posts"}],"about":[{"href":"https:\/\/fmpatagoniamadryn.com.ar\/index.php?rest_route=\/wp\/v2\/types\/post"}],"author":[{"embeddable":true,"href":"https:\/\/fmpatagoniamadryn.com.ar\/index.php?rest_route=\/wp\/v2\/users\/2"}],"replies":[{"embeddable":true,"href":"https:\/\/fmpatagoniamadryn.com.ar\/index.php?rest_route=%2Fwp%2Fv2%2Fcomments&post=18335"}],"version-history":[{"count":1,"href":"https:\/\/fmpatagoniamadryn.com.ar\/index.php?rest_route=\/wp\/v2\/posts\/18335\/revisions"}],"predecessor-version":[{"id":18336,"href":"https:\/\/fmpatagoniamadryn.com.ar\/index.php?rest_route=\/wp\/v2\/posts\/18335\/revisions\/18336"}],"wp:featuredmedia":[{"embeddable":true,"href":"https:\/\/fmpatagoniamadryn.com.ar\/index.php?rest_route=\/wp\/v2\/media\/18334"}],"wp:attachment":[{"href":"https:\/\/fmpatagoniamadryn.com.ar\/index.php?rest_route=%2Fwp%2Fv2%2Fmedia&parent=18335"}],"wp:term":[{"taxonomy":"category","embeddable":true,"href":"https:\/\/fmpatagoniamadryn.com.ar\/index.php?rest_route=%2Fwp%2Fv2%2Fcategories&post=18335"},{"taxonomy":"post_tag","embeddable":true,"href":"https:\/\/fmpatagoniamadryn.com.ar\/index.php?rest_route=%2Fwp%2Fv2%2Ftags&post=18335"}],"curies":[{"name":"wp","href":"https:\/\/api.w.org\/{rel}","templated":true}]}}