{"id":18338,"date":"2025-10-21T18:34:44","date_gmt":"2025-10-21T21:34:44","guid":{"rendered":"https:\/\/fmpatagoniamadryn.com.ar\/?p=18338"},"modified":"2025-10-21T18:34:44","modified_gmt":"2025-10-21T21:34:44","slug":"gran-convocatoria-en-la-revalida-del-cuerpo-de-guardavidas-de-puerto-madryn","status":"publish","type":"post","link":"https:\/\/fmpatagoniamadryn.com.ar\/?p=18338","title":{"rendered":"GRAN CONVOCATORIA EN LA REV\u00c1LIDA DEL CUERPO DE GUARDAVIDAS DE PUERTO MADRYN"},"content":{"rendered":"\n<p class=\"MsoNormal\"><br><em>La jornada se desarroll\u00f3 en el Club Ferrocarril Patag\u00f3nico con instancias te\u00f3ricas y pr\u00e1cticas destinadas a fortalecer la capacitaci\u00f3n y preparaci\u00f3n para la pr\u00f3xima temporada<\/em><br><br><br>Se llev\u00f3 a cabo la rev\u00e1lida anual del Cuerpo de Guardavidas en las instalaciones del Club Ferrocarril Patag\u00f3nico. Esta importante instancia form\u00f3 parte de las pol\u00edticas de capacitaci\u00f3n y seguridad impulsadas por la Subsecretar\u00eda de Prevenci\u00f3n y Protecci\u00f3n Ciudadana, dependiente de la Secretar\u00eda de Gobierno de la Municipalidad de Puerto Madryn, con el objetivo de garantizar un servicio altamente profesional y preparado para la pr\u00f3xima temporada estival.<br><br>La jornada comenz\u00f3 con la recepci\u00f3n de los guardavidas y una charla t\u00e9cnica a cargo del licenciado David Peresenda, quien present\u00f3 material audiovisual enfocado en la prevenci\u00f3n, las tareas de vigilancia, el reconocimiento temprano de v\u00edctimas en peligro de ahogamiento y la importancia de los tiempos de intervenci\u00f3n eficaces.<br><br>Posteriormente, los participantes rindieron un examen te\u00f3rico sobre primeros auxilios, atenci\u00f3n prehospitalaria, Reanimaci\u00f3n Cardiopulmonar (RCP), uso del Desfibrilador Externo Autom\u00e1tico (DEA) y manejo del trauma. Luego, se llevaron a cabo las pruebas de nataci\u00f3n, completando la jornada con un repaso t\u00e9cnico sobre el manejo de v\u00edctimas politraumatizadas en el medio acu\u00e1tico, mediante pr\u00e1cticas coordinadas para reforzar habilidades, actualizar procedimientos y unificar criterios de trabajo.<br><br>La rev\u00e1lida fue organizada por la Direcci\u00f3n del Cuerpo de Guardavidas, con la colaboraci\u00f3n del Sindicato \u00danico de Guardavidas y Afines de la Rep\u00fablica Argentina (SUGARA), que particip\u00f3 en las tareas de fiscalizaci\u00f3n. Estuvieron presentes el Secretario General de SUGARA Chubut, Adri\u00e1n Escalante y el delegado del Cuerpo de Guardavidas de Puerto Madryn, Fabi\u00e1n L\u00f3pez.<br><br>El balance de la jornada fue altamente positivo, con la participaci\u00f3n de 61 guardavidas, quienes cumplieron los objetivos propuestos en materia de actualizaci\u00f3n t\u00e9cnica, trabajo en equipo y compromiso con la seguridad p\u00fablica en las playas de Puerto Madryn.<\/p>\n\n\n\n<p class=\"MsoNormal\">&nbsp;<\/p>\n","protected":false},"excerpt":{"rendered":"<p>La jornada se desarroll\u00f3 en el Club Ferrocarril Patag\u00f3nico con instancias te\u00f3ricas y pr\u00e1cticas destinadas a fortalecer la capacitaci\u00f3n y preparaci\u00f3n para la pr\u00f3xima temporada Se llev\u00f3 a cabo la&hellip; <\/p>\n","protected":false},"author":2,"featured_media":18337,"comment_status":"closed","ping_status":"closed","sticky":false,"template":"","format":"standard","meta":{"footnotes":""},"categories":[15],"tags":[],"class_list":["post-18338","post","type-post","status-publish","format-standard","has-post-thumbnail","hentry","category-locales"],"yoast_head":"<!-- This site is optimized with the Yoast SEO plugin v27.5 - https:\/\/yoast.com\/product\/yoast-seo-wordpress\/ -->\n<title>GRAN CONVOCATORIA EN LA REV\u00c1LIDA DEL CUERPO DE GUARDAVIDAS DE PUERTO MADRYN - FM Patagonia Madryn<\/title>\n<meta name=\"robots\" content=\"index, follow, max-snippet:-1, max-image-preview:large, max-video-preview:-1\" \/>\n<link rel=\"canonical\" href=\"https:\/\/fmpatagoniamadryn.com.ar\/?p=18338\" \/>\n<meta property=\"og:locale\" content=\"es_ES\" \/>\n<meta property=\"og:type\" content=\"article\" \/>\n<meta property=\"og:title\" content=\"GRAN CONVOCATORIA EN LA REV\u00c1LIDA DEL CUERPO DE GUARDAVIDAS DE PUERTO MADRYN - FM Patagonia Madryn\" \/>\n<meta property=\"og:description\" content=\"La jornada se desarroll\u00f3 en el Club Ferrocarril Patag\u00f3nico con instancias te\u00f3ricas y pr\u00e1cticas destinadas a fortalecer la capacitaci\u00f3n y preparaci\u00f3n para la pr\u00f3xima temporada Se llev\u00f3 a cabo la&hellip;\" \/>\n<meta property=\"og:url\" content=\"https:\/\/fmpatagoniamadryn.com.ar\/?p=18338\" \/>\n<meta property=\"og:site_name\" content=\"FM Patagonia Madryn\" \/>\n<meta property=\"article:published_time\" content=\"2025-10-21T21:34:44+00:00\" \/>\n<meta property=\"og:image\" content=\"https:\/\/fmpatagoniamadryn.com.ar\/wp-content\/uploads\/2025\/10\/img_7016.jpg\" \/>\n\t<meta property=\"og:image:width\" content=\"1280\" \/>\n\t<meta property=\"og:image:height\" content=\"963\" \/>\n\t<meta property=\"og:image:type\" content=\"image\/jpeg\" \/>\n<meta name=\"author\" content=\"FM Patagonia\" \/>\n<meta name=\"twitter:card\" content=\"summary_large_image\" \/>\n<meta name=\"twitter:label1\" content=\"Escrito por\" \/>\n\t<meta name=\"twitter:data1\" content=\"FM Patagonia\" \/>\n\t<meta name=\"twitter:label2\" content=\"Tiempo de lectura\" \/>\n\t<meta name=\"twitter:data2\" content=\"2 minutos\" \/>\n<script type=\"application\/ld+json\" class=\"yoast-schema-graph\">{\"@context\":\"https:\\\/\\\/schema.org\",\"@graph\":[{\"@type\":\"Article\",\"@id\":\"https:\\\/\\\/fmpatagoniamadryn.com.ar\\\/?p=18338#article\",\"isPartOf\":{\"@id\":\"https:\\\/\\\/fmpatagoniamadryn.com.ar\\\/?p=18338\"},\"author\":{\"name\":\"FM Patagonia\",\"@id\":\"https:\\\/\\\/fmpatagoniamadryn.com.ar\\\/#\\\/schema\\\/person\\\/8a3de4ad7efceacab06c1641c50303b7\"},\"headline\":\"GRAN CONVOCATORIA EN LA REV\u00c1LIDA DEL CUERPO DE GUARDAVIDAS DE PUERTO MADRYN\",\"datePublished\":\"2025-10-21T21:34:44+00:00\",\"mainEntityOfPage\":{\"@id\":\"https:\\\/\\\/fmpatagoniamadryn.com.ar\\\/?p=18338\"},\"wordCount\":353,\"publisher\":{\"@id\":\"https:\\\/\\\/fmpatagoniamadryn.com.ar\\\/#organization\"},\"image\":{\"@id\":\"https:\\\/\\\/fmpatagoniamadryn.com.ar\\\/?p=18338#primaryimage\"},\"thumbnailUrl\":\"https:\\\/\\\/fmpatagoniamadryn.com.ar\\\/wp-content\\\/uploads\\\/2025\\\/10\\\/img_7016.jpg\",\"articleSection\":[\"Locales\"],\"inLanguage\":\"es\"},{\"@type\":\"WebPage\",\"@id\":\"https:\\\/\\\/fmpatagoniamadryn.com.ar\\\/?p=18338\",\"url\":\"https:\\\/\\\/fmpatagoniamadryn.com.ar\\\/?p=18338\",\"name\":\"GRAN CONVOCATORIA EN LA REV\u00c1LIDA DEL CUERPO DE GUARDAVIDAS DE PUERTO MADRYN - FM Patagonia Madryn\",\"isPartOf\":{\"@id\":\"https:\\\/\\\/fmpatagoniamadryn.com.ar\\\/#website\"},\"primaryImageOfPage\":{\"@id\":\"https:\\\/\\\/fmpatagoniamadryn.com.ar\\\/?p=18338#primaryimage\"},\"image\":{\"@id\":\"https:\\\/\\\/fmpatagoniamadryn.com.ar\\\/?p=18338#primaryimage\"},\"thumbnailUrl\":\"https:\\\/\\\/fmpatagoniamadryn.com.ar\\\/wp-content\\\/uploads\\\/2025\\\/10\\\/img_7016.jpg\",\"datePublished\":\"2025-10-21T21:34:44+00:00\",\"breadcrumb\":{\"@id\":\"https:\\\/\\\/fmpatagoniamadryn.com.ar\\\/?p=18338#breadcrumb\"},\"inLanguage\":\"es\",\"potentialAction\":[{\"@type\":\"ReadAction\",\"target\":[\"https:\\\/\\\/fmpatagoniamadryn.com.ar\\\/?p=18338\"]}]},{\"@type\":\"ImageObject\",\"inLanguage\":\"es\",\"@id\":\"https:\\\/\\\/fmpatagoniamadryn.com.ar\\\/?p=18338#primaryimage\",\"url\":\"https:\\\/\\\/fmpatagoniamadryn.com.ar\\\/wp-content\\\/uploads\\\/2025\\\/10\\\/img_7016.jpg\",\"contentUrl\":\"https:\\\/\\\/fmpatagoniamadryn.com.ar\\\/wp-content\\\/uploads\\\/2025\\\/10\\\/img_7016.jpg\",\"width\":1280,\"height\":963},{\"@type\":\"BreadcrumbList\",\"@id\":\"https:\\\/\\\/fmpatagoniamadryn.com.ar\\\/?p=18338#breadcrumb\",\"itemListElement\":[{\"@type\":\"ListItem\",\"position\":1,\"name\":\"Portada\",\"item\":\"https:\\\/\\\/fmpatagoniamadryn.com.ar\\\/\"},{\"@type\":\"ListItem\",\"position\":2,\"name\":\"GRAN CONVOCATORIA EN LA REV\u00c1LIDA DEL CUERPO DE GUARDAVIDAS DE PUERTO MADRYN\"}]},{\"@type\":\"WebSite\",\"@id\":\"https:\\\/\\\/fmpatagoniamadryn.com.ar\\\/#website\",\"url\":\"https:\\\/\\\/fmpatagoniamadryn.com.ar\\\/\",\"name\":\"FM Patagonia Madryn\",\"description\":\"Radio Patagonia 105.5\",\"publisher\":{\"@id\":\"https:\\\/\\\/fmpatagoniamadryn.com.ar\\\/#organization\"},\"potentialAction\":[{\"@type\":\"SearchAction\",\"target\":{\"@type\":\"EntryPoint\",\"urlTemplate\":\"https:\\\/\\\/fmpatagoniamadryn.com.ar\\\/?s={search_term_string}\"},\"query-input\":{\"@type\":\"PropertyValueSpecification\",\"valueRequired\":true,\"valueName\":\"search_term_string\"}}],\"inLanguage\":\"es\"},{\"@type\":\"Organization\",\"@id\":\"https:\\\/\\\/fmpatagoniamadryn.com.ar\\\/#organization\",\"name\":\"FM Patagonia Madryn\",\"url\":\"https:\\\/\\\/fmpatagoniamadryn.com.ar\\\/\",\"logo\":{\"@type\":\"ImageObject\",\"inLanguage\":\"es\",\"@id\":\"https:\\\/\\\/fmpatagoniamadryn.com.ar\\\/#\\\/schema\\\/logo\\\/image\\\/\",\"url\":\"https:\\\/\\\/fmpatagoniamadryn.com.ar\\\/wp-content\\\/uploads\\\/2023\\\/01\\\/cropped-Diseno-sin-titulo.png\",\"contentUrl\":\"https:\\\/\\\/fmpatagoniamadryn.com.ar\\\/wp-content\\\/uploads\\\/2023\\\/01\\\/cropped-Diseno-sin-titulo.png\",\"width\":6911,\"height\":2657,\"caption\":\"FM Patagonia Madryn\"},\"image\":{\"@id\":\"https:\\\/\\\/fmpatagoniamadryn.com.ar\\\/#\\\/schema\\\/logo\\\/image\\\/\"}},{\"@type\":\"Person\",\"@id\":\"https:\\\/\\\/fmpatagoniamadryn.com.ar\\\/#\\\/schema\\\/person\\\/8a3de4ad7efceacab06c1641c50303b7\",\"name\":\"FM Patagonia\",\"url\":\"https:\\\/\\\/fmpatagoniamadryn.com.ar\\\/?author=2\"}]}<\/script>\n<!-- \/ Yoast SEO plugin. -->","yoast_head_json":{"title":"GRAN CONVOCATORIA EN LA REV\u00c1LIDA DEL CUERPO DE GUARDAVIDAS DE PUERTO MADRYN - FM Patagonia Madryn","robots":{"index":"index","follow":"follow","max-snippet":"max-snippet:-1","max-image-preview":"max-image-preview:large","max-video-preview":"max-video-preview:-1"},"canonical":"https:\/\/fmpatagoniamadryn.com.ar\/?p=18338","og_locale":"es_ES","og_type":"article","og_title":"GRAN CONVOCATORIA EN LA REV\u00c1LIDA DEL CUERPO DE GUARDAVIDAS DE PUERTO MADRYN - FM Patagonia Madryn","og_description":"La jornada se desarroll\u00f3 en el Club Ferrocarril Patag\u00f3nico con instancias te\u00f3ricas y pr\u00e1cticas destinadas a fortalecer la capacitaci\u00f3n y preparaci\u00f3n para la pr\u00f3xima temporada Se llev\u00f3 a cabo la&hellip;","og_url":"https:\/\/fmpatagoniamadryn.com.ar\/?p=18338","og_site_name":"FM Patagonia Madryn","article_published_time":"2025-10-21T21:34:44+00:00","og_image":[{"width":1280,"height":963,"url":"https:\/\/fmpatagoniamadryn.com.ar\/wp-content\/uploads\/2025\/10\/img_7016.jpg","type":"image\/jpeg"}],"author":"FM Patagonia","twitter_card":"summary_large_image","twitter_misc":{"Escrito por":"FM Patagonia","Tiempo de lectura":"2 minutos"},"schema":{"@context":"https:\/\/schema.org","@graph":[{"@type":"Article","@id":"https:\/\/fmpatagoniamadryn.com.ar\/?p=18338#article","isPartOf":{"@id":"https:\/\/fmpatagoniamadryn.com.ar\/?p=18338"},"author":{"name":"FM Patagonia","@id":"https:\/\/fmpatagoniamadryn.com.ar\/#\/schema\/person\/8a3de4ad7efceacab06c1641c50303b7"},"headline":"GRAN CONVOCATORIA EN LA REV\u00c1LIDA DEL CUERPO DE GUARDAVIDAS DE PUERTO MADRYN","datePublished":"2025-10-21T21:34:44+00:00","mainEntityOfPage":{"@id":"https:\/\/fmpatagoniamadryn.com.ar\/?p=18338"},"wordCount":353,"publisher":{"@id":"https:\/\/fmpatagoniamadryn.com.ar\/#organization"},"image":{"@id":"https:\/\/fmpatagoniamadryn.com.ar\/?p=18338#primaryimage"},"thumbnailUrl":"https:\/\/fmpatagoniamadryn.com.ar\/wp-content\/uploads\/2025\/10\/img_7016.jpg","articleSection":["Locales"],"inLanguage":"es"},{"@type":"WebPage","@id":"https:\/\/fmpatagoniamadryn.com.ar\/?p=18338","url":"https:\/\/fmpatagoniamadryn.com.ar\/?p=18338","name":"GRAN CONVOCATORIA EN LA REV\u00c1LIDA DEL CUERPO DE GUARDAVIDAS DE PUERTO MADRYN - FM Patagonia Madryn","isPartOf":{"@id":"https:\/\/fmpatagoniamadryn.com.ar\/#website"},"primaryImageOfPage":{"@id":"https:\/\/fmpatagoniamadryn.com.ar\/?p=18338#primaryimage"},"image":{"@id":"https:\/\/fmpatagoniamadryn.com.ar\/?p=18338#primaryimage"},"thumbnailUrl":"https:\/\/fmpatagoniamadryn.com.ar\/wp-content\/uploads\/2025\/10\/img_7016.jpg","datePublished":"2025-10-21T21:34:44+00:00","breadcrumb":{"@id":"https:\/\/fmpatagoniamadryn.com.ar\/?p=18338#breadcrumb"},"inLanguage":"es","potentialAction":[{"@type":"ReadAction","target":["https:\/\/fmpatagoniamadryn.com.ar\/?p=18338"]}]},{"@type":"ImageObject","inLanguage":"es","@id":"https:\/\/fmpatagoniamadryn.com.ar\/?p=18338#primaryimage","url":"https:\/\/fmpatagoniamadryn.com.ar\/wp-content\/uploads\/2025\/10\/img_7016.jpg","contentUrl":"https:\/\/fmpatagoniamadryn.com.ar\/wp-content\/uploads\/2025\/10\/img_7016.jpg","width":1280,"height":963},{"@type":"BreadcrumbList","@id":"https:\/\/fmpatagoniamadryn.com.ar\/?p=18338#breadcrumb","itemListElement":[{"@type":"ListItem","position":1,"name":"Portada","item":"https:\/\/fmpatagoniamadryn.com.ar\/"},{"@type":"ListItem","position":2,"name":"GRAN CONVOCATORIA EN LA REV\u00c1LIDA DEL CUERPO DE GUARDAVIDAS DE PUERTO MADRYN"}]},{"@type":"WebSite","@id":"https:\/\/fmpatagoniamadryn.com.ar\/#website","url":"https:\/\/fmpatagoniamadryn.com.ar\/","name":"FM Patagonia Madryn","description":"Radio Patagonia 105.5","publisher":{"@id":"https:\/\/fmpatagoniamadryn.com.ar\/#organization"},"potentialAction":[{"@type":"SearchAction","target":{"@type":"EntryPoint","urlTemplate":"https:\/\/fmpatagoniamadryn.com.ar\/?s={search_term_string}"},"query-input":{"@type":"PropertyValueSpecification","valueRequired":true,"valueName":"search_term_string"}}],"inLanguage":"es"},{"@type":"Organization","@id":"https:\/\/fmpatagoniamadryn.com.ar\/#organization","name":"FM Patagonia Madryn","url":"https:\/\/fmpatagoniamadryn.com.ar\/","logo":{"@type":"ImageObject","inLanguage":"es","@id":"https:\/\/fmpatagoniamadryn.com.ar\/#\/schema\/logo\/image\/","url":"https:\/\/fmpatagoniamadryn.com.ar\/wp-content\/uploads\/2023\/01\/cropped-Diseno-sin-titulo.png","contentUrl":"https:\/\/fmpatagoniamadryn.com.ar\/wp-content\/uploads\/2023\/01\/cropped-Diseno-sin-titulo.png","width":6911,"height":2657,"caption":"FM Patagonia Madryn"},"image":{"@id":"https:\/\/fmpatagoniamadryn.com.ar\/#\/schema\/logo\/image\/"}},{"@type":"Person","@id":"https:\/\/fmpatagoniamadryn.com.ar\/#\/schema\/person\/8a3de4ad7efceacab06c1641c50303b7","name":"FM Patagonia","url":"https:\/\/fmpatagoniamadryn.com.ar\/?author=2"}]}},"jetpack_featured_media_url":"https:\/\/fmpatagoniamadryn.com.ar\/wp-content\/uploads\/2025\/10\/img_7016.jpg","_links":{"self":[{"href":"https:\/\/fmpatagoniamadryn.com.ar\/index.php?rest_route=\/wp\/v2\/posts\/18338","targetHints":{"allow":["GET"]}}],"collection":[{"href":"https:\/\/fmpatagoniamadryn.com.ar\/index.php?rest_route=\/wp\/v2\/posts"}],"about":[{"href":"https:\/\/fmpatagoniamadryn.com.ar\/index.php?rest_route=\/wp\/v2\/types\/post"}],"author":[{"embeddable":true,"href":"https:\/\/fmpatagoniamadryn.com.ar\/index.php?rest_route=\/wp\/v2\/users\/2"}],"replies":[{"embeddable":true,"href":"https:\/\/fmpatagoniamadryn.com.ar\/index.php?rest_route=%2Fwp%2Fv2%2Fcomments&post=18338"}],"version-history":[{"count":1,"href":"https:\/\/fmpatagoniamadryn.com.ar\/index.php?rest_route=\/wp\/v2\/posts\/18338\/revisions"}],"predecessor-version":[{"id":18339,"href":"https:\/\/fmpatagoniamadryn.com.ar\/index.php?rest_route=\/wp\/v2\/posts\/18338\/revisions\/18339"}],"wp:featuredmedia":[{"embeddable":true,"href":"https:\/\/fmpatagoniamadryn.com.ar\/index.php?rest_route=\/wp\/v2\/media\/18337"}],"wp:attachment":[{"href":"https:\/\/fmpatagoniamadryn.com.ar\/index.php?rest_route=%2Fwp%2Fv2%2Fmedia&parent=18338"}],"wp:term":[{"taxonomy":"category","embeddable":true,"href":"https:\/\/fmpatagoniamadryn.com.ar\/index.php?rest_route=%2Fwp%2Fv2%2Fcategories&post=18338"},{"taxonomy":"post_tag","embeddable":true,"href":"https:\/\/fmpatagoniamadryn.com.ar\/index.php?rest_route=%2Fwp%2Fv2%2Ftags&post=18338"}],"curies":[{"name":"wp","href":"https:\/\/api.w.org\/{rel}","templated":true}]}}