{"id":18357,"date":"2025-10-23T10:23:31","date_gmt":"2025-10-23T13:23:31","guid":{"rendered":"https:\/\/fmpatagoniamadryn.com.ar\/?p=18357"},"modified":"2025-10-23T10:23:31","modified_gmt":"2025-10-23T13:23:31","slug":"torres-habilito-el-sector-de-diagnostico-por-imagenes-del-hospital-alvear-de-comodoro-rivadavia-esperado-hace-mas-de-15-anos","status":"publish","type":"post","link":"https:\/\/fmpatagoniamadryn.com.ar\/?p=18357","title":{"rendered":"Torres habilit\u00f3 el sector de Diagn\u00f3stico por Im\u00e1genes del Hospital Alvear de Comodoro Rivadavia esperado hace m\u00e1s de 15 a\u00f1os"},"content":{"rendered":"\n<p><\/p>\n\n\n\n<p><em>\u00abEstamos haciendo un acto de justicia para quienes vienen a atenderse a este hospital p\u00fablico\u00bb dijo el Gobernador al dejar habilitadas las adecuaciones de dos salas de Rayos X junto a equipamiento de \u00faltima generaci\u00f3n por m\u00e1s de 400 millones de pesos. Hubo un fuerte reconocimiento de los trabajadores al mandatario por el cumplimiento de su palabra.<\/em><\/p>\n\n\n\n<p>El gobernador del Chubut Ignacio \u00abNacho\u00bb Torres puso en marcha en el Hospital Alvear de Comodoro Rivadavia el sector de Diagn\u00f3stico por Im\u00e1genes que era esperado desde hace m\u00e1s de 15 a\u00f1os y que ahora permitir\u00e1 a ese nosocomio p\u00fablico brindar prestaciones de primer nivel a uno de los sectores m\u00e1s vulnerables de la sociedad como es el de la tercera edad.<\/p>\n\n\n\n<p>La habilitaci\u00f3n oficial consisti\u00f3 en la culminaci\u00f3n de adecuaciones&nbsp;de las dos&nbsp;Salas de Rayos X que incluye un total de 87 metros cuadrados junto a la puesta en funcionamiento del reci\u00e9n llegado equipo de Rayos X Dinan que cubre un total de 39 metros cuadrados.<\/p>\n\n\n\n<p>Se trata de obras encuadradas dentro de un programa demand\u00f3 una inversi\u00f3n superior a los y que incluyeron varias adecuaciones del \u00e1rea de Diagn\u00f3stico por Im\u00e1genes a los sistemas de digitalizaci\u00f3n de alta productividad dando un total de aproximado de 200 metros cuadrados con el fin de dotarla de nuevo equipamiento: un equipo de RX Seriogr\u00e1fico, un Mam\u00f3grafo, un Ec\u00f3grafo Cardiol\u00f3gico, un Ec\u00f3grafo General, un equipo de Rayos X Fijo, un Equipo de Rayos X Rodante, un Digitalizador, una impresora y el sistema PACS\/RIS.<\/p>\n\n\n\n<p><strong>Acto de justicia<\/strong><\/p>\n\n\n\n<p>Tras calificar como \u00abun d\u00eda muy importante\u00bb a la jornada vivida&nbsp;este mi\u00e9rcoles, el gobernador Ignacio Torres, record\u00f3 que al asumir su primer cargo p\u00fablico en PAMI, \u00abescuchaba reclamos, y problemas de la Cooperativa (del hospital), que no se reconoc\u00edan\u00bb. Tambi\u00e9n mencion\u00f3 otras falencias, que ahora durante su gesti\u00f3n tuvieron respuesta como la construcci\u00f3n del muro de contenci\u00f3n y la incorporaci\u00f3n de una ambulancia de alta complejidad. Por eso valor\u00f3 que \u00abel Hospital Alvear es un ejemplo de c\u00f3mo el personal tiene puesta la camiseta de la salud p\u00fablica y de uno de los sectores m\u00e1s vulnerables que es la tercera edad, que hist\u00f3ricamente el Estado ha sido muy ingrato para con quienes aportaron para tener una vejez digna\u00bb.<\/p>\n\n\n\n<p>Por eso afirm\u00f3 que \u00abpaso a paso estamos haciendo un acto de justicia, en un momento de recesi\u00f3n econ\u00f3mica que nos golpea a todos, pero que con creatividad, con honestidad, logramos finalizar el muro de contenci\u00f3n para que no corra riesgo el Hospital, logramos equipar este hospital con tecnolog\u00eda de \u00faltima generaci\u00f3n\u00bb a lo que sum\u00f3 la respuesta dada a un pedido de los propios trabajadores, el poder contar con una ambulancia de alta complejidad, que el Hospital nunca hab\u00eda tenido.<\/p>\n\n\n\n<p>\u00abMe compromet\u00ed a tener habilitada la Sala de Diagn\u00f3stico por Im\u00e1genes y hoy estamos ac\u00e1 habilitando esta sala\u00bb, destac\u00f3 el mandatario, resaltando que ahora se podr\u00e1 brindar \u00abm\u00e1s calidad en el servicio a quienes vienen a atenderse a este hospital p\u00fablico, que es un sin\u00f3nimo de hermanamiento de toda la comunidad\u00bb.<\/p>\n\n\n\n<p>Asimismo, expres\u00f3 que \u00abmuchas veces las prestaciones m\u00e1s rentables se van al privado, porque al no tener estos elementos en el sector p\u00fablico los termina prestando un privado y el dinero que deb\u00eda ingresar al Hospital p\u00fablico termina en algunas cl\u00ednicas privadas. Eso no est\u00e1 mal, pero es poco inteligente a la hora de administrar los recursos que son escasos\u00bb, indic\u00f3.<\/p>\n\n\n\n<p>Y agreg\u00f3: \u00abhoy cada diagn\u00f3stico por im\u00e1genes que se haga en este hospital y que genere a trav\u00e9s de un arancelamiento, por ejemplo, con PAMI, es dinero que va a volver a este hospital para tenerlo cada vez mejor y poder brindar una mejor atenci\u00f3n a quienes se lo merecen, los adultos mayores de Comodoro Rivadavia y de la regi\u00f3n sur\u00bb, afirm\u00f3 para finalmente reconocer tambi\u00e9n a los centros de jubilados, por su administraci\u00f3n, tras considerarlos adem\u00e1s como \u00ablos gestores de estos logros\u00bb.<\/p>\n\n\n\n<p>El acto cont\u00f3 adem\u00e1s con las presencias del vicegobernador del Chubut, Gustavo Menna; la diputada nacional Ana Clara Romero; el subsecretario de Hospitales de la Provincia, Sebasti\u00e1n Restuccia; los directores del Hospital Alvear, Maite Mu\u00f1\u00f3z; del Hospital Regional, Romina Galarza; adem\u00e1s del director del Hospital de Diadema, personal de salud y representantes de centros de jubilados, entre otros.<\/p>\n\n\n\n<p><strong>Palabra cumplida del gobernador<\/strong><\/p>\n\n\n\n<p>Por su parte, Maite Mu\u00f1oz, directora del Hospital Alvear de Comodoro Rivadavia consider\u00f3 como \u00abhechos hist\u00f3ricos\u00bb a los vividos&nbsp;este mi\u00e9rcoles por la tarde, en relaci\u00f3n a las obras, el equipamiento y al reconocimiento a los trabadores e integrantes de la Cooperativa Alvear.<\/p>\n\n\n\n<p>\u00abQuiero agradecer al se\u00f1or gobernador, dos hechos que son hist\u00f3ricos para el Hospital Alvear, una es el ala de Diagn\u00f3stico por Im\u00e1genes, que es un servicio que en el a\u00f1o 2010 se pas\u00f3 a un lugar lejos del Hospital y nos dijeron que en un a\u00f1o iban a reacondicionar el espacio para volvernos a d\u00f3nde est\u00e1bamos, eso no sucedi\u00f3 nunca y segu\u00edan hasta antes de ayer con un equipo viejo de radiolog\u00eda. Ahora lo que vamos a empezar a usar a partir de hoy es un Mam\u00f3grafo que es el primero que va a tener el Hospital Alvear, un Seri\u00f3grafo que es el \u00fanico de la ciudad de Comodoro Rivadavia, un equipo de Radiolog\u00eda Digital directo con Espin\u00f3grafo, dos Ec\u00f3grafos, un equipo de Radiolog\u00eda Port\u00e1til Digital directo y un equipo Digitalizador de placas radiogr\u00e1ficas. Todo eso hace que el Servicio de Radiograf\u00eda haya crecido en un porcentaje elevad\u00edsimo y que tengamos una respuesta para la comunidad que no ten\u00edamos\u00bb, enumer\u00f3.<\/p>\n\n\n\n<p>Al tiempo que remarc\u00f3 que \u00abno puedo dejar de decir que fue una decisi\u00f3n pol\u00edtica habernos dicho en noviembre del a\u00f1o pasado: esto tiene que hacerse\u00bb, remarcando que \u00abera algo que esper\u00e1bamos hace m\u00e1s de 15 a\u00f1os\u00bb, por lo que resalt\u00f3 el compromiso del gobernador Ignacio Torres \u00abpara que esto se concretara. No me quedan m\u00e1s que palabras de agradecimiento\u00bb, dijo la directiva.<\/p>\n\n\n\n<p>Adem\u00e1s, valor\u00f3 al personal que trabaj\u00f3 en condiciones que no eran las adecuadas durante tantos a\u00f1os y ponder\u00f3 \u00abal personal de la Cooperativa Alvear\u00bb, recordando que \u00abuna vez que YPF pas\u00f3 a privatizarse, el hospital pas\u00f3 a estar administrado por una sociedad an\u00f3nima que present\u00f3 quiebra en diciembre de 2004. El hospital se cerr\u00f3 durante dos meses y durante ese lapso un grupo de trabajadores se qued\u00f3 custodiando el hospital para que no lo tomaran ni robaran el equipamiento y se quedaron esperando para ver qu\u00e9 pasaba con ellos, en ese momento el Gobierno les sugiri\u00f3 hacer una cooperativa y formaron lo que fue hasta ahora la Cooperativa Alvear\u00bb, record\u00f3.<\/p>\n\n\n\n<p>En ese marco dijo que lamentablemente \u00ablas condiciones laborales de ellos no fueron las mejores\u00bb, por lo que valor\u00f3 \u00abla decisi\u00f3n pol\u00edtica\u00bb del actual gobierno de la provincia \u00abpara mejorar el trabajo de estas personas\u00bb, y as\u00ed regularizar su situaci\u00f3n.&nbsp;<\/p>\n\n\n\n<p>Tambi\u00e9n afirm\u00f3 que \u00abqueremos que cada persona que cruce esta puerta sea considerada y tratada bien y eso se nota. Y cada recurso humano del Hospital est\u00e1 a disposici\u00f3n de cada uno de los pacientes\u00bb.<\/p>\n\n\n\n<p>\u00abQueremos que el paciente sienta bienestar\u00bb dijo y agradeci\u00f3 \u00aba todo el personal del Hospital Alvear\u00bb, remarcando que \u00abel personal del Hospital Alvear es grandioso y siempre est\u00e1 a disposici\u00f3n de lo que el equipo directivo proponga\u00bb.<\/p>\n","protected":false},"excerpt":{"rendered":"<p>\u00abEstamos haciendo un acto de justicia para quienes vienen a atenderse a este hospital p\u00fablico\u00bb dijo el Gobernador al dejar habilitadas las adecuaciones de dos salas de Rayos X junto&hellip; <\/p>\n","protected":false},"author":2,"featured_media":0,"comment_status":"closed","ping_status":"closed","sticky":false,"template":"","format":"standard","meta":{"footnotes":""},"categories":[15],"tags":[],"class_list":["post-18357","post","type-post","status-publish","format-standard","hentry","category-locales"],"yoast_head":"<!-- This site is optimized with the Yoast SEO plugin v27.5 - https:\/\/yoast.com\/product\/yoast-seo-wordpress\/ -->\n<title>Torres habilit\u00f3 el sector de Diagn\u00f3stico por Im\u00e1genes del Hospital Alvear de Comodoro Rivadavia esperado hace m\u00e1s de 15 a\u00f1os - FM Patagonia Madryn<\/title>\n<meta name=\"robots\" content=\"index, follow, max-snippet:-1, max-image-preview:large, max-video-preview:-1\" \/>\n<link rel=\"canonical\" href=\"https:\/\/fmpatagoniamadryn.com.ar\/?p=18357\" \/>\n<meta property=\"og:locale\" content=\"es_ES\" \/>\n<meta property=\"og:type\" content=\"article\" \/>\n<meta property=\"og:title\" content=\"Torres habilit\u00f3 el sector de Diagn\u00f3stico por Im\u00e1genes del Hospital Alvear de Comodoro Rivadavia esperado hace m\u00e1s de 15 a\u00f1os - FM Patagonia Madryn\" \/>\n<meta property=\"og:description\" content=\"\u00abEstamos haciendo un acto de justicia para quienes vienen a atenderse a este hospital p\u00fablico\u00bb dijo el Gobernador al dejar habilitadas las adecuaciones de dos salas de Rayos X junto&hellip;\" \/>\n<meta property=\"og:url\" content=\"https:\/\/fmpatagoniamadryn.com.ar\/?p=18357\" \/>\n<meta property=\"og:site_name\" content=\"FM Patagonia Madryn\" \/>\n<meta property=\"article:published_time\" content=\"2025-10-23T13:23:31+00:00\" \/>\n<meta name=\"author\" content=\"FM Patagonia\" \/>\n<meta name=\"twitter:card\" content=\"summary_large_image\" \/>\n<meta name=\"twitter:label1\" content=\"Escrito por\" \/>\n\t<meta name=\"twitter:data1\" content=\"FM Patagonia\" \/>\n\t<meta name=\"twitter:label2\" content=\"Tiempo de lectura\" \/>\n\t<meta name=\"twitter:data2\" content=\"6 minutos\" \/>\n<script type=\"application\/ld+json\" class=\"yoast-schema-graph\">{\"@context\":\"https:\\\/\\\/schema.org\",\"@graph\":[{\"@type\":\"Article\",\"@id\":\"https:\\\/\\\/fmpatagoniamadryn.com.ar\\\/?p=18357#article\",\"isPartOf\":{\"@id\":\"https:\\\/\\\/fmpatagoniamadryn.com.ar\\\/?p=18357\"},\"author\":{\"name\":\"FM Patagonia\",\"@id\":\"https:\\\/\\\/fmpatagoniamadryn.com.ar\\\/#\\\/schema\\\/person\\\/8a3de4ad7efceacab06c1641c50303b7\"},\"headline\":\"Torres habilit\u00f3 el sector de Diagn\u00f3stico por Im\u00e1genes del Hospital Alvear de Comodoro Rivadavia esperado hace m\u00e1s de 15 a\u00f1os\",\"datePublished\":\"2025-10-23T13:23:31+00:00\",\"mainEntityOfPage\":{\"@id\":\"https:\\\/\\\/fmpatagoniamadryn.com.ar\\\/?p=18357\"},\"wordCount\":1321,\"publisher\":{\"@id\":\"https:\\\/\\\/fmpatagoniamadryn.com.ar\\\/#organization\"},\"articleSection\":[\"Locales\"],\"inLanguage\":\"es\"},{\"@type\":\"WebPage\",\"@id\":\"https:\\\/\\\/fmpatagoniamadryn.com.ar\\\/?p=18357\",\"url\":\"https:\\\/\\\/fmpatagoniamadryn.com.ar\\\/?p=18357\",\"name\":\"Torres habilit\u00f3 el sector de Diagn\u00f3stico por Im\u00e1genes del Hospital Alvear de Comodoro Rivadavia esperado hace m\u00e1s de 15 a\u00f1os - FM Patagonia Madryn\",\"isPartOf\":{\"@id\":\"https:\\\/\\\/fmpatagoniamadryn.com.ar\\\/#website\"},\"datePublished\":\"2025-10-23T13:23:31+00:00\",\"breadcrumb\":{\"@id\":\"https:\\\/\\\/fmpatagoniamadryn.com.ar\\\/?p=18357#breadcrumb\"},\"inLanguage\":\"es\",\"potentialAction\":[{\"@type\":\"ReadAction\",\"target\":[\"https:\\\/\\\/fmpatagoniamadryn.com.ar\\\/?p=18357\"]}]},{\"@type\":\"BreadcrumbList\",\"@id\":\"https:\\\/\\\/fmpatagoniamadryn.com.ar\\\/?p=18357#breadcrumb\",\"itemListElement\":[{\"@type\":\"ListItem\",\"position\":1,\"name\":\"Portada\",\"item\":\"https:\\\/\\\/fmpatagoniamadryn.com.ar\\\/\"},{\"@type\":\"ListItem\",\"position\":2,\"name\":\"Torres habilit\u00f3 el sector de Diagn\u00f3stico por Im\u00e1genes del Hospital Alvear de Comodoro Rivadavia esperado hace m\u00e1s de 15 a\u00f1os\"}]},{\"@type\":\"WebSite\",\"@id\":\"https:\\\/\\\/fmpatagoniamadryn.com.ar\\\/#website\",\"url\":\"https:\\\/\\\/fmpatagoniamadryn.com.ar\\\/\",\"name\":\"FM Patagonia Madryn\",\"description\":\"Radio Patagonia 105.5\",\"publisher\":{\"@id\":\"https:\\\/\\\/fmpatagoniamadryn.com.ar\\\/#organization\"},\"potentialAction\":[{\"@type\":\"SearchAction\",\"target\":{\"@type\":\"EntryPoint\",\"urlTemplate\":\"https:\\\/\\\/fmpatagoniamadryn.com.ar\\\/?s={search_term_string}\"},\"query-input\":{\"@type\":\"PropertyValueSpecification\",\"valueRequired\":true,\"valueName\":\"search_term_string\"}}],\"inLanguage\":\"es\"},{\"@type\":\"Organization\",\"@id\":\"https:\\\/\\\/fmpatagoniamadryn.com.ar\\\/#organization\",\"name\":\"FM Patagonia Madryn\",\"url\":\"https:\\\/\\\/fmpatagoniamadryn.com.ar\\\/\",\"logo\":{\"@type\":\"ImageObject\",\"inLanguage\":\"es\",\"@id\":\"https:\\\/\\\/fmpatagoniamadryn.com.ar\\\/#\\\/schema\\\/logo\\\/image\\\/\",\"url\":\"https:\\\/\\\/fmpatagoniamadryn.com.ar\\\/wp-content\\\/uploads\\\/2023\\\/01\\\/cropped-Diseno-sin-titulo.png\",\"contentUrl\":\"https:\\\/\\\/fmpatagoniamadryn.com.ar\\\/wp-content\\\/uploads\\\/2023\\\/01\\\/cropped-Diseno-sin-titulo.png\",\"width\":6911,\"height\":2657,\"caption\":\"FM Patagonia Madryn\"},\"image\":{\"@id\":\"https:\\\/\\\/fmpatagoniamadryn.com.ar\\\/#\\\/schema\\\/logo\\\/image\\\/\"}},{\"@type\":\"Person\",\"@id\":\"https:\\\/\\\/fmpatagoniamadryn.com.ar\\\/#\\\/schema\\\/person\\\/8a3de4ad7efceacab06c1641c50303b7\",\"name\":\"FM Patagonia\",\"url\":\"https:\\\/\\\/fmpatagoniamadryn.com.ar\\\/?author=2\"}]}<\/script>\n<!-- \/ Yoast SEO plugin. -->","yoast_head_json":{"title":"Torres habilit\u00f3 el sector de Diagn\u00f3stico por Im\u00e1genes del Hospital Alvear de Comodoro Rivadavia esperado hace m\u00e1s de 15 a\u00f1os - FM Patagonia Madryn","robots":{"index":"index","follow":"follow","max-snippet":"max-snippet:-1","max-image-preview":"max-image-preview:large","max-video-preview":"max-video-preview:-1"},"canonical":"https:\/\/fmpatagoniamadryn.com.ar\/?p=18357","og_locale":"es_ES","og_type":"article","og_title":"Torres habilit\u00f3 el sector de Diagn\u00f3stico por Im\u00e1genes del Hospital Alvear de Comodoro Rivadavia esperado hace m\u00e1s de 15 a\u00f1os - FM Patagonia Madryn","og_description":"\u00abEstamos haciendo un acto de justicia para quienes vienen a atenderse a este hospital p\u00fablico\u00bb dijo el Gobernador al dejar habilitadas las adecuaciones de dos salas de Rayos X junto&hellip;","og_url":"https:\/\/fmpatagoniamadryn.com.ar\/?p=18357","og_site_name":"FM Patagonia Madryn","article_published_time":"2025-10-23T13:23:31+00:00","author":"FM Patagonia","twitter_card":"summary_large_image","twitter_misc":{"Escrito por":"FM Patagonia","Tiempo de lectura":"6 minutos"},"schema":{"@context":"https:\/\/schema.org","@graph":[{"@type":"Article","@id":"https:\/\/fmpatagoniamadryn.com.ar\/?p=18357#article","isPartOf":{"@id":"https:\/\/fmpatagoniamadryn.com.ar\/?p=18357"},"author":{"name":"FM Patagonia","@id":"https:\/\/fmpatagoniamadryn.com.ar\/#\/schema\/person\/8a3de4ad7efceacab06c1641c50303b7"},"headline":"Torres habilit\u00f3 el sector de Diagn\u00f3stico por Im\u00e1genes del Hospital Alvear de Comodoro Rivadavia esperado hace m\u00e1s de 15 a\u00f1os","datePublished":"2025-10-23T13:23:31+00:00","mainEntityOfPage":{"@id":"https:\/\/fmpatagoniamadryn.com.ar\/?p=18357"},"wordCount":1321,"publisher":{"@id":"https:\/\/fmpatagoniamadryn.com.ar\/#organization"},"articleSection":["Locales"],"inLanguage":"es"},{"@type":"WebPage","@id":"https:\/\/fmpatagoniamadryn.com.ar\/?p=18357","url":"https:\/\/fmpatagoniamadryn.com.ar\/?p=18357","name":"Torres habilit\u00f3 el sector de Diagn\u00f3stico por Im\u00e1genes del Hospital Alvear de Comodoro Rivadavia esperado hace m\u00e1s de 15 a\u00f1os - FM Patagonia Madryn","isPartOf":{"@id":"https:\/\/fmpatagoniamadryn.com.ar\/#website"},"datePublished":"2025-10-23T13:23:31+00:00","breadcrumb":{"@id":"https:\/\/fmpatagoniamadryn.com.ar\/?p=18357#breadcrumb"},"inLanguage":"es","potentialAction":[{"@type":"ReadAction","target":["https:\/\/fmpatagoniamadryn.com.ar\/?p=18357"]}]},{"@type":"BreadcrumbList","@id":"https:\/\/fmpatagoniamadryn.com.ar\/?p=18357#breadcrumb","itemListElement":[{"@type":"ListItem","position":1,"name":"Portada","item":"https:\/\/fmpatagoniamadryn.com.ar\/"},{"@type":"ListItem","position":2,"name":"Torres habilit\u00f3 el sector de Diagn\u00f3stico por Im\u00e1genes del Hospital Alvear de Comodoro Rivadavia esperado hace m\u00e1s de 15 a\u00f1os"}]},{"@type":"WebSite","@id":"https:\/\/fmpatagoniamadryn.com.ar\/#website","url":"https:\/\/fmpatagoniamadryn.com.ar\/","name":"FM Patagonia Madryn","description":"Radio Patagonia 105.5","publisher":{"@id":"https:\/\/fmpatagoniamadryn.com.ar\/#organization"},"potentialAction":[{"@type":"SearchAction","target":{"@type":"EntryPoint","urlTemplate":"https:\/\/fmpatagoniamadryn.com.ar\/?s={search_term_string}"},"query-input":{"@type":"PropertyValueSpecification","valueRequired":true,"valueName":"search_term_string"}}],"inLanguage":"es"},{"@type":"Organization","@id":"https:\/\/fmpatagoniamadryn.com.ar\/#organization","name":"FM Patagonia Madryn","url":"https:\/\/fmpatagoniamadryn.com.ar\/","logo":{"@type":"ImageObject","inLanguage":"es","@id":"https:\/\/fmpatagoniamadryn.com.ar\/#\/schema\/logo\/image\/","url":"https:\/\/fmpatagoniamadryn.com.ar\/wp-content\/uploads\/2023\/01\/cropped-Diseno-sin-titulo.png","contentUrl":"https:\/\/fmpatagoniamadryn.com.ar\/wp-content\/uploads\/2023\/01\/cropped-Diseno-sin-titulo.png","width":6911,"height":2657,"caption":"FM Patagonia Madryn"},"image":{"@id":"https:\/\/fmpatagoniamadryn.com.ar\/#\/schema\/logo\/image\/"}},{"@type":"Person","@id":"https:\/\/fmpatagoniamadryn.com.ar\/#\/schema\/person\/8a3de4ad7efceacab06c1641c50303b7","name":"FM Patagonia","url":"https:\/\/fmpatagoniamadryn.com.ar\/?author=2"}]}},"jetpack_featured_media_url":"","_links":{"self":[{"href":"https:\/\/fmpatagoniamadryn.com.ar\/index.php?rest_route=\/wp\/v2\/posts\/18357","targetHints":{"allow":["GET"]}}],"collection":[{"href":"https:\/\/fmpatagoniamadryn.com.ar\/index.php?rest_route=\/wp\/v2\/posts"}],"about":[{"href":"https:\/\/fmpatagoniamadryn.com.ar\/index.php?rest_route=\/wp\/v2\/types\/post"}],"author":[{"embeddable":true,"href":"https:\/\/fmpatagoniamadryn.com.ar\/index.php?rest_route=\/wp\/v2\/users\/2"}],"replies":[{"embeddable":true,"href":"https:\/\/fmpatagoniamadryn.com.ar\/index.php?rest_route=%2Fwp%2Fv2%2Fcomments&post=18357"}],"version-history":[{"count":1,"href":"https:\/\/fmpatagoniamadryn.com.ar\/index.php?rest_route=\/wp\/v2\/posts\/18357\/revisions"}],"predecessor-version":[{"id":18358,"href":"https:\/\/fmpatagoniamadryn.com.ar\/index.php?rest_route=\/wp\/v2\/posts\/18357\/revisions\/18358"}],"wp:attachment":[{"href":"https:\/\/fmpatagoniamadryn.com.ar\/index.php?rest_route=%2Fwp%2Fv2%2Fmedia&parent=18357"}],"wp:term":[{"taxonomy":"category","embeddable":true,"href":"https:\/\/fmpatagoniamadryn.com.ar\/index.php?rest_route=%2Fwp%2Fv2%2Fcategories&post=18357"},{"taxonomy":"post_tag","embeddable":true,"href":"https:\/\/fmpatagoniamadryn.com.ar\/index.php?rest_route=%2Fwp%2Fv2%2Ftags&post=18357"}],"curies":[{"name":"wp","href":"https:\/\/api.w.org\/{rel}","templated":true}]}}