{"id":18369,"date":"2025-10-23T18:14:46","date_gmt":"2025-10-23T21:14:46","guid":{"rendered":"https:\/\/fmpatagoniamadryn.com.ar\/?p=18369"},"modified":"2025-10-23T18:14:46","modified_gmt":"2025-10-23T21:14:46","slug":"torres-reactivo-204-viviendas-en-trelew-abandonadas-por-el-gobierno-nacional-en-chubut-estamos-volviendo-a-construir-el-primer-procrear-de-la-argentina-destaco-el-gobernador","status":"publish","type":"post","link":"https:\/\/fmpatagoniamadryn.com.ar\/?p=18369","title":{"rendered":"Torres reactiv\u00f3 204 viviendas en Trelew abandonadas por el Gobierno Nacional: \u00abEn Chubut estamos volviendo a construir el primer Procrear de la Argentina\u00bb, destac\u00f3 el Gobernador"},"content":{"rendered":"\n<p class=\"MsoNormal\">&nbsp;<\/p>\n\n\n\n<p class=\"MsoNormal\"><em>Junto al l\u00edder de la UOCRA, Gerardo Mart\u00ednez; el mandatario firm\u00f3 el acuerdo que permitir\u00e1 a la Provincia finalizar las unidades habitacionales ubicadas en el barrio Etchepare y generar m\u00e1s de 250 puestos de trabajo en el sector de la construcci\u00f3n. La obra ser\u00e1 ejecutada con \u00edntegramente con recursos provinciales y forma parte del R\u00e9gimen de Extinci\u00f3n de Obligaciones Rec\u00edprocas que autoriza a Chubut a concluir obras nacionales inconclusas y, al mismo tiempo, desendeudarse.<\/em><\/p>\n\n\n\n<p class=\"MsoNormal\">&nbsp;<\/p>\n\n\n\n<p class=\"MsoNormal\">El gobernador del Chubut, Ignacio \u201cNacho\u201d Torres, dio&nbsp;este jueves&nbsp;otro paso clave en la reactivaci\u00f3n de obras postergadas por el Estado Nacional. En un acto encabezado junto al secretario general de la UOCRA, Gerardo Mart\u00ednez, el mandatario firm\u00f3 un importante convenio que posibilitar\u00e1 la finalizaci\u00f3n de las 204 viviendas del Plan Procrear que fueron abandonadas por el Gobierno Nacional en el barrio Etchepare de Trelew.<\/p>\n\n\n\n<p class=\"MsoNormal\">&nbsp;<\/p>\n\n\n\n<p class=\"MsoNormal\">De esta manera, el Gobierno de la Provincia ser\u00e1 ahora el encargado de financiar y culminar la \u00faltima etapa de una obra largamente postergada y que dar\u00e1 empleo genuino a m\u00e1s de 250 trabajadores del sector de la construcci\u00f3n. \u201cHoy tenemos el profundo orgullo de decir que en Chubut estamos volviendo a construir el primer Procrear de la Rep\u00fablica Argentina\u201d, enfatiz\u00f3 el titular del Ejecutivo.&nbsp;<\/p>\n\n\n\n<p class=\"MsoNormal\">&nbsp;<\/p>\n\n\n\n<p class=\"MsoNormal\">En el marco del acto desarrollado esta ma\u00f1ana en la zona donde est\u00e1n ubicadas las unidades habitacionales, el mandatario reconoci\u00f3 el acompa\u00f1amiento del vicegobernador Gustavo Menna y la labor de los diputados que sancionaron por amplia mayor\u00eda el acuerdo suscripto oportunamente entre Chubut, Naci\u00f3n y el Instituto Provincial de la Vivienda (IPV) para la transferencia y continuidad de los contratos de obra existentes.&nbsp;<\/p>\n\n\n\n<p class=\"MsoNormal\">&nbsp;<\/p>\n\n\n\n<p class=\"MsoNormal\"><strong>El trabajo, la principal bandera<\/strong><\/p>\n\n\n\n<p class=\"MsoNormal\">&nbsp;<\/p>\n\n\n\n<p class=\"MsoNormal\">La continuidad del Plan en el barrio Etchepare, cuya ejecuci\u00f3n se vio interrumpida tras la suspensi\u00f3n de la obra p\u00fablica a nivel nacional, estar\u00e1 a cargo del IPV, ser\u00e1 financiada con recursos \u00edntegramente provinciales y garantizar\u00e1 el acceso a la vivienda a m\u00e1s de 200 vecinos de Trelew.<\/p>\n\n\n\n<p class=\"MsoNormal\">&nbsp;<\/p>\n\n\n\n<p class=\"MsoNormal\">\u201c\u00c9sta no es una causa de un partido pol\u00edtico, esta es una causa de todos porque el trabajo es la bandera que tenemos que poner por encima de todas las banderas\u201d, expres\u00f3 Torres en un acto que comparti\u00f3, adem\u00e1s, con el vicegobernador Gustavo Menna; el intendente de Trelew, Gerardo Merino; el presidente del Instituto Provincial de la Vivienda y Desarrollo Urbano (IPVyDU), Guillermo Espada; funcionarios del Gabinete provincial; legisladores provinciales, concejales, vecinos y cientos de trabajadores de la Uni\u00f3n Obrera de la Construcci\u00f3n.<\/p>\n\n\n\n<p class=\"MsoNormal\">&nbsp;<\/p>\n\n\n\n<p class=\"MsoNormal\"><strong>\u00abEstamos volviendo a generar trabajo\u00bb<\/strong><\/p>\n\n\n\n<p class=\"MsoNormal\">&nbsp;<\/p>\n\n\n\n<p class=\"MsoNormal\">El mandatario record\u00f3 que a poco de asumir al frente del Ejecutivo, en Chubut \u201cten\u00edamos muchas obras frenadas, miles de familias que no sab\u00edan qu\u00e9 iba a pasar con su trabajo\u201d. Se\u00f1al\u00f3 que ante ese escenario adverso, \u201cnos sentamos con el Gobierno Nacional, le explicamos que las cosas se pueden hacer bien, nos tuvieron a las vueltas, fuimos a golpear las puertas que ten\u00edamos que golpear y hoy tenemos el profundo orgullo de decir que en nuestra provincia estamos volviendo a generar trabajo\u201d.<\/p>\n\n\n\n<p class=\"MsoNormal\">&nbsp;<\/p>\n\n\n\n<p class=\"MsoNormal\">Torres asegur\u00f3 que para esta gesti\u00f3n de Gobierno \u201cla obra p\u00fablica es trabajo y es desarrollo, y para lograrlo hay que tomar decisiones y poner lo que hay que poner\u201d. Sostuvo en ese marco que para dar continuidad a las obras postergadas, \u201cplanteamos una forma de hacerlo, innovadora, y les dijimos que nos traspasen la obra que nosotros la vamos a terminar\u201d.<\/p>\n\n\n\n<p class=\"MsoNormal\">&nbsp;<\/p>\n\n\n\n<p class=\"MsoNormal\">\u201cCuando asumimos nos dieron que no se pod\u00eda y no sab\u00edamos c\u00f3mo \u00edbamos a afrontar los sueldos, la salud p\u00fablica, la educaci\u00f3n. Y lo hicimos con el compromiso con los que verdaderamente tenemos que tener lealtad, que son las familias trabajadoras de toda la provincia\u201d, remarc\u00f3.<\/p>\n\n\n\n<p class=\"MsoNormal\">&nbsp;<\/p>\n\n\n\n<p class=\"MsoNormal\"><strong>Tener memoria<\/strong><\/p>\n\n\n\n<p class=\"MsoNormal\">&nbsp;<\/p>\n\n\n\n<p class=\"MsoNormal\">En otro tramo de su discurso, el gobernador manifest\u00f3 que \u201cpara ser inteligentes tenemos que tener memoria, porque los pueblos que no tienen memoria son pueblos condenados al fracaso\u201d.<\/p>\n\n\n\n<p class=\"MsoNormal\">&nbsp;<\/p>\n\n\n\n<p class=\"MsoNormal\">Se pregunt\u00f3 al respecto que, \u201cm\u00e1s all\u00e1 de tener un Gobierno Nacional que no tiene ni idea lo que es el interior de la provincia, el desarrollo y el trabajo; qu\u00e9 pas\u00f3 cuando ten\u00edamos el barril criollo a m\u00e1s de 120 d\u00f3lares y rebalsaba la plata en esta provincia, y los sueldos se pagaban de forma desdoblada y estas obras no se terminaban. Qu\u00e9 pas\u00f3, por qu\u00e9 ahora que estamos con una recesi\u00f3n galopante que golpea a las provincias, a los municipios y a los bolsillos de todos los argentinos, estamos demostrando que esas obras se est\u00e1n haciendo\u201d.<\/p>\n\n\n\n<p class=\"MsoNormal\">&nbsp;<\/p>\n\n\n\n<p class=\"MsoNormal\">En ese sentido, el mandatario indic\u00f3 que \u201clo que pas\u00f3 es que esa plata se la afanaron a todos los chubutenses y lo que vamos a hacer nosotros es que esas mansiones y autos que se compraron rob\u00e1ndose la plata de la obra p\u00fablica, los vamos a rematar, los vamos a vender y vamos a volver a construir esas obras para generar trabajo leg\u00edtimo\u201d.<\/p>\n\n\n\n<p class=\"MsoNormal\">&nbsp;<\/p>\n\n\n\n<p class=\"MsoNormal\">Torres cuestion\u00f3 duramente a quienes \u201cahora se llenan la boca defendieron nada m\u00e1s que su billetera\u201d, y se comprometi\u00f3 \u201ccon cada una de las familias trabajadoras de esta provincia de que cada uno que toca un peso lo devuelva y que llegue a donde tiene que llegar\u201d.<\/p>\n\n\n\n<p class=\"MsoNormal\">&nbsp;<\/p>\n\n\n\n<p class=\"MsoNormal\">Finalmente, expres\u00f3 que \u201ctenemos una oportunidad \u00fanica como chubutenses de tener una provincia y un pa\u00eds donde el trabajo sea lo que reivindica y dignifica y no tengamos que mendigar un bols\u00f3n de comida\u201d.<\/p>\n\n\n\n<p class=\"MsoNormal\">&nbsp;<\/p>\n\n\n\n<p class=\"MsoNormal\"><strong>Pol\u00edtica habitacional en Chubut<\/strong><\/p>\n\n\n\n<p class=\"MsoNormal\">&nbsp;<\/p>\n\n\n\n<p class=\"MsoNormal\">El secretario general de la Uni\u00f3n Obrera de la Construcci\u00f3n de la Rep\u00fablica Argentina, Gerardo Mart\u00ednez, agradeci\u00f3 al gobernador Ignacio Torres la invitaci\u00f3n \u201ca trabajar en forma conjunta\u201d, y reivindic\u00f3 \u201cel protagonismo que tiene el Estado provincial para llevar adelante las pol\u00edticas habitacionales\u201d.<\/p>\n\n\n\n<p class=\"MsoNormal\">&nbsp;<\/p>\n\n\n\n<p class=\"MsoNormal\">El dirigente sindical manifest\u00f3 que este Plan que se reactiva en Chubut \u201cestaba totalmente paralizado por una decisi\u00f3n de Naci\u00f3n\u201d, y en ese marco destac\u00f3 \u201cel v\u00ednculo, la relaci\u00f3n y la preocupaci\u00f3n del gobernador\u201d para llegar con soluciones a familias de la provincia.&nbsp;<\/p>\n\n\n\n<p class=\"MsoNormal\">&nbsp;<\/p>\n\n\n\n<p class=\"MsoNormal\">\u201cNos pusimos a trabajar en forma conjunta para hacer entender a las autoridades nacionales que esto no iba a poder seguir as\u00ed, que hab\u00eda una decisi\u00f3n pol\u00edtica del gobernador de hacerse cargo\u201d, remarc\u00f3 Mart\u00ednez al considerar que \u201cel di\u00e1logo es una llave maestra para resolver los problemas de nuestra gente\u201d.<\/p>\n\n\n\n<p class=\"MsoNormal\">&nbsp;<\/p>\n\n\n\n<p class=\"MsoNormal\"><strong>Obras nacionales con recursos propios<\/strong><\/p>\n\n\n\n<p class=\"MsoNormal\">&nbsp;<\/p>\n\n\n\n<p class=\"MsoNormal\">La finalizaci\u00f3n de las 204 viviendas (correspondientes al Programa&nbsp;<a href=\"http:\/\/pro.cre.ar\/\" target=\"_blank\" rel=\"noreferrer noopener\">Pro.Cre.Ar<\/a>&nbsp;II \u2013 Desarrollo Urban\u00edstico Trelew) se encuadra en el R\u00e9gimen de Extinci\u00f3n de Obligaciones Rec\u00edprocas acordado entre el Gobierno del Chubut y el Estado Nacional, permiti\u00e9ndole a la Provincia concluir obras nacionales postergadas y, al mismo tiempo, desendeudarse.<\/p>\n\n\n\n<p class=\"MsoNormal\">&nbsp;<\/p>\n\n\n\n<p class=\"MsoNormal\">De este modo, la intervenci\u00f3n del Instituto Provincial de la Vivienda busca asegurar la calidad constructiva, accesibilidad y continuidad urbana, de manera de generar un barrio consolidado con servicios y equipamiento adecuados para sus futuros habitantes, ratificando el compromiso de la actual gesti\u00f3n por brindar una respuesta certera ante la demanda habitacional de la comunidad.<\/p>\n\n\n\n<p><\/p>\n","protected":false},"excerpt":{"rendered":"<p>&nbsp; Junto al l\u00edder de la UOCRA, Gerardo Mart\u00ednez; el mandatario firm\u00f3 el acuerdo que permitir\u00e1 a la Provincia finalizar las unidades habitacionales ubicadas en el barrio Etchepare y generar&hellip; <\/p>\n","protected":false},"author":2,"featured_media":18368,"comment_status":"closed","ping_status":"closed","sticky":false,"template":"","format":"standard","meta":{"footnotes":""},"categories":[14],"tags":[],"class_list":["post-18369","post","type-post","status-publish","format-standard","has-post-thumbnail","hentry","category-provinciales"],"yoast_head":"<!-- This site is optimized with the Yoast SEO plugin v27.5 - https:\/\/yoast.com\/product\/yoast-seo-wordpress\/ -->\n<title>Torres reactiv\u00f3 204 viviendas en Trelew abandonadas por el Gobierno Nacional: &quot;En Chubut estamos volviendo a construir el primer Procrear de la Argentina&quot;, destac\u00f3 el Gobernador - FM Patagonia Madryn<\/title>\n<meta name=\"robots\" content=\"index, follow, max-snippet:-1, max-image-preview:large, max-video-preview:-1\" \/>\n<link rel=\"canonical\" href=\"https:\/\/fmpatagoniamadryn.com.ar\/?p=18369\" \/>\n<meta property=\"og:locale\" content=\"es_ES\" \/>\n<meta property=\"og:type\" content=\"article\" \/>\n<meta property=\"og:title\" content=\"Torres reactiv\u00f3 204 viviendas en Trelew abandonadas por el Gobierno Nacional: &quot;En Chubut estamos volviendo a construir el primer Procrear de la Argentina&quot;, destac\u00f3 el Gobernador - FM Patagonia Madryn\" \/>\n<meta property=\"og:description\" content=\"&nbsp; Junto al l\u00edder de la UOCRA, Gerardo Mart\u00ednez; el mandatario firm\u00f3 el acuerdo que permitir\u00e1 a la Provincia finalizar las unidades habitacionales ubicadas en el barrio Etchepare y generar&hellip;\" \/>\n<meta property=\"og:url\" content=\"https:\/\/fmpatagoniamadryn.com.ar\/?p=18369\" \/>\n<meta property=\"og:site_name\" content=\"FM Patagonia Madryn\" \/>\n<meta property=\"article:published_time\" content=\"2025-10-23T21:14:46+00:00\" \/>\n<meta property=\"og:image\" content=\"https:\/\/fmpatagoniamadryn.com.ar\/wp-content\/uploads\/2025\/10\/img_7122.jpg\" \/>\n\t<meta property=\"og:image:width\" content=\"1280\" \/>\n\t<meta property=\"og:image:height\" content=\"854\" \/>\n\t<meta property=\"og:image:type\" content=\"image\/jpeg\" \/>\n<meta name=\"author\" content=\"FM Patagonia\" \/>\n<meta name=\"twitter:card\" content=\"summary_large_image\" \/>\n<meta name=\"twitter:label1\" content=\"Escrito por\" \/>\n\t<meta name=\"twitter:data1\" content=\"FM Patagonia\" \/>\n\t<meta name=\"twitter:label2\" content=\"Tiempo de lectura\" \/>\n\t<meta name=\"twitter:data2\" content=\"6 minutos\" \/>\n<script type=\"application\/ld+json\" class=\"yoast-schema-graph\">{\"@context\":\"https:\\\/\\\/schema.org\",\"@graph\":[{\"@type\":\"Article\",\"@id\":\"https:\\\/\\\/fmpatagoniamadryn.com.ar\\\/?p=18369#article\",\"isPartOf\":{\"@id\":\"https:\\\/\\\/fmpatagoniamadryn.com.ar\\\/?p=18369\"},\"author\":{\"name\":\"FM Patagonia\",\"@id\":\"https:\\\/\\\/fmpatagoniamadryn.com.ar\\\/#\\\/schema\\\/person\\\/8a3de4ad7efceacab06c1641c50303b7\"},\"headline\":\"Torres reactiv\u00f3 204 viviendas en Trelew abandonadas por el Gobierno Nacional: \u00abEn Chubut estamos volviendo a construir el primer Procrear de la Argentina\u00bb, destac\u00f3 el Gobernador\",\"datePublished\":\"2025-10-23T21:14:46+00:00\",\"mainEntityOfPage\":{\"@id\":\"https:\\\/\\\/fmpatagoniamadryn.com.ar\\\/?p=18369\"},\"wordCount\":1247,\"publisher\":{\"@id\":\"https:\\\/\\\/fmpatagoniamadryn.com.ar\\\/#organization\"},\"image\":{\"@id\":\"https:\\\/\\\/fmpatagoniamadryn.com.ar\\\/?p=18369#primaryimage\"},\"thumbnailUrl\":\"https:\\\/\\\/fmpatagoniamadryn.com.ar\\\/wp-content\\\/uploads\\\/2025\\\/10\\\/img_7122.jpg\",\"articleSection\":[\"Provinciales\"],\"inLanguage\":\"es\"},{\"@type\":\"WebPage\",\"@id\":\"https:\\\/\\\/fmpatagoniamadryn.com.ar\\\/?p=18369\",\"url\":\"https:\\\/\\\/fmpatagoniamadryn.com.ar\\\/?p=18369\",\"name\":\"Torres reactiv\u00f3 204 viviendas en Trelew abandonadas por el Gobierno Nacional: \\\"En Chubut estamos volviendo a construir el primer Procrear de la Argentina\\\", destac\u00f3 el Gobernador - FM Patagonia Madryn\",\"isPartOf\":{\"@id\":\"https:\\\/\\\/fmpatagoniamadryn.com.ar\\\/#website\"},\"primaryImageOfPage\":{\"@id\":\"https:\\\/\\\/fmpatagoniamadryn.com.ar\\\/?p=18369#primaryimage\"},\"image\":{\"@id\":\"https:\\\/\\\/fmpatagoniamadryn.com.ar\\\/?p=18369#primaryimage\"},\"thumbnailUrl\":\"https:\\\/\\\/fmpatagoniamadryn.com.ar\\\/wp-content\\\/uploads\\\/2025\\\/10\\\/img_7122.jpg\",\"datePublished\":\"2025-10-23T21:14:46+00:00\",\"breadcrumb\":{\"@id\":\"https:\\\/\\\/fmpatagoniamadryn.com.ar\\\/?p=18369#breadcrumb\"},\"inLanguage\":\"es\",\"potentialAction\":[{\"@type\":\"ReadAction\",\"target\":[\"https:\\\/\\\/fmpatagoniamadryn.com.ar\\\/?p=18369\"]}]},{\"@type\":\"ImageObject\",\"inLanguage\":\"es\",\"@id\":\"https:\\\/\\\/fmpatagoniamadryn.com.ar\\\/?p=18369#primaryimage\",\"url\":\"https:\\\/\\\/fmpatagoniamadryn.com.ar\\\/wp-content\\\/uploads\\\/2025\\\/10\\\/img_7122.jpg\",\"contentUrl\":\"https:\\\/\\\/fmpatagoniamadryn.com.ar\\\/wp-content\\\/uploads\\\/2025\\\/10\\\/img_7122.jpg\",\"width\":1280,\"height\":854},{\"@type\":\"BreadcrumbList\",\"@id\":\"https:\\\/\\\/fmpatagoniamadryn.com.ar\\\/?p=18369#breadcrumb\",\"itemListElement\":[{\"@type\":\"ListItem\",\"position\":1,\"name\":\"Portada\",\"item\":\"https:\\\/\\\/fmpatagoniamadryn.com.ar\\\/\"},{\"@type\":\"ListItem\",\"position\":2,\"name\":\"Torres reactiv\u00f3 204 viviendas en Trelew abandonadas por el Gobierno Nacional: \u00abEn Chubut estamos volviendo a construir el primer Procrear de la Argentina\u00bb, destac\u00f3 el Gobernador\"}]},{\"@type\":\"WebSite\",\"@id\":\"https:\\\/\\\/fmpatagoniamadryn.com.ar\\\/#website\",\"url\":\"https:\\\/\\\/fmpatagoniamadryn.com.ar\\\/\",\"name\":\"FM Patagonia Madryn\",\"description\":\"Radio Patagonia 105.5\",\"publisher\":{\"@id\":\"https:\\\/\\\/fmpatagoniamadryn.com.ar\\\/#organization\"},\"potentialAction\":[{\"@type\":\"SearchAction\",\"target\":{\"@type\":\"EntryPoint\",\"urlTemplate\":\"https:\\\/\\\/fmpatagoniamadryn.com.ar\\\/?s={search_term_string}\"},\"query-input\":{\"@type\":\"PropertyValueSpecification\",\"valueRequired\":true,\"valueName\":\"search_term_string\"}}],\"inLanguage\":\"es\"},{\"@type\":\"Organization\",\"@id\":\"https:\\\/\\\/fmpatagoniamadryn.com.ar\\\/#organization\",\"name\":\"FM Patagonia Madryn\",\"url\":\"https:\\\/\\\/fmpatagoniamadryn.com.ar\\\/\",\"logo\":{\"@type\":\"ImageObject\",\"inLanguage\":\"es\",\"@id\":\"https:\\\/\\\/fmpatagoniamadryn.com.ar\\\/#\\\/schema\\\/logo\\\/image\\\/\",\"url\":\"https:\\\/\\\/fmpatagoniamadryn.com.ar\\\/wp-content\\\/uploads\\\/2023\\\/01\\\/cropped-Diseno-sin-titulo.png\",\"contentUrl\":\"https:\\\/\\\/fmpatagoniamadryn.com.ar\\\/wp-content\\\/uploads\\\/2023\\\/01\\\/cropped-Diseno-sin-titulo.png\",\"width\":6911,\"height\":2657,\"caption\":\"FM Patagonia Madryn\"},\"image\":{\"@id\":\"https:\\\/\\\/fmpatagoniamadryn.com.ar\\\/#\\\/schema\\\/logo\\\/image\\\/\"}},{\"@type\":\"Person\",\"@id\":\"https:\\\/\\\/fmpatagoniamadryn.com.ar\\\/#\\\/schema\\\/person\\\/8a3de4ad7efceacab06c1641c50303b7\",\"name\":\"FM Patagonia\",\"url\":\"https:\\\/\\\/fmpatagoniamadryn.com.ar\\\/?author=2\"}]}<\/script>\n<!-- \/ Yoast SEO plugin. -->","yoast_head_json":{"title":"Torres reactiv\u00f3 204 viviendas en Trelew abandonadas por el Gobierno Nacional: \"En Chubut estamos volviendo a construir el primer Procrear de la Argentina\", destac\u00f3 el Gobernador - FM Patagonia Madryn","robots":{"index":"index","follow":"follow","max-snippet":"max-snippet:-1","max-image-preview":"max-image-preview:large","max-video-preview":"max-video-preview:-1"},"canonical":"https:\/\/fmpatagoniamadryn.com.ar\/?p=18369","og_locale":"es_ES","og_type":"article","og_title":"Torres reactiv\u00f3 204 viviendas en Trelew abandonadas por el Gobierno Nacional: \"En Chubut estamos volviendo a construir el primer Procrear de la Argentina\", destac\u00f3 el Gobernador - FM Patagonia Madryn","og_description":"&nbsp; Junto al l\u00edder de la UOCRA, Gerardo Mart\u00ednez; el mandatario firm\u00f3 el acuerdo que permitir\u00e1 a la Provincia finalizar las unidades habitacionales ubicadas en el barrio Etchepare y generar&hellip;","og_url":"https:\/\/fmpatagoniamadryn.com.ar\/?p=18369","og_site_name":"FM Patagonia Madryn","article_published_time":"2025-10-23T21:14:46+00:00","og_image":[{"width":1280,"height":854,"url":"https:\/\/fmpatagoniamadryn.com.ar\/wp-content\/uploads\/2025\/10\/img_7122.jpg","type":"image\/jpeg"}],"author":"FM Patagonia","twitter_card":"summary_large_image","twitter_misc":{"Escrito por":"FM Patagonia","Tiempo de lectura":"6 minutos"},"schema":{"@context":"https:\/\/schema.org","@graph":[{"@type":"Article","@id":"https:\/\/fmpatagoniamadryn.com.ar\/?p=18369#article","isPartOf":{"@id":"https:\/\/fmpatagoniamadryn.com.ar\/?p=18369"},"author":{"name":"FM Patagonia","@id":"https:\/\/fmpatagoniamadryn.com.ar\/#\/schema\/person\/8a3de4ad7efceacab06c1641c50303b7"},"headline":"Torres reactiv\u00f3 204 viviendas en Trelew abandonadas por el Gobierno Nacional: \u00abEn Chubut estamos volviendo a construir el primer Procrear de la Argentina\u00bb, destac\u00f3 el Gobernador","datePublished":"2025-10-23T21:14:46+00:00","mainEntityOfPage":{"@id":"https:\/\/fmpatagoniamadryn.com.ar\/?p=18369"},"wordCount":1247,"publisher":{"@id":"https:\/\/fmpatagoniamadryn.com.ar\/#organization"},"image":{"@id":"https:\/\/fmpatagoniamadryn.com.ar\/?p=18369#primaryimage"},"thumbnailUrl":"https:\/\/fmpatagoniamadryn.com.ar\/wp-content\/uploads\/2025\/10\/img_7122.jpg","articleSection":["Provinciales"],"inLanguage":"es"},{"@type":"WebPage","@id":"https:\/\/fmpatagoniamadryn.com.ar\/?p=18369","url":"https:\/\/fmpatagoniamadryn.com.ar\/?p=18369","name":"Torres reactiv\u00f3 204 viviendas en Trelew abandonadas por el Gobierno Nacional: \"En Chubut estamos volviendo a construir el primer Procrear de la Argentina\", destac\u00f3 el Gobernador - FM Patagonia Madryn","isPartOf":{"@id":"https:\/\/fmpatagoniamadryn.com.ar\/#website"},"primaryImageOfPage":{"@id":"https:\/\/fmpatagoniamadryn.com.ar\/?p=18369#primaryimage"},"image":{"@id":"https:\/\/fmpatagoniamadryn.com.ar\/?p=18369#primaryimage"},"thumbnailUrl":"https:\/\/fmpatagoniamadryn.com.ar\/wp-content\/uploads\/2025\/10\/img_7122.jpg","datePublished":"2025-10-23T21:14:46+00:00","breadcrumb":{"@id":"https:\/\/fmpatagoniamadryn.com.ar\/?p=18369#breadcrumb"},"inLanguage":"es","potentialAction":[{"@type":"ReadAction","target":["https:\/\/fmpatagoniamadryn.com.ar\/?p=18369"]}]},{"@type":"ImageObject","inLanguage":"es","@id":"https:\/\/fmpatagoniamadryn.com.ar\/?p=18369#primaryimage","url":"https:\/\/fmpatagoniamadryn.com.ar\/wp-content\/uploads\/2025\/10\/img_7122.jpg","contentUrl":"https:\/\/fmpatagoniamadryn.com.ar\/wp-content\/uploads\/2025\/10\/img_7122.jpg","width":1280,"height":854},{"@type":"BreadcrumbList","@id":"https:\/\/fmpatagoniamadryn.com.ar\/?p=18369#breadcrumb","itemListElement":[{"@type":"ListItem","position":1,"name":"Portada","item":"https:\/\/fmpatagoniamadryn.com.ar\/"},{"@type":"ListItem","position":2,"name":"Torres reactiv\u00f3 204 viviendas en Trelew abandonadas por el Gobierno Nacional: \u00abEn Chubut estamos volviendo a construir el primer Procrear de la Argentina\u00bb, destac\u00f3 el Gobernador"}]},{"@type":"WebSite","@id":"https:\/\/fmpatagoniamadryn.com.ar\/#website","url":"https:\/\/fmpatagoniamadryn.com.ar\/","name":"FM Patagonia Madryn","description":"Radio Patagonia 105.5","publisher":{"@id":"https:\/\/fmpatagoniamadryn.com.ar\/#organization"},"potentialAction":[{"@type":"SearchAction","target":{"@type":"EntryPoint","urlTemplate":"https:\/\/fmpatagoniamadryn.com.ar\/?s={search_term_string}"},"query-input":{"@type":"PropertyValueSpecification","valueRequired":true,"valueName":"search_term_string"}}],"inLanguage":"es"},{"@type":"Organization","@id":"https:\/\/fmpatagoniamadryn.com.ar\/#organization","name":"FM Patagonia Madryn","url":"https:\/\/fmpatagoniamadryn.com.ar\/","logo":{"@type":"ImageObject","inLanguage":"es","@id":"https:\/\/fmpatagoniamadryn.com.ar\/#\/schema\/logo\/image\/","url":"https:\/\/fmpatagoniamadryn.com.ar\/wp-content\/uploads\/2023\/01\/cropped-Diseno-sin-titulo.png","contentUrl":"https:\/\/fmpatagoniamadryn.com.ar\/wp-content\/uploads\/2023\/01\/cropped-Diseno-sin-titulo.png","width":6911,"height":2657,"caption":"FM Patagonia Madryn"},"image":{"@id":"https:\/\/fmpatagoniamadryn.com.ar\/#\/schema\/logo\/image\/"}},{"@type":"Person","@id":"https:\/\/fmpatagoniamadryn.com.ar\/#\/schema\/person\/8a3de4ad7efceacab06c1641c50303b7","name":"FM Patagonia","url":"https:\/\/fmpatagoniamadryn.com.ar\/?author=2"}]}},"jetpack_featured_media_url":"https:\/\/fmpatagoniamadryn.com.ar\/wp-content\/uploads\/2025\/10\/img_7122.jpg","_links":{"self":[{"href":"https:\/\/fmpatagoniamadryn.com.ar\/index.php?rest_route=\/wp\/v2\/posts\/18369","targetHints":{"allow":["GET"]}}],"collection":[{"href":"https:\/\/fmpatagoniamadryn.com.ar\/index.php?rest_route=\/wp\/v2\/posts"}],"about":[{"href":"https:\/\/fmpatagoniamadryn.com.ar\/index.php?rest_route=\/wp\/v2\/types\/post"}],"author":[{"embeddable":true,"href":"https:\/\/fmpatagoniamadryn.com.ar\/index.php?rest_route=\/wp\/v2\/users\/2"}],"replies":[{"embeddable":true,"href":"https:\/\/fmpatagoniamadryn.com.ar\/index.php?rest_route=%2Fwp%2Fv2%2Fcomments&post=18369"}],"version-history":[{"count":1,"href":"https:\/\/fmpatagoniamadryn.com.ar\/index.php?rest_route=\/wp\/v2\/posts\/18369\/revisions"}],"predecessor-version":[{"id":18370,"href":"https:\/\/fmpatagoniamadryn.com.ar\/index.php?rest_route=\/wp\/v2\/posts\/18369\/revisions\/18370"}],"wp:featuredmedia":[{"embeddable":true,"href":"https:\/\/fmpatagoniamadryn.com.ar\/index.php?rest_route=\/wp\/v2\/media\/18368"}],"wp:attachment":[{"href":"https:\/\/fmpatagoniamadryn.com.ar\/index.php?rest_route=%2Fwp%2Fv2%2Fmedia&parent=18369"}],"wp:term":[{"taxonomy":"category","embeddable":true,"href":"https:\/\/fmpatagoniamadryn.com.ar\/index.php?rest_route=%2Fwp%2Fv2%2Fcategories&post=18369"},{"taxonomy":"post_tag","embeddable":true,"href":"https:\/\/fmpatagoniamadryn.com.ar\/index.php?rest_route=%2Fwp%2Fv2%2Ftags&post=18369"}],"curies":[{"name":"wp","href":"https:\/\/api.w.org\/{rel}","templated":true}]}}