{"id":18418,"date":"2025-10-27T11:12:01","date_gmt":"2025-10-27T14:12:01","guid":{"rendered":"https:\/\/fmpatagoniamadryn.com.ar\/?p=18418"},"modified":"2025-10-27T11:12:01","modified_gmt":"2025-10-27T14:12:01","slug":"a-partir-del-1o-de-noviembre-entrara-en-vigencia-el-horario-habilitado-para-riego","status":"publish","type":"post","link":"https:\/\/fmpatagoniamadryn.com.ar\/?p=18418","title":{"rendered":"A PARTIR DEL 1\u00ba DE NOVIEMBRE ENTRAR\u00c1 EN VIGENCIA EL HORARIO HABILITADO PARA RIEGO"},"content":{"rendered":"\n<p class=\"MsoNormal\"><\/p>\n\n\n\n<p class=\"MsoNormal\"><em>Seg\u00fan la Ordenanza N\u00ba 9930\/17, es de 6 a 9.30 y de 20 a 24 horas para lavado de veredas o veh\u00edculos en la v\u00eda p\u00fablica y para riego de jardines y espacios verdes<\/em><\/p>\n\n\n\n<p class=\"MsoNormal\">La Secretar\u00eda de Ecolog\u00eda y Protecci\u00f3n Ambiental de la Municipalidad de Puerto Madryn recuerda que, a partir del 1\u00b0 de noviembre, el horario habilitado para riego de jardines o espacios verdes y lavado de veredas o veh\u00edculos en la v\u00eda p\u00fablica ser\u00e1 de 6 a 9.30 y de 20 a 24 horas. Seg\u00fan la Ordenanza N\u00b0 9930\/17, estar\u00e1 vigente&nbsp;hasta el 15 de marzo&nbsp;y, durante ese per\u00edodo, se intensificar\u00e1 el control de derroche de agua potable, aplicando las multas correspondientes a quienes no respeten la normativa vigente.<\/p>\n\n\n\n<p class=\"MsoNormal\">Cabe recordar que, durante la temporada de verano, se contempla la restricci\u00f3n del horario de riego debido a las condiciones clim\u00e1ticas, el incremento poblacional y la creciente utilizaci\u00f3n del recurso. No obstante, durante todo el a\u00f1o, se realizan controles a ra\u00edz de la importancia que tiene el agua a nivel mundial y, especialmente, en la Patagonia.<\/p>\n\n\n\n<p class=\"MsoNormal\">Seg\u00fan la Ordenanza N\u00b0 9930\/17, entre el 1\u00b0 de noviembre&nbsp;y el 15 de marzo&nbsp;de cada a\u00f1o, de 6 a 9.30 y de 20 a 24 horas es el horario habilitado para riego de jardines o espacios verdes y lavado de veh\u00edculos en la v\u00eda p\u00fablica o veredas, utilizando agua potable suministrada por la red de Servicoop.<\/p>\n\n\n\n<p class=\"MsoNormal\">Adem\u00e1s, est\u00e1 prohibido el desagote de piletas de nataci\u00f3n a la v\u00eda p\u00fablica, debiendo reutilizarse para riego de parques y jardines. En tal sentido, propietarios de hoteles, complejos tur\u00edsticos y alquileres temporarios deber\u00e1n informar a sus clientes sobre la legislaci\u00f3n vigente.<\/p>\n\n\n\n<p class=\"MsoNormal\">Mientras que el lavado de veredas o superficies en la v\u00eda p\u00fablica, ya sea de particulares propietarios o inquilinos, privados o de entidades p\u00fablicas, se restringir\u00e1 todo el a\u00f1o al horario comprendido&nbsp;entre las 6&nbsp;y las 9. Para esto, se recomienda reemplazar el uso de mangueras por baldes u otros m\u00e9todos.<\/p>\n\n\n\n<p class=\"MsoNormal\">Las denuncias se reciben en forma telef\u00f3nica al&nbsp;4456370, al 103 (Direcci\u00f3n de Protecci\u00f3n Civil) o personalmente en el primer piso de la Terminal de \u00d3mnibus, ubicada en la intersecci\u00f3n de las calles Dr. \u00c1vila e Independencia<\/p>\n\n\n\n<p><\/p>\n","protected":false},"excerpt":{"rendered":"<p>Seg\u00fan la Ordenanza N\u00ba 9930\/17, es de 6 a 9.30 y de 20 a 24 horas para lavado de veredas o veh\u00edculos en la v\u00eda p\u00fablica y para riego de&hellip; <\/p>\n","protected":false},"author":2,"featured_media":18417,"comment_status":"closed","ping_status":"closed","sticky":false,"template":"","format":"standard","meta":{"footnotes":""},"categories":[15],"tags":[],"class_list":["post-18418","post","type-post","status-publish","format-standard","has-post-thumbnail","hentry","category-locales"],"yoast_head":"<!-- This site is optimized with the Yoast SEO plugin v27.5 - https:\/\/yoast.com\/product\/yoast-seo-wordpress\/ -->\n<title>A PARTIR DEL 1\u00ba DE NOVIEMBRE ENTRAR\u00c1 EN VIGENCIA EL HORARIO HABILITADO PARA RIEGO - FM Patagonia Madryn<\/title>\n<meta name=\"robots\" content=\"index, follow, max-snippet:-1, max-image-preview:large, max-video-preview:-1\" \/>\n<link rel=\"canonical\" href=\"https:\/\/fmpatagoniamadryn.com.ar\/?p=18418\" \/>\n<meta property=\"og:locale\" content=\"es_ES\" \/>\n<meta property=\"og:type\" content=\"article\" \/>\n<meta property=\"og:title\" content=\"A PARTIR DEL 1\u00ba DE NOVIEMBRE ENTRAR\u00c1 EN VIGENCIA EL HORARIO HABILITADO PARA RIEGO - FM Patagonia Madryn\" \/>\n<meta property=\"og:description\" content=\"Seg\u00fan la Ordenanza N\u00ba 9930\/17, es de 6 a 9.30 y de 20 a 24 horas para lavado de veredas o veh\u00edculos en la v\u00eda p\u00fablica y para riego de&hellip;\" \/>\n<meta property=\"og:url\" content=\"https:\/\/fmpatagoniamadryn.com.ar\/?p=18418\" \/>\n<meta property=\"og:site_name\" content=\"FM Patagonia Madryn\" \/>\n<meta property=\"article:published_time\" content=\"2025-10-27T14:12:01+00:00\" \/>\n<meta property=\"og:image\" content=\"https:\/\/fmpatagoniamadryn.com.ar\/wp-content\/uploads\/2025\/10\/img_7507.png\" \/>\n\t<meta property=\"og:image:width\" content=\"900\" \/>\n\t<meta property=\"og:image:height\" content=\"611\" \/>\n\t<meta property=\"og:image:type\" content=\"image\/png\" \/>\n<meta name=\"author\" content=\"FM Patagonia\" \/>\n<meta name=\"twitter:card\" content=\"summary_large_image\" \/>\n<meta name=\"twitter:label1\" content=\"Escrito por\" \/>\n\t<meta name=\"twitter:data1\" content=\"FM Patagonia\" \/>\n\t<meta name=\"twitter:label2\" content=\"Tiempo de lectura\" \/>\n\t<meta name=\"twitter:data2\" content=\"2 minutos\" \/>\n<script type=\"application\/ld+json\" class=\"yoast-schema-graph\">{\"@context\":\"https:\\\/\\\/schema.org\",\"@graph\":[{\"@type\":\"Article\",\"@id\":\"https:\\\/\\\/fmpatagoniamadryn.com.ar\\\/?p=18418#article\",\"isPartOf\":{\"@id\":\"https:\\\/\\\/fmpatagoniamadryn.com.ar\\\/?p=18418\"},\"author\":{\"name\":\"FM Patagonia\",\"@id\":\"https:\\\/\\\/fmpatagoniamadryn.com.ar\\\/#\\\/schema\\\/person\\\/8a3de4ad7efceacab06c1641c50303b7\"},\"headline\":\"A PARTIR DEL 1\u00ba DE NOVIEMBRE ENTRAR\u00c1 EN VIGENCIA EL HORARIO HABILITADO PARA RIEGO\",\"datePublished\":\"2025-10-27T14:12:01+00:00\",\"mainEntityOfPage\":{\"@id\":\"https:\\\/\\\/fmpatagoniamadryn.com.ar\\\/?p=18418\"},\"wordCount\":401,\"publisher\":{\"@id\":\"https:\\\/\\\/fmpatagoniamadryn.com.ar\\\/#organization\"},\"image\":{\"@id\":\"https:\\\/\\\/fmpatagoniamadryn.com.ar\\\/?p=18418#primaryimage\"},\"thumbnailUrl\":\"https:\\\/\\\/fmpatagoniamadryn.com.ar\\\/wp-content\\\/uploads\\\/2025\\\/10\\\/img_7507.png\",\"articleSection\":[\"Locales\"],\"inLanguage\":\"es\"},{\"@type\":\"WebPage\",\"@id\":\"https:\\\/\\\/fmpatagoniamadryn.com.ar\\\/?p=18418\",\"url\":\"https:\\\/\\\/fmpatagoniamadryn.com.ar\\\/?p=18418\",\"name\":\"A PARTIR DEL 1\u00ba DE NOVIEMBRE ENTRAR\u00c1 EN VIGENCIA EL HORARIO HABILITADO PARA RIEGO - FM Patagonia Madryn\",\"isPartOf\":{\"@id\":\"https:\\\/\\\/fmpatagoniamadryn.com.ar\\\/#website\"},\"primaryImageOfPage\":{\"@id\":\"https:\\\/\\\/fmpatagoniamadryn.com.ar\\\/?p=18418#primaryimage\"},\"image\":{\"@id\":\"https:\\\/\\\/fmpatagoniamadryn.com.ar\\\/?p=18418#primaryimage\"},\"thumbnailUrl\":\"https:\\\/\\\/fmpatagoniamadryn.com.ar\\\/wp-content\\\/uploads\\\/2025\\\/10\\\/img_7507.png\",\"datePublished\":\"2025-10-27T14:12:01+00:00\",\"breadcrumb\":{\"@id\":\"https:\\\/\\\/fmpatagoniamadryn.com.ar\\\/?p=18418#breadcrumb\"},\"inLanguage\":\"es\",\"potentialAction\":[{\"@type\":\"ReadAction\",\"target\":[\"https:\\\/\\\/fmpatagoniamadryn.com.ar\\\/?p=18418\"]}]},{\"@type\":\"ImageObject\",\"inLanguage\":\"es\",\"@id\":\"https:\\\/\\\/fmpatagoniamadryn.com.ar\\\/?p=18418#primaryimage\",\"url\":\"https:\\\/\\\/fmpatagoniamadryn.com.ar\\\/wp-content\\\/uploads\\\/2025\\\/10\\\/img_7507.png\",\"contentUrl\":\"https:\\\/\\\/fmpatagoniamadryn.com.ar\\\/wp-content\\\/uploads\\\/2025\\\/10\\\/img_7507.png\",\"width\":900,\"height\":611},{\"@type\":\"BreadcrumbList\",\"@id\":\"https:\\\/\\\/fmpatagoniamadryn.com.ar\\\/?p=18418#breadcrumb\",\"itemListElement\":[{\"@type\":\"ListItem\",\"position\":1,\"name\":\"Portada\",\"item\":\"https:\\\/\\\/fmpatagoniamadryn.com.ar\\\/\"},{\"@type\":\"ListItem\",\"position\":2,\"name\":\"A PARTIR DEL 1\u00ba DE NOVIEMBRE ENTRAR\u00c1 EN VIGENCIA EL HORARIO HABILITADO PARA RIEGO\"}]},{\"@type\":\"WebSite\",\"@id\":\"https:\\\/\\\/fmpatagoniamadryn.com.ar\\\/#website\",\"url\":\"https:\\\/\\\/fmpatagoniamadryn.com.ar\\\/\",\"name\":\"FM Patagonia Madryn\",\"description\":\"Radio Patagonia 105.5\",\"publisher\":{\"@id\":\"https:\\\/\\\/fmpatagoniamadryn.com.ar\\\/#organization\"},\"potentialAction\":[{\"@type\":\"SearchAction\",\"target\":{\"@type\":\"EntryPoint\",\"urlTemplate\":\"https:\\\/\\\/fmpatagoniamadryn.com.ar\\\/?s={search_term_string}\"},\"query-input\":{\"@type\":\"PropertyValueSpecification\",\"valueRequired\":true,\"valueName\":\"search_term_string\"}}],\"inLanguage\":\"es\"},{\"@type\":\"Organization\",\"@id\":\"https:\\\/\\\/fmpatagoniamadryn.com.ar\\\/#organization\",\"name\":\"FM Patagonia Madryn\",\"url\":\"https:\\\/\\\/fmpatagoniamadryn.com.ar\\\/\",\"logo\":{\"@type\":\"ImageObject\",\"inLanguage\":\"es\",\"@id\":\"https:\\\/\\\/fmpatagoniamadryn.com.ar\\\/#\\\/schema\\\/logo\\\/image\\\/\",\"url\":\"https:\\\/\\\/fmpatagoniamadryn.com.ar\\\/wp-content\\\/uploads\\\/2023\\\/01\\\/cropped-Diseno-sin-titulo.png\",\"contentUrl\":\"https:\\\/\\\/fmpatagoniamadryn.com.ar\\\/wp-content\\\/uploads\\\/2023\\\/01\\\/cropped-Diseno-sin-titulo.png\",\"width\":6911,\"height\":2657,\"caption\":\"FM Patagonia Madryn\"},\"image\":{\"@id\":\"https:\\\/\\\/fmpatagoniamadryn.com.ar\\\/#\\\/schema\\\/logo\\\/image\\\/\"}},{\"@type\":\"Person\",\"@id\":\"https:\\\/\\\/fmpatagoniamadryn.com.ar\\\/#\\\/schema\\\/person\\\/8a3de4ad7efceacab06c1641c50303b7\",\"name\":\"FM Patagonia\",\"url\":\"https:\\\/\\\/fmpatagoniamadryn.com.ar\\\/?author=2\"}]}<\/script>\n<!-- \/ Yoast SEO plugin. -->","yoast_head_json":{"title":"A PARTIR DEL 1\u00ba DE NOVIEMBRE ENTRAR\u00c1 EN VIGENCIA EL HORARIO HABILITADO PARA RIEGO - FM Patagonia Madryn","robots":{"index":"index","follow":"follow","max-snippet":"max-snippet:-1","max-image-preview":"max-image-preview:large","max-video-preview":"max-video-preview:-1"},"canonical":"https:\/\/fmpatagoniamadryn.com.ar\/?p=18418","og_locale":"es_ES","og_type":"article","og_title":"A PARTIR DEL 1\u00ba DE NOVIEMBRE ENTRAR\u00c1 EN VIGENCIA EL HORARIO HABILITADO PARA RIEGO - FM Patagonia Madryn","og_description":"Seg\u00fan la Ordenanza N\u00ba 9930\/17, es de 6 a 9.30 y de 20 a 24 horas para lavado de veredas o veh\u00edculos en la v\u00eda p\u00fablica y para riego de&hellip;","og_url":"https:\/\/fmpatagoniamadryn.com.ar\/?p=18418","og_site_name":"FM Patagonia Madryn","article_published_time":"2025-10-27T14:12:01+00:00","og_image":[{"width":900,"height":611,"url":"https:\/\/fmpatagoniamadryn.com.ar\/wp-content\/uploads\/2025\/10\/img_7507.png","type":"image\/png"}],"author":"FM Patagonia","twitter_card":"summary_large_image","twitter_misc":{"Escrito por":"FM Patagonia","Tiempo de lectura":"2 minutos"},"schema":{"@context":"https:\/\/schema.org","@graph":[{"@type":"Article","@id":"https:\/\/fmpatagoniamadryn.com.ar\/?p=18418#article","isPartOf":{"@id":"https:\/\/fmpatagoniamadryn.com.ar\/?p=18418"},"author":{"name":"FM Patagonia","@id":"https:\/\/fmpatagoniamadryn.com.ar\/#\/schema\/person\/8a3de4ad7efceacab06c1641c50303b7"},"headline":"A PARTIR DEL 1\u00ba DE NOVIEMBRE ENTRAR\u00c1 EN VIGENCIA EL HORARIO HABILITADO PARA RIEGO","datePublished":"2025-10-27T14:12:01+00:00","mainEntityOfPage":{"@id":"https:\/\/fmpatagoniamadryn.com.ar\/?p=18418"},"wordCount":401,"publisher":{"@id":"https:\/\/fmpatagoniamadryn.com.ar\/#organization"},"image":{"@id":"https:\/\/fmpatagoniamadryn.com.ar\/?p=18418#primaryimage"},"thumbnailUrl":"https:\/\/fmpatagoniamadryn.com.ar\/wp-content\/uploads\/2025\/10\/img_7507.png","articleSection":["Locales"],"inLanguage":"es"},{"@type":"WebPage","@id":"https:\/\/fmpatagoniamadryn.com.ar\/?p=18418","url":"https:\/\/fmpatagoniamadryn.com.ar\/?p=18418","name":"A PARTIR DEL 1\u00ba DE NOVIEMBRE ENTRAR\u00c1 EN VIGENCIA EL HORARIO HABILITADO PARA RIEGO - FM Patagonia Madryn","isPartOf":{"@id":"https:\/\/fmpatagoniamadryn.com.ar\/#website"},"primaryImageOfPage":{"@id":"https:\/\/fmpatagoniamadryn.com.ar\/?p=18418#primaryimage"},"image":{"@id":"https:\/\/fmpatagoniamadryn.com.ar\/?p=18418#primaryimage"},"thumbnailUrl":"https:\/\/fmpatagoniamadryn.com.ar\/wp-content\/uploads\/2025\/10\/img_7507.png","datePublished":"2025-10-27T14:12:01+00:00","breadcrumb":{"@id":"https:\/\/fmpatagoniamadryn.com.ar\/?p=18418#breadcrumb"},"inLanguage":"es","potentialAction":[{"@type":"ReadAction","target":["https:\/\/fmpatagoniamadryn.com.ar\/?p=18418"]}]},{"@type":"ImageObject","inLanguage":"es","@id":"https:\/\/fmpatagoniamadryn.com.ar\/?p=18418#primaryimage","url":"https:\/\/fmpatagoniamadryn.com.ar\/wp-content\/uploads\/2025\/10\/img_7507.png","contentUrl":"https:\/\/fmpatagoniamadryn.com.ar\/wp-content\/uploads\/2025\/10\/img_7507.png","width":900,"height":611},{"@type":"BreadcrumbList","@id":"https:\/\/fmpatagoniamadryn.com.ar\/?p=18418#breadcrumb","itemListElement":[{"@type":"ListItem","position":1,"name":"Portada","item":"https:\/\/fmpatagoniamadryn.com.ar\/"},{"@type":"ListItem","position":2,"name":"A PARTIR DEL 1\u00ba DE NOVIEMBRE ENTRAR\u00c1 EN VIGENCIA EL HORARIO HABILITADO PARA RIEGO"}]},{"@type":"WebSite","@id":"https:\/\/fmpatagoniamadryn.com.ar\/#website","url":"https:\/\/fmpatagoniamadryn.com.ar\/","name":"FM Patagonia Madryn","description":"Radio Patagonia 105.5","publisher":{"@id":"https:\/\/fmpatagoniamadryn.com.ar\/#organization"},"potentialAction":[{"@type":"SearchAction","target":{"@type":"EntryPoint","urlTemplate":"https:\/\/fmpatagoniamadryn.com.ar\/?s={search_term_string}"},"query-input":{"@type":"PropertyValueSpecification","valueRequired":true,"valueName":"search_term_string"}}],"inLanguage":"es"},{"@type":"Organization","@id":"https:\/\/fmpatagoniamadryn.com.ar\/#organization","name":"FM Patagonia Madryn","url":"https:\/\/fmpatagoniamadryn.com.ar\/","logo":{"@type":"ImageObject","inLanguage":"es","@id":"https:\/\/fmpatagoniamadryn.com.ar\/#\/schema\/logo\/image\/","url":"https:\/\/fmpatagoniamadryn.com.ar\/wp-content\/uploads\/2023\/01\/cropped-Diseno-sin-titulo.png","contentUrl":"https:\/\/fmpatagoniamadryn.com.ar\/wp-content\/uploads\/2023\/01\/cropped-Diseno-sin-titulo.png","width":6911,"height":2657,"caption":"FM Patagonia Madryn"},"image":{"@id":"https:\/\/fmpatagoniamadryn.com.ar\/#\/schema\/logo\/image\/"}},{"@type":"Person","@id":"https:\/\/fmpatagoniamadryn.com.ar\/#\/schema\/person\/8a3de4ad7efceacab06c1641c50303b7","name":"FM Patagonia","url":"https:\/\/fmpatagoniamadryn.com.ar\/?author=2"}]}},"jetpack_featured_media_url":"https:\/\/fmpatagoniamadryn.com.ar\/wp-content\/uploads\/2025\/10\/img_7507.png","_links":{"self":[{"href":"https:\/\/fmpatagoniamadryn.com.ar\/index.php?rest_route=\/wp\/v2\/posts\/18418","targetHints":{"allow":["GET"]}}],"collection":[{"href":"https:\/\/fmpatagoniamadryn.com.ar\/index.php?rest_route=\/wp\/v2\/posts"}],"about":[{"href":"https:\/\/fmpatagoniamadryn.com.ar\/index.php?rest_route=\/wp\/v2\/types\/post"}],"author":[{"embeddable":true,"href":"https:\/\/fmpatagoniamadryn.com.ar\/index.php?rest_route=\/wp\/v2\/users\/2"}],"replies":[{"embeddable":true,"href":"https:\/\/fmpatagoniamadryn.com.ar\/index.php?rest_route=%2Fwp%2Fv2%2Fcomments&post=18418"}],"version-history":[{"count":1,"href":"https:\/\/fmpatagoniamadryn.com.ar\/index.php?rest_route=\/wp\/v2\/posts\/18418\/revisions"}],"predecessor-version":[{"id":18419,"href":"https:\/\/fmpatagoniamadryn.com.ar\/index.php?rest_route=\/wp\/v2\/posts\/18418\/revisions\/18419"}],"wp:featuredmedia":[{"embeddable":true,"href":"https:\/\/fmpatagoniamadryn.com.ar\/index.php?rest_route=\/wp\/v2\/media\/18417"}],"wp:attachment":[{"href":"https:\/\/fmpatagoniamadryn.com.ar\/index.php?rest_route=%2Fwp%2Fv2%2Fmedia&parent=18418"}],"wp:term":[{"taxonomy":"category","embeddable":true,"href":"https:\/\/fmpatagoniamadryn.com.ar\/index.php?rest_route=%2Fwp%2Fv2%2Fcategories&post=18418"},{"taxonomy":"post_tag","embeddable":true,"href":"https:\/\/fmpatagoniamadryn.com.ar\/index.php?rest_route=%2Fwp%2Fv2%2Ftags&post=18418"}],"curies":[{"name":"wp","href":"https:\/\/api.w.org\/{rel}","templated":true}]}}