{"id":19361,"date":"2025-12-07T11:49:29","date_gmt":"2025-12-07T14:49:29","guid":{"rendered":"https:\/\/fmpatagoniamadryn.com.ar\/?p=19361"},"modified":"2025-12-07T11:49:29","modified_gmt":"2025-12-07T14:49:29","slug":"inhabilitacion-para-el-odontologo-condenado-no-podra-atender-a-personas-menores-de-edad","status":"publish","type":"post","link":"https:\/\/fmpatagoniamadryn.com.ar\/?p=19361","title":{"rendered":"Inhabilitaci\u00f3n para el odont\u00f3logo condenado: no podr\u00e1 atender a personas menores de edad"},"content":{"rendered":"\n<p class=\"p1\"><\/p>\n\n\n\n<p class=\"p3\">El odont\u00f3logo F.R.F.D. (50) fue declarado penalmente responsable por el delito de abuso sexual simple, hecho encuadrado adem\u00e1s en la Ley de Protecci\u00f3n Integral de la Mujer. La sentencia fij\u00f3 una pena de ocho meses de prisi\u00f3n en suspenso y, como medida complementaria, la jueza Karina Breckle resolvi\u00f3 imponerle la prohibici\u00f3n absoluta de atender a pacientes menores de edad, sin distinci\u00f3n de g\u00e9nero. Cada consulta deber\u00e1 ser derivada a otro profesional.<\/p>\n\n\n\n<p class=\"p3\">La magistrada tambi\u00e9n orden\u00f3 que, tanto en la ventanilla de recepci\u00f3n como en la puerta del consultorio donde el odont\u00f3logo ejerce, se exhiba visiblemente la frase:<\/p>\n\n\n\n<p class=\"p3\">\u201cEl profesional F.R.F.D tiene vigente una orden judicial que le impide atender a pacientes menores de edad\u201d.<\/p>\n\n\n\n<p class=\"p3\">Como parte de las reglas de conducta, el condenado deber\u00e1 iniciar un tratamiento psicol\u00f3gico por un plazo de dos a\u00f1os, o hasta que el profesional de salud mental que lo atienda determine su alta. La medida surge a partir del abuso denunciado por una paciente de 17 a\u00f1os.<\/p>\n\n\n\n<p class=\"p3\">Adem\u00e1s, la sentencia incorpora la realizaci\u00f3n de 800 horas reloj de capacitaci\u00f3n, a trav\u00e9s de instituciones competentes o universidades, sobre tem\u00e1ticas como: Ley Micaela, violencia sexual, derechos de ni\u00f1os, ni\u00f1as y adolescentes, violencia contra la mujer y \u00e9tica profesional, entre otras.<\/p>\n\n\n\n<p class=\"p3\">Otro punto de la resoluci\u00f3n establece que el odont\u00f3logo deber\u00e1 cubrir por completo el costo de un tratamiento de ortodoncia equivalente al que llevaba adelante con la v\u00edctima, pero realizado por otro profesional elegido por ella.<\/p>\n\n\n\n<p class=\"p1\">El caso<\/p>\n\n\n\n<p class=\"p3\">La investigaci\u00f3n del Ministerio P\u00fablico Fiscal determin\u00f3 que el hecho ocurri\u00f3 el martes 27 de junio de 2023, a las 10:30, dentro del consultorio donde el acusado desempe\u00f1aba su actividad.<\/p>\n\n\n\n<p class=\"p3\">Siguiendo los protocolos para este tipo de casos, no se divulgan identidades completas con el fin de evitar la revictimizaci\u00f3n.<\/p>\n","protected":false},"excerpt":{"rendered":"<p>El odont\u00f3logo F.R.F.D. (50) fue declarado penalmente responsable por el delito de abuso sexual simple, hecho encuadrado adem\u00e1s en la Ley de Protecci\u00f3n Integral de la Mujer. La sentencia fij\u00f3&hellip; <\/p>\n","protected":false},"author":2,"featured_media":19360,"comment_status":"closed","ping_status":"closed","sticky":false,"template":"","format":"standard","meta":{"footnotes":""},"categories":[15],"tags":[],"class_list":["post-19361","post","type-post","status-publish","format-standard","has-post-thumbnail","hentry","category-locales"],"yoast_head":"<!-- This site is optimized with the Yoast SEO plugin v27.4 - https:\/\/yoast.com\/product\/yoast-seo-wordpress\/ -->\n<title>Inhabilitaci\u00f3n para el odont\u00f3logo condenado: no podr\u00e1 atender a personas menores de edad - FM Patagonia Madryn<\/title>\n<meta name=\"robots\" content=\"index, follow, max-snippet:-1, max-image-preview:large, max-video-preview:-1\" \/>\n<link rel=\"canonical\" href=\"https:\/\/fmpatagoniamadryn.com.ar\/?p=19361\" \/>\n<meta property=\"og:locale\" content=\"es_ES\" \/>\n<meta property=\"og:type\" content=\"article\" \/>\n<meta property=\"og:title\" content=\"Inhabilitaci\u00f3n para el odont\u00f3logo condenado: no podr\u00e1 atender a personas menores de edad - FM Patagonia Madryn\" \/>\n<meta property=\"og:description\" content=\"El odont\u00f3logo F.R.F.D. (50) fue declarado penalmente responsable por el delito de abuso sexual simple, hecho encuadrado adem\u00e1s en la Ley de Protecci\u00f3n Integral de la Mujer. La sentencia fij\u00f3&hellip;\" \/>\n<meta property=\"og:url\" content=\"https:\/\/fmpatagoniamadryn.com.ar\/?p=19361\" \/>\n<meta property=\"og:site_name\" content=\"FM Patagonia Madryn\" \/>\n<meta property=\"article:published_time\" content=\"2025-12-07T14:49:29+00:00\" \/>\n<meta property=\"og:image\" content=\"https:\/\/fmpatagoniamadryn.com.ar\/wp-content\/uploads\/2025\/12\/img_3450.jpg\" \/>\n\t<meta property=\"og:image:width\" content=\"1230\" \/>\n\t<meta property=\"og:image:height\" content=\"1655\" \/>\n\t<meta property=\"og:image:type\" content=\"image\/jpeg\" \/>\n<meta name=\"author\" content=\"FM Patagonia\" \/>\n<meta name=\"twitter:card\" content=\"summary_large_image\" \/>\n<meta name=\"twitter:label1\" content=\"Escrito por\" \/>\n\t<meta name=\"twitter:data1\" content=\"FM Patagonia\" \/>\n\t<meta name=\"twitter:label2\" content=\"Tiempo de lectura\" \/>\n\t<meta name=\"twitter:data2\" content=\"2 minutos\" \/>\n<script type=\"application\/ld+json\" class=\"yoast-schema-graph\">{\"@context\":\"https:\\\/\\\/schema.org\",\"@graph\":[{\"@type\":\"Article\",\"@id\":\"https:\\\/\\\/fmpatagoniamadryn.com.ar\\\/?p=19361#article\",\"isPartOf\":{\"@id\":\"https:\\\/\\\/fmpatagoniamadryn.com.ar\\\/?p=19361\"},\"author\":{\"name\":\"FM Patagonia\",\"@id\":\"https:\\\/\\\/fmpatagoniamadryn.com.ar\\\/#\\\/schema\\\/person\\\/8a3de4ad7efceacab06c1641c50303b7\"},\"headline\":\"Inhabilitaci\u00f3n para el odont\u00f3logo condenado: no podr\u00e1 atender a personas menores de edad\",\"datePublished\":\"2025-12-07T14:49:29+00:00\",\"mainEntityOfPage\":{\"@id\":\"https:\\\/\\\/fmpatagoniamadryn.com.ar\\\/?p=19361\"},\"wordCount\":333,\"publisher\":{\"@id\":\"https:\\\/\\\/fmpatagoniamadryn.com.ar\\\/#organization\"},\"image\":{\"@id\":\"https:\\\/\\\/fmpatagoniamadryn.com.ar\\\/?p=19361#primaryimage\"},\"thumbnailUrl\":\"https:\\\/\\\/fmpatagoniamadryn.com.ar\\\/wp-content\\\/uploads\\\/2025\\\/12\\\/img_3450.jpg\",\"articleSection\":[\"Locales\"],\"inLanguage\":\"es\"},{\"@type\":\"WebPage\",\"@id\":\"https:\\\/\\\/fmpatagoniamadryn.com.ar\\\/?p=19361\",\"url\":\"https:\\\/\\\/fmpatagoniamadryn.com.ar\\\/?p=19361\",\"name\":\"Inhabilitaci\u00f3n para el odont\u00f3logo condenado: no podr\u00e1 atender a personas menores de edad - FM Patagonia Madryn\",\"isPartOf\":{\"@id\":\"https:\\\/\\\/fmpatagoniamadryn.com.ar\\\/#website\"},\"primaryImageOfPage\":{\"@id\":\"https:\\\/\\\/fmpatagoniamadryn.com.ar\\\/?p=19361#primaryimage\"},\"image\":{\"@id\":\"https:\\\/\\\/fmpatagoniamadryn.com.ar\\\/?p=19361#primaryimage\"},\"thumbnailUrl\":\"https:\\\/\\\/fmpatagoniamadryn.com.ar\\\/wp-content\\\/uploads\\\/2025\\\/12\\\/img_3450.jpg\",\"datePublished\":\"2025-12-07T14:49:29+00:00\",\"breadcrumb\":{\"@id\":\"https:\\\/\\\/fmpatagoniamadryn.com.ar\\\/?p=19361#breadcrumb\"},\"inLanguage\":\"es\",\"potentialAction\":[{\"@type\":\"ReadAction\",\"target\":[\"https:\\\/\\\/fmpatagoniamadryn.com.ar\\\/?p=19361\"]}]},{\"@type\":\"ImageObject\",\"inLanguage\":\"es\",\"@id\":\"https:\\\/\\\/fmpatagoniamadryn.com.ar\\\/?p=19361#primaryimage\",\"url\":\"https:\\\/\\\/fmpatagoniamadryn.com.ar\\\/wp-content\\\/uploads\\\/2025\\\/12\\\/img_3450.jpg\",\"contentUrl\":\"https:\\\/\\\/fmpatagoniamadryn.com.ar\\\/wp-content\\\/uploads\\\/2025\\\/12\\\/img_3450.jpg\",\"width\":1230,\"height\":1655},{\"@type\":\"BreadcrumbList\",\"@id\":\"https:\\\/\\\/fmpatagoniamadryn.com.ar\\\/?p=19361#breadcrumb\",\"itemListElement\":[{\"@type\":\"ListItem\",\"position\":1,\"name\":\"Portada\",\"item\":\"https:\\\/\\\/fmpatagoniamadryn.com.ar\\\/\"},{\"@type\":\"ListItem\",\"position\":2,\"name\":\"Inhabilitaci\u00f3n para el odont\u00f3logo condenado: no podr\u00e1 atender a personas menores de edad\"}]},{\"@type\":\"WebSite\",\"@id\":\"https:\\\/\\\/fmpatagoniamadryn.com.ar\\\/#website\",\"url\":\"https:\\\/\\\/fmpatagoniamadryn.com.ar\\\/\",\"name\":\"FM Patagonia Madryn\",\"description\":\"Radio Patagonia 105.5\",\"publisher\":{\"@id\":\"https:\\\/\\\/fmpatagoniamadryn.com.ar\\\/#organization\"},\"potentialAction\":[{\"@type\":\"SearchAction\",\"target\":{\"@type\":\"EntryPoint\",\"urlTemplate\":\"https:\\\/\\\/fmpatagoniamadryn.com.ar\\\/?s={search_term_string}\"},\"query-input\":{\"@type\":\"PropertyValueSpecification\",\"valueRequired\":true,\"valueName\":\"search_term_string\"}}],\"inLanguage\":\"es\"},{\"@type\":\"Organization\",\"@id\":\"https:\\\/\\\/fmpatagoniamadryn.com.ar\\\/#organization\",\"name\":\"FM Patagonia Madryn\",\"url\":\"https:\\\/\\\/fmpatagoniamadryn.com.ar\\\/\",\"logo\":{\"@type\":\"ImageObject\",\"inLanguage\":\"es\",\"@id\":\"https:\\\/\\\/fmpatagoniamadryn.com.ar\\\/#\\\/schema\\\/logo\\\/image\\\/\",\"url\":\"https:\\\/\\\/fmpatagoniamadryn.com.ar\\\/wp-content\\\/uploads\\\/2023\\\/01\\\/cropped-Diseno-sin-titulo.png\",\"contentUrl\":\"https:\\\/\\\/fmpatagoniamadryn.com.ar\\\/wp-content\\\/uploads\\\/2023\\\/01\\\/cropped-Diseno-sin-titulo.png\",\"width\":6911,\"height\":2657,\"caption\":\"FM Patagonia Madryn\"},\"image\":{\"@id\":\"https:\\\/\\\/fmpatagoniamadryn.com.ar\\\/#\\\/schema\\\/logo\\\/image\\\/\"}},{\"@type\":\"Person\",\"@id\":\"https:\\\/\\\/fmpatagoniamadryn.com.ar\\\/#\\\/schema\\\/person\\\/8a3de4ad7efceacab06c1641c50303b7\",\"name\":\"FM Patagonia\",\"url\":\"https:\\\/\\\/fmpatagoniamadryn.com.ar\\\/?author=2\"}]}<\/script>\n<!-- \/ Yoast SEO plugin. -->","yoast_head_json":{"title":"Inhabilitaci\u00f3n para el odont\u00f3logo condenado: no podr\u00e1 atender a personas menores de edad - FM Patagonia Madryn","robots":{"index":"index","follow":"follow","max-snippet":"max-snippet:-1","max-image-preview":"max-image-preview:large","max-video-preview":"max-video-preview:-1"},"canonical":"https:\/\/fmpatagoniamadryn.com.ar\/?p=19361","og_locale":"es_ES","og_type":"article","og_title":"Inhabilitaci\u00f3n para el odont\u00f3logo condenado: no podr\u00e1 atender a personas menores de edad - FM Patagonia Madryn","og_description":"El odont\u00f3logo F.R.F.D. (50) fue declarado penalmente responsable por el delito de abuso sexual simple, hecho encuadrado adem\u00e1s en la Ley de Protecci\u00f3n Integral de la Mujer. La sentencia fij\u00f3&hellip;","og_url":"https:\/\/fmpatagoniamadryn.com.ar\/?p=19361","og_site_name":"FM Patagonia Madryn","article_published_time":"2025-12-07T14:49:29+00:00","og_image":[{"width":1230,"height":1655,"url":"https:\/\/fmpatagoniamadryn.com.ar\/wp-content\/uploads\/2025\/12\/img_3450.jpg","type":"image\/jpeg"}],"author":"FM Patagonia","twitter_card":"summary_large_image","twitter_misc":{"Escrito por":"FM Patagonia","Tiempo de lectura":"2 minutos"},"schema":{"@context":"https:\/\/schema.org","@graph":[{"@type":"Article","@id":"https:\/\/fmpatagoniamadryn.com.ar\/?p=19361#article","isPartOf":{"@id":"https:\/\/fmpatagoniamadryn.com.ar\/?p=19361"},"author":{"name":"FM Patagonia","@id":"https:\/\/fmpatagoniamadryn.com.ar\/#\/schema\/person\/8a3de4ad7efceacab06c1641c50303b7"},"headline":"Inhabilitaci\u00f3n para el odont\u00f3logo condenado: no podr\u00e1 atender a personas menores de edad","datePublished":"2025-12-07T14:49:29+00:00","mainEntityOfPage":{"@id":"https:\/\/fmpatagoniamadryn.com.ar\/?p=19361"},"wordCount":333,"publisher":{"@id":"https:\/\/fmpatagoniamadryn.com.ar\/#organization"},"image":{"@id":"https:\/\/fmpatagoniamadryn.com.ar\/?p=19361#primaryimage"},"thumbnailUrl":"https:\/\/fmpatagoniamadryn.com.ar\/wp-content\/uploads\/2025\/12\/img_3450.jpg","articleSection":["Locales"],"inLanguage":"es"},{"@type":"WebPage","@id":"https:\/\/fmpatagoniamadryn.com.ar\/?p=19361","url":"https:\/\/fmpatagoniamadryn.com.ar\/?p=19361","name":"Inhabilitaci\u00f3n para el odont\u00f3logo condenado: no podr\u00e1 atender a personas menores de edad - FM Patagonia Madryn","isPartOf":{"@id":"https:\/\/fmpatagoniamadryn.com.ar\/#website"},"primaryImageOfPage":{"@id":"https:\/\/fmpatagoniamadryn.com.ar\/?p=19361#primaryimage"},"image":{"@id":"https:\/\/fmpatagoniamadryn.com.ar\/?p=19361#primaryimage"},"thumbnailUrl":"https:\/\/fmpatagoniamadryn.com.ar\/wp-content\/uploads\/2025\/12\/img_3450.jpg","datePublished":"2025-12-07T14:49:29+00:00","breadcrumb":{"@id":"https:\/\/fmpatagoniamadryn.com.ar\/?p=19361#breadcrumb"},"inLanguage":"es","potentialAction":[{"@type":"ReadAction","target":["https:\/\/fmpatagoniamadryn.com.ar\/?p=19361"]}]},{"@type":"ImageObject","inLanguage":"es","@id":"https:\/\/fmpatagoniamadryn.com.ar\/?p=19361#primaryimage","url":"https:\/\/fmpatagoniamadryn.com.ar\/wp-content\/uploads\/2025\/12\/img_3450.jpg","contentUrl":"https:\/\/fmpatagoniamadryn.com.ar\/wp-content\/uploads\/2025\/12\/img_3450.jpg","width":1230,"height":1655},{"@type":"BreadcrumbList","@id":"https:\/\/fmpatagoniamadryn.com.ar\/?p=19361#breadcrumb","itemListElement":[{"@type":"ListItem","position":1,"name":"Portada","item":"https:\/\/fmpatagoniamadryn.com.ar\/"},{"@type":"ListItem","position":2,"name":"Inhabilitaci\u00f3n para el odont\u00f3logo condenado: no podr\u00e1 atender a personas menores de edad"}]},{"@type":"WebSite","@id":"https:\/\/fmpatagoniamadryn.com.ar\/#website","url":"https:\/\/fmpatagoniamadryn.com.ar\/","name":"FM Patagonia Madryn","description":"Radio Patagonia 105.5","publisher":{"@id":"https:\/\/fmpatagoniamadryn.com.ar\/#organization"},"potentialAction":[{"@type":"SearchAction","target":{"@type":"EntryPoint","urlTemplate":"https:\/\/fmpatagoniamadryn.com.ar\/?s={search_term_string}"},"query-input":{"@type":"PropertyValueSpecification","valueRequired":true,"valueName":"search_term_string"}}],"inLanguage":"es"},{"@type":"Organization","@id":"https:\/\/fmpatagoniamadryn.com.ar\/#organization","name":"FM Patagonia Madryn","url":"https:\/\/fmpatagoniamadryn.com.ar\/","logo":{"@type":"ImageObject","inLanguage":"es","@id":"https:\/\/fmpatagoniamadryn.com.ar\/#\/schema\/logo\/image\/","url":"https:\/\/fmpatagoniamadryn.com.ar\/wp-content\/uploads\/2023\/01\/cropped-Diseno-sin-titulo.png","contentUrl":"https:\/\/fmpatagoniamadryn.com.ar\/wp-content\/uploads\/2023\/01\/cropped-Diseno-sin-titulo.png","width":6911,"height":2657,"caption":"FM Patagonia Madryn"},"image":{"@id":"https:\/\/fmpatagoniamadryn.com.ar\/#\/schema\/logo\/image\/"}},{"@type":"Person","@id":"https:\/\/fmpatagoniamadryn.com.ar\/#\/schema\/person\/8a3de4ad7efceacab06c1641c50303b7","name":"FM Patagonia","url":"https:\/\/fmpatagoniamadryn.com.ar\/?author=2"}]}},"jetpack_featured_media_url":"https:\/\/fmpatagoniamadryn.com.ar\/wp-content\/uploads\/2025\/12\/img_3450.jpg","_links":{"self":[{"href":"https:\/\/fmpatagoniamadryn.com.ar\/index.php?rest_route=\/wp\/v2\/posts\/19361","targetHints":{"allow":["GET"]}}],"collection":[{"href":"https:\/\/fmpatagoniamadryn.com.ar\/index.php?rest_route=\/wp\/v2\/posts"}],"about":[{"href":"https:\/\/fmpatagoniamadryn.com.ar\/index.php?rest_route=\/wp\/v2\/types\/post"}],"author":[{"embeddable":true,"href":"https:\/\/fmpatagoniamadryn.com.ar\/index.php?rest_route=\/wp\/v2\/users\/2"}],"replies":[{"embeddable":true,"href":"https:\/\/fmpatagoniamadryn.com.ar\/index.php?rest_route=%2Fwp%2Fv2%2Fcomments&post=19361"}],"version-history":[{"count":1,"href":"https:\/\/fmpatagoniamadryn.com.ar\/index.php?rest_route=\/wp\/v2\/posts\/19361\/revisions"}],"predecessor-version":[{"id":19362,"href":"https:\/\/fmpatagoniamadryn.com.ar\/index.php?rest_route=\/wp\/v2\/posts\/19361\/revisions\/19362"}],"wp:featuredmedia":[{"embeddable":true,"href":"https:\/\/fmpatagoniamadryn.com.ar\/index.php?rest_route=\/wp\/v2\/media\/19360"}],"wp:attachment":[{"href":"https:\/\/fmpatagoniamadryn.com.ar\/index.php?rest_route=%2Fwp%2Fv2%2Fmedia&parent=19361"}],"wp:term":[{"taxonomy":"category","embeddable":true,"href":"https:\/\/fmpatagoniamadryn.com.ar\/index.php?rest_route=%2Fwp%2Fv2%2Fcategories&post=19361"},{"taxonomy":"post_tag","embeddable":true,"href":"https:\/\/fmpatagoniamadryn.com.ar\/index.php?rest_route=%2Fwp%2Fv2%2Ftags&post=19361"}],"curies":[{"name":"wp","href":"https:\/\/api.w.org\/{rel}","templated":true}]}}