{"id":19377,"date":"2025-12-09T11:05:33","date_gmt":"2025-12-09T14:05:33","guid":{"rendered":"https:\/\/fmpatagoniamadryn.com.ar\/?p=19377"},"modified":"2025-12-09T11:05:33","modified_gmt":"2025-12-09T14:05:33","slug":"grave-denuncia-sindical-por-presunto-fraude-laboral-en-red-chamber-y-falta-de-accion-del-gobierno","status":"publish","type":"post","link":"https:\/\/fmpatagoniamadryn.com.ar\/?p=19377","title":{"rendered":"Grave denuncia sindical por presunto fraude laboral en Red Chamber y falta de acci\u00f3n del Gobierno"},"content":{"rendered":"\n<p class=\"p1\"><\/p>\n\n\n\n<p class=\"p3\">El referente sindical Luis N\u00fa\u00f1ez advirti\u00f3 una situaci\u00f3n \u201cgrave y preocupante\u201d en el conflicto que involucra a los trabajadores de la ex Alpesca y la empresa Red Chamber, luego de que la firma no se presentara a ninguna de las audiencias de conciliaci\u00f3n obligatoria, pese a estar convocada por la Secretar\u00eda de Trabajo.<\/p>\n\n\n\n<p class=\"p3\">Seg\u00fan explic\u00f3, este incumplimiento oblig\u00f3 al gremio a solicitar que se deje sin efecto la conciliaci\u00f3n, ya que \u201csi la empresa no se presenta y nos ata de manos, la herramienta pierde sentido\u201d. A la vez, cuestion\u00f3 que la Secretar\u00eda de Trabajo no haya actuado frente a las reiteradas ausencias de la compa\u00f1\u00eda.<\/p>\n\n\n\n<p class=\"p3\">N\u00fa\u00f1ez se\u00f1al\u00f3 que la empresa present\u00f3 \u00fanicamente un escrito en el que justific\u00f3 haber dado de alta a m\u00e1s de 70 trabajadores bajo modalidad eventual, argumentando que exist\u00eda un acuerdo firmado con el Gobierno que habilitaba este tipo de contrataci\u00f3n. El dirigente calific\u00f3 esta situaci\u00f3n como \u201clo m\u00e1s grave\u201d, ya que se trata de empleados que durante d\u00e9cadas trabajaron bajo relaci\u00f3n laboral permanente en Alpesca y luego en Red Chamber.<\/p>\n\n\n\n<p class=\"p3\">El sindicato reclama que tanto el Gobierno provincial como la empresa exhiban ese supuesto acuerdo. En caso de existir, afirm\u00f3 que ser\u00eda \u201cnulo\u201d, porque el Ejecutivo no tiene facultades para modificar las relaciones laborales entre la firma y sus trabajadores. Si no existiera, N\u00fa\u00f1ez sostuvo que la empresa estar\u00eda \u201cmintiendo abiertamente\u201d.<\/p>\n\n\n\n<p class=\"p3\">El dirigente tambi\u00e9n advirti\u00f3 que podr\u00eda tratarse de un fraude laboral, ya que muchos de los trabajadores afectados son delegados o integrantes de la comisi\u00f3n directiva, lo que podr\u00eda implicar una maniobra antisindical. Adem\u00e1s, record\u00f3 que la ley sancionada en 2014 \u2014que regul\u00f3 el arrendamiento de los bienes de la ex Alpesca\u2014 obliga a cualquier empresa concesionaria a respetar antig\u00fcedad, categor\u00eda y remuneraci\u00f3n, obligaciones que, asegur\u00f3, no se est\u00e1n cumpliendo.<\/p>\n\n\n\n<p class=\"p3\">N\u00fa\u00f1ez manifest\u00f3 preocupaci\u00f3n por la \u201cinacci\u00f3n vergonzosa\u201d de la Secretar\u00eda de Trabajo, que deber\u00eda controlar que se respete la conciliaci\u00f3n obligatoria y garantizar derechos laborales. Tambi\u00e9n anticip\u00f3 que, si al finalizar la conciliaci\u00f3n el 18 de diciembre no hay una soluci\u00f3n, el gremio continuar\u00e1 con medidas de reclamo para evitar que \u201c74 familias queden en la calle\u201d.<\/p>\n\n\n\n<p class=\"p3\">Finalmente, el sindicato pidi\u00f3 una vez m\u00e1s que se haga p\u00fablico el contrato rubricado entre el Gobierno y la empresa, as\u00ed como cualquier acuerdo adicional. \u201cSi ese documento existe o no, debe saberse. Y si la empresa actu\u00f3 de manera irregular, deben aplicarse las sanciones correspondientes\u201d, afirm\u00f3 N\u00fa\u00f1ez, quien advirti\u00f3 que llevar\u00e1n el caso a la justicia si no hay respuestas.<\/p>\n","protected":false},"excerpt":{"rendered":"<p>El referente sindical Luis N\u00fa\u00f1ez advirti\u00f3 una situaci\u00f3n \u201cgrave y preocupante\u201d en el conflicto que involucra a los trabajadores de la ex Alpesca y la empresa Red Chamber, luego de&hellip; <\/p>\n","protected":false},"author":2,"featured_media":19376,"comment_status":"closed","ping_status":"closed","sticky":false,"template":"","format":"standard","meta":{"footnotes":""},"categories":[15],"tags":[],"class_list":["post-19377","post","type-post","status-publish","format-standard","has-post-thumbnail","hentry","category-locales"],"yoast_head":"<!-- This site is optimized with the Yoast SEO plugin v27.4 - https:\/\/yoast.com\/product\/yoast-seo-wordpress\/ -->\n<title>Grave denuncia sindical por presunto fraude laboral en Red Chamber y falta de acci\u00f3n del Gobierno - FM Patagonia Madryn<\/title>\n<meta name=\"robots\" content=\"index, follow, max-snippet:-1, max-image-preview:large, max-video-preview:-1\" \/>\n<link rel=\"canonical\" href=\"https:\/\/fmpatagoniamadryn.com.ar\/?p=19377\" \/>\n<meta property=\"og:locale\" content=\"es_ES\" \/>\n<meta property=\"og:type\" content=\"article\" \/>\n<meta property=\"og:title\" content=\"Grave denuncia sindical por presunto fraude laboral en Red Chamber y falta de acci\u00f3n del Gobierno - FM Patagonia Madryn\" \/>\n<meta property=\"og:description\" content=\"El referente sindical Luis N\u00fa\u00f1ez advirti\u00f3 una situaci\u00f3n \u201cgrave y preocupante\u201d en el conflicto que involucra a los trabajadores de la ex Alpesca y la empresa Red Chamber, luego de&hellip;\" \/>\n<meta property=\"og:url\" content=\"https:\/\/fmpatagoniamadryn.com.ar\/?p=19377\" \/>\n<meta property=\"og:site_name\" content=\"FM Patagonia Madryn\" \/>\n<meta property=\"article:published_time\" content=\"2025-12-09T14:05:33+00:00\" \/>\n<meta property=\"og:image\" content=\"https:\/\/fmpatagoniamadryn.com.ar\/wp-content\/uploads\/2025\/12\/img_3597.jpg\" \/>\n\t<meta property=\"og:image:width\" content=\"711\" \/>\n\t<meta property=\"og:image:height\" content=\"400\" \/>\n\t<meta property=\"og:image:type\" content=\"image\/jpeg\" \/>\n<meta name=\"author\" content=\"FM Patagonia\" \/>\n<meta name=\"twitter:card\" content=\"summary_large_image\" \/>\n<meta name=\"twitter:label1\" content=\"Escrito por\" \/>\n\t<meta name=\"twitter:data1\" content=\"FM Patagonia\" \/>\n\t<meta name=\"twitter:label2\" content=\"Tiempo de lectura\" \/>\n\t<meta name=\"twitter:data2\" content=\"2 minutos\" \/>\n<script type=\"application\/ld+json\" class=\"yoast-schema-graph\">{\"@context\":\"https:\\\/\\\/schema.org\",\"@graph\":[{\"@type\":\"Article\",\"@id\":\"https:\\\/\\\/fmpatagoniamadryn.com.ar\\\/?p=19377#article\",\"isPartOf\":{\"@id\":\"https:\\\/\\\/fmpatagoniamadryn.com.ar\\\/?p=19377\"},\"author\":{\"name\":\"FM Patagonia\",\"@id\":\"https:\\\/\\\/fmpatagoniamadryn.com.ar\\\/#\\\/schema\\\/person\\\/8a3de4ad7efceacab06c1641c50303b7\"},\"headline\":\"Grave denuncia sindical por presunto fraude laboral en Red Chamber y falta de acci\u00f3n del Gobierno\",\"datePublished\":\"2025-12-09T14:05:33+00:00\",\"mainEntityOfPage\":{\"@id\":\"https:\\\/\\\/fmpatagoniamadryn.com.ar\\\/?p=19377\"},\"wordCount\":470,\"publisher\":{\"@id\":\"https:\\\/\\\/fmpatagoniamadryn.com.ar\\\/#organization\"},\"image\":{\"@id\":\"https:\\\/\\\/fmpatagoniamadryn.com.ar\\\/?p=19377#primaryimage\"},\"thumbnailUrl\":\"https:\\\/\\\/fmpatagoniamadryn.com.ar\\\/wp-content\\\/uploads\\\/2025\\\/12\\\/img_3597.jpg\",\"articleSection\":[\"Locales\"],\"inLanguage\":\"es\"},{\"@type\":\"WebPage\",\"@id\":\"https:\\\/\\\/fmpatagoniamadryn.com.ar\\\/?p=19377\",\"url\":\"https:\\\/\\\/fmpatagoniamadryn.com.ar\\\/?p=19377\",\"name\":\"Grave denuncia sindical por presunto fraude laboral en Red Chamber y falta de acci\u00f3n del Gobierno - FM Patagonia Madryn\",\"isPartOf\":{\"@id\":\"https:\\\/\\\/fmpatagoniamadryn.com.ar\\\/#website\"},\"primaryImageOfPage\":{\"@id\":\"https:\\\/\\\/fmpatagoniamadryn.com.ar\\\/?p=19377#primaryimage\"},\"image\":{\"@id\":\"https:\\\/\\\/fmpatagoniamadryn.com.ar\\\/?p=19377#primaryimage\"},\"thumbnailUrl\":\"https:\\\/\\\/fmpatagoniamadryn.com.ar\\\/wp-content\\\/uploads\\\/2025\\\/12\\\/img_3597.jpg\",\"datePublished\":\"2025-12-09T14:05:33+00:00\",\"breadcrumb\":{\"@id\":\"https:\\\/\\\/fmpatagoniamadryn.com.ar\\\/?p=19377#breadcrumb\"},\"inLanguage\":\"es\",\"potentialAction\":[{\"@type\":\"ReadAction\",\"target\":[\"https:\\\/\\\/fmpatagoniamadryn.com.ar\\\/?p=19377\"]}]},{\"@type\":\"ImageObject\",\"inLanguage\":\"es\",\"@id\":\"https:\\\/\\\/fmpatagoniamadryn.com.ar\\\/?p=19377#primaryimage\",\"url\":\"https:\\\/\\\/fmpatagoniamadryn.com.ar\\\/wp-content\\\/uploads\\\/2025\\\/12\\\/img_3597.jpg\",\"contentUrl\":\"https:\\\/\\\/fmpatagoniamadryn.com.ar\\\/wp-content\\\/uploads\\\/2025\\\/12\\\/img_3597.jpg\",\"width\":711,\"height\":400},{\"@type\":\"BreadcrumbList\",\"@id\":\"https:\\\/\\\/fmpatagoniamadryn.com.ar\\\/?p=19377#breadcrumb\",\"itemListElement\":[{\"@type\":\"ListItem\",\"position\":1,\"name\":\"Portada\",\"item\":\"https:\\\/\\\/fmpatagoniamadryn.com.ar\\\/\"},{\"@type\":\"ListItem\",\"position\":2,\"name\":\"Grave denuncia sindical por presunto fraude laboral en Red Chamber y falta de acci\u00f3n del Gobierno\"}]},{\"@type\":\"WebSite\",\"@id\":\"https:\\\/\\\/fmpatagoniamadryn.com.ar\\\/#website\",\"url\":\"https:\\\/\\\/fmpatagoniamadryn.com.ar\\\/\",\"name\":\"FM Patagonia Madryn\",\"description\":\"Radio Patagonia 105.5\",\"publisher\":{\"@id\":\"https:\\\/\\\/fmpatagoniamadryn.com.ar\\\/#organization\"},\"potentialAction\":[{\"@type\":\"SearchAction\",\"target\":{\"@type\":\"EntryPoint\",\"urlTemplate\":\"https:\\\/\\\/fmpatagoniamadryn.com.ar\\\/?s={search_term_string}\"},\"query-input\":{\"@type\":\"PropertyValueSpecification\",\"valueRequired\":true,\"valueName\":\"search_term_string\"}}],\"inLanguage\":\"es\"},{\"@type\":\"Organization\",\"@id\":\"https:\\\/\\\/fmpatagoniamadryn.com.ar\\\/#organization\",\"name\":\"FM Patagonia Madryn\",\"url\":\"https:\\\/\\\/fmpatagoniamadryn.com.ar\\\/\",\"logo\":{\"@type\":\"ImageObject\",\"inLanguage\":\"es\",\"@id\":\"https:\\\/\\\/fmpatagoniamadryn.com.ar\\\/#\\\/schema\\\/logo\\\/image\\\/\",\"url\":\"https:\\\/\\\/fmpatagoniamadryn.com.ar\\\/wp-content\\\/uploads\\\/2023\\\/01\\\/cropped-Diseno-sin-titulo.png\",\"contentUrl\":\"https:\\\/\\\/fmpatagoniamadryn.com.ar\\\/wp-content\\\/uploads\\\/2023\\\/01\\\/cropped-Diseno-sin-titulo.png\",\"width\":6911,\"height\":2657,\"caption\":\"FM Patagonia Madryn\"},\"image\":{\"@id\":\"https:\\\/\\\/fmpatagoniamadryn.com.ar\\\/#\\\/schema\\\/logo\\\/image\\\/\"}},{\"@type\":\"Person\",\"@id\":\"https:\\\/\\\/fmpatagoniamadryn.com.ar\\\/#\\\/schema\\\/person\\\/8a3de4ad7efceacab06c1641c50303b7\",\"name\":\"FM Patagonia\",\"url\":\"https:\\\/\\\/fmpatagoniamadryn.com.ar\\\/?author=2\"}]}<\/script>\n<!-- \/ Yoast SEO plugin. -->","yoast_head_json":{"title":"Grave denuncia sindical por presunto fraude laboral en Red Chamber y falta de acci\u00f3n del Gobierno - FM Patagonia Madryn","robots":{"index":"index","follow":"follow","max-snippet":"max-snippet:-1","max-image-preview":"max-image-preview:large","max-video-preview":"max-video-preview:-1"},"canonical":"https:\/\/fmpatagoniamadryn.com.ar\/?p=19377","og_locale":"es_ES","og_type":"article","og_title":"Grave denuncia sindical por presunto fraude laboral en Red Chamber y falta de acci\u00f3n del Gobierno - FM Patagonia Madryn","og_description":"El referente sindical Luis N\u00fa\u00f1ez advirti\u00f3 una situaci\u00f3n \u201cgrave y preocupante\u201d en el conflicto que involucra a los trabajadores de la ex Alpesca y la empresa Red Chamber, luego de&hellip;","og_url":"https:\/\/fmpatagoniamadryn.com.ar\/?p=19377","og_site_name":"FM Patagonia Madryn","article_published_time":"2025-12-09T14:05:33+00:00","og_image":[{"width":711,"height":400,"url":"https:\/\/fmpatagoniamadryn.com.ar\/wp-content\/uploads\/2025\/12\/img_3597.jpg","type":"image\/jpeg"}],"author":"FM Patagonia","twitter_card":"summary_large_image","twitter_misc":{"Escrito por":"FM Patagonia","Tiempo de lectura":"2 minutos"},"schema":{"@context":"https:\/\/schema.org","@graph":[{"@type":"Article","@id":"https:\/\/fmpatagoniamadryn.com.ar\/?p=19377#article","isPartOf":{"@id":"https:\/\/fmpatagoniamadryn.com.ar\/?p=19377"},"author":{"name":"FM Patagonia","@id":"https:\/\/fmpatagoniamadryn.com.ar\/#\/schema\/person\/8a3de4ad7efceacab06c1641c50303b7"},"headline":"Grave denuncia sindical por presunto fraude laboral en Red Chamber y falta de acci\u00f3n del Gobierno","datePublished":"2025-12-09T14:05:33+00:00","mainEntityOfPage":{"@id":"https:\/\/fmpatagoniamadryn.com.ar\/?p=19377"},"wordCount":470,"publisher":{"@id":"https:\/\/fmpatagoniamadryn.com.ar\/#organization"},"image":{"@id":"https:\/\/fmpatagoniamadryn.com.ar\/?p=19377#primaryimage"},"thumbnailUrl":"https:\/\/fmpatagoniamadryn.com.ar\/wp-content\/uploads\/2025\/12\/img_3597.jpg","articleSection":["Locales"],"inLanguage":"es"},{"@type":"WebPage","@id":"https:\/\/fmpatagoniamadryn.com.ar\/?p=19377","url":"https:\/\/fmpatagoniamadryn.com.ar\/?p=19377","name":"Grave denuncia sindical por presunto fraude laboral en Red Chamber y falta de acci\u00f3n del Gobierno - FM Patagonia Madryn","isPartOf":{"@id":"https:\/\/fmpatagoniamadryn.com.ar\/#website"},"primaryImageOfPage":{"@id":"https:\/\/fmpatagoniamadryn.com.ar\/?p=19377#primaryimage"},"image":{"@id":"https:\/\/fmpatagoniamadryn.com.ar\/?p=19377#primaryimage"},"thumbnailUrl":"https:\/\/fmpatagoniamadryn.com.ar\/wp-content\/uploads\/2025\/12\/img_3597.jpg","datePublished":"2025-12-09T14:05:33+00:00","breadcrumb":{"@id":"https:\/\/fmpatagoniamadryn.com.ar\/?p=19377#breadcrumb"},"inLanguage":"es","potentialAction":[{"@type":"ReadAction","target":["https:\/\/fmpatagoniamadryn.com.ar\/?p=19377"]}]},{"@type":"ImageObject","inLanguage":"es","@id":"https:\/\/fmpatagoniamadryn.com.ar\/?p=19377#primaryimage","url":"https:\/\/fmpatagoniamadryn.com.ar\/wp-content\/uploads\/2025\/12\/img_3597.jpg","contentUrl":"https:\/\/fmpatagoniamadryn.com.ar\/wp-content\/uploads\/2025\/12\/img_3597.jpg","width":711,"height":400},{"@type":"BreadcrumbList","@id":"https:\/\/fmpatagoniamadryn.com.ar\/?p=19377#breadcrumb","itemListElement":[{"@type":"ListItem","position":1,"name":"Portada","item":"https:\/\/fmpatagoniamadryn.com.ar\/"},{"@type":"ListItem","position":2,"name":"Grave denuncia sindical por presunto fraude laboral en Red Chamber y falta de acci\u00f3n del Gobierno"}]},{"@type":"WebSite","@id":"https:\/\/fmpatagoniamadryn.com.ar\/#website","url":"https:\/\/fmpatagoniamadryn.com.ar\/","name":"FM Patagonia Madryn","description":"Radio Patagonia 105.5","publisher":{"@id":"https:\/\/fmpatagoniamadryn.com.ar\/#organization"},"potentialAction":[{"@type":"SearchAction","target":{"@type":"EntryPoint","urlTemplate":"https:\/\/fmpatagoniamadryn.com.ar\/?s={search_term_string}"},"query-input":{"@type":"PropertyValueSpecification","valueRequired":true,"valueName":"search_term_string"}}],"inLanguage":"es"},{"@type":"Organization","@id":"https:\/\/fmpatagoniamadryn.com.ar\/#organization","name":"FM Patagonia Madryn","url":"https:\/\/fmpatagoniamadryn.com.ar\/","logo":{"@type":"ImageObject","inLanguage":"es","@id":"https:\/\/fmpatagoniamadryn.com.ar\/#\/schema\/logo\/image\/","url":"https:\/\/fmpatagoniamadryn.com.ar\/wp-content\/uploads\/2023\/01\/cropped-Diseno-sin-titulo.png","contentUrl":"https:\/\/fmpatagoniamadryn.com.ar\/wp-content\/uploads\/2023\/01\/cropped-Diseno-sin-titulo.png","width":6911,"height":2657,"caption":"FM Patagonia Madryn"},"image":{"@id":"https:\/\/fmpatagoniamadryn.com.ar\/#\/schema\/logo\/image\/"}},{"@type":"Person","@id":"https:\/\/fmpatagoniamadryn.com.ar\/#\/schema\/person\/8a3de4ad7efceacab06c1641c50303b7","name":"FM Patagonia","url":"https:\/\/fmpatagoniamadryn.com.ar\/?author=2"}]}},"jetpack_featured_media_url":"https:\/\/fmpatagoniamadryn.com.ar\/wp-content\/uploads\/2025\/12\/img_3597.jpg","_links":{"self":[{"href":"https:\/\/fmpatagoniamadryn.com.ar\/index.php?rest_route=\/wp\/v2\/posts\/19377","targetHints":{"allow":["GET"]}}],"collection":[{"href":"https:\/\/fmpatagoniamadryn.com.ar\/index.php?rest_route=\/wp\/v2\/posts"}],"about":[{"href":"https:\/\/fmpatagoniamadryn.com.ar\/index.php?rest_route=\/wp\/v2\/types\/post"}],"author":[{"embeddable":true,"href":"https:\/\/fmpatagoniamadryn.com.ar\/index.php?rest_route=\/wp\/v2\/users\/2"}],"replies":[{"embeddable":true,"href":"https:\/\/fmpatagoniamadryn.com.ar\/index.php?rest_route=%2Fwp%2Fv2%2Fcomments&post=19377"}],"version-history":[{"count":1,"href":"https:\/\/fmpatagoniamadryn.com.ar\/index.php?rest_route=\/wp\/v2\/posts\/19377\/revisions"}],"predecessor-version":[{"id":19378,"href":"https:\/\/fmpatagoniamadryn.com.ar\/index.php?rest_route=\/wp\/v2\/posts\/19377\/revisions\/19378"}],"wp:featuredmedia":[{"embeddable":true,"href":"https:\/\/fmpatagoniamadryn.com.ar\/index.php?rest_route=\/wp\/v2\/media\/19376"}],"wp:attachment":[{"href":"https:\/\/fmpatagoniamadryn.com.ar\/index.php?rest_route=%2Fwp%2Fv2%2Fmedia&parent=19377"}],"wp:term":[{"taxonomy":"category","embeddable":true,"href":"https:\/\/fmpatagoniamadryn.com.ar\/index.php?rest_route=%2Fwp%2Fv2%2Fcategories&post=19377"},{"taxonomy":"post_tag","embeddable":true,"href":"https:\/\/fmpatagoniamadryn.com.ar\/index.php?rest_route=%2Fwp%2Fv2%2Ftags&post=19377"}],"curies":[{"name":"wp","href":"https:\/\/api.w.org\/{rel}","templated":true}]}}