{"id":19451,"date":"2025-12-11T21:15:44","date_gmt":"2025-12-12T00:15:44","guid":{"rendered":"https:\/\/fmpatagoniamadryn.com.ar\/?p=19451"},"modified":"2025-12-11T21:15:44","modified_gmt":"2025-12-12T00:15:44","slug":"cristian-diaz-fue-presentado-como-nuevo-director-tecnico-de-deportivo-madryn-y-ya-trabaja-en-el-armado-del-plantel","status":"publish","type":"post","link":"https:\/\/fmpatagoniamadryn.com.ar\/?p=19451","title":{"rendered":"Cristian D\u00edaz fue presentado como nuevo director t\u00e9cnico de Deportivo Madryn y ya trabaja en el armado del plantel"},"content":{"rendered":"\n<p class=\"p1\"><\/p>\n\n\n\n<p class=\"p3\">El presidente de Deportivo Madryn confirm\u00f3 la llegada de Cristian D\u00edaz como nuevo entrenador del Aurinegro para la pr\u00f3xima temporada de la Primera Nacional. Seg\u00fan explic\u00f3, la decisi\u00f3n se tom\u00f3 luego de analizar distintos perfiles y recibir referencias \u201cmuy positivas\u201d del DT, quien cuenta con experiencia reciente en la categor\u00eda y paso por clubes de Sudam\u00e9rica. \u201cEstamos muy ilusionados y tratando de repetir esta buena campa\u00f1a y mejorarla\u201d, expres\u00f3.&nbsp;<\/p>\n\n\n\n<p class=\"p3\">D\u00edaz manifest\u00f3 su satisfacci\u00f3n por arribar a la Patagonia: \u201cEstoy realmente muy contento de estar en Madryn. Me gustan los desaf\u00edos grandes y convivir con la responsabilidad\u201d. Con pasos por The Strongest y Wilstermann (Bolivia), y Cienciano (Per\u00fa), destac\u00f3 que la exigencia lo motiva y que su objetivo es \u201cayudar desde nuestro lugar a dar un paso m\u00e1s en la b\u00fasqueda del sue\u00f1o\u201d.&nbsp;<\/p>\n\n\n\n<p class=\"p3\">En cuanto al rendimiento deportivo, sostuvo que el club viene de buenas temporadas y que la misi\u00f3n ser\u00e1 potenciar lo logrado: \u201cHab\u00eda un equipo bueno, trataremos que sea mejor. Falta un pasito y hay que buscarlo\u201d. Tambi\u00e9n se\u00f1al\u00f3 que trabajar\u00e1 en sistemas t\u00e1cticos flexibles \u2014principalmente un 4-3-3, aunque dispuesto a usar l\u00ednea de cinco cuando la categor\u00eda lo demande\u2014 para iniciar el torneo en la mejor forma posible.&nbsp;<\/p>\n\n\n\n<p class=\"p3\">El entrenador ya comenz\u00f3 a interiorizarse del plantel y confirm\u00f3 que mantiene conversaciones con jugadores importantes que podr\u00edan continuar. En paralelo, el club cerr\u00f3 su primera incorporaci\u00f3n: Juli\u00e1n Cosi, volante proveniente de Ferrocarril Oeste, con pasado en San Telmo. \u201cVamos a ir por futbolistas que ya saben de qu\u00e9 se trata esta categor\u00eda\u201d, adelant\u00f3 la dirigencia.&nbsp;<\/p>\n\n\n\n<p class=\"p3\">D\u00edaz tambi\u00e9n remarc\u00f3 su compromiso humano y profesional: \u201cQuiero conformar un grupo fuerte. Me gusta trabajar, dedicarme y quedarme. Vengo para eso\u201d. Junto a \u00e9l llega un cuerpo t\u00e9cnico integrado por Gast\u00f3n Ramondino como asistente, Zacar\u00edas Gallero como preparador f\u00edsico y Javi Carmar\u00e1n como segundo asistente y entrenador de arqueros. \u201cTenemos todas las \u00e1reas bien cubiertas\u201d, afirm\u00f3.&nbsp;<\/p>\n\n\n\n<p class=\"p3\">Con entusiasmo y expectativas renovadas, Deportivo Madryn inicia una nueva etapa con Cristian D\u00edaz al mando, enfocado en mantener la categor\u00eda y pelear arriba en una de las competencias m\u00e1s parejas del f\u00fatbol argentino<\/p>\n","protected":false},"excerpt":{"rendered":"<p>El presidente de Deportivo Madryn confirm\u00f3 la llegada de Cristian D\u00edaz como nuevo entrenador del Aurinegro para la pr\u00f3xima temporada de la Primera Nacional. Seg\u00fan explic\u00f3, la decisi\u00f3n se tom\u00f3&hellip; <\/p>\n","protected":false},"author":2,"featured_media":19450,"comment_status":"closed","ping_status":"closed","sticky":false,"template":"","format":"standard","meta":{"footnotes":""},"categories":[4],"tags":[],"class_list":["post-19451","post","type-post","status-publish","format-standard","has-post-thumbnail","hentry","category-deportes"],"yoast_head":"<!-- This site is optimized with the Yoast SEO plugin v27.4 - https:\/\/yoast.com\/product\/yoast-seo-wordpress\/ -->\n<title>Cristian D\u00edaz fue presentado como nuevo director t\u00e9cnico de Deportivo Madryn y ya trabaja en el armado del plantel - FM Patagonia Madryn<\/title>\n<meta name=\"robots\" content=\"index, follow, max-snippet:-1, max-image-preview:large, max-video-preview:-1\" \/>\n<link rel=\"canonical\" href=\"https:\/\/fmpatagoniamadryn.com.ar\/?p=19451\" \/>\n<meta property=\"og:locale\" content=\"es_ES\" \/>\n<meta property=\"og:type\" content=\"article\" \/>\n<meta property=\"og:title\" content=\"Cristian D\u00edaz fue presentado como nuevo director t\u00e9cnico de Deportivo Madryn y ya trabaja en el armado del plantel - FM Patagonia Madryn\" \/>\n<meta property=\"og:description\" content=\"El presidente de Deportivo Madryn confirm\u00f3 la llegada de Cristian D\u00edaz como nuevo entrenador del Aurinegro para la pr\u00f3xima temporada de la Primera Nacional. Seg\u00fan explic\u00f3, la decisi\u00f3n se tom\u00f3&hellip;\" \/>\n<meta property=\"og:url\" content=\"https:\/\/fmpatagoniamadryn.com.ar\/?p=19451\" \/>\n<meta property=\"og:site_name\" content=\"FM Patagonia Madryn\" \/>\n<meta property=\"article:published_time\" content=\"2025-12-12T00:15:44+00:00\" \/>\n<meta property=\"og:image\" content=\"https:\/\/fmpatagoniamadryn.com.ar\/wp-content\/uploads\/2025\/12\/8910bed0-1c4d-49fd-9e91-f15dc88ccc88.jpg\" \/>\n\t<meta property=\"og:image:width\" content=\"2000\" \/>\n\t<meta property=\"og:image:height\" content=\"1335\" \/>\n\t<meta property=\"og:image:type\" content=\"image\/jpeg\" \/>\n<meta name=\"author\" content=\"FM Patagonia\" \/>\n<meta name=\"twitter:card\" content=\"summary_large_image\" \/>\n<meta name=\"twitter:label1\" content=\"Escrito por\" \/>\n\t<meta name=\"twitter:data1\" content=\"FM Patagonia\" \/>\n\t<meta name=\"twitter:label2\" content=\"Tiempo de lectura\" \/>\n\t<meta name=\"twitter:data2\" content=\"2 minutos\" \/>\n<script type=\"application\/ld+json\" class=\"yoast-schema-graph\">{\"@context\":\"https:\\\/\\\/schema.org\",\"@graph\":[{\"@type\":\"Article\",\"@id\":\"https:\\\/\\\/fmpatagoniamadryn.com.ar\\\/?p=19451#article\",\"isPartOf\":{\"@id\":\"https:\\\/\\\/fmpatagoniamadryn.com.ar\\\/?p=19451\"},\"author\":{\"name\":\"FM Patagonia\",\"@id\":\"https:\\\/\\\/fmpatagoniamadryn.com.ar\\\/#\\\/schema\\\/person\\\/8a3de4ad7efceacab06c1641c50303b7\"},\"headline\":\"Cristian D\u00edaz fue presentado como nuevo director t\u00e9cnico de Deportivo Madryn y ya trabaja en el armado del plantel\",\"datePublished\":\"2025-12-12T00:15:44+00:00\",\"mainEntityOfPage\":{\"@id\":\"https:\\\/\\\/fmpatagoniamadryn.com.ar\\\/?p=19451\"},\"wordCount\":409,\"publisher\":{\"@id\":\"https:\\\/\\\/fmpatagoniamadryn.com.ar\\\/#organization\"},\"image\":{\"@id\":\"https:\\\/\\\/fmpatagoniamadryn.com.ar\\\/?p=19451#primaryimage\"},\"thumbnailUrl\":\"https:\\\/\\\/fmpatagoniamadryn.com.ar\\\/wp-content\\\/uploads\\\/2025\\\/12\\\/8910bed0-1c4d-49fd-9e91-f15dc88ccc88.jpg\",\"articleSection\":[\"Deportes\"],\"inLanguage\":\"es\"},{\"@type\":\"WebPage\",\"@id\":\"https:\\\/\\\/fmpatagoniamadryn.com.ar\\\/?p=19451\",\"url\":\"https:\\\/\\\/fmpatagoniamadryn.com.ar\\\/?p=19451\",\"name\":\"Cristian D\u00edaz fue presentado como nuevo director t\u00e9cnico de Deportivo Madryn y ya trabaja en el armado del plantel - FM Patagonia Madryn\",\"isPartOf\":{\"@id\":\"https:\\\/\\\/fmpatagoniamadryn.com.ar\\\/#website\"},\"primaryImageOfPage\":{\"@id\":\"https:\\\/\\\/fmpatagoniamadryn.com.ar\\\/?p=19451#primaryimage\"},\"image\":{\"@id\":\"https:\\\/\\\/fmpatagoniamadryn.com.ar\\\/?p=19451#primaryimage\"},\"thumbnailUrl\":\"https:\\\/\\\/fmpatagoniamadryn.com.ar\\\/wp-content\\\/uploads\\\/2025\\\/12\\\/8910bed0-1c4d-49fd-9e91-f15dc88ccc88.jpg\",\"datePublished\":\"2025-12-12T00:15:44+00:00\",\"breadcrumb\":{\"@id\":\"https:\\\/\\\/fmpatagoniamadryn.com.ar\\\/?p=19451#breadcrumb\"},\"inLanguage\":\"es\",\"potentialAction\":[{\"@type\":\"ReadAction\",\"target\":[\"https:\\\/\\\/fmpatagoniamadryn.com.ar\\\/?p=19451\"]}]},{\"@type\":\"ImageObject\",\"inLanguage\":\"es\",\"@id\":\"https:\\\/\\\/fmpatagoniamadryn.com.ar\\\/?p=19451#primaryimage\",\"url\":\"https:\\\/\\\/fmpatagoniamadryn.com.ar\\\/wp-content\\\/uploads\\\/2025\\\/12\\\/8910bed0-1c4d-49fd-9e91-f15dc88ccc88.jpg\",\"contentUrl\":\"https:\\\/\\\/fmpatagoniamadryn.com.ar\\\/wp-content\\\/uploads\\\/2025\\\/12\\\/8910bed0-1c4d-49fd-9e91-f15dc88ccc88.jpg\",\"width\":2000,\"height\":1335},{\"@type\":\"BreadcrumbList\",\"@id\":\"https:\\\/\\\/fmpatagoniamadryn.com.ar\\\/?p=19451#breadcrumb\",\"itemListElement\":[{\"@type\":\"ListItem\",\"position\":1,\"name\":\"Portada\",\"item\":\"https:\\\/\\\/fmpatagoniamadryn.com.ar\\\/\"},{\"@type\":\"ListItem\",\"position\":2,\"name\":\"Cristian D\u00edaz fue presentado como nuevo director t\u00e9cnico de Deportivo Madryn y ya trabaja en el armado del plantel\"}]},{\"@type\":\"WebSite\",\"@id\":\"https:\\\/\\\/fmpatagoniamadryn.com.ar\\\/#website\",\"url\":\"https:\\\/\\\/fmpatagoniamadryn.com.ar\\\/\",\"name\":\"FM Patagonia Madryn\",\"description\":\"Radio Patagonia 105.5\",\"publisher\":{\"@id\":\"https:\\\/\\\/fmpatagoniamadryn.com.ar\\\/#organization\"},\"potentialAction\":[{\"@type\":\"SearchAction\",\"target\":{\"@type\":\"EntryPoint\",\"urlTemplate\":\"https:\\\/\\\/fmpatagoniamadryn.com.ar\\\/?s={search_term_string}\"},\"query-input\":{\"@type\":\"PropertyValueSpecification\",\"valueRequired\":true,\"valueName\":\"search_term_string\"}}],\"inLanguage\":\"es\"},{\"@type\":\"Organization\",\"@id\":\"https:\\\/\\\/fmpatagoniamadryn.com.ar\\\/#organization\",\"name\":\"FM Patagonia Madryn\",\"url\":\"https:\\\/\\\/fmpatagoniamadryn.com.ar\\\/\",\"logo\":{\"@type\":\"ImageObject\",\"inLanguage\":\"es\",\"@id\":\"https:\\\/\\\/fmpatagoniamadryn.com.ar\\\/#\\\/schema\\\/logo\\\/image\\\/\",\"url\":\"https:\\\/\\\/fmpatagoniamadryn.com.ar\\\/wp-content\\\/uploads\\\/2023\\\/01\\\/cropped-Diseno-sin-titulo.png\",\"contentUrl\":\"https:\\\/\\\/fmpatagoniamadryn.com.ar\\\/wp-content\\\/uploads\\\/2023\\\/01\\\/cropped-Diseno-sin-titulo.png\",\"width\":6911,\"height\":2657,\"caption\":\"FM Patagonia Madryn\"},\"image\":{\"@id\":\"https:\\\/\\\/fmpatagoniamadryn.com.ar\\\/#\\\/schema\\\/logo\\\/image\\\/\"}},{\"@type\":\"Person\",\"@id\":\"https:\\\/\\\/fmpatagoniamadryn.com.ar\\\/#\\\/schema\\\/person\\\/8a3de4ad7efceacab06c1641c50303b7\",\"name\":\"FM Patagonia\",\"url\":\"https:\\\/\\\/fmpatagoniamadryn.com.ar\\\/?author=2\"}]}<\/script>\n<!-- \/ Yoast SEO plugin. -->","yoast_head_json":{"title":"Cristian D\u00edaz fue presentado como nuevo director t\u00e9cnico de Deportivo Madryn y ya trabaja en el armado del plantel - FM Patagonia Madryn","robots":{"index":"index","follow":"follow","max-snippet":"max-snippet:-1","max-image-preview":"max-image-preview:large","max-video-preview":"max-video-preview:-1"},"canonical":"https:\/\/fmpatagoniamadryn.com.ar\/?p=19451","og_locale":"es_ES","og_type":"article","og_title":"Cristian D\u00edaz fue presentado como nuevo director t\u00e9cnico de Deportivo Madryn y ya trabaja en el armado del plantel - FM Patagonia Madryn","og_description":"El presidente de Deportivo Madryn confirm\u00f3 la llegada de Cristian D\u00edaz como nuevo entrenador del Aurinegro para la pr\u00f3xima temporada de la Primera Nacional. Seg\u00fan explic\u00f3, la decisi\u00f3n se tom\u00f3&hellip;","og_url":"https:\/\/fmpatagoniamadryn.com.ar\/?p=19451","og_site_name":"FM Patagonia Madryn","article_published_time":"2025-12-12T00:15:44+00:00","og_image":[{"width":2000,"height":1335,"url":"https:\/\/fmpatagoniamadryn.com.ar\/wp-content\/uploads\/2025\/12\/8910bed0-1c4d-49fd-9e91-f15dc88ccc88.jpg","type":"image\/jpeg"}],"author":"FM Patagonia","twitter_card":"summary_large_image","twitter_misc":{"Escrito por":"FM Patagonia","Tiempo de lectura":"2 minutos"},"schema":{"@context":"https:\/\/schema.org","@graph":[{"@type":"Article","@id":"https:\/\/fmpatagoniamadryn.com.ar\/?p=19451#article","isPartOf":{"@id":"https:\/\/fmpatagoniamadryn.com.ar\/?p=19451"},"author":{"name":"FM Patagonia","@id":"https:\/\/fmpatagoniamadryn.com.ar\/#\/schema\/person\/8a3de4ad7efceacab06c1641c50303b7"},"headline":"Cristian D\u00edaz fue presentado como nuevo director t\u00e9cnico de Deportivo Madryn y ya trabaja en el armado del plantel","datePublished":"2025-12-12T00:15:44+00:00","mainEntityOfPage":{"@id":"https:\/\/fmpatagoniamadryn.com.ar\/?p=19451"},"wordCount":409,"publisher":{"@id":"https:\/\/fmpatagoniamadryn.com.ar\/#organization"},"image":{"@id":"https:\/\/fmpatagoniamadryn.com.ar\/?p=19451#primaryimage"},"thumbnailUrl":"https:\/\/fmpatagoniamadryn.com.ar\/wp-content\/uploads\/2025\/12\/8910bed0-1c4d-49fd-9e91-f15dc88ccc88.jpg","articleSection":["Deportes"],"inLanguage":"es"},{"@type":"WebPage","@id":"https:\/\/fmpatagoniamadryn.com.ar\/?p=19451","url":"https:\/\/fmpatagoniamadryn.com.ar\/?p=19451","name":"Cristian D\u00edaz fue presentado como nuevo director t\u00e9cnico de Deportivo Madryn y ya trabaja en el armado del plantel - FM Patagonia Madryn","isPartOf":{"@id":"https:\/\/fmpatagoniamadryn.com.ar\/#website"},"primaryImageOfPage":{"@id":"https:\/\/fmpatagoniamadryn.com.ar\/?p=19451#primaryimage"},"image":{"@id":"https:\/\/fmpatagoniamadryn.com.ar\/?p=19451#primaryimage"},"thumbnailUrl":"https:\/\/fmpatagoniamadryn.com.ar\/wp-content\/uploads\/2025\/12\/8910bed0-1c4d-49fd-9e91-f15dc88ccc88.jpg","datePublished":"2025-12-12T00:15:44+00:00","breadcrumb":{"@id":"https:\/\/fmpatagoniamadryn.com.ar\/?p=19451#breadcrumb"},"inLanguage":"es","potentialAction":[{"@type":"ReadAction","target":["https:\/\/fmpatagoniamadryn.com.ar\/?p=19451"]}]},{"@type":"ImageObject","inLanguage":"es","@id":"https:\/\/fmpatagoniamadryn.com.ar\/?p=19451#primaryimage","url":"https:\/\/fmpatagoniamadryn.com.ar\/wp-content\/uploads\/2025\/12\/8910bed0-1c4d-49fd-9e91-f15dc88ccc88.jpg","contentUrl":"https:\/\/fmpatagoniamadryn.com.ar\/wp-content\/uploads\/2025\/12\/8910bed0-1c4d-49fd-9e91-f15dc88ccc88.jpg","width":2000,"height":1335},{"@type":"BreadcrumbList","@id":"https:\/\/fmpatagoniamadryn.com.ar\/?p=19451#breadcrumb","itemListElement":[{"@type":"ListItem","position":1,"name":"Portada","item":"https:\/\/fmpatagoniamadryn.com.ar\/"},{"@type":"ListItem","position":2,"name":"Cristian D\u00edaz fue presentado como nuevo director t\u00e9cnico de Deportivo Madryn y ya trabaja en el armado del plantel"}]},{"@type":"WebSite","@id":"https:\/\/fmpatagoniamadryn.com.ar\/#website","url":"https:\/\/fmpatagoniamadryn.com.ar\/","name":"FM Patagonia Madryn","description":"Radio Patagonia 105.5","publisher":{"@id":"https:\/\/fmpatagoniamadryn.com.ar\/#organization"},"potentialAction":[{"@type":"SearchAction","target":{"@type":"EntryPoint","urlTemplate":"https:\/\/fmpatagoniamadryn.com.ar\/?s={search_term_string}"},"query-input":{"@type":"PropertyValueSpecification","valueRequired":true,"valueName":"search_term_string"}}],"inLanguage":"es"},{"@type":"Organization","@id":"https:\/\/fmpatagoniamadryn.com.ar\/#organization","name":"FM Patagonia Madryn","url":"https:\/\/fmpatagoniamadryn.com.ar\/","logo":{"@type":"ImageObject","inLanguage":"es","@id":"https:\/\/fmpatagoniamadryn.com.ar\/#\/schema\/logo\/image\/","url":"https:\/\/fmpatagoniamadryn.com.ar\/wp-content\/uploads\/2023\/01\/cropped-Diseno-sin-titulo.png","contentUrl":"https:\/\/fmpatagoniamadryn.com.ar\/wp-content\/uploads\/2023\/01\/cropped-Diseno-sin-titulo.png","width":6911,"height":2657,"caption":"FM Patagonia Madryn"},"image":{"@id":"https:\/\/fmpatagoniamadryn.com.ar\/#\/schema\/logo\/image\/"}},{"@type":"Person","@id":"https:\/\/fmpatagoniamadryn.com.ar\/#\/schema\/person\/8a3de4ad7efceacab06c1641c50303b7","name":"FM Patagonia","url":"https:\/\/fmpatagoniamadryn.com.ar\/?author=2"}]}},"jetpack_featured_media_url":"https:\/\/fmpatagoniamadryn.com.ar\/wp-content\/uploads\/2025\/12\/8910bed0-1c4d-49fd-9e91-f15dc88ccc88.jpg","_links":{"self":[{"href":"https:\/\/fmpatagoniamadryn.com.ar\/index.php?rest_route=\/wp\/v2\/posts\/19451","targetHints":{"allow":["GET"]}}],"collection":[{"href":"https:\/\/fmpatagoniamadryn.com.ar\/index.php?rest_route=\/wp\/v2\/posts"}],"about":[{"href":"https:\/\/fmpatagoniamadryn.com.ar\/index.php?rest_route=\/wp\/v2\/types\/post"}],"author":[{"embeddable":true,"href":"https:\/\/fmpatagoniamadryn.com.ar\/index.php?rest_route=\/wp\/v2\/users\/2"}],"replies":[{"embeddable":true,"href":"https:\/\/fmpatagoniamadryn.com.ar\/index.php?rest_route=%2Fwp%2Fv2%2Fcomments&post=19451"}],"version-history":[{"count":1,"href":"https:\/\/fmpatagoniamadryn.com.ar\/index.php?rest_route=\/wp\/v2\/posts\/19451\/revisions"}],"predecessor-version":[{"id":19452,"href":"https:\/\/fmpatagoniamadryn.com.ar\/index.php?rest_route=\/wp\/v2\/posts\/19451\/revisions\/19452"}],"wp:featuredmedia":[{"embeddable":true,"href":"https:\/\/fmpatagoniamadryn.com.ar\/index.php?rest_route=\/wp\/v2\/media\/19450"}],"wp:attachment":[{"href":"https:\/\/fmpatagoniamadryn.com.ar\/index.php?rest_route=%2Fwp%2Fv2%2Fmedia&parent=19451"}],"wp:term":[{"taxonomy":"category","embeddable":true,"href":"https:\/\/fmpatagoniamadryn.com.ar\/index.php?rest_route=%2Fwp%2Fv2%2Fcategories&post=19451"},{"taxonomy":"post_tag","embeddable":true,"href":"https:\/\/fmpatagoniamadryn.com.ar\/index.php?rest_route=%2Fwp%2Fv2%2Ftags&post=19451"}],"curies":[{"name":"wp","href":"https:\/\/api.w.org\/{rel}","templated":true}]}}