{"id":19465,"date":"2025-12-12T12:50:48","date_gmt":"2025-12-12T15:50:48","guid":{"rendered":"https:\/\/fmpatagoniamadryn.com.ar\/?p=19465"},"modified":"2025-12-12T12:50:48","modified_gmt":"2025-12-12T15:50:48","slug":"puerto-madryn-presenta-una-jornada-repleta-de-actividades-para-iniciar-la-temporada-de-verano-2026","status":"publish","type":"post","link":"https:\/\/fmpatagoniamadryn.com.ar\/?p=19465","title":{"rendered":"PUERTO MADRYN PRESENTA UNA JORNADA REPLETA DE ACTIVIDADES PARA INICIAR LA TEMPORADA DE VERANO 2026"},"content":{"rendered":"\n<p><br><em>Ser\u00e1&nbsp;el&nbsp;s\u00e1bado 13 de diciembre de 11 a 21&nbsp;horas en la&nbsp;bajada N\u00b0 2 del&nbsp;frente&nbsp;costero<\/em><\/p>\n\n\n\n<p><br><br>Puerto Madryn inicia este s\u00e1bado la Temporada de Verano 2025\/2026 con una jornada en el frente costero con actividades gratuitas abiertas para turistas y residentes. Ser\u00e1 un d\u00eda con deportes n\u00e1uticos, especialmente kayak, iniciaci\u00f3n de snorkel para ni\u00f1os y ni\u00f1as, concurso de castillos de arena, gimnasia, zumba, yoga en la playa y m\u00fasica en vivo con sets de DJ\u2019s al atardecer.<br><br>El evento, organizado por la Municipalidad de Puerto Madryn a trav\u00e9s de la Secretar\u00eda de Turismo, se llevar\u00e1 a cabo \u00edntegramente en inmediaciones de la Bajada N\u00b0 2 del frente costero, con el acompa\u00f1amiento del Parador Riviera durante toda la realizaci\u00f3n.<br><br>De 11 a 21 horas&nbsp;las propuestas abiertas al p\u00fablico que incluir\u00e1n sorteos y premios.<br><br><br>GASTRONOM\u00cdA<br><br>Completando la propuesta propia del Parador Riviera participan de la jornada productores gastron\u00f3micos de la ciudad como La Cocina de Elba, que propondr\u00e1 en su men\u00fa chorip\u00e1n, s\u00e1ndwiches de pollo, bondiola y papa fritas; Flower Power con su especialidad en focaccias y s\u00e1ndwiches de focaccia; La Familia, churros artesanales y cerveza artesanal Franca Austral.<br><br><br>ECOCENTRO PUERTO MADRYN<br><br>El Ecocentro Puerto Madryn estar\u00e1 presente en el Parador Rivera, con una de las actividades que se desarrolla durante el a\u00f1o en el sector de \u201cLa Cueva\u201d. Es un rinc\u00f3n especialmente pensado para las infancias. Un lugar para el arte donde cada ni\u00f1o y ni\u00f1a puede descubrir nuestro mar a trav\u00e9s de la creaci\u00f3n y en esta oportunidad se montar\u00e1 a orillas del Golfo Nuevo.<br><br>Aqu\u00ed se invita a participar de actividades pl\u00e1sticas inspiradas en la fauna marina patag\u00f3nica, explorando formas, colores y texturas que habitan nuestras costas. Una propuesta donde la imaginaci\u00f3n y la creatividad son los verdaderos protagonistas.<br><br><br>DIRECCI\u00d3N DE EDUCACI\u00d3N AMBIENTAL<br><br>Habr\u00e1 un espacio de infancias y de concientizaci\u00f3n ambiental con la entrega y promoci\u00f3n de bolsas biodegradables para org\u00e1nicos. Se dispondr\u00e1n ceniceros de playa pertenecientes al programa \u201cOrilla sin colillas\u201d, adem\u00e1s de charlas y juegos de cuidado y uso de la playa.<br><br>Tambi\u00e9n se desarrollar\u00e1 una intervenci\u00f3n art\u00edstica con un claro mensaje ambiental \u00abNo te quedes de aletas cruzadas\u00bb para el cuidado del ambiente.<br><br><br>ACTIVIDADES EN LA COSTA<br><br>Con la colaboraci\u00f3n del Madryn Kayak Club, estar\u00e1n a disposici\u00f3n del p\u00fablico distintas charlas de iniciaci\u00f3n a la actividad. Se realizar\u00e1n distintos encuentros de unos pocos minutos para conocer medidas de seguridad propios de la actividad y luego una mini demostraci\u00f3n en el Golfo Nuevo.<br><br>Tambi\u00e9n se prev\u00e9 un contacto con una de las actividades de m\u00e1s auge en la ciudad como es el stand up.<br><br>Se llevar\u00e1n a cabo encuentros de iniciaci\u00f3n al snorkel para ni\u00f1os y ni\u00f1as de entre 7 a 14 a\u00f1os de edad con la participaci\u00f3n de \u201cMares Divertidos\u201d, una colonia de vacaciones distinta en la ciudad con lazos estrechos con el Golfo Nuevo.<br><br>Finalmente, para continuar con el movimiento en verano, habr\u00e1 clases abiertas de zumba a cargo de Nati Pardo y Sole Grassi y de gimnasia con Andrea Leineker y Joana G\u00fcener de las que puede participar toda la familia.<br><br>Si ten\u00e9s tu lona, traela que habr\u00e1 yoga al atardecer. Ezequiel Castro estar\u00e1 a cargo de ese espacio abierto a la comunidad.<br><br><br>CONCURSO DE CASTILLOS DE ARENA<br><br>A partir de las 16:30&nbsp;horas, en el Parador Riviera, se realizar\u00e1 un concurso de castillos de arena por lo que se espera a todas las personas que quieran jugar, divertirse, crear construcciones y competir por premios. Los equipos ser\u00e1n de hasta 5 personas y podr\u00e1n incluir menores de edad, siempre y cuando haya por lo menos 1 adulto responsable.<br><br>La inscripci\u00f3n al concurso es gratuita y se realizar\u00e1 el mismo d\u00eda del evento,&nbsp;desde las 14&nbsp;y hasta&nbsp;las 16:20&nbsp;horas. El objetivo es que los grupos puedan armar un castillo, figura o escultura de arena, utilizando exclusivamente la arena de la playa y los \u00fatiles habituales de playa como palitas pl\u00e1sticas, baldes, paletas, rastrillos, etc. y materiales naturales propios de la playa, como hojas, ramas, conchillas, caracoles, piedras, etc.<br><br><br>PASEO ARTESANAL<br><br>El p\u00fablico se encontrar\u00e1 con hacedores culturales con sus productos art\u00edsticos y de dise\u00f1o a la venta en torno al Parador Riviera, Bajada N\u00b0 2 sobre la rambla de la ciudad.<br><br><br>DJ\u2019S AL ATARDECER<br><br>A partir de las 19.30 horas y hasta las 21 despedimos el d\u00eda con m\u00fasica al atardecer. DJ Yamil Cardozo y Sergio Mencegu\u00e9z estar\u00e1n a cargo de los sets durante el sunset con el Golfo Nuevo como escenario<\/p>\n","protected":false},"excerpt":{"rendered":"<p>Ser\u00e1&nbsp;el&nbsp;s\u00e1bado 13 de diciembre de 11 a 21&nbsp;horas en la&nbsp;bajada N\u00b0 2 del&nbsp;frente&nbsp;costero Puerto Madryn inicia este s\u00e1bado la Temporada de Verano 2025\/2026 con una jornada en el frente costero&hellip; <\/p>\n","protected":false},"author":2,"featured_media":19464,"comment_status":"closed","ping_status":"closed","sticky":false,"template":"","format":"standard","meta":{"footnotes":""},"categories":[15],"tags":[],"class_list":["post-19465","post","type-post","status-publish","format-standard","has-post-thumbnail","hentry","category-locales"],"yoast_head":"<!-- This site is optimized with the Yoast SEO plugin v27.4 - https:\/\/yoast.com\/product\/yoast-seo-wordpress\/ -->\n<title>PUERTO MADRYN PRESENTA UNA JORNADA REPLETA DE ACTIVIDADES PARA INICIAR LA TEMPORADA DE VERANO 2026 - FM Patagonia Madryn<\/title>\n<meta name=\"robots\" content=\"index, follow, max-snippet:-1, max-image-preview:large, max-video-preview:-1\" \/>\n<link rel=\"canonical\" href=\"https:\/\/fmpatagoniamadryn.com.ar\/?p=19465\" \/>\n<meta property=\"og:locale\" content=\"es_ES\" \/>\n<meta property=\"og:type\" content=\"article\" \/>\n<meta property=\"og:title\" content=\"PUERTO MADRYN PRESENTA UNA JORNADA REPLETA DE ACTIVIDADES PARA INICIAR LA TEMPORADA DE VERANO 2026 - FM Patagonia Madryn\" \/>\n<meta property=\"og:description\" content=\"Ser\u00e1&nbsp;el&nbsp;s\u00e1bado 13 de diciembre de 11 a 21&nbsp;horas en la&nbsp;bajada N\u00b0 2 del&nbsp;frente&nbsp;costero Puerto Madryn inicia este s\u00e1bado la Temporada de Verano 2025\/2026 con una jornada en el frente costero&hellip;\" \/>\n<meta property=\"og:url\" content=\"https:\/\/fmpatagoniamadryn.com.ar\/?p=19465\" \/>\n<meta property=\"og:site_name\" content=\"FM Patagonia Madryn\" \/>\n<meta property=\"article:published_time\" content=\"2025-12-12T15:50:48+00:00\" \/>\n<meta property=\"og:image\" content=\"https:\/\/fmpatagoniamadryn.com.ar\/wp-content\/uploads\/2025\/12\/img_3796.jpg\" \/>\n\t<meta property=\"og:image:width\" content=\"1280\" \/>\n\t<meta property=\"og:image:height\" content=\"782\" \/>\n\t<meta property=\"og:image:type\" content=\"image\/jpeg\" \/>\n<meta name=\"author\" content=\"FM Patagonia\" \/>\n<meta name=\"twitter:card\" content=\"summary_large_image\" \/>\n<meta name=\"twitter:label1\" content=\"Escrito por\" \/>\n\t<meta name=\"twitter:data1\" content=\"FM Patagonia\" \/>\n\t<meta name=\"twitter:label2\" content=\"Tiempo de lectura\" \/>\n\t<meta name=\"twitter:data2\" content=\"4 minutos\" \/>\n<script type=\"application\/ld+json\" class=\"yoast-schema-graph\">{\"@context\":\"https:\\\/\\\/schema.org\",\"@graph\":[{\"@type\":\"Article\",\"@id\":\"https:\\\/\\\/fmpatagoniamadryn.com.ar\\\/?p=19465#article\",\"isPartOf\":{\"@id\":\"https:\\\/\\\/fmpatagoniamadryn.com.ar\\\/?p=19465\"},\"author\":{\"name\":\"FM Patagonia\",\"@id\":\"https:\\\/\\\/fmpatagoniamadryn.com.ar\\\/#\\\/schema\\\/person\\\/8a3de4ad7efceacab06c1641c50303b7\"},\"headline\":\"PUERTO MADRYN PRESENTA UNA JORNADA REPLETA DE ACTIVIDADES PARA INICIAR LA TEMPORADA DE VERANO 2026\",\"datePublished\":\"2025-12-12T15:50:48+00:00\",\"mainEntityOfPage\":{\"@id\":\"https:\\\/\\\/fmpatagoniamadryn.com.ar\\\/?p=19465\"},\"wordCount\":821,\"publisher\":{\"@id\":\"https:\\\/\\\/fmpatagoniamadryn.com.ar\\\/#organization\"},\"image\":{\"@id\":\"https:\\\/\\\/fmpatagoniamadryn.com.ar\\\/?p=19465#primaryimage\"},\"thumbnailUrl\":\"https:\\\/\\\/fmpatagoniamadryn.com.ar\\\/wp-content\\\/uploads\\\/2025\\\/12\\\/img_3796.jpg\",\"articleSection\":[\"Locales\"],\"inLanguage\":\"es\"},{\"@type\":\"WebPage\",\"@id\":\"https:\\\/\\\/fmpatagoniamadryn.com.ar\\\/?p=19465\",\"url\":\"https:\\\/\\\/fmpatagoniamadryn.com.ar\\\/?p=19465\",\"name\":\"PUERTO MADRYN PRESENTA UNA JORNADA REPLETA DE ACTIVIDADES PARA INICIAR LA TEMPORADA DE VERANO 2026 - FM Patagonia Madryn\",\"isPartOf\":{\"@id\":\"https:\\\/\\\/fmpatagoniamadryn.com.ar\\\/#website\"},\"primaryImageOfPage\":{\"@id\":\"https:\\\/\\\/fmpatagoniamadryn.com.ar\\\/?p=19465#primaryimage\"},\"image\":{\"@id\":\"https:\\\/\\\/fmpatagoniamadryn.com.ar\\\/?p=19465#primaryimage\"},\"thumbnailUrl\":\"https:\\\/\\\/fmpatagoniamadryn.com.ar\\\/wp-content\\\/uploads\\\/2025\\\/12\\\/img_3796.jpg\",\"datePublished\":\"2025-12-12T15:50:48+00:00\",\"breadcrumb\":{\"@id\":\"https:\\\/\\\/fmpatagoniamadryn.com.ar\\\/?p=19465#breadcrumb\"},\"inLanguage\":\"es\",\"potentialAction\":[{\"@type\":\"ReadAction\",\"target\":[\"https:\\\/\\\/fmpatagoniamadryn.com.ar\\\/?p=19465\"]}]},{\"@type\":\"ImageObject\",\"inLanguage\":\"es\",\"@id\":\"https:\\\/\\\/fmpatagoniamadryn.com.ar\\\/?p=19465#primaryimage\",\"url\":\"https:\\\/\\\/fmpatagoniamadryn.com.ar\\\/wp-content\\\/uploads\\\/2025\\\/12\\\/img_3796.jpg\",\"contentUrl\":\"https:\\\/\\\/fmpatagoniamadryn.com.ar\\\/wp-content\\\/uploads\\\/2025\\\/12\\\/img_3796.jpg\",\"width\":1280,\"height\":782},{\"@type\":\"BreadcrumbList\",\"@id\":\"https:\\\/\\\/fmpatagoniamadryn.com.ar\\\/?p=19465#breadcrumb\",\"itemListElement\":[{\"@type\":\"ListItem\",\"position\":1,\"name\":\"Portada\",\"item\":\"https:\\\/\\\/fmpatagoniamadryn.com.ar\\\/\"},{\"@type\":\"ListItem\",\"position\":2,\"name\":\"PUERTO MADRYN PRESENTA UNA JORNADA REPLETA DE ACTIVIDADES PARA INICIAR LA TEMPORADA DE VERANO 2026\"}]},{\"@type\":\"WebSite\",\"@id\":\"https:\\\/\\\/fmpatagoniamadryn.com.ar\\\/#website\",\"url\":\"https:\\\/\\\/fmpatagoniamadryn.com.ar\\\/\",\"name\":\"FM Patagonia Madryn\",\"description\":\"Radio Patagonia 105.5\",\"publisher\":{\"@id\":\"https:\\\/\\\/fmpatagoniamadryn.com.ar\\\/#organization\"},\"potentialAction\":[{\"@type\":\"SearchAction\",\"target\":{\"@type\":\"EntryPoint\",\"urlTemplate\":\"https:\\\/\\\/fmpatagoniamadryn.com.ar\\\/?s={search_term_string}\"},\"query-input\":{\"@type\":\"PropertyValueSpecification\",\"valueRequired\":true,\"valueName\":\"search_term_string\"}}],\"inLanguage\":\"es\"},{\"@type\":\"Organization\",\"@id\":\"https:\\\/\\\/fmpatagoniamadryn.com.ar\\\/#organization\",\"name\":\"FM Patagonia Madryn\",\"url\":\"https:\\\/\\\/fmpatagoniamadryn.com.ar\\\/\",\"logo\":{\"@type\":\"ImageObject\",\"inLanguage\":\"es\",\"@id\":\"https:\\\/\\\/fmpatagoniamadryn.com.ar\\\/#\\\/schema\\\/logo\\\/image\\\/\",\"url\":\"https:\\\/\\\/fmpatagoniamadryn.com.ar\\\/wp-content\\\/uploads\\\/2023\\\/01\\\/cropped-Diseno-sin-titulo.png\",\"contentUrl\":\"https:\\\/\\\/fmpatagoniamadryn.com.ar\\\/wp-content\\\/uploads\\\/2023\\\/01\\\/cropped-Diseno-sin-titulo.png\",\"width\":6911,\"height\":2657,\"caption\":\"FM Patagonia Madryn\"},\"image\":{\"@id\":\"https:\\\/\\\/fmpatagoniamadryn.com.ar\\\/#\\\/schema\\\/logo\\\/image\\\/\"}},{\"@type\":\"Person\",\"@id\":\"https:\\\/\\\/fmpatagoniamadryn.com.ar\\\/#\\\/schema\\\/person\\\/8a3de4ad7efceacab06c1641c50303b7\",\"name\":\"FM Patagonia\",\"url\":\"https:\\\/\\\/fmpatagoniamadryn.com.ar\\\/?author=2\"}]}<\/script>\n<!-- \/ Yoast SEO plugin. -->","yoast_head_json":{"title":"PUERTO MADRYN PRESENTA UNA JORNADA REPLETA DE ACTIVIDADES PARA INICIAR LA TEMPORADA DE VERANO 2026 - FM Patagonia Madryn","robots":{"index":"index","follow":"follow","max-snippet":"max-snippet:-1","max-image-preview":"max-image-preview:large","max-video-preview":"max-video-preview:-1"},"canonical":"https:\/\/fmpatagoniamadryn.com.ar\/?p=19465","og_locale":"es_ES","og_type":"article","og_title":"PUERTO MADRYN PRESENTA UNA JORNADA REPLETA DE ACTIVIDADES PARA INICIAR LA TEMPORADA DE VERANO 2026 - FM Patagonia Madryn","og_description":"Ser\u00e1&nbsp;el&nbsp;s\u00e1bado 13 de diciembre de 11 a 21&nbsp;horas en la&nbsp;bajada N\u00b0 2 del&nbsp;frente&nbsp;costero Puerto Madryn inicia este s\u00e1bado la Temporada de Verano 2025\/2026 con una jornada en el frente costero&hellip;","og_url":"https:\/\/fmpatagoniamadryn.com.ar\/?p=19465","og_site_name":"FM Patagonia Madryn","article_published_time":"2025-12-12T15:50:48+00:00","og_image":[{"width":1280,"height":782,"url":"https:\/\/fmpatagoniamadryn.com.ar\/wp-content\/uploads\/2025\/12\/img_3796.jpg","type":"image\/jpeg"}],"author":"FM Patagonia","twitter_card":"summary_large_image","twitter_misc":{"Escrito por":"FM Patagonia","Tiempo de lectura":"4 minutos"},"schema":{"@context":"https:\/\/schema.org","@graph":[{"@type":"Article","@id":"https:\/\/fmpatagoniamadryn.com.ar\/?p=19465#article","isPartOf":{"@id":"https:\/\/fmpatagoniamadryn.com.ar\/?p=19465"},"author":{"name":"FM Patagonia","@id":"https:\/\/fmpatagoniamadryn.com.ar\/#\/schema\/person\/8a3de4ad7efceacab06c1641c50303b7"},"headline":"PUERTO MADRYN PRESENTA UNA JORNADA REPLETA DE ACTIVIDADES PARA INICIAR LA TEMPORADA DE VERANO 2026","datePublished":"2025-12-12T15:50:48+00:00","mainEntityOfPage":{"@id":"https:\/\/fmpatagoniamadryn.com.ar\/?p=19465"},"wordCount":821,"publisher":{"@id":"https:\/\/fmpatagoniamadryn.com.ar\/#organization"},"image":{"@id":"https:\/\/fmpatagoniamadryn.com.ar\/?p=19465#primaryimage"},"thumbnailUrl":"https:\/\/fmpatagoniamadryn.com.ar\/wp-content\/uploads\/2025\/12\/img_3796.jpg","articleSection":["Locales"],"inLanguage":"es"},{"@type":"WebPage","@id":"https:\/\/fmpatagoniamadryn.com.ar\/?p=19465","url":"https:\/\/fmpatagoniamadryn.com.ar\/?p=19465","name":"PUERTO MADRYN PRESENTA UNA JORNADA REPLETA DE ACTIVIDADES PARA INICIAR LA TEMPORADA DE VERANO 2026 - FM Patagonia Madryn","isPartOf":{"@id":"https:\/\/fmpatagoniamadryn.com.ar\/#website"},"primaryImageOfPage":{"@id":"https:\/\/fmpatagoniamadryn.com.ar\/?p=19465#primaryimage"},"image":{"@id":"https:\/\/fmpatagoniamadryn.com.ar\/?p=19465#primaryimage"},"thumbnailUrl":"https:\/\/fmpatagoniamadryn.com.ar\/wp-content\/uploads\/2025\/12\/img_3796.jpg","datePublished":"2025-12-12T15:50:48+00:00","breadcrumb":{"@id":"https:\/\/fmpatagoniamadryn.com.ar\/?p=19465#breadcrumb"},"inLanguage":"es","potentialAction":[{"@type":"ReadAction","target":["https:\/\/fmpatagoniamadryn.com.ar\/?p=19465"]}]},{"@type":"ImageObject","inLanguage":"es","@id":"https:\/\/fmpatagoniamadryn.com.ar\/?p=19465#primaryimage","url":"https:\/\/fmpatagoniamadryn.com.ar\/wp-content\/uploads\/2025\/12\/img_3796.jpg","contentUrl":"https:\/\/fmpatagoniamadryn.com.ar\/wp-content\/uploads\/2025\/12\/img_3796.jpg","width":1280,"height":782},{"@type":"BreadcrumbList","@id":"https:\/\/fmpatagoniamadryn.com.ar\/?p=19465#breadcrumb","itemListElement":[{"@type":"ListItem","position":1,"name":"Portada","item":"https:\/\/fmpatagoniamadryn.com.ar\/"},{"@type":"ListItem","position":2,"name":"PUERTO MADRYN PRESENTA UNA JORNADA REPLETA DE ACTIVIDADES PARA INICIAR LA TEMPORADA DE VERANO 2026"}]},{"@type":"WebSite","@id":"https:\/\/fmpatagoniamadryn.com.ar\/#website","url":"https:\/\/fmpatagoniamadryn.com.ar\/","name":"FM Patagonia Madryn","description":"Radio Patagonia 105.5","publisher":{"@id":"https:\/\/fmpatagoniamadryn.com.ar\/#organization"},"potentialAction":[{"@type":"SearchAction","target":{"@type":"EntryPoint","urlTemplate":"https:\/\/fmpatagoniamadryn.com.ar\/?s={search_term_string}"},"query-input":{"@type":"PropertyValueSpecification","valueRequired":true,"valueName":"search_term_string"}}],"inLanguage":"es"},{"@type":"Organization","@id":"https:\/\/fmpatagoniamadryn.com.ar\/#organization","name":"FM Patagonia Madryn","url":"https:\/\/fmpatagoniamadryn.com.ar\/","logo":{"@type":"ImageObject","inLanguage":"es","@id":"https:\/\/fmpatagoniamadryn.com.ar\/#\/schema\/logo\/image\/","url":"https:\/\/fmpatagoniamadryn.com.ar\/wp-content\/uploads\/2023\/01\/cropped-Diseno-sin-titulo.png","contentUrl":"https:\/\/fmpatagoniamadryn.com.ar\/wp-content\/uploads\/2023\/01\/cropped-Diseno-sin-titulo.png","width":6911,"height":2657,"caption":"FM Patagonia Madryn"},"image":{"@id":"https:\/\/fmpatagoniamadryn.com.ar\/#\/schema\/logo\/image\/"}},{"@type":"Person","@id":"https:\/\/fmpatagoniamadryn.com.ar\/#\/schema\/person\/8a3de4ad7efceacab06c1641c50303b7","name":"FM Patagonia","url":"https:\/\/fmpatagoniamadryn.com.ar\/?author=2"}]}},"jetpack_featured_media_url":"https:\/\/fmpatagoniamadryn.com.ar\/wp-content\/uploads\/2025\/12\/img_3796.jpg","_links":{"self":[{"href":"https:\/\/fmpatagoniamadryn.com.ar\/index.php?rest_route=\/wp\/v2\/posts\/19465","targetHints":{"allow":["GET"]}}],"collection":[{"href":"https:\/\/fmpatagoniamadryn.com.ar\/index.php?rest_route=\/wp\/v2\/posts"}],"about":[{"href":"https:\/\/fmpatagoniamadryn.com.ar\/index.php?rest_route=\/wp\/v2\/types\/post"}],"author":[{"embeddable":true,"href":"https:\/\/fmpatagoniamadryn.com.ar\/index.php?rest_route=\/wp\/v2\/users\/2"}],"replies":[{"embeddable":true,"href":"https:\/\/fmpatagoniamadryn.com.ar\/index.php?rest_route=%2Fwp%2Fv2%2Fcomments&post=19465"}],"version-history":[{"count":1,"href":"https:\/\/fmpatagoniamadryn.com.ar\/index.php?rest_route=\/wp\/v2\/posts\/19465\/revisions"}],"predecessor-version":[{"id":19466,"href":"https:\/\/fmpatagoniamadryn.com.ar\/index.php?rest_route=\/wp\/v2\/posts\/19465\/revisions\/19466"}],"wp:featuredmedia":[{"embeddable":true,"href":"https:\/\/fmpatagoniamadryn.com.ar\/index.php?rest_route=\/wp\/v2\/media\/19464"}],"wp:attachment":[{"href":"https:\/\/fmpatagoniamadryn.com.ar\/index.php?rest_route=%2Fwp%2Fv2%2Fmedia&parent=19465"}],"wp:term":[{"taxonomy":"category","embeddable":true,"href":"https:\/\/fmpatagoniamadryn.com.ar\/index.php?rest_route=%2Fwp%2Fv2%2Fcategories&post=19465"},{"taxonomy":"post_tag","embeddable":true,"href":"https:\/\/fmpatagoniamadryn.com.ar\/index.php?rest_route=%2Fwp%2Fv2%2Ftags&post=19465"}],"curies":[{"name":"wp","href":"https:\/\/api.w.org\/{rel}","templated":true}]}}