{"id":19861,"date":"2026-01-14T10:35:22","date_gmt":"2026-01-14T13:35:22","guid":{"rendered":"https:\/\/fmpatagoniamadryn.com.ar\/?p=19861"},"modified":"2026-01-14T10:35:22","modified_gmt":"2026-01-14T13:35:22","slug":"comarca-andina-autoridades-evaluaron-avances-del-operativo-ante-la-reactivacion-de-focos-igneos","status":"publish","type":"post","link":"https:\/\/fmpatagoniamadryn.com.ar\/?p=19861","title":{"rendered":"Comarca Andina: Autoridades evaluaron avances del operativo ante la reactivaci\u00f3n de focos \u00edgneos"},"content":{"rendered":"\n<p class=\"MsoNormal\"><\/p>\n\n\n\n<p class=\"MsoNormal\">&nbsp;<\/p>\n\n\n\n<p class=\"MsoNormal\"><em>El SPMF precis\u00f3 que 660 personas, entre combatientes y equipos de apoyo de distintos organismos, permanecieron abocadas al plan de control de los incendios.<\/em><\/p>\n\n\n\n<p class=\"MsoNormal\">&nbsp;<\/p>\n\n\n\n<p class=\"MsoNormal\">El Gobierno Provincial llev\u00f3 a cabo&nbsp;este martes&nbsp;un nuevo encuentro del Comando de Operaciones, en el que se brindaron detalles t\u00e9cnicos y una actualizaci\u00f3n de los avances vinculados a los trabajos realizados durante la jornada en los distintos sectores afectados por los incendios forestales en Puerto Patriada y el Parque Nacional Los Alerces, en un contexto marcado por condiciones clim\u00e1ticas adversas que reactivaron focos \u00edgneos en Epuy\u00e9n y en el \u00e1rea del Parque, manteni\u00e9ndose ambos incendios activos.<\/p>\n\n\n\n<p class=\"MsoNormal\">&nbsp;<\/p>\n\n\n\n<p class=\"MsoNormal\">La reuni\u00f3n tuvo lugar a \u00faltima hora&nbsp;de la tarde&nbsp;en la Subcentral de Coordinaci\u00f3n y Despacho de Brigadistas \u2013 Las Golondrinas. Participaron del encuentro funcionarios del Gabinete Provincial; brigadistas nacionales y provinciales, bomberos y personal del Servicio Provincial del Manejo del Fuego (SPMF), personal de la Secretar\u00eda de Emergencia y Gesti\u00f3n de Riesgo de la provincia de Neuqu\u00e9n, entre otros.<\/p>\n\n\n\n<p class=\"MsoNormal\">&nbsp;<\/p>\n\n\n\n<p class=\"MsoNormal\">En este marco, el SPMF precis\u00f3 que 660 personas, entre combatientes y equipos de apoyo de distintos organismos, permanecieron abocadas al plan de control de los incendios, manteni\u00e9ndose el n\u00famero de brigadistas y operarios desplegados.<\/p>\n\n\n\n<p class=\"MsoNormal\">&nbsp;<\/p>\n\n\n\n<p class=\"MsoNormal\">El incendio forestal continu\u00f3 activo y, al cierre de la jornada, m\u00e1s de 14.000 hect\u00e1reas se encontraban afectadas.&nbsp;Este martes, el personal se distribuy\u00f3 en los sectores con mayor actividad \u00edgnea, priorizando las \u00e1reas cercanas a viviendas e infraestructura, con el objetivo de preservar la seguridad de las familias de la zona.<\/p>\n\n\n\n<p class=\"MsoNormal\">&nbsp;<\/p>\n\n\n\n<p class=\"MsoNormal\"><strong>Situaci\u00f3n y trabajos este martes 13 de enero<\/strong><\/p>\n\n\n\n<p class=\"MsoNormal\">&nbsp;<\/p>\n\n\n\n<p class=\"MsoNormal\">Hoy el personal trabaj\u00f3 en la apertura de l\u00ednea y agua, dividi\u00e9ndose en dos grupos. El&nbsp;primer grupo inicia desde la cola del incendio hasta la cabeza por el flanco izquierdo.&nbsp;<\/p>\n\n\n\n<p class=\"MsoNormal\">&nbsp;<\/p>\n\n\n\n<p class=\"MsoNormal\">El segundo grupo, lo hizo desde la cabeza hacia la cola por flanco derecho.<\/p>\n\n\n\n<p class=\"MsoNormal\">&nbsp;<\/p>\n\n\n\n<p class=\"MsoNormal\">El avi\u00f3n Boeing 737 realiz\u00f3 3 descargas sobre el foco activo y un helic\u00f3ptero con&nbsp;helibalde continu\u00f3 con la misma tarea.&nbsp;<\/p>\n\n\n\n<p class=\"MsoNormal\">&nbsp;<\/p>\n\n\n\n<p class=\"MsoNormal\">Hacia&nbsp;las 15 horas&nbsp;se reactivaron focos, con mucha actividad de fuego, pasando la l\u00ednea del&nbsp;lanco izquierdo.<\/p>\n\n\n\n<p class=\"MsoNormal\">&nbsp;<\/p>\n\n\n\n<p class=\"MsoNormal\"><strong>Trabajo coordinado<\/strong><\/p>\n\n\n\n<p class=\"MsoNormal\">&nbsp;<\/p>\n\n\n\n<p class=\"MsoNormal\">Se destac\u00f3 el trabajo mancomunado entre las distintas instituciones que integran el operativo, bajo la coordinaci\u00f3n del SPMF. Participaron la Subsecretar\u00eda de Protecci\u00f3n Ciudadana, los ministerios de Desarrollo Humano, Producci\u00f3n, Salud y Educaci\u00f3n, el Servicio Nacional de Manejo del Fuego y Bomberos Voluntarios.<\/p>\n\n\n\n<p class=\"MsoNormal\">&nbsp;<\/p>\n\n\n\n<p class=\"MsoNormal\">Tambi\u00e9n formaron parte del operativo Pesca, los municipios de la regi\u00f3n, Parques Nacionales, SPLIF El Bols\u00f3n y Bariloche, SPMF Neuqu\u00e9n, ETAC C\u00f3rdoba, Compa\u00f1\u00edas Tierras del Sud, Loter\u00eda, Vialidad, Polic\u00eda, APSV y Gendarmer\u00eda, entre otros organismos.<\/p>\n\n\n\n<p class=\"MsoNormal\">&nbsp;<\/p>\n\n\n\n<p class=\"MsoNormal\">En cuanto a recursos, se mantuvo el despliegue de camionetas, autom\u00f3viles, motocicletas, autobombas, camiones cisterna, camiones, minibuses, furgones, embarcaciones, drones y ocho medios a\u00e9reos, entre helic\u00f3pteros con helibalde, aviones anfibios, aviones cisterna y un avi\u00f3n hidrante con capacidad de 15 mil litros.<\/p>\n","protected":false},"excerpt":{"rendered":"<p>&nbsp; El SPMF precis\u00f3 que 660 personas, entre combatientes y equipos de apoyo de distintos organismos, permanecieron abocadas al plan de control de los incendios. &nbsp; El Gobierno Provincial llev\u00f3&hellip; <\/p>\n","protected":false},"author":2,"featured_media":19860,"comment_status":"closed","ping_status":"closed","sticky":false,"template":"","format":"standard","meta":{"footnotes":""},"categories":[15],"tags":[],"class_list":["post-19861","post","type-post","status-publish","format-standard","has-post-thumbnail","hentry","category-locales"],"yoast_head":"<!-- This site is optimized with the Yoast SEO plugin v27.4 - https:\/\/yoast.com\/product\/yoast-seo-wordpress\/ -->\n<title>Comarca Andina: Autoridades evaluaron avances del operativo ante la reactivaci\u00f3n de focos \u00edgneos - FM Patagonia Madryn<\/title>\n<meta name=\"robots\" content=\"index, follow, max-snippet:-1, max-image-preview:large, max-video-preview:-1\" \/>\n<link rel=\"canonical\" href=\"https:\/\/fmpatagoniamadryn.com.ar\/?p=19861\" \/>\n<meta property=\"og:locale\" content=\"es_ES\" \/>\n<meta property=\"og:type\" content=\"article\" \/>\n<meta property=\"og:title\" content=\"Comarca Andina: Autoridades evaluaron avances del operativo ante la reactivaci\u00f3n de focos \u00edgneos - FM Patagonia Madryn\" \/>\n<meta property=\"og:description\" content=\"&nbsp; El SPMF precis\u00f3 que 660 personas, entre combatientes y equipos de apoyo de distintos organismos, permanecieron abocadas al plan de control de los incendios. &nbsp; El Gobierno Provincial llev\u00f3&hellip;\" \/>\n<meta property=\"og:url\" content=\"https:\/\/fmpatagoniamadryn.com.ar\/?p=19861\" \/>\n<meta property=\"og:site_name\" content=\"FM Patagonia Madryn\" \/>\n<meta property=\"article:published_time\" content=\"2026-01-14T13:35:22+00:00\" \/>\n<meta property=\"og:image\" content=\"https:\/\/fmpatagoniamadryn.com.ar\/wp-content\/uploads\/2026\/01\/img_7202.jpg\" \/>\n\t<meta property=\"og:image:width\" content=\"1280\" \/>\n\t<meta property=\"og:image:height\" content=\"720\" \/>\n\t<meta property=\"og:image:type\" content=\"image\/jpeg\" \/>\n<meta name=\"author\" content=\"FM Patagonia\" \/>\n<meta name=\"twitter:card\" content=\"summary_large_image\" \/>\n<meta name=\"twitter:label1\" content=\"Escrito por\" \/>\n\t<meta name=\"twitter:data1\" content=\"FM Patagonia\" \/>\n\t<meta name=\"twitter:label2\" content=\"Tiempo de lectura\" \/>\n\t<meta name=\"twitter:data2\" content=\"3 minutos\" \/>\n<script type=\"application\/ld+json\" class=\"yoast-schema-graph\">{\"@context\":\"https:\\\/\\\/schema.org\",\"@graph\":[{\"@type\":\"Article\",\"@id\":\"https:\\\/\\\/fmpatagoniamadryn.com.ar\\\/?p=19861#article\",\"isPartOf\":{\"@id\":\"https:\\\/\\\/fmpatagoniamadryn.com.ar\\\/?p=19861\"},\"author\":{\"name\":\"FM Patagonia\",\"@id\":\"https:\\\/\\\/fmpatagoniamadryn.com.ar\\\/#\\\/schema\\\/person\\\/8a3de4ad7efceacab06c1641c50303b7\"},\"headline\":\"Comarca Andina: Autoridades evaluaron avances del operativo ante la reactivaci\u00f3n de focos \u00edgneos\",\"datePublished\":\"2026-01-14T13:35:22+00:00\",\"mainEntityOfPage\":{\"@id\":\"https:\\\/\\\/fmpatagoniamadryn.com.ar\\\/?p=19861\"},\"wordCount\":533,\"publisher\":{\"@id\":\"https:\\\/\\\/fmpatagoniamadryn.com.ar\\\/#organization\"},\"image\":{\"@id\":\"https:\\\/\\\/fmpatagoniamadryn.com.ar\\\/?p=19861#primaryimage\"},\"thumbnailUrl\":\"https:\\\/\\\/fmpatagoniamadryn.com.ar\\\/wp-content\\\/uploads\\\/2026\\\/01\\\/img_7202.jpg\",\"articleSection\":[\"Locales\"],\"inLanguage\":\"es\"},{\"@type\":\"WebPage\",\"@id\":\"https:\\\/\\\/fmpatagoniamadryn.com.ar\\\/?p=19861\",\"url\":\"https:\\\/\\\/fmpatagoniamadryn.com.ar\\\/?p=19861\",\"name\":\"Comarca Andina: Autoridades evaluaron avances del operativo ante la reactivaci\u00f3n de focos \u00edgneos - FM Patagonia Madryn\",\"isPartOf\":{\"@id\":\"https:\\\/\\\/fmpatagoniamadryn.com.ar\\\/#website\"},\"primaryImageOfPage\":{\"@id\":\"https:\\\/\\\/fmpatagoniamadryn.com.ar\\\/?p=19861#primaryimage\"},\"image\":{\"@id\":\"https:\\\/\\\/fmpatagoniamadryn.com.ar\\\/?p=19861#primaryimage\"},\"thumbnailUrl\":\"https:\\\/\\\/fmpatagoniamadryn.com.ar\\\/wp-content\\\/uploads\\\/2026\\\/01\\\/img_7202.jpg\",\"datePublished\":\"2026-01-14T13:35:22+00:00\",\"breadcrumb\":{\"@id\":\"https:\\\/\\\/fmpatagoniamadryn.com.ar\\\/?p=19861#breadcrumb\"},\"inLanguage\":\"es\",\"potentialAction\":[{\"@type\":\"ReadAction\",\"target\":[\"https:\\\/\\\/fmpatagoniamadryn.com.ar\\\/?p=19861\"]}]},{\"@type\":\"ImageObject\",\"inLanguage\":\"es\",\"@id\":\"https:\\\/\\\/fmpatagoniamadryn.com.ar\\\/?p=19861#primaryimage\",\"url\":\"https:\\\/\\\/fmpatagoniamadryn.com.ar\\\/wp-content\\\/uploads\\\/2026\\\/01\\\/img_7202.jpg\",\"contentUrl\":\"https:\\\/\\\/fmpatagoniamadryn.com.ar\\\/wp-content\\\/uploads\\\/2026\\\/01\\\/img_7202.jpg\",\"width\":1280,\"height\":720},{\"@type\":\"BreadcrumbList\",\"@id\":\"https:\\\/\\\/fmpatagoniamadryn.com.ar\\\/?p=19861#breadcrumb\",\"itemListElement\":[{\"@type\":\"ListItem\",\"position\":1,\"name\":\"Portada\",\"item\":\"https:\\\/\\\/fmpatagoniamadryn.com.ar\\\/\"},{\"@type\":\"ListItem\",\"position\":2,\"name\":\"Comarca Andina: Autoridades evaluaron avances del operativo ante la reactivaci\u00f3n de focos \u00edgneos\"}]},{\"@type\":\"WebSite\",\"@id\":\"https:\\\/\\\/fmpatagoniamadryn.com.ar\\\/#website\",\"url\":\"https:\\\/\\\/fmpatagoniamadryn.com.ar\\\/\",\"name\":\"FM Patagonia Madryn\",\"description\":\"Radio Patagonia 105.5\",\"publisher\":{\"@id\":\"https:\\\/\\\/fmpatagoniamadryn.com.ar\\\/#organization\"},\"potentialAction\":[{\"@type\":\"SearchAction\",\"target\":{\"@type\":\"EntryPoint\",\"urlTemplate\":\"https:\\\/\\\/fmpatagoniamadryn.com.ar\\\/?s={search_term_string}\"},\"query-input\":{\"@type\":\"PropertyValueSpecification\",\"valueRequired\":true,\"valueName\":\"search_term_string\"}}],\"inLanguage\":\"es\"},{\"@type\":\"Organization\",\"@id\":\"https:\\\/\\\/fmpatagoniamadryn.com.ar\\\/#organization\",\"name\":\"FM Patagonia Madryn\",\"url\":\"https:\\\/\\\/fmpatagoniamadryn.com.ar\\\/\",\"logo\":{\"@type\":\"ImageObject\",\"inLanguage\":\"es\",\"@id\":\"https:\\\/\\\/fmpatagoniamadryn.com.ar\\\/#\\\/schema\\\/logo\\\/image\\\/\",\"url\":\"https:\\\/\\\/fmpatagoniamadryn.com.ar\\\/wp-content\\\/uploads\\\/2023\\\/01\\\/cropped-Diseno-sin-titulo.png\",\"contentUrl\":\"https:\\\/\\\/fmpatagoniamadryn.com.ar\\\/wp-content\\\/uploads\\\/2023\\\/01\\\/cropped-Diseno-sin-titulo.png\",\"width\":6911,\"height\":2657,\"caption\":\"FM Patagonia Madryn\"},\"image\":{\"@id\":\"https:\\\/\\\/fmpatagoniamadryn.com.ar\\\/#\\\/schema\\\/logo\\\/image\\\/\"}},{\"@type\":\"Person\",\"@id\":\"https:\\\/\\\/fmpatagoniamadryn.com.ar\\\/#\\\/schema\\\/person\\\/8a3de4ad7efceacab06c1641c50303b7\",\"name\":\"FM Patagonia\",\"url\":\"https:\\\/\\\/fmpatagoniamadryn.com.ar\\\/?author=2\"}]}<\/script>\n<!-- \/ Yoast SEO plugin. -->","yoast_head_json":{"title":"Comarca Andina: Autoridades evaluaron avances del operativo ante la reactivaci\u00f3n de focos \u00edgneos - FM Patagonia Madryn","robots":{"index":"index","follow":"follow","max-snippet":"max-snippet:-1","max-image-preview":"max-image-preview:large","max-video-preview":"max-video-preview:-1"},"canonical":"https:\/\/fmpatagoniamadryn.com.ar\/?p=19861","og_locale":"es_ES","og_type":"article","og_title":"Comarca Andina: Autoridades evaluaron avances del operativo ante la reactivaci\u00f3n de focos \u00edgneos - FM Patagonia Madryn","og_description":"&nbsp; El SPMF precis\u00f3 que 660 personas, entre combatientes y equipos de apoyo de distintos organismos, permanecieron abocadas al plan de control de los incendios. &nbsp; El Gobierno Provincial llev\u00f3&hellip;","og_url":"https:\/\/fmpatagoniamadryn.com.ar\/?p=19861","og_site_name":"FM Patagonia Madryn","article_published_time":"2026-01-14T13:35:22+00:00","og_image":[{"width":1280,"height":720,"url":"https:\/\/fmpatagoniamadryn.com.ar\/wp-content\/uploads\/2026\/01\/img_7202.jpg","type":"image\/jpeg"}],"author":"FM Patagonia","twitter_card":"summary_large_image","twitter_misc":{"Escrito por":"FM Patagonia","Tiempo de lectura":"3 minutos"},"schema":{"@context":"https:\/\/schema.org","@graph":[{"@type":"Article","@id":"https:\/\/fmpatagoniamadryn.com.ar\/?p=19861#article","isPartOf":{"@id":"https:\/\/fmpatagoniamadryn.com.ar\/?p=19861"},"author":{"name":"FM Patagonia","@id":"https:\/\/fmpatagoniamadryn.com.ar\/#\/schema\/person\/8a3de4ad7efceacab06c1641c50303b7"},"headline":"Comarca Andina: Autoridades evaluaron avances del operativo ante la reactivaci\u00f3n de focos \u00edgneos","datePublished":"2026-01-14T13:35:22+00:00","mainEntityOfPage":{"@id":"https:\/\/fmpatagoniamadryn.com.ar\/?p=19861"},"wordCount":533,"publisher":{"@id":"https:\/\/fmpatagoniamadryn.com.ar\/#organization"},"image":{"@id":"https:\/\/fmpatagoniamadryn.com.ar\/?p=19861#primaryimage"},"thumbnailUrl":"https:\/\/fmpatagoniamadryn.com.ar\/wp-content\/uploads\/2026\/01\/img_7202.jpg","articleSection":["Locales"],"inLanguage":"es"},{"@type":"WebPage","@id":"https:\/\/fmpatagoniamadryn.com.ar\/?p=19861","url":"https:\/\/fmpatagoniamadryn.com.ar\/?p=19861","name":"Comarca Andina: Autoridades evaluaron avances del operativo ante la reactivaci\u00f3n de focos \u00edgneos - FM Patagonia Madryn","isPartOf":{"@id":"https:\/\/fmpatagoniamadryn.com.ar\/#website"},"primaryImageOfPage":{"@id":"https:\/\/fmpatagoniamadryn.com.ar\/?p=19861#primaryimage"},"image":{"@id":"https:\/\/fmpatagoniamadryn.com.ar\/?p=19861#primaryimage"},"thumbnailUrl":"https:\/\/fmpatagoniamadryn.com.ar\/wp-content\/uploads\/2026\/01\/img_7202.jpg","datePublished":"2026-01-14T13:35:22+00:00","breadcrumb":{"@id":"https:\/\/fmpatagoniamadryn.com.ar\/?p=19861#breadcrumb"},"inLanguage":"es","potentialAction":[{"@type":"ReadAction","target":["https:\/\/fmpatagoniamadryn.com.ar\/?p=19861"]}]},{"@type":"ImageObject","inLanguage":"es","@id":"https:\/\/fmpatagoniamadryn.com.ar\/?p=19861#primaryimage","url":"https:\/\/fmpatagoniamadryn.com.ar\/wp-content\/uploads\/2026\/01\/img_7202.jpg","contentUrl":"https:\/\/fmpatagoniamadryn.com.ar\/wp-content\/uploads\/2026\/01\/img_7202.jpg","width":1280,"height":720},{"@type":"BreadcrumbList","@id":"https:\/\/fmpatagoniamadryn.com.ar\/?p=19861#breadcrumb","itemListElement":[{"@type":"ListItem","position":1,"name":"Portada","item":"https:\/\/fmpatagoniamadryn.com.ar\/"},{"@type":"ListItem","position":2,"name":"Comarca Andina: Autoridades evaluaron avances del operativo ante la reactivaci\u00f3n de focos \u00edgneos"}]},{"@type":"WebSite","@id":"https:\/\/fmpatagoniamadryn.com.ar\/#website","url":"https:\/\/fmpatagoniamadryn.com.ar\/","name":"FM Patagonia Madryn","description":"Radio Patagonia 105.5","publisher":{"@id":"https:\/\/fmpatagoniamadryn.com.ar\/#organization"},"potentialAction":[{"@type":"SearchAction","target":{"@type":"EntryPoint","urlTemplate":"https:\/\/fmpatagoniamadryn.com.ar\/?s={search_term_string}"},"query-input":{"@type":"PropertyValueSpecification","valueRequired":true,"valueName":"search_term_string"}}],"inLanguage":"es"},{"@type":"Organization","@id":"https:\/\/fmpatagoniamadryn.com.ar\/#organization","name":"FM Patagonia Madryn","url":"https:\/\/fmpatagoniamadryn.com.ar\/","logo":{"@type":"ImageObject","inLanguage":"es","@id":"https:\/\/fmpatagoniamadryn.com.ar\/#\/schema\/logo\/image\/","url":"https:\/\/fmpatagoniamadryn.com.ar\/wp-content\/uploads\/2023\/01\/cropped-Diseno-sin-titulo.png","contentUrl":"https:\/\/fmpatagoniamadryn.com.ar\/wp-content\/uploads\/2023\/01\/cropped-Diseno-sin-titulo.png","width":6911,"height":2657,"caption":"FM Patagonia Madryn"},"image":{"@id":"https:\/\/fmpatagoniamadryn.com.ar\/#\/schema\/logo\/image\/"}},{"@type":"Person","@id":"https:\/\/fmpatagoniamadryn.com.ar\/#\/schema\/person\/8a3de4ad7efceacab06c1641c50303b7","name":"FM Patagonia","url":"https:\/\/fmpatagoniamadryn.com.ar\/?author=2"}]}},"jetpack_featured_media_url":"https:\/\/fmpatagoniamadryn.com.ar\/wp-content\/uploads\/2026\/01\/img_7202.jpg","_links":{"self":[{"href":"https:\/\/fmpatagoniamadryn.com.ar\/index.php?rest_route=\/wp\/v2\/posts\/19861","targetHints":{"allow":["GET"]}}],"collection":[{"href":"https:\/\/fmpatagoniamadryn.com.ar\/index.php?rest_route=\/wp\/v2\/posts"}],"about":[{"href":"https:\/\/fmpatagoniamadryn.com.ar\/index.php?rest_route=\/wp\/v2\/types\/post"}],"author":[{"embeddable":true,"href":"https:\/\/fmpatagoniamadryn.com.ar\/index.php?rest_route=\/wp\/v2\/users\/2"}],"replies":[{"embeddable":true,"href":"https:\/\/fmpatagoniamadryn.com.ar\/index.php?rest_route=%2Fwp%2Fv2%2Fcomments&post=19861"}],"version-history":[{"count":1,"href":"https:\/\/fmpatagoniamadryn.com.ar\/index.php?rest_route=\/wp\/v2\/posts\/19861\/revisions"}],"predecessor-version":[{"id":19862,"href":"https:\/\/fmpatagoniamadryn.com.ar\/index.php?rest_route=\/wp\/v2\/posts\/19861\/revisions\/19862"}],"wp:featuredmedia":[{"embeddable":true,"href":"https:\/\/fmpatagoniamadryn.com.ar\/index.php?rest_route=\/wp\/v2\/media\/19860"}],"wp:attachment":[{"href":"https:\/\/fmpatagoniamadryn.com.ar\/index.php?rest_route=%2Fwp%2Fv2%2Fmedia&parent=19861"}],"wp:term":[{"taxonomy":"category","embeddable":true,"href":"https:\/\/fmpatagoniamadryn.com.ar\/index.php?rest_route=%2Fwp%2Fv2%2Fcategories&post=19861"},{"taxonomy":"post_tag","embeddable":true,"href":"https:\/\/fmpatagoniamadryn.com.ar\/index.php?rest_route=%2Fwp%2Fv2%2Ftags&post=19861"}],"curies":[{"name":"wp","href":"https:\/\/api.w.org\/{rel}","templated":true}]}}