{"id":19864,"date":"2026-01-14T10:36:07","date_gmt":"2026-01-14T13:36:07","guid":{"rendered":"https:\/\/fmpatagoniamadryn.com.ar\/?p=19864"},"modified":"2026-01-14T10:36:07","modified_gmt":"2026-01-14T13:36:07","slug":"ninos-y-ninas-de-dolavon-28-de-julio-y-las-plumas-fueron-recibidos-por-el-intendente-en-la-colonia-municipal-de-verano","status":"publish","type":"post","link":"https:\/\/fmpatagoniamadryn.com.ar\/?p=19864","title":{"rendered":"NI\u00d1OS Y NI\u00d1AS DE DOLAVON, 28 DE JULIO Y LAS PLUMAS FUERON RECIBIDOS POR EL INTENDENTE EN LA COLONIA MUNICIPAL DE VERANO"},"content":{"rendered":"\n<p><strong><br><\/strong><\/p>\n\n\n\n<p><em>Gustavo Sastre mantuvo un gran encuentro con autoridades del Municipio de Dolavon, con quienes acord\u00f3 la continuidad de trabajos conjuntos, siempre pensando en el bienestar de las distintas localidades<\/em><\/p>\n\n\n\n<p>El intendente de Puerto Madryn, Gustavo Sastre, visit\u00f3 el Parador Municipal, donde ni\u00f1os y ni\u00f1as de las localidades de Dolavon,&nbsp;28 de Julio&nbsp;y Las Plumas participaron de distintas actividades vinculadas a la Colonia Municipal de Verano, compartiendo una gran jornada hasta horas&nbsp;de la tarde.<\/p>\n\n\n\n<p>Cerca de 150 chicos y chicas llegaron a nuestra ciudad para disfrutar del frente costero, con diferentes disciplinas y acompa\u00f1ados por profesores de la Municipalidad. Entre todos los ni\u00f1os y las ni\u00f1as, hab\u00eda quienes nunca hab\u00edan conocido el mar, por lo que tambi\u00e9n se vivieron momentos emotivos.<\/p>\n\n\n\n<p>Al respecto, el Intendente dijo: \u201cEste tipo de encuentros, que son resultados de un gran trabajo conjunto, son \u00fanicos y nos llenan de alegr\u00eda. Poder ver a ni\u00f1os y ni\u00f1as de Dolavon,&nbsp;28 de Julio&nbsp;o Las Plumas disfrutar de las playas de Puerto Madryn es algo extraordinario y estamos muy contentos de poder avanzar con este tipo de iniciativas\u201d.<\/p>\n\n\n\n<p>En este mismo sentido, el Jefe Comunal remarc\u00f3: \u201cJunto a las autoridades del Municipio de Dolavon, que fue con quienes trabajamos en esta iniciativa, acordamos avanzar con m\u00e1s acciones conjuntas, entendiendo que las mismas van a repercutir positivamente en la calidad de vida de los vecinos de las distintas localidades\u201d.<\/p>\n","protected":false},"excerpt":{"rendered":"<p>Gustavo Sastre mantuvo un gran encuentro con autoridades del Municipio de Dolavon, con quienes acord\u00f3 la continuidad de trabajos conjuntos, siempre pensando en el bienestar de las distintas localidades El&hellip; <\/p>\n","protected":false},"author":2,"featured_media":19863,"comment_status":"closed","ping_status":"closed","sticky":false,"template":"","format":"standard","meta":{"footnotes":""},"categories":[15],"tags":[],"class_list":["post-19864","post","type-post","status-publish","format-standard","has-post-thumbnail","hentry","category-locales"],"yoast_head":"<!-- This site is optimized with the Yoast SEO plugin v27.4 - https:\/\/yoast.com\/product\/yoast-seo-wordpress\/ -->\n<title>NI\u00d1OS Y NI\u00d1AS DE DOLAVON, 28 DE JULIO Y LAS PLUMAS FUERON RECIBIDOS POR EL INTENDENTE EN LA COLONIA MUNICIPAL DE VERANO - FM Patagonia Madryn<\/title>\n<meta name=\"robots\" content=\"index, follow, max-snippet:-1, max-image-preview:large, max-video-preview:-1\" \/>\n<link rel=\"canonical\" href=\"https:\/\/fmpatagoniamadryn.com.ar\/?p=19864\" \/>\n<meta property=\"og:locale\" content=\"es_ES\" \/>\n<meta property=\"og:type\" content=\"article\" \/>\n<meta property=\"og:title\" content=\"NI\u00d1OS Y NI\u00d1AS DE DOLAVON, 28 DE JULIO Y LAS PLUMAS FUERON RECIBIDOS POR EL INTENDENTE EN LA COLONIA MUNICIPAL DE VERANO - FM Patagonia Madryn\" \/>\n<meta property=\"og:description\" content=\"Gustavo Sastre mantuvo un gran encuentro con autoridades del Municipio de Dolavon, con quienes acord\u00f3 la continuidad de trabajos conjuntos, siempre pensando en el bienestar de las distintas localidades El&hellip;\" \/>\n<meta property=\"og:url\" content=\"https:\/\/fmpatagoniamadryn.com.ar\/?p=19864\" \/>\n<meta property=\"og:site_name\" content=\"FM Patagonia Madryn\" \/>\n<meta property=\"article:published_time\" content=\"2026-01-14T13:36:07+00:00\" \/>\n<meta property=\"og:image\" content=\"https:\/\/fmpatagoniamadryn.com.ar\/wp-content\/uploads\/2026\/01\/img_7203.jpg\" \/>\n\t<meta property=\"og:image:width\" content=\"2000\" \/>\n\t<meta property=\"og:image:height\" content=\"1333\" \/>\n\t<meta property=\"og:image:type\" content=\"image\/jpeg\" \/>\n<meta name=\"author\" content=\"FM Patagonia\" \/>\n<meta name=\"twitter:card\" content=\"summary_large_image\" \/>\n<meta name=\"twitter:label1\" content=\"Escrito por\" \/>\n\t<meta name=\"twitter:data1\" content=\"FM Patagonia\" \/>\n\t<meta name=\"twitter:label2\" content=\"Tiempo de lectura\" \/>\n\t<meta name=\"twitter:data2\" content=\"1 minuto\" \/>\n<script type=\"application\/ld+json\" class=\"yoast-schema-graph\">{\"@context\":\"https:\\\/\\\/schema.org\",\"@graph\":[{\"@type\":\"Article\",\"@id\":\"https:\\\/\\\/fmpatagoniamadryn.com.ar\\\/?p=19864#article\",\"isPartOf\":{\"@id\":\"https:\\\/\\\/fmpatagoniamadryn.com.ar\\\/?p=19864\"},\"author\":{\"name\":\"FM Patagonia\",\"@id\":\"https:\\\/\\\/fmpatagoniamadryn.com.ar\\\/#\\\/schema\\\/person\\\/8a3de4ad7efceacab06c1641c50303b7\"},\"headline\":\"NI\u00d1OS Y NI\u00d1AS DE DOLAVON, 28 DE JULIO Y LAS PLUMAS FUERON RECIBIDOS POR EL INTENDENTE EN LA COLONIA MUNICIPAL DE VERANO\",\"datePublished\":\"2026-01-14T13:36:07+00:00\",\"mainEntityOfPage\":{\"@id\":\"https:\\\/\\\/fmpatagoniamadryn.com.ar\\\/?p=19864\"},\"wordCount\":269,\"publisher\":{\"@id\":\"https:\\\/\\\/fmpatagoniamadryn.com.ar\\\/#organization\"},\"image\":{\"@id\":\"https:\\\/\\\/fmpatagoniamadryn.com.ar\\\/?p=19864#primaryimage\"},\"thumbnailUrl\":\"https:\\\/\\\/fmpatagoniamadryn.com.ar\\\/wp-content\\\/uploads\\\/2026\\\/01\\\/img_7203.jpg\",\"articleSection\":[\"Locales\"],\"inLanguage\":\"es\"},{\"@type\":\"WebPage\",\"@id\":\"https:\\\/\\\/fmpatagoniamadryn.com.ar\\\/?p=19864\",\"url\":\"https:\\\/\\\/fmpatagoniamadryn.com.ar\\\/?p=19864\",\"name\":\"NI\u00d1OS Y NI\u00d1AS DE DOLAVON, 28 DE JULIO Y LAS PLUMAS FUERON RECIBIDOS POR EL INTENDENTE EN LA COLONIA MUNICIPAL DE VERANO - FM Patagonia Madryn\",\"isPartOf\":{\"@id\":\"https:\\\/\\\/fmpatagoniamadryn.com.ar\\\/#website\"},\"primaryImageOfPage\":{\"@id\":\"https:\\\/\\\/fmpatagoniamadryn.com.ar\\\/?p=19864#primaryimage\"},\"image\":{\"@id\":\"https:\\\/\\\/fmpatagoniamadryn.com.ar\\\/?p=19864#primaryimage\"},\"thumbnailUrl\":\"https:\\\/\\\/fmpatagoniamadryn.com.ar\\\/wp-content\\\/uploads\\\/2026\\\/01\\\/img_7203.jpg\",\"datePublished\":\"2026-01-14T13:36:07+00:00\",\"breadcrumb\":{\"@id\":\"https:\\\/\\\/fmpatagoniamadryn.com.ar\\\/?p=19864#breadcrumb\"},\"inLanguage\":\"es\",\"potentialAction\":[{\"@type\":\"ReadAction\",\"target\":[\"https:\\\/\\\/fmpatagoniamadryn.com.ar\\\/?p=19864\"]}]},{\"@type\":\"ImageObject\",\"inLanguage\":\"es\",\"@id\":\"https:\\\/\\\/fmpatagoniamadryn.com.ar\\\/?p=19864#primaryimage\",\"url\":\"https:\\\/\\\/fmpatagoniamadryn.com.ar\\\/wp-content\\\/uploads\\\/2026\\\/01\\\/img_7203.jpg\",\"contentUrl\":\"https:\\\/\\\/fmpatagoniamadryn.com.ar\\\/wp-content\\\/uploads\\\/2026\\\/01\\\/img_7203.jpg\",\"width\":2000,\"height\":1333},{\"@type\":\"BreadcrumbList\",\"@id\":\"https:\\\/\\\/fmpatagoniamadryn.com.ar\\\/?p=19864#breadcrumb\",\"itemListElement\":[{\"@type\":\"ListItem\",\"position\":1,\"name\":\"Portada\",\"item\":\"https:\\\/\\\/fmpatagoniamadryn.com.ar\\\/\"},{\"@type\":\"ListItem\",\"position\":2,\"name\":\"NI\u00d1OS Y NI\u00d1AS DE DOLAVON, 28 DE JULIO Y LAS PLUMAS FUERON RECIBIDOS POR EL INTENDENTE EN LA COLONIA MUNICIPAL DE VERANO\"}]},{\"@type\":\"WebSite\",\"@id\":\"https:\\\/\\\/fmpatagoniamadryn.com.ar\\\/#website\",\"url\":\"https:\\\/\\\/fmpatagoniamadryn.com.ar\\\/\",\"name\":\"FM Patagonia Madryn\",\"description\":\"Radio Patagonia 105.5\",\"publisher\":{\"@id\":\"https:\\\/\\\/fmpatagoniamadryn.com.ar\\\/#organization\"},\"potentialAction\":[{\"@type\":\"SearchAction\",\"target\":{\"@type\":\"EntryPoint\",\"urlTemplate\":\"https:\\\/\\\/fmpatagoniamadryn.com.ar\\\/?s={search_term_string}\"},\"query-input\":{\"@type\":\"PropertyValueSpecification\",\"valueRequired\":true,\"valueName\":\"search_term_string\"}}],\"inLanguage\":\"es\"},{\"@type\":\"Organization\",\"@id\":\"https:\\\/\\\/fmpatagoniamadryn.com.ar\\\/#organization\",\"name\":\"FM Patagonia Madryn\",\"url\":\"https:\\\/\\\/fmpatagoniamadryn.com.ar\\\/\",\"logo\":{\"@type\":\"ImageObject\",\"inLanguage\":\"es\",\"@id\":\"https:\\\/\\\/fmpatagoniamadryn.com.ar\\\/#\\\/schema\\\/logo\\\/image\\\/\",\"url\":\"https:\\\/\\\/fmpatagoniamadryn.com.ar\\\/wp-content\\\/uploads\\\/2023\\\/01\\\/cropped-Diseno-sin-titulo.png\",\"contentUrl\":\"https:\\\/\\\/fmpatagoniamadryn.com.ar\\\/wp-content\\\/uploads\\\/2023\\\/01\\\/cropped-Diseno-sin-titulo.png\",\"width\":6911,\"height\":2657,\"caption\":\"FM Patagonia Madryn\"},\"image\":{\"@id\":\"https:\\\/\\\/fmpatagoniamadryn.com.ar\\\/#\\\/schema\\\/logo\\\/image\\\/\"}},{\"@type\":\"Person\",\"@id\":\"https:\\\/\\\/fmpatagoniamadryn.com.ar\\\/#\\\/schema\\\/person\\\/8a3de4ad7efceacab06c1641c50303b7\",\"name\":\"FM Patagonia\",\"url\":\"https:\\\/\\\/fmpatagoniamadryn.com.ar\\\/?author=2\"}]}<\/script>\n<!-- \/ Yoast SEO plugin. -->","yoast_head_json":{"title":"NI\u00d1OS Y NI\u00d1AS DE DOLAVON, 28 DE JULIO Y LAS PLUMAS FUERON RECIBIDOS POR EL INTENDENTE EN LA COLONIA MUNICIPAL DE VERANO - FM Patagonia Madryn","robots":{"index":"index","follow":"follow","max-snippet":"max-snippet:-1","max-image-preview":"max-image-preview:large","max-video-preview":"max-video-preview:-1"},"canonical":"https:\/\/fmpatagoniamadryn.com.ar\/?p=19864","og_locale":"es_ES","og_type":"article","og_title":"NI\u00d1OS Y NI\u00d1AS DE DOLAVON, 28 DE JULIO Y LAS PLUMAS FUERON RECIBIDOS POR EL INTENDENTE EN LA COLONIA MUNICIPAL DE VERANO - FM Patagonia Madryn","og_description":"Gustavo Sastre mantuvo un gran encuentro con autoridades del Municipio de Dolavon, con quienes acord\u00f3 la continuidad de trabajos conjuntos, siempre pensando en el bienestar de las distintas localidades El&hellip;","og_url":"https:\/\/fmpatagoniamadryn.com.ar\/?p=19864","og_site_name":"FM Patagonia Madryn","article_published_time":"2026-01-14T13:36:07+00:00","og_image":[{"width":2000,"height":1333,"url":"https:\/\/fmpatagoniamadryn.com.ar\/wp-content\/uploads\/2026\/01\/img_7203.jpg","type":"image\/jpeg"}],"author":"FM Patagonia","twitter_card":"summary_large_image","twitter_misc":{"Escrito por":"FM Patagonia","Tiempo de lectura":"1 minuto"},"schema":{"@context":"https:\/\/schema.org","@graph":[{"@type":"Article","@id":"https:\/\/fmpatagoniamadryn.com.ar\/?p=19864#article","isPartOf":{"@id":"https:\/\/fmpatagoniamadryn.com.ar\/?p=19864"},"author":{"name":"FM Patagonia","@id":"https:\/\/fmpatagoniamadryn.com.ar\/#\/schema\/person\/8a3de4ad7efceacab06c1641c50303b7"},"headline":"NI\u00d1OS Y NI\u00d1AS DE DOLAVON, 28 DE JULIO Y LAS PLUMAS FUERON RECIBIDOS POR EL INTENDENTE EN LA COLONIA MUNICIPAL DE VERANO","datePublished":"2026-01-14T13:36:07+00:00","mainEntityOfPage":{"@id":"https:\/\/fmpatagoniamadryn.com.ar\/?p=19864"},"wordCount":269,"publisher":{"@id":"https:\/\/fmpatagoniamadryn.com.ar\/#organization"},"image":{"@id":"https:\/\/fmpatagoniamadryn.com.ar\/?p=19864#primaryimage"},"thumbnailUrl":"https:\/\/fmpatagoniamadryn.com.ar\/wp-content\/uploads\/2026\/01\/img_7203.jpg","articleSection":["Locales"],"inLanguage":"es"},{"@type":"WebPage","@id":"https:\/\/fmpatagoniamadryn.com.ar\/?p=19864","url":"https:\/\/fmpatagoniamadryn.com.ar\/?p=19864","name":"NI\u00d1OS Y NI\u00d1AS DE DOLAVON, 28 DE JULIO Y LAS PLUMAS FUERON RECIBIDOS POR EL INTENDENTE EN LA COLONIA MUNICIPAL DE VERANO - FM Patagonia Madryn","isPartOf":{"@id":"https:\/\/fmpatagoniamadryn.com.ar\/#website"},"primaryImageOfPage":{"@id":"https:\/\/fmpatagoniamadryn.com.ar\/?p=19864#primaryimage"},"image":{"@id":"https:\/\/fmpatagoniamadryn.com.ar\/?p=19864#primaryimage"},"thumbnailUrl":"https:\/\/fmpatagoniamadryn.com.ar\/wp-content\/uploads\/2026\/01\/img_7203.jpg","datePublished":"2026-01-14T13:36:07+00:00","breadcrumb":{"@id":"https:\/\/fmpatagoniamadryn.com.ar\/?p=19864#breadcrumb"},"inLanguage":"es","potentialAction":[{"@type":"ReadAction","target":["https:\/\/fmpatagoniamadryn.com.ar\/?p=19864"]}]},{"@type":"ImageObject","inLanguage":"es","@id":"https:\/\/fmpatagoniamadryn.com.ar\/?p=19864#primaryimage","url":"https:\/\/fmpatagoniamadryn.com.ar\/wp-content\/uploads\/2026\/01\/img_7203.jpg","contentUrl":"https:\/\/fmpatagoniamadryn.com.ar\/wp-content\/uploads\/2026\/01\/img_7203.jpg","width":2000,"height":1333},{"@type":"BreadcrumbList","@id":"https:\/\/fmpatagoniamadryn.com.ar\/?p=19864#breadcrumb","itemListElement":[{"@type":"ListItem","position":1,"name":"Portada","item":"https:\/\/fmpatagoniamadryn.com.ar\/"},{"@type":"ListItem","position":2,"name":"NI\u00d1OS Y NI\u00d1AS DE DOLAVON, 28 DE JULIO Y LAS PLUMAS FUERON RECIBIDOS POR EL INTENDENTE EN LA COLONIA MUNICIPAL DE VERANO"}]},{"@type":"WebSite","@id":"https:\/\/fmpatagoniamadryn.com.ar\/#website","url":"https:\/\/fmpatagoniamadryn.com.ar\/","name":"FM Patagonia Madryn","description":"Radio Patagonia 105.5","publisher":{"@id":"https:\/\/fmpatagoniamadryn.com.ar\/#organization"},"potentialAction":[{"@type":"SearchAction","target":{"@type":"EntryPoint","urlTemplate":"https:\/\/fmpatagoniamadryn.com.ar\/?s={search_term_string}"},"query-input":{"@type":"PropertyValueSpecification","valueRequired":true,"valueName":"search_term_string"}}],"inLanguage":"es"},{"@type":"Organization","@id":"https:\/\/fmpatagoniamadryn.com.ar\/#organization","name":"FM Patagonia Madryn","url":"https:\/\/fmpatagoniamadryn.com.ar\/","logo":{"@type":"ImageObject","inLanguage":"es","@id":"https:\/\/fmpatagoniamadryn.com.ar\/#\/schema\/logo\/image\/","url":"https:\/\/fmpatagoniamadryn.com.ar\/wp-content\/uploads\/2023\/01\/cropped-Diseno-sin-titulo.png","contentUrl":"https:\/\/fmpatagoniamadryn.com.ar\/wp-content\/uploads\/2023\/01\/cropped-Diseno-sin-titulo.png","width":6911,"height":2657,"caption":"FM Patagonia Madryn"},"image":{"@id":"https:\/\/fmpatagoniamadryn.com.ar\/#\/schema\/logo\/image\/"}},{"@type":"Person","@id":"https:\/\/fmpatagoniamadryn.com.ar\/#\/schema\/person\/8a3de4ad7efceacab06c1641c50303b7","name":"FM Patagonia","url":"https:\/\/fmpatagoniamadryn.com.ar\/?author=2"}]}},"jetpack_featured_media_url":"https:\/\/fmpatagoniamadryn.com.ar\/wp-content\/uploads\/2026\/01\/img_7203.jpg","_links":{"self":[{"href":"https:\/\/fmpatagoniamadryn.com.ar\/index.php?rest_route=\/wp\/v2\/posts\/19864","targetHints":{"allow":["GET"]}}],"collection":[{"href":"https:\/\/fmpatagoniamadryn.com.ar\/index.php?rest_route=\/wp\/v2\/posts"}],"about":[{"href":"https:\/\/fmpatagoniamadryn.com.ar\/index.php?rest_route=\/wp\/v2\/types\/post"}],"author":[{"embeddable":true,"href":"https:\/\/fmpatagoniamadryn.com.ar\/index.php?rest_route=\/wp\/v2\/users\/2"}],"replies":[{"embeddable":true,"href":"https:\/\/fmpatagoniamadryn.com.ar\/index.php?rest_route=%2Fwp%2Fv2%2Fcomments&post=19864"}],"version-history":[{"count":1,"href":"https:\/\/fmpatagoniamadryn.com.ar\/index.php?rest_route=\/wp\/v2\/posts\/19864\/revisions"}],"predecessor-version":[{"id":19865,"href":"https:\/\/fmpatagoniamadryn.com.ar\/index.php?rest_route=\/wp\/v2\/posts\/19864\/revisions\/19865"}],"wp:featuredmedia":[{"embeddable":true,"href":"https:\/\/fmpatagoniamadryn.com.ar\/index.php?rest_route=\/wp\/v2\/media\/19863"}],"wp:attachment":[{"href":"https:\/\/fmpatagoniamadryn.com.ar\/index.php?rest_route=%2Fwp%2Fv2%2Fmedia&parent=19864"}],"wp:term":[{"taxonomy":"category","embeddable":true,"href":"https:\/\/fmpatagoniamadryn.com.ar\/index.php?rest_route=%2Fwp%2Fv2%2Fcategories&post=19864"},{"taxonomy":"post_tag","embeddable":true,"href":"https:\/\/fmpatagoniamadryn.com.ar\/index.php?rest_route=%2Fwp%2Fv2%2Ftags&post=19864"}],"curies":[{"name":"wp","href":"https:\/\/api.w.org\/{rel}","templated":true}]}}