{"id":19876,"date":"2026-01-14T20:55:44","date_gmt":"2026-01-14T23:55:44","guid":{"rendered":"https:\/\/fmpatagoniamadryn.com.ar\/?p=19876"},"modified":"2026-01-14T20:55:44","modified_gmt":"2026-01-14T23:55:44","slug":"incendio-en-puerto-patriada-continua-el-operativo-y-el-fuego-ya-esta-contenido-en-un-85","status":"publish","type":"post","link":"https:\/\/fmpatagoniamadryn.com.ar\/?p=19876","title":{"rendered":"Incendio en Puerto Patriada: contin\u00faa el operativo y el fuego ya est\u00e1 contenido en un 85%"},"content":{"rendered":"\n<p><\/p>\n\n\n\n<p><em>As\u00ed se confirm\u00f3 durante una reuni\u00f3n de trabajo que el gobernador Ignacio \u201cNacho\u201d Torres encabez\u00f3 este mi\u00e9rcoles al mediod\u00eda en Las Golondrinas. Del operativo participan unas 660 personas, entre combatientes y equipos de apoyo, ocho medios a\u00e9reos \u2014entre ellos el avi\u00f3n hidrante m\u00e1s grande de Latinoam\u00e9rica\u2014 adem\u00e1s de unidades m\u00f3viles, embarcaciones y maquinaria pesada.<\/em><\/p>\n\n\n\n<p>A partir del amplio despliegue de recursos humanos y materiales dispuestos por el Gobierno del Chubut, en articulaci\u00f3n con m\u00faltiples instituciones, se logr\u00f3 contener en un 85% el incendio en Puerto Patriada, que desde el lunes 5 de enero afecta a la Comarca Andina.<\/p>\n\n\n\n<p>La informaci\u00f3n fue confirmada durante una nueva reuni\u00f3n de trabajo encabezada por el gobernador Ignacio \u201cNacho\u201d Torres en la Subcentral de Coordinaci\u00f3n y Despacho de Brigadistas de Las Golondrinas, junto al secretario de Bosques de la provincia, Abel Nievas; el subsecretario de Protecci\u00f3n Ciudadana, Eduardo P\u00e9rez; brigadistas provinciales y nacionales; bomberos voluntarios y autoridades del gabinete provincial.<\/p>\n\n\n\n<p>El Servicio Provincial de Manejo del Fuego (SPMF), dependiente de la Secretar\u00eda de Bosques, se encuentra al frente del operativo, que incluye la participaci\u00f3n de unas 660 personas, entre combatientes y equipos de apoyo, adem\u00e1s de unidades m\u00f3viles, embarcaciones, maquinaria pesada y ocho medios a\u00e9reos, entre ellos el avi\u00f3n hidrante m\u00e1s grande de Latinoam\u00e9rica.<\/p>\n\n\n\n<p>El \u00faltimo informe t\u00e9cnico elaborado por el SPMF indica que el incendio se encuentra contenido en un 85% y que, hasta el momento, afect\u00f3 alrededor de 12 mil hect\u00e1reas de bosque nativo, bosque implantado, arbustos y matorrales, adem\u00e1s de viviendas e infraestructura.<\/p>\n\n\n\n<p><em>Despliegue<\/em><\/p>\n\n\n\n<p>De acuerdo con lo planificado en el comando, este mi\u00e9rcoles los combatientes se distribuir\u00e1n en los sectores con mayor actividad de fuego, donde reforzar\u00e1n fajas cortafuegos y tareas de enfriamiento mediante herramientas manuales y equipos de agua. Los medios a\u00e9reos operar\u00e1n a requerimiento del personal de l\u00ednea.<\/p>\n\n\n\n<p>El operativo coordinado por el SPMF cuenta con el apoyo de diversas instituciones, entre ellas el SNMF, Protecci\u00f3n Ciudadana, bomberos voluntarios, Loter\u00eda del Chubut, los ministerios de Educaci\u00f3n, Producci\u00f3n, Seguridad y Desarrollo Humano, APSV, Vialidad Provincial, Polic\u00eda del Chubut, Pesca, municipios, Gendarmer\u00eda Nacional, Ej\u00e9rcito Argentino, SPLIF de R\u00edo Negro, SPMF Neuqu\u00e9n y Compa\u00f1\u00eda Tierras del Sud.<\/p>\n\n\n\n<p>Adem\u00e1s, desde la Secretar\u00eda de Bosques resaltaron que, para enfrentar un fuego de comportamiento complejo, influenciado por el viento y las condiciones clim\u00e1ticas, desde el primer momento se utilizaron camionetas, autobombas, camiones cisterna, minibuses, embarcaciones, drones y ocho medios a\u00e9reos, entre ellos dos aviones hidrantes, tres anfibios, dos helic\u00f3pteros con helibalde y el avi\u00f3n Airbus 737.<\/p>\n\n\n\n<p>Finalmente, desde la Secretar\u00eda de Bosques destacaron tambi\u00e9n que a las 19:00 horas se estar\u00e1 emitiendo un parte diario definitivo.<\/p>\n","protected":false},"excerpt":{"rendered":"<p>As\u00ed se confirm\u00f3 durante una reuni\u00f3n de trabajo que el gobernador Ignacio \u201cNacho\u201d Torres encabez\u00f3 este mi\u00e9rcoles al mediod\u00eda en Las Golondrinas. Del operativo participan unas 660 personas, entre combatientes&hellip; <\/p>\n","protected":false},"author":2,"featured_media":19875,"comment_status":"closed","ping_status":"closed","sticky":false,"template":"","format":"standard","meta":{"footnotes":""},"categories":[15],"tags":[],"class_list":["post-19876","post","type-post","status-publish","format-standard","has-post-thumbnail","hentry","category-locales"],"yoast_head":"<!-- This site is optimized with the Yoast SEO plugin v27.4 - https:\/\/yoast.com\/product\/yoast-seo-wordpress\/ -->\n<title>Incendio en Puerto Patriada: contin\u00faa el operativo y el fuego ya est\u00e1 contenido en un 85% - FM Patagonia Madryn<\/title>\n<meta name=\"robots\" content=\"index, follow, max-snippet:-1, max-image-preview:large, max-video-preview:-1\" \/>\n<link rel=\"canonical\" href=\"https:\/\/fmpatagoniamadryn.com.ar\/?p=19876\" \/>\n<meta property=\"og:locale\" content=\"es_ES\" \/>\n<meta property=\"og:type\" content=\"article\" \/>\n<meta property=\"og:title\" content=\"Incendio en Puerto Patriada: contin\u00faa el operativo y el fuego ya est\u00e1 contenido en un 85% - FM Patagonia Madryn\" \/>\n<meta property=\"og:description\" content=\"As\u00ed se confirm\u00f3 durante una reuni\u00f3n de trabajo que el gobernador Ignacio \u201cNacho\u201d Torres encabez\u00f3 este mi\u00e9rcoles al mediod\u00eda en Las Golondrinas. Del operativo participan unas 660 personas, entre combatientes&hellip;\" \/>\n<meta property=\"og:url\" content=\"https:\/\/fmpatagoniamadryn.com.ar\/?p=19876\" \/>\n<meta property=\"og:site_name\" content=\"FM Patagonia Madryn\" \/>\n<meta property=\"article:published_time\" content=\"2026-01-14T23:55:44+00:00\" \/>\n<meta property=\"og:image\" content=\"https:\/\/fmpatagoniamadryn.com.ar\/wp-content\/uploads\/2026\/01\/bf700767-6871-44c3-89c0-efa58714c2e3.jpg\" \/>\n\t<meta property=\"og:image:width\" content=\"2000\" \/>\n\t<meta property=\"og:image:height\" content=\"1333\" \/>\n\t<meta property=\"og:image:type\" content=\"image\/jpeg\" \/>\n<meta name=\"author\" content=\"FM Patagonia\" \/>\n<meta name=\"twitter:card\" content=\"summary_large_image\" \/>\n<meta name=\"twitter:label1\" content=\"Escrito por\" \/>\n\t<meta name=\"twitter:data1\" content=\"FM Patagonia\" \/>\n\t<meta name=\"twitter:label2\" content=\"Tiempo de lectura\" \/>\n\t<meta name=\"twitter:data2\" content=\"2 minutos\" \/>\n<script type=\"application\/ld+json\" class=\"yoast-schema-graph\">{\"@context\":\"https:\\\/\\\/schema.org\",\"@graph\":[{\"@type\":\"Article\",\"@id\":\"https:\\\/\\\/fmpatagoniamadryn.com.ar\\\/?p=19876#article\",\"isPartOf\":{\"@id\":\"https:\\\/\\\/fmpatagoniamadryn.com.ar\\\/?p=19876\"},\"author\":{\"name\":\"FM Patagonia\",\"@id\":\"https:\\\/\\\/fmpatagoniamadryn.com.ar\\\/#\\\/schema\\\/person\\\/8a3de4ad7efceacab06c1641c50303b7\"},\"headline\":\"Incendio en Puerto Patriada: contin\u00faa el operativo y el fuego ya est\u00e1 contenido en un 85%\",\"datePublished\":\"2026-01-14T23:55:44+00:00\",\"mainEntityOfPage\":{\"@id\":\"https:\\\/\\\/fmpatagoniamadryn.com.ar\\\/?p=19876\"},\"wordCount\":490,\"publisher\":{\"@id\":\"https:\\\/\\\/fmpatagoniamadryn.com.ar\\\/#organization\"},\"image\":{\"@id\":\"https:\\\/\\\/fmpatagoniamadryn.com.ar\\\/?p=19876#primaryimage\"},\"thumbnailUrl\":\"https:\\\/\\\/fmpatagoniamadryn.com.ar\\\/wp-content\\\/uploads\\\/2026\\\/01\\\/bf700767-6871-44c3-89c0-efa58714c2e3.jpg\",\"articleSection\":[\"Locales\"],\"inLanguage\":\"es\"},{\"@type\":\"WebPage\",\"@id\":\"https:\\\/\\\/fmpatagoniamadryn.com.ar\\\/?p=19876\",\"url\":\"https:\\\/\\\/fmpatagoniamadryn.com.ar\\\/?p=19876\",\"name\":\"Incendio en Puerto Patriada: contin\u00faa el operativo y el fuego ya est\u00e1 contenido en un 85% - FM Patagonia Madryn\",\"isPartOf\":{\"@id\":\"https:\\\/\\\/fmpatagoniamadryn.com.ar\\\/#website\"},\"primaryImageOfPage\":{\"@id\":\"https:\\\/\\\/fmpatagoniamadryn.com.ar\\\/?p=19876#primaryimage\"},\"image\":{\"@id\":\"https:\\\/\\\/fmpatagoniamadryn.com.ar\\\/?p=19876#primaryimage\"},\"thumbnailUrl\":\"https:\\\/\\\/fmpatagoniamadryn.com.ar\\\/wp-content\\\/uploads\\\/2026\\\/01\\\/bf700767-6871-44c3-89c0-efa58714c2e3.jpg\",\"datePublished\":\"2026-01-14T23:55:44+00:00\",\"breadcrumb\":{\"@id\":\"https:\\\/\\\/fmpatagoniamadryn.com.ar\\\/?p=19876#breadcrumb\"},\"inLanguage\":\"es\",\"potentialAction\":[{\"@type\":\"ReadAction\",\"target\":[\"https:\\\/\\\/fmpatagoniamadryn.com.ar\\\/?p=19876\"]}]},{\"@type\":\"ImageObject\",\"inLanguage\":\"es\",\"@id\":\"https:\\\/\\\/fmpatagoniamadryn.com.ar\\\/?p=19876#primaryimage\",\"url\":\"https:\\\/\\\/fmpatagoniamadryn.com.ar\\\/wp-content\\\/uploads\\\/2026\\\/01\\\/bf700767-6871-44c3-89c0-efa58714c2e3.jpg\",\"contentUrl\":\"https:\\\/\\\/fmpatagoniamadryn.com.ar\\\/wp-content\\\/uploads\\\/2026\\\/01\\\/bf700767-6871-44c3-89c0-efa58714c2e3.jpg\",\"width\":2000,\"height\":1333},{\"@type\":\"BreadcrumbList\",\"@id\":\"https:\\\/\\\/fmpatagoniamadryn.com.ar\\\/?p=19876#breadcrumb\",\"itemListElement\":[{\"@type\":\"ListItem\",\"position\":1,\"name\":\"Portada\",\"item\":\"https:\\\/\\\/fmpatagoniamadryn.com.ar\\\/\"},{\"@type\":\"ListItem\",\"position\":2,\"name\":\"Incendio en Puerto Patriada: contin\u00faa el operativo y el fuego ya est\u00e1 contenido en un 85%\"}]},{\"@type\":\"WebSite\",\"@id\":\"https:\\\/\\\/fmpatagoniamadryn.com.ar\\\/#website\",\"url\":\"https:\\\/\\\/fmpatagoniamadryn.com.ar\\\/\",\"name\":\"FM Patagonia Madryn\",\"description\":\"Radio Patagonia 105.5\",\"publisher\":{\"@id\":\"https:\\\/\\\/fmpatagoniamadryn.com.ar\\\/#organization\"},\"potentialAction\":[{\"@type\":\"SearchAction\",\"target\":{\"@type\":\"EntryPoint\",\"urlTemplate\":\"https:\\\/\\\/fmpatagoniamadryn.com.ar\\\/?s={search_term_string}\"},\"query-input\":{\"@type\":\"PropertyValueSpecification\",\"valueRequired\":true,\"valueName\":\"search_term_string\"}}],\"inLanguage\":\"es\"},{\"@type\":\"Organization\",\"@id\":\"https:\\\/\\\/fmpatagoniamadryn.com.ar\\\/#organization\",\"name\":\"FM Patagonia Madryn\",\"url\":\"https:\\\/\\\/fmpatagoniamadryn.com.ar\\\/\",\"logo\":{\"@type\":\"ImageObject\",\"inLanguage\":\"es\",\"@id\":\"https:\\\/\\\/fmpatagoniamadryn.com.ar\\\/#\\\/schema\\\/logo\\\/image\\\/\",\"url\":\"https:\\\/\\\/fmpatagoniamadryn.com.ar\\\/wp-content\\\/uploads\\\/2023\\\/01\\\/cropped-Diseno-sin-titulo.png\",\"contentUrl\":\"https:\\\/\\\/fmpatagoniamadryn.com.ar\\\/wp-content\\\/uploads\\\/2023\\\/01\\\/cropped-Diseno-sin-titulo.png\",\"width\":6911,\"height\":2657,\"caption\":\"FM Patagonia Madryn\"},\"image\":{\"@id\":\"https:\\\/\\\/fmpatagoniamadryn.com.ar\\\/#\\\/schema\\\/logo\\\/image\\\/\"}},{\"@type\":\"Person\",\"@id\":\"https:\\\/\\\/fmpatagoniamadryn.com.ar\\\/#\\\/schema\\\/person\\\/8a3de4ad7efceacab06c1641c50303b7\",\"name\":\"FM Patagonia\",\"url\":\"https:\\\/\\\/fmpatagoniamadryn.com.ar\\\/?author=2\"}]}<\/script>\n<!-- \/ Yoast SEO plugin. -->","yoast_head_json":{"title":"Incendio en Puerto Patriada: contin\u00faa el operativo y el fuego ya est\u00e1 contenido en un 85% - FM Patagonia Madryn","robots":{"index":"index","follow":"follow","max-snippet":"max-snippet:-1","max-image-preview":"max-image-preview:large","max-video-preview":"max-video-preview:-1"},"canonical":"https:\/\/fmpatagoniamadryn.com.ar\/?p=19876","og_locale":"es_ES","og_type":"article","og_title":"Incendio en Puerto Patriada: contin\u00faa el operativo y el fuego ya est\u00e1 contenido en un 85% - FM Patagonia Madryn","og_description":"As\u00ed se confirm\u00f3 durante una reuni\u00f3n de trabajo que el gobernador Ignacio \u201cNacho\u201d Torres encabez\u00f3 este mi\u00e9rcoles al mediod\u00eda en Las Golondrinas. Del operativo participan unas 660 personas, entre combatientes&hellip;","og_url":"https:\/\/fmpatagoniamadryn.com.ar\/?p=19876","og_site_name":"FM Patagonia Madryn","article_published_time":"2026-01-14T23:55:44+00:00","og_image":[{"width":2000,"height":1333,"url":"https:\/\/fmpatagoniamadryn.com.ar\/wp-content\/uploads\/2026\/01\/bf700767-6871-44c3-89c0-efa58714c2e3.jpg","type":"image\/jpeg"}],"author":"FM Patagonia","twitter_card":"summary_large_image","twitter_misc":{"Escrito por":"FM Patagonia","Tiempo de lectura":"2 minutos"},"schema":{"@context":"https:\/\/schema.org","@graph":[{"@type":"Article","@id":"https:\/\/fmpatagoniamadryn.com.ar\/?p=19876#article","isPartOf":{"@id":"https:\/\/fmpatagoniamadryn.com.ar\/?p=19876"},"author":{"name":"FM Patagonia","@id":"https:\/\/fmpatagoniamadryn.com.ar\/#\/schema\/person\/8a3de4ad7efceacab06c1641c50303b7"},"headline":"Incendio en Puerto Patriada: contin\u00faa el operativo y el fuego ya est\u00e1 contenido en un 85%","datePublished":"2026-01-14T23:55:44+00:00","mainEntityOfPage":{"@id":"https:\/\/fmpatagoniamadryn.com.ar\/?p=19876"},"wordCount":490,"publisher":{"@id":"https:\/\/fmpatagoniamadryn.com.ar\/#organization"},"image":{"@id":"https:\/\/fmpatagoniamadryn.com.ar\/?p=19876#primaryimage"},"thumbnailUrl":"https:\/\/fmpatagoniamadryn.com.ar\/wp-content\/uploads\/2026\/01\/bf700767-6871-44c3-89c0-efa58714c2e3.jpg","articleSection":["Locales"],"inLanguage":"es"},{"@type":"WebPage","@id":"https:\/\/fmpatagoniamadryn.com.ar\/?p=19876","url":"https:\/\/fmpatagoniamadryn.com.ar\/?p=19876","name":"Incendio en Puerto Patriada: contin\u00faa el operativo y el fuego ya est\u00e1 contenido en un 85% - FM Patagonia Madryn","isPartOf":{"@id":"https:\/\/fmpatagoniamadryn.com.ar\/#website"},"primaryImageOfPage":{"@id":"https:\/\/fmpatagoniamadryn.com.ar\/?p=19876#primaryimage"},"image":{"@id":"https:\/\/fmpatagoniamadryn.com.ar\/?p=19876#primaryimage"},"thumbnailUrl":"https:\/\/fmpatagoniamadryn.com.ar\/wp-content\/uploads\/2026\/01\/bf700767-6871-44c3-89c0-efa58714c2e3.jpg","datePublished":"2026-01-14T23:55:44+00:00","breadcrumb":{"@id":"https:\/\/fmpatagoniamadryn.com.ar\/?p=19876#breadcrumb"},"inLanguage":"es","potentialAction":[{"@type":"ReadAction","target":["https:\/\/fmpatagoniamadryn.com.ar\/?p=19876"]}]},{"@type":"ImageObject","inLanguage":"es","@id":"https:\/\/fmpatagoniamadryn.com.ar\/?p=19876#primaryimage","url":"https:\/\/fmpatagoniamadryn.com.ar\/wp-content\/uploads\/2026\/01\/bf700767-6871-44c3-89c0-efa58714c2e3.jpg","contentUrl":"https:\/\/fmpatagoniamadryn.com.ar\/wp-content\/uploads\/2026\/01\/bf700767-6871-44c3-89c0-efa58714c2e3.jpg","width":2000,"height":1333},{"@type":"BreadcrumbList","@id":"https:\/\/fmpatagoniamadryn.com.ar\/?p=19876#breadcrumb","itemListElement":[{"@type":"ListItem","position":1,"name":"Portada","item":"https:\/\/fmpatagoniamadryn.com.ar\/"},{"@type":"ListItem","position":2,"name":"Incendio en Puerto Patriada: contin\u00faa el operativo y el fuego ya est\u00e1 contenido en un 85%"}]},{"@type":"WebSite","@id":"https:\/\/fmpatagoniamadryn.com.ar\/#website","url":"https:\/\/fmpatagoniamadryn.com.ar\/","name":"FM Patagonia Madryn","description":"Radio Patagonia 105.5","publisher":{"@id":"https:\/\/fmpatagoniamadryn.com.ar\/#organization"},"potentialAction":[{"@type":"SearchAction","target":{"@type":"EntryPoint","urlTemplate":"https:\/\/fmpatagoniamadryn.com.ar\/?s={search_term_string}"},"query-input":{"@type":"PropertyValueSpecification","valueRequired":true,"valueName":"search_term_string"}}],"inLanguage":"es"},{"@type":"Organization","@id":"https:\/\/fmpatagoniamadryn.com.ar\/#organization","name":"FM Patagonia Madryn","url":"https:\/\/fmpatagoniamadryn.com.ar\/","logo":{"@type":"ImageObject","inLanguage":"es","@id":"https:\/\/fmpatagoniamadryn.com.ar\/#\/schema\/logo\/image\/","url":"https:\/\/fmpatagoniamadryn.com.ar\/wp-content\/uploads\/2023\/01\/cropped-Diseno-sin-titulo.png","contentUrl":"https:\/\/fmpatagoniamadryn.com.ar\/wp-content\/uploads\/2023\/01\/cropped-Diseno-sin-titulo.png","width":6911,"height":2657,"caption":"FM Patagonia Madryn"},"image":{"@id":"https:\/\/fmpatagoniamadryn.com.ar\/#\/schema\/logo\/image\/"}},{"@type":"Person","@id":"https:\/\/fmpatagoniamadryn.com.ar\/#\/schema\/person\/8a3de4ad7efceacab06c1641c50303b7","name":"FM Patagonia","url":"https:\/\/fmpatagoniamadryn.com.ar\/?author=2"}]}},"jetpack_featured_media_url":"https:\/\/fmpatagoniamadryn.com.ar\/wp-content\/uploads\/2026\/01\/bf700767-6871-44c3-89c0-efa58714c2e3.jpg","_links":{"self":[{"href":"https:\/\/fmpatagoniamadryn.com.ar\/index.php?rest_route=\/wp\/v2\/posts\/19876","targetHints":{"allow":["GET"]}}],"collection":[{"href":"https:\/\/fmpatagoniamadryn.com.ar\/index.php?rest_route=\/wp\/v2\/posts"}],"about":[{"href":"https:\/\/fmpatagoniamadryn.com.ar\/index.php?rest_route=\/wp\/v2\/types\/post"}],"author":[{"embeddable":true,"href":"https:\/\/fmpatagoniamadryn.com.ar\/index.php?rest_route=\/wp\/v2\/users\/2"}],"replies":[{"embeddable":true,"href":"https:\/\/fmpatagoniamadryn.com.ar\/index.php?rest_route=%2Fwp%2Fv2%2Fcomments&post=19876"}],"version-history":[{"count":1,"href":"https:\/\/fmpatagoniamadryn.com.ar\/index.php?rest_route=\/wp\/v2\/posts\/19876\/revisions"}],"predecessor-version":[{"id":19877,"href":"https:\/\/fmpatagoniamadryn.com.ar\/index.php?rest_route=\/wp\/v2\/posts\/19876\/revisions\/19877"}],"wp:featuredmedia":[{"embeddable":true,"href":"https:\/\/fmpatagoniamadryn.com.ar\/index.php?rest_route=\/wp\/v2\/media\/19875"}],"wp:attachment":[{"href":"https:\/\/fmpatagoniamadryn.com.ar\/index.php?rest_route=%2Fwp%2Fv2%2Fmedia&parent=19876"}],"wp:term":[{"taxonomy":"category","embeddable":true,"href":"https:\/\/fmpatagoniamadryn.com.ar\/index.php?rest_route=%2Fwp%2Fv2%2Fcategories&post=19876"},{"taxonomy":"post_tag","embeddable":true,"href":"https:\/\/fmpatagoniamadryn.com.ar\/index.php?rest_route=%2Fwp%2Fv2%2Ftags&post=19876"}],"curies":[{"name":"wp","href":"https:\/\/api.w.org\/{rel}","templated":true}]}}